{"id":10812,"date":"2025-02-10T06:22:06","date_gmt":"2025-02-10T06:22:06","guid":{"rendered":"https:\/\/sindromecharge.es\/index.php\/2025\/02\/10\/encarna-moreno-madre-noe-con-espina-bifida-cuidar-es-un-trabajo-deberia-reconocerse-como-tal\/"},"modified":"2025-02-10T06:22:06","modified_gmt":"2025-02-10T06:22:06","slug":"encarna-moreno-madre-noe-con-espina-bifida-cuidar-es-un-trabajo-deberia-reconocerse-como-tal","status":"publish","type":"post","link":"https:\/\/sindromecharge.es\/index.php\/2025\/02\/10\/encarna-moreno-madre-noe-con-espina-bifida-cuidar-es-un-trabajo-deberia-reconocerse-como-tal\/","title":{"rendered":"Encarna Moreno, madre de Noe, con espina b\u00edfida: \u00abCuidar es un trabajo y deber\u00eda reconocerse como tal\u00bb"},"content":{"rendered":"<p>Leemos en Discapacidad la siguiente noticia que os reproducimos de forma \u00edntegra: <\/p>\n<div>\n<p><b>Encarna Moreno tiene 47 a\u00f1os <\/b>y ha tenido que cuidar sola de su hija Noelia, que ahora tiene 20 a\u00f1os. Supo que nacer\u00eda con <b>espina b\u00edfida<\/b> cuando todav\u00eda estaba embarazada de seis meses y al golpe de asumir que su hija nacer\u00eda con una <a href=\"https:\/\/www.20minutos.es\/minuteca\/discapacidad\/\" title=\"Discapacidad\" target=\"_blank\">discapacidad<\/a> tuvo que suma al de un despido, precisamente por estar embarazada. Ella era educadora infantil y, al nacer Noelia vio que encontrar algo compatible con cuidar de su hija iba a ser incompatible, sobre todo tras la marcha del padre, \u00abes cierto que <b>le pasa una peque\u00f1a pensi\u00f3n<\/b> y que los fines de semana s\u00ed que ven\u00eda a verla, pero los cuidados eran para m\u00ed. He sido yo la que me he ocupado de todo y he tenido que renunciar a todo. Y hay muchos casos as\u00ed, ven que les viene grande y, como saben que nosotras nos vamos a encargar, se lavan las manos, se van. Y es muy triste\u2026\u00bb, dice apenada Encarna, quien se puso incluso a hacer<b> artesan\u00eda en casa para poder sacarse un alg\u00fan dinero<\/b>.<\/p>\n<p><b>La CUME no exist\u00eda<\/b>, as\u00ed que, durante a\u00f1os, casi los \u00fanicos ingresos que ten\u00edan Encarna y su hija era la ayuda a la <a href=\"https:\/\/www.20minutos.es\/minuteca\/dependencia\/\" title=\"Dependencia\" target=\"_blank\">dependencia<\/a> y la peque\u00f1a pensi\u00f3n del padre, \u00abNoelia fue de las primeras personas en la regi\u00f3n de Murcia en tener reconocida la dependencia, salimos hasta en los peri\u00f3dicos\u00bb, recuerda.<\/p>\n<p>Aun as\u00ed, para ella, lo peor ha sido tener que criarla sola, \u00abhemos estado las dos solas. Su padre se fue al poco de ella nacer y de peque\u00f1a, adem\u00e1s, <b>necesitaba muchas operaciones<\/b>, muchos m\u00e9dicos, ten\u00eda muchas infecciones\u2026 y econ\u00f3micamente, imag\u00ednate la situaci\u00f3n. Cuando la situaci\u00f3n se estabiliz\u00f3 un poco y pude buscar algo, en cuanto me cog\u00eda dos veces permiso para ir al m\u00e9dico, me desped\u00edan o no me renovaban\u00bb.<\/p>\n<p>Sus padres ayudaban lo que pod\u00edan, pero no era suficiente, adem\u00e1s, <b>ella quer\u00eda ser independiente econ\u00f3micamente<\/b>, pero con las escasas ayudas que ha tenido siempre, lo ha tenido bastante dif\u00edcil. Al menos, eso s\u00ed,<b> ha podido beneficiarse de una vivienda social<\/b>, pues la que compart\u00eda con sus padres era muy poco accesible para Noe.<\/p>\n<p>A los escasos ingresos hab\u00eda que a\u00f1adir<b> los gastos extra que supone la discapacidad de su hija<\/b>, pues, aunque la sanidad cubre muchas cosas, hay otras a las que no llega, como muchos productos ortop\u00e9dicos o el fisio, \u00abten\u00eda que depender del del hospital porque no pod\u00eda pagarlo, y no nos daban ni 15 minutos. Y el psic\u00f3logo, igual, porque lo necesita desde siempre. Ha pasado etapas muy dif\u00edciles\u2026 Cuando tienes una discapacidad y ves que no puedes hacer lo que los dem\u00e1s ni\u00f1os, lo pasas mal, y la adolescencia es una \u00e9poca complicada. Deber\u00edan tener un <b>acompa\u00f1amiento psicol\u00f3gico<\/b>\u00ab.<\/p>\n<p>Ahora mismo, Noelia, adem\u00e1s de todo eso y a pesar de tener <b>20 a\u00f1os <\/b>y ser algo m\u00e1s aut\u00f3noma,<b> necesita la ayuda de una tercera persona<\/b> para casi todo, \u00abno tiene <a href=\"https:\/\/www.20minutos.es\/minuteca\/discapacidad-intelectual\/\" title=\"Discapacidad intelectual\" target=\"_blank\">discapacidad intelectual<\/a>, pero est\u00e1 un poco en el l\u00edmite, y necesita que alguien la supervise para muchas cosas, y cuidados\u00bb, se\u00f1ala Encarna.<\/p>\n<h1>Cuando la situaci\u00f3n se estabiliz\u00f3 un poco y pude buscar algo, en cuanto me cog\u00eda dos veces permiso para ir al m\u00e9dico, me desped\u00edan o no me renovaban<\/h1>\n<h2>Estudiando fuera y un nuevo negocio<\/h2>\n<p>Cuando Encarna vio lo dif\u00edcil que ten\u00eda trabajar, siempre pens\u00f3 en tener su propio negocio, aunque fuera peque\u00f1ito, algo que consigui\u00f3 hace dos a\u00f1os, cuando <b>fund\u00f3 EcoNoe, una tienda de productos ecol\u00f3gicos<\/b> que vende en Mula (Murcia) y por internet. Pudo hacerlo despu\u00e9s de que a su hija la admitieran en un <b>CRMF (Centros de Recuperaci\u00f3n de Personas con Discapacidad F\u00edsica)<\/b> en Albacete, \u00abes un centro de formaci\u00f3n para personas con discapacidad. All\u00ed estudia FP y est\u00e1 en una residencia donde tiene todo adaptado. Viene los fines de semana a casa\u00bb. <\/p>\n<p>Eso le ha dado alas a Encarna para fundar su negocio, por un lado, y le est\u00e1 proporcionando la posibilidad de que su hija pueda seguir estudiando, porque de otra manera, cree que hubiera sido imposible, \u00abdeber\u00eda haber centros de este tipo en todas las comunidades aut\u00f3nomas, porque chicos como mi hija, que no pueden subir en bus porque no est\u00e1n adaptados, no pueden conducir, no hay pisos de estudiantes adaptados, viven en un pueblo\u2026 no tienen otra opci\u00f3n. <b>Aqu\u00ed mi hija no pod\u00eda seguir estudiando, no hab\u00eda nada para ella<\/b>. Para muchos, es la \u00fanica posibilidad que tienen para seguir estudiando\u00bb, asegura.<\/p>\n<p>Su idea es que, Noe, cuando vuelva de Albacete, si no tiene trabajo, <b>pueda trabajar con ella en la tienda<\/b>, \u00abal final decid\u00ed montar mi negocio, hace dos a\u00f1os, porque al menos as\u00ed no le tengo que rendir cuentas a nadie. La semana que viene nos vamos tres d\u00edas a Toledo, donde le hacen el seguimiento, y tengo que cerrar tres d\u00edas, pero no le rindo cuentas a nadie\u00bb.<\/p>\n<p>Sin embargo, <b>queda mucho por hacer para que madres como ella tengan lo que merecen <\/b>sin tener que lucharlo todo hasta la extenuaci\u00f3n, por eso reclama m\u00e1s derechos para las que, como ella, tuvieron que dejarlo todo para cuidar, \u00abes un trabajo, y en casos como el m\u00edo, que no se pod\u00eda compaginar de ninguna manera, que al menos lo valoraran como tal. Yo, desde que naci\u00f3 y hasta hace dos a\u00f1os, me he dedicado a cuidar de mi hija porque no ten\u00eda m\u00e1s opci\u00f3n\u00bb, insiste.<\/p>\n<h1>Personas como mi hija van a necesitar apoyo siempre, y si no encuentran un trabajo para pagar a alguien, lo van a tener muy dif\u00edcil<\/h1>\n<p>Estos sueldos o reconocimientos deber\u00edas, adem\u00e1s, ser m\u00e1s flexibles, adaptarse a las circunstancias de cada uno \u00abNoelia, aunque sigue necesitando mucho apoyo, no es igual que cuando era m\u00e1s peque\u00f1a y estaba mucho tiempo en el hospital, por eso creo que las ayudas deber\u00edan adaptarse a las circunstancias de cada uno y de cada momento. Y las ayudas no deber\u00edan ser como ahora, que te da para cuatro cosas, sino de <b>un sueldo que permitiera vivir dignamente a familias como la nuestra<\/b>\u00ab.<\/p>\n<p>Tambi\u00e9n, pensando sobre todo en cuando no se tenga la ayuda de los padres, Encarna pide \u00abm\u00e1s apoyo a lo largo de la vida, porque<b> personas como mi hija van a necesitar apoyo siempre<\/b>, y si no encuentran un buen trabajo que puedan compaginar con una pensi\u00f3n o ayuda para pagar a alguien, lo van a tener muy dif\u00edcil\u00bb, reivindica.<\/p>\n<p>Ella seguir\u00e1 confiando en ella, en su hija y en EcoNoe, un negocio que ha pensado para que ella y su hija tengan <b>un futuro mejor<\/b>. <\/p>\n<\/div>\n<p>Fuente: Discapacidad https:\/\/www.20minutos.es\/noticia\/5678834\/0\/encarna-moreno-madre-noe-con-espina-bifida-cuidar-es-un-trabajo-deberia-reconocerse-como-tal\/<\/p>\n","protected":false},"excerpt":{"rendered":"<p>Encarna Moreno tiene 47 a\u00f1os y ha tenido que cuidar sola de su hija Noelia, que ahora tiene 20 a\u00f1os. Supo que nacer\u00eda con espina b\u00edfida cuando todav\u00eda&#8230;<\/p>\n","protected":false},"author":1,"featured_media":0,"comment_status":"closed","ping_status":"closed","sticky":false,"template":"","format":"standard","meta":{"footnotes":""},"categories":[8],"tags":[],"class_list":["post-10812","post","type-post","status-publish","format-standard","hentry","category-noticias"],"yoast_head":"<!-- This site is optimized with the Yoast SEO plugin v27.4 - https:\/\/yoast.com\/product\/yoast-seo-wordpress\/ -->\n<title>Encarna Moreno, madre de Noe, con espina b\u00edfida: &quot;Cuidar es un trabajo y deber\u00eda reconocerse como tal&quot; - Asociaci\u00f3n Espa\u00f1ola S\u00edndrome de Charge<\/title>\n<meta name=\"robots\" content=\"index, follow, max-snippet:-1, max-image-preview:large, max-video-preview:-1\" \/>\n<link rel=\"canonical\" href=\"https:\/\/sindromecharge.es\/index.php\/2025\/02\/10\/encarna-moreno-madre-noe-con-espina-bifida-cuidar-es-un-trabajo-deberia-reconocerse-como-tal\/\" \/>\n<meta property=\"og:locale\" content=\"es_ES\" \/>\n<meta property=\"og:type\" content=\"article\" \/>\n<meta property=\"og:title\" content=\"Encarna Moreno, madre de Noe, con espina b\u00edfida: &quot;Cuidar es un trabajo y deber\u00eda reconocerse como tal&quot; - Asociaci\u00f3n Espa\u00f1ola S\u00edndrome de Charge\" \/>\n<meta property=\"og:description\" content=\"Encarna Moreno tiene 47 a\u00f1os y ha tenido que cuidar sola de su hija Noelia, que ahora tiene 20 a\u00f1os. Supo que nacer\u00eda con espina b\u00edfida cuando todav\u00eda&#8230;\" \/>\n<meta property=\"og:url\" content=\"https:\/\/sindromecharge.es\/index.php\/2025\/02\/10\/encarna-moreno-madre-noe-con-espina-bifida-cuidar-es-un-trabajo-deberia-reconocerse-como-tal\/\" \/>\n<meta property=\"og:site_name\" content=\"Asociaci\u00f3n Espa\u00f1ola S\u00edndrome de Charge\" \/>\n<meta property=\"article:publisher\" content=\"https:\/\/www.facebook.com\/asociacionsindromecharge\" \/>\n<meta property=\"article:published_time\" content=\"2025-02-10T06:22:06+00:00\" \/>\n<meta property=\"og:image\" content=\"https:\/\/sindromecharge.es\/wp-content\/uploads\/2013\/09\/logodecharge300x98.png\" \/>\n\t<meta property=\"og:image:width\" content=\"300\" \/>\n\t<meta property=\"og:image:height\" content=\"98\" \/>\n\t<meta property=\"og:image:type\" content=\"image\/png\" \/>\n<meta name=\"author\" content=\"Charge\" \/>\n<meta name=\"twitter:card\" content=\"summary_large_image\" \/>\n<meta name=\"twitter:creator\" content=\"@sindromecharge\" \/>\n<meta name=\"twitter:site\" content=\"@sindromecharge\" \/>\n<meta name=\"twitter:label1\" content=\"Escrito por\" \/>\n\t<meta name=\"twitter:data1\" content=\"Charge\" \/>\n\t<meta name=\"twitter:label2\" content=\"Tiempo de lectura\" \/>\n\t<meta name=\"twitter:data2\" content=\"6 minutos\" \/>\n<script type=\"application\/ld+json\" class=\"yoast-schema-graph\">{\"@context\":\"https:\\\/\\\/schema.org\",\"@graph\":[{\"@type\":\"Article\",\"@id\":\"https:\\\/\\\/sindromecharge.es\\\/index.php\\\/2025\\\/02\\\/10\\\/encarna-moreno-madre-noe-con-espina-bifida-cuidar-es-un-trabajo-deberia-reconocerse-como-tal\\\/#article\",\"isPartOf\":{\"@id\":\"https:\\\/\\\/sindromecharge.es\\\/index.php\\\/2025\\\/02\\\/10\\\/encarna-moreno-madre-noe-con-espina-bifida-cuidar-es-un-trabajo-deberia-reconocerse-como-tal\\\/\"},\"author\":{\"name\":\"Charge\",\"@id\":\"https:\\\/\\\/sindromecharge.es\\\/#\\\/schema\\\/person\\\/39a60ebe0a2b4d5a11179701e336b039\"},\"headline\":\"Encarna Moreno, madre de Noe, con espina b\u00edfida: \u00abCuidar es un trabajo y deber\u00eda reconocerse como tal\u00bb\",\"datePublished\":\"2025-02-10T06:22:06+00:00\",\"mainEntityOfPage\":{\"@id\":\"https:\\\/\\\/sindromecharge.es\\\/index.php\\\/2025\\\/02\\\/10\\\/encarna-moreno-madre-noe-con-espina-bifida-cuidar-es-un-trabajo-deberia-reconocerse-como-tal\\\/\"},\"wordCount\":1209,\"articleSection\":[\"noticias\"],\"inLanguage\":\"es\"},{\"@type\":\"WebPage\",\"@id\":\"https:\\\/\\\/sindromecharge.es\\\/index.php\\\/2025\\\/02\\\/10\\\/encarna-moreno-madre-noe-con-espina-bifida-cuidar-es-un-trabajo-deberia-reconocerse-como-tal\\\/\",\"url\":\"https:\\\/\\\/sindromecharge.es\\\/index.php\\\/2025\\\/02\\\/10\\\/encarna-moreno-madre-noe-con-espina-bifida-cuidar-es-un-trabajo-deberia-reconocerse-como-tal\\\/\",\"name\":\"Encarna Moreno, madre de Noe, con espina b\u00edfida: \\\"Cuidar es un trabajo y deber\u00eda reconocerse como tal\\\" - Asociaci\u00f3n Espa\u00f1ola S\u00edndrome de Charge\",\"isPartOf\":{\"@id\":\"https:\\\/\\\/sindromecharge.es\\\/#website\"},\"datePublished\":\"2025-02-10T06:22:06+00:00\",\"author\":{\"@id\":\"https:\\\/\\\/sindromecharge.es\\\/#\\\/schema\\\/person\\\/39a60ebe0a2b4d5a11179701e336b039\"},\"breadcrumb\":{\"@id\":\"https:\\\/\\\/sindromecharge.es\\\/index.php\\\/2025\\\/02\\\/10\\\/encarna-moreno-madre-noe-con-espina-bifida-cuidar-es-un-trabajo-deberia-reconocerse-como-tal\\\/#breadcrumb\"},\"inLanguage\":\"es\",\"potentialAction\":[{\"@type\":\"ReadAction\",\"target\":[\"https:\\\/\\\/sindromecharge.es\\\/index.php\\\/2025\\\/02\\\/10\\\/encarna-moreno-madre-noe-con-espina-bifida-cuidar-es-un-trabajo-deberia-reconocerse-como-tal\\\/\"]}]},{\"@type\":\"BreadcrumbList\",\"@id\":\"https:\\\/\\\/sindromecharge.es\\\/index.php\\\/2025\\\/02\\\/10\\\/encarna-moreno-madre-noe-con-espina-bifida-cuidar-es-un-trabajo-deberia-reconocerse-como-tal\\\/#breadcrumb\",\"itemListElement\":[{\"@type\":\"ListItem\",\"position\":1,\"name\":\"Portada\",\"item\":\"https:\\\/\\\/sindromecharge.es\\\/\"},{\"@type\":\"ListItem\",\"position\":2,\"name\":\"Encarna Moreno, madre de Noe, con espina b\u00edfida: \u00abCuidar es un trabajo y deber\u00eda reconocerse como tal\u00bb\"}]},{\"@type\":\"WebSite\",\"@id\":\"https:\\\/\\\/sindromecharge.es\\\/#website\",\"url\":\"https:\\\/\\\/sindromecharge.es\\\/\",\"name\":\"Asociaci\u00f3n Espa\u00f1ola S\u00edndrome de Charge\",\"description\":\"\",\"potentialAction\":[{\"@type\":\"SearchAction\",\"target\":{\"@type\":\"EntryPoint\",\"urlTemplate\":\"https:\\\/\\\/sindromecharge.es\\\/?s={search_term_string}\"},\"query-input\":{\"@type\":\"PropertyValueSpecification\",\"valueRequired\":true,\"valueName\":\"search_term_string\"}}],\"inLanguage\":\"es\"},{\"@type\":\"Person\",\"@id\":\"https:\\\/\\\/sindromecharge.es\\\/#\\\/schema\\\/person\\\/39a60ebe0a2b4d5a11179701e336b039\",\"name\":\"Charge\",\"image\":{\"@type\":\"ImageObject\",\"inLanguage\":\"es\",\"@id\":\"https:\\\/\\\/secure.gravatar.com\\\/avatar\\\/c3b46e32a0fc3b093a0873fb767bf3293de856293065e84ef06b7ec7a8acfb98?s=96&d=identicon&r=x\",\"url\":\"https:\\\/\\\/secure.gravatar.com\\\/avatar\\\/c3b46e32a0fc3b093a0873fb767bf3293de856293065e84ef06b7ec7a8acfb98?s=96&d=identicon&r=x\",\"contentUrl\":\"https:\\\/\\\/secure.gravatar.com\\\/avatar\\\/c3b46e32a0fc3b093a0873fb767bf3293de856293065e84ef06b7ec7a8acfb98?s=96&d=identicon&r=x\",\"caption\":\"Charge\"},\"url\":\"https:\\\/\\\/sindromecharge.es\\\/index.php\\\/author\\\/admin\\\/\"}]}<\/script>\n<!-- \/ Yoast SEO plugin. -->","yoast_head_json":{"title":"Encarna Moreno, madre de Noe, con espina b\u00edfida: \"Cuidar es un trabajo y deber\u00eda reconocerse como tal\" - Asociaci\u00f3n Espa\u00f1ola S\u00edndrome de Charge","robots":{"index":"index","follow":"follow","max-snippet":"max-snippet:-1","max-image-preview":"max-image-preview:large","max-video-preview":"max-video-preview:-1"},"canonical":"https:\/\/sindromecharge.es\/index.php\/2025\/02\/10\/encarna-moreno-madre-noe-con-espina-bifida-cuidar-es-un-trabajo-deberia-reconocerse-como-tal\/","og_locale":"es_ES","og_type":"article","og_title":"Encarna Moreno, madre de Noe, con espina b\u00edfida: \"Cuidar es un trabajo y deber\u00eda reconocerse como tal\" - Asociaci\u00f3n Espa\u00f1ola S\u00edndrome de Charge","og_description":"Encarna Moreno tiene 47 a\u00f1os y ha tenido que cuidar sola de su hija Noelia, que ahora tiene 20 a\u00f1os. Supo que nacer\u00eda con espina b\u00edfida cuando todav\u00eda&#8230;","og_url":"https:\/\/sindromecharge.es\/index.php\/2025\/02\/10\/encarna-moreno-madre-noe-con-espina-bifida-cuidar-es-un-trabajo-deberia-reconocerse-como-tal\/","og_site_name":"Asociaci\u00f3n Espa\u00f1ola S\u00edndrome de Charge","article_publisher":"https:\/\/www.facebook.com\/asociacionsindromecharge","article_published_time":"2025-02-10T06:22:06+00:00","og_image":[{"width":300,"height":98,"url":"https:\/\/sindromecharge.es\/wp-content\/uploads\/2013\/09\/logodecharge300x98.png","type":"image\/png"}],"author":"Charge","twitter_card":"summary_large_image","twitter_creator":"@sindromecharge","twitter_site":"@sindromecharge","twitter_misc":{"Escrito por":"Charge","Tiempo de lectura":"6 minutos"},"schema":{"@context":"https:\/\/schema.org","@graph":[{"@type":"Article","@id":"https:\/\/sindromecharge.es\/index.php\/2025\/02\/10\/encarna-moreno-madre-noe-con-espina-bifida-cuidar-es-un-trabajo-deberia-reconocerse-como-tal\/#article","isPartOf":{"@id":"https:\/\/sindromecharge.es\/index.php\/2025\/02\/10\/encarna-moreno-madre-noe-con-espina-bifida-cuidar-es-un-trabajo-deberia-reconocerse-como-tal\/"},"author":{"name":"Charge","@id":"https:\/\/sindromecharge.es\/#\/schema\/person\/39a60ebe0a2b4d5a11179701e336b039"},"headline":"Encarna Moreno, madre de Noe, con espina b\u00edfida: \u00abCuidar es un trabajo y deber\u00eda reconocerse como tal\u00bb","datePublished":"2025-02-10T06:22:06+00:00","mainEntityOfPage":{"@id":"https:\/\/sindromecharge.es\/index.php\/2025\/02\/10\/encarna-moreno-madre-noe-con-espina-bifida-cuidar-es-un-trabajo-deberia-reconocerse-como-tal\/"},"wordCount":1209,"articleSection":["noticias"],"inLanguage":"es"},{"@type":"WebPage","@id":"https:\/\/sindromecharge.es\/index.php\/2025\/02\/10\/encarna-moreno-madre-noe-con-espina-bifida-cuidar-es-un-trabajo-deberia-reconocerse-como-tal\/","url":"https:\/\/sindromecharge.es\/index.php\/2025\/02\/10\/encarna-moreno-madre-noe-con-espina-bifida-cuidar-es-un-trabajo-deberia-reconocerse-como-tal\/","name":"Encarna Moreno, madre de Noe, con espina b\u00edfida: \"Cuidar es un trabajo y deber\u00eda reconocerse como tal\" - Asociaci\u00f3n Espa\u00f1ola S\u00edndrome de Charge","isPartOf":{"@id":"https:\/\/sindromecharge.es\/#website"},"datePublished":"2025-02-10T06:22:06+00:00","author":{"@id":"https:\/\/sindromecharge.es\/#\/schema\/person\/39a60ebe0a2b4d5a11179701e336b039"},"breadcrumb":{"@id":"https:\/\/sindromecharge.es\/index.php\/2025\/02\/10\/encarna-moreno-madre-noe-con-espina-bifida-cuidar-es-un-trabajo-deberia-reconocerse-como-tal\/#breadcrumb"},"inLanguage":"es","potentialAction":[{"@type":"ReadAction","target":["https:\/\/sindromecharge.es\/index.php\/2025\/02\/10\/encarna-moreno-madre-noe-con-espina-bifida-cuidar-es-un-trabajo-deberia-reconocerse-como-tal\/"]}]},{"@type":"BreadcrumbList","@id":"https:\/\/sindromecharge.es\/index.php\/2025\/02\/10\/encarna-moreno-madre-noe-con-espina-bifida-cuidar-es-un-trabajo-deberia-reconocerse-como-tal\/#breadcrumb","itemListElement":[{"@type":"ListItem","position":1,"name":"Portada","item":"https:\/\/sindromecharge.es\/"},{"@type":"ListItem","position":2,"name":"Encarna Moreno, madre de Noe, con espina b\u00edfida: \u00abCuidar es un trabajo y deber\u00eda reconocerse como tal\u00bb"}]},{"@type":"WebSite","@id":"https:\/\/sindromecharge.es\/#website","url":"https:\/\/sindromecharge.es\/","name":"Asociaci\u00f3n Espa\u00f1ola S\u00edndrome de Charge","description":"","potentialAction":[{"@type":"SearchAction","target":{"@type":"EntryPoint","urlTemplate":"https:\/\/sindromecharge.es\/?s={search_term_string}"},"query-input":{"@type":"PropertyValueSpecification","valueRequired":true,"valueName":"search_term_string"}}],"inLanguage":"es"},{"@type":"Person","@id":"https:\/\/sindromecharge.es\/#\/schema\/person\/39a60ebe0a2b4d5a11179701e336b039","name":"Charge","image":{"@type":"ImageObject","inLanguage":"es","@id":"https:\/\/secure.gravatar.com\/avatar\/c3b46e32a0fc3b093a0873fb767bf3293de856293065e84ef06b7ec7a8acfb98?s=96&d=identicon&r=x","url":"https:\/\/secure.gravatar.com\/avatar\/c3b46e32a0fc3b093a0873fb767bf3293de856293065e84ef06b7ec7a8acfb98?s=96&d=identicon&r=x","contentUrl":"https:\/\/secure.gravatar.com\/avatar\/c3b46e32a0fc3b093a0873fb767bf3293de856293065e84ef06b7ec7a8acfb98?s=96&d=identicon&r=x","caption":"Charge"},"url":"https:\/\/sindromecharge.es\/index.php\/author\/admin\/"}]}},"_links":{"self":[{"href":"https:\/\/sindromecharge.es\/index.php\/wp-json\/wp\/v2\/posts\/10812","targetHints":{"allow":["GET"]}}],"collection":[{"href":"https:\/\/sindromecharge.es\/index.php\/wp-json\/wp\/v2\/posts"}],"about":[{"href":"https:\/\/sindromecharge.es\/index.php\/wp-json\/wp\/v2\/types\/post"}],"author":[{"embeddable":true,"href":"https:\/\/sindromecharge.es\/index.php\/wp-json\/wp\/v2\/users\/1"}],"replies":[{"embeddable":true,"href":"https:\/\/sindromecharge.es\/index.php\/wp-json\/wp\/v2\/comments?post=10812"}],"version-history":[{"count":0,"href":"https:\/\/sindromecharge.es\/index.php\/wp-json\/wp\/v2\/posts\/10812\/revisions"}],"wp:attachment":[{"href":"https:\/\/sindromecharge.es\/index.php\/wp-json\/wp\/v2\/media?parent=10812"}],"wp:term":[{"taxonomy":"category","embeddable":true,"href":"https:\/\/sindromecharge.es\/index.php\/wp-json\/wp\/v2\/categories?post=10812"},{"taxonomy":"post_tag","embeddable":true,"href":"https:\/\/sindromecharge.es\/index.php\/wp-json\/wp\/v2\/tags?post=10812"}],"curies":[{"name":"wp","href":"https:\/\/api.w.org\/{rel}","templated":true}]}}