{"id":10811,"date":"2025-02-09T20:36:27","date_gmt":"2025-02-09T20:36:27","guid":{"rendered":"https:\/\/sindromecharge.es\/index.php\/2025\/02\/09\/ola-criticas-meghan-markle-mover-sin-permiso-silla-ruedas-mujer-discapacidad\/"},"modified":"2025-02-09T20:36:27","modified_gmt":"2025-02-09T20:36:27","slug":"ola-criticas-meghan-markle-mover-sin-permiso-silla-ruedas-mujer-discapacidad","status":"publish","type":"post","link":"https:\/\/sindromecharge.es\/index.php\/2025\/02\/09\/ola-criticas-meghan-markle-mover-sin-permiso-silla-ruedas-mujer-discapacidad\/","title":{"rendered":"Ola de cr\u00edticas a Meghan Markle por mover sin permiso la silla de ruedas de una mujer con discapacidad"},"content":{"rendered":"<p>Leemos en Discapacidad la siguiente noticia que os reproducimos de forma \u00edntegra: <\/p>\n<div>\n<p>Los<a href=\"https:\/\/www.20minutos.es\/minuteca\/duques-de-sussex\/\" title=\"Duques de Sussex\"> <\/a><a href=\"https:\/\/www.20minutos.es\/minuteca\/duques-de-sussex\/\" title=\"Duques de Sussex\">duques de Sussex<\/a>, <a href=\"https:\/\/www.20minutos.es\/minuteca\/meghan-markle\/\" title=\"Meghan Markle\">Meghan Markle<\/a> y el <a href=\"https:\/\/www.20minutos.es\/minuteca\/principe-harry\/\" title=\"Pr\u00edncipe Harry\">pr\u00edncipe Harry<\/a> de Inglaterra, est\u00e1n volcados con la celebraci\u00f3n de los<b> Invictus Games<\/b>, los juegos para exmilitares con heridas o discapacidad, que ellos mismos fundaron.<\/p>\n<p>Pero la esposa del hijo peque\u00f1o del rey de Inglaterra es ahora<b> v\u00edctima de las cr\u00edticas en redes sociales <\/b>debido a un gesto que realiz\u00f3 con una de las participantes en el evento deportivo.<\/p>\n<p>Los duques estaban con los miembros del equipo canadiense que participa en el evento, que se est\u00e1 disputando precisamente en <b>Vancouver y Whistler,<\/b> en este pa\u00eds norteamericano.<\/p>\n<p>Ambos estaban dialogando con los atletas cuando Meghan Markle cogi\u00f3 la silla de ruedas de una de las participantes y <b>la movi\u00f3 sin que ella lo hubiera solicitado, <\/b>un gesto considerado como una falta de respeto para las personas con discapacidad que usan silla de ruedas.<\/p>\n<p>El incidente fue sobre todo muy criticado de los usuarios de sillas de ruedas en X, y uno de ellos escribi\u00f3 en la plataforma: \u00abMi hija est\u00e1 en silla de ruedas y que<b> otra persona intente moverla es un gran NO<\/b>. Su silla de ruedas es una extensi\u00f3n de ellos mismos. Meghan est\u00e1 en su espacio personal y necesita detenerse\u00bb.<\/p>\n<p>\u00abMe ha pasado eso, es muy grosero suponer que puedes empujar a alguien sin preguntarle si necesita ayuda; <b>ser discapacitado no significa tonto<\/b>\u00ab, dijo otro usuario de la red social.<\/p>\n<p>Un cuarto a\u00f1adi\u00f3: \u00abAlgunos de los espectadores tambi\u00e9n parecen horrorizados\u00bb. <b>\u00ab\u00a1Qu\u00e9 grosero e irrespetuoso!\u00bb<\/b>, agreg\u00f3 una persona m\u00e1s.<\/p>\n<\/div>\n<p>Fuente: Discapacidad https:\/\/www.20minutos.es\/noticia\/5680696\/0\/ola-criticas-meghan-markle-mover-sin-permiso-silla-ruedas-mujer-discapacidad\/<\/p>\n","protected":false},"excerpt":{"rendered":"<p>Los duques de Sussex est\u00e1n volcados con los Juegos Invictus, organizaci\u00f3n que fundaron ellos.<\/p>\n","protected":false},"author":1,"featured_media":0,"comment_status":"closed","ping_status":"closed","sticky":false,"template":"","format":"standard","meta":{"footnotes":""},"categories":[8],"tags":[],"class_list":["post-10811","post","type-post","status-publish","format-standard","hentry","category-noticias"],"yoast_head":"<!-- This site is optimized with the Yoast SEO plugin v27.4 - https:\/\/yoast.com\/product\/yoast-seo-wordpress\/ -->\n<title>Ola de cr\u00edticas a Meghan Markle por mover sin permiso la silla de ruedas de una mujer con discapacidad - Asociaci\u00f3n Espa\u00f1ola S\u00edndrome de Charge<\/title>\n<meta name=\"robots\" content=\"index, follow, max-snippet:-1, max-image-preview:large, max-video-preview:-1\" \/>\n<link rel=\"canonical\" href=\"https:\/\/sindromecharge.es\/index.php\/2025\/02\/09\/ola-criticas-meghan-markle-mover-sin-permiso-silla-ruedas-mujer-discapacidad\/\" \/>\n<meta property=\"og:locale\" content=\"es_ES\" \/>\n<meta property=\"og:type\" content=\"article\" \/>\n<meta property=\"og:title\" content=\"Ola de cr\u00edticas a Meghan Markle por mover sin permiso la silla de ruedas de una mujer con discapacidad - Asociaci\u00f3n Espa\u00f1ola S\u00edndrome de Charge\" \/>\n<meta property=\"og:description\" content=\"Los duques de Sussex est\u00e1n volcados con los Juegos Invictus, organizaci\u00f3n que fundaron ellos.\" \/>\n<meta property=\"og:url\" content=\"https:\/\/sindromecharge.es\/index.php\/2025\/02\/09\/ola-criticas-meghan-markle-mover-sin-permiso-silla-ruedas-mujer-discapacidad\/\" \/>\n<meta property=\"og:site_name\" content=\"Asociaci\u00f3n Espa\u00f1ola S\u00edndrome de Charge\" \/>\n<meta property=\"article:publisher\" content=\"https:\/\/www.facebook.com\/asociacionsindromecharge\" \/>\n<meta property=\"article:published_time\" content=\"2025-02-09T20:36:27+00:00\" \/>\n<meta property=\"og:image\" content=\"https:\/\/sindromecharge.es\/wp-content\/uploads\/2013\/09\/logodecharge300x98.png\" \/>\n\t<meta property=\"og:image:width\" content=\"300\" \/>\n\t<meta property=\"og:image:height\" content=\"98\" \/>\n\t<meta property=\"og:image:type\" content=\"image\/png\" \/>\n<meta name=\"author\" content=\"Charge\" \/>\n<meta name=\"twitter:card\" content=\"summary_large_image\" \/>\n<meta name=\"twitter:creator\" content=\"@sindromecharge\" \/>\n<meta name=\"twitter:site\" content=\"@sindromecharge\" \/>\n<meta name=\"twitter:label1\" content=\"Escrito por\" \/>\n\t<meta name=\"twitter:data1\" content=\"Charge\" \/>\n\t<meta name=\"twitter:label2\" content=\"Tiempo de lectura\" \/>\n\t<meta name=\"twitter:data2\" content=\"1 minuto\" \/>\n<script type=\"application\/ld+json\" class=\"yoast-schema-graph\">{\"@context\":\"https:\\\/\\\/schema.org\",\"@graph\":[{\"@type\":\"Article\",\"@id\":\"https:\\\/\\\/sindromecharge.es\\\/index.php\\\/2025\\\/02\\\/09\\\/ola-criticas-meghan-markle-mover-sin-permiso-silla-ruedas-mujer-discapacidad\\\/#article\",\"isPartOf\":{\"@id\":\"https:\\\/\\\/sindromecharge.es\\\/index.php\\\/2025\\\/02\\\/09\\\/ola-criticas-meghan-markle-mover-sin-permiso-silla-ruedas-mujer-discapacidad\\\/\"},\"author\":{\"name\":\"Charge\",\"@id\":\"https:\\\/\\\/sindromecharge.es\\\/#\\\/schema\\\/person\\\/39a60ebe0a2b4d5a11179701e336b039\"},\"headline\":\"Ola de cr\u00edticas a Meghan Markle por mover sin permiso la silla de ruedas de una mujer con discapacidad\",\"datePublished\":\"2025-02-09T20:36:27+00:00\",\"mainEntityOfPage\":{\"@id\":\"https:\\\/\\\/sindromecharge.es\\\/index.php\\\/2025\\\/02\\\/09\\\/ola-criticas-meghan-markle-mover-sin-permiso-silla-ruedas-mujer-discapacidad\\\/\"},\"wordCount\":299,\"articleSection\":[\"noticias\"],\"inLanguage\":\"es\"},{\"@type\":\"WebPage\",\"@id\":\"https:\\\/\\\/sindromecharge.es\\\/index.php\\\/2025\\\/02\\\/09\\\/ola-criticas-meghan-markle-mover-sin-permiso-silla-ruedas-mujer-discapacidad\\\/\",\"url\":\"https:\\\/\\\/sindromecharge.es\\\/index.php\\\/2025\\\/02\\\/09\\\/ola-criticas-meghan-markle-mover-sin-permiso-silla-ruedas-mujer-discapacidad\\\/\",\"name\":\"Ola de cr\u00edticas a Meghan Markle por mover sin permiso la silla de ruedas de una mujer con discapacidad - Asociaci\u00f3n Espa\u00f1ola S\u00edndrome de Charge\",\"isPartOf\":{\"@id\":\"https:\\\/\\\/sindromecharge.es\\\/#website\"},\"datePublished\":\"2025-02-09T20:36:27+00:00\",\"author\":{\"@id\":\"https:\\\/\\\/sindromecharge.es\\\/#\\\/schema\\\/person\\\/39a60ebe0a2b4d5a11179701e336b039\"},\"breadcrumb\":{\"@id\":\"https:\\\/\\\/sindromecharge.es\\\/index.php\\\/2025\\\/02\\\/09\\\/ola-criticas-meghan-markle-mover-sin-permiso-silla-ruedas-mujer-discapacidad\\\/#breadcrumb\"},\"inLanguage\":\"es\",\"potentialAction\":[{\"@type\":\"ReadAction\",\"target\":[\"https:\\\/\\\/sindromecharge.es\\\/index.php\\\/2025\\\/02\\\/09\\\/ola-criticas-meghan-markle-mover-sin-permiso-silla-ruedas-mujer-discapacidad\\\/\"]}]},{\"@type\":\"BreadcrumbList\",\"@id\":\"https:\\\/\\\/sindromecharge.es\\\/index.php\\\/2025\\\/02\\\/09\\\/ola-criticas-meghan-markle-mover-sin-permiso-silla-ruedas-mujer-discapacidad\\\/#breadcrumb\",\"itemListElement\":[{\"@type\":\"ListItem\",\"position\":1,\"name\":\"Portada\",\"item\":\"https:\\\/\\\/sindromecharge.es\\\/\"},{\"@type\":\"ListItem\",\"position\":2,\"name\":\"Ola de cr\u00edticas a Meghan Markle por mover sin permiso la silla de ruedas de una mujer con discapacidad\"}]},{\"@type\":\"WebSite\",\"@id\":\"https:\\\/\\\/sindromecharge.es\\\/#website\",\"url\":\"https:\\\/\\\/sindromecharge.es\\\/\",\"name\":\"Asociaci\u00f3n Espa\u00f1ola S\u00edndrome de Charge\",\"description\":\"\",\"potentialAction\":[{\"@type\":\"SearchAction\",\"target\":{\"@type\":\"EntryPoint\",\"urlTemplate\":\"https:\\\/\\\/sindromecharge.es\\\/?s={search_term_string}\"},\"query-input\":{\"@type\":\"PropertyValueSpecification\",\"valueRequired\":true,\"valueName\":\"search_term_string\"}}],\"inLanguage\":\"es\"},{\"@type\":\"Person\",\"@id\":\"https:\\\/\\\/sindromecharge.es\\\/#\\\/schema\\\/person\\\/39a60ebe0a2b4d5a11179701e336b039\",\"name\":\"Charge\",\"image\":{\"@type\":\"ImageObject\",\"inLanguage\":\"es\",\"@id\":\"https:\\\/\\\/secure.gravatar.com\\\/avatar\\\/c3b46e32a0fc3b093a0873fb767bf3293de856293065e84ef06b7ec7a8acfb98?s=96&d=identicon&r=x\",\"url\":\"https:\\\/\\\/secure.gravatar.com\\\/avatar\\\/c3b46e32a0fc3b093a0873fb767bf3293de856293065e84ef06b7ec7a8acfb98?s=96&d=identicon&r=x\",\"contentUrl\":\"https:\\\/\\\/secure.gravatar.com\\\/avatar\\\/c3b46e32a0fc3b093a0873fb767bf3293de856293065e84ef06b7ec7a8acfb98?s=96&d=identicon&r=x\",\"caption\":\"Charge\"},\"url\":\"https:\\\/\\\/sindromecharge.es\\\/index.php\\\/author\\\/admin\\\/\"}]}<\/script>\n<!-- \/ Yoast SEO plugin. -->","yoast_head_json":{"title":"Ola de cr\u00edticas a Meghan Markle por mover sin permiso la silla de ruedas de una mujer con discapacidad - Asociaci\u00f3n Espa\u00f1ola S\u00edndrome de Charge","robots":{"index":"index","follow":"follow","max-snippet":"max-snippet:-1","max-image-preview":"max-image-preview:large","max-video-preview":"max-video-preview:-1"},"canonical":"https:\/\/sindromecharge.es\/index.php\/2025\/02\/09\/ola-criticas-meghan-markle-mover-sin-permiso-silla-ruedas-mujer-discapacidad\/","og_locale":"es_ES","og_type":"article","og_title":"Ola de cr\u00edticas a Meghan Markle por mover sin permiso la silla de ruedas de una mujer con discapacidad - Asociaci\u00f3n Espa\u00f1ola S\u00edndrome de Charge","og_description":"Los duques de Sussex est\u00e1n volcados con los Juegos Invictus, organizaci\u00f3n que fundaron ellos.","og_url":"https:\/\/sindromecharge.es\/index.php\/2025\/02\/09\/ola-criticas-meghan-markle-mover-sin-permiso-silla-ruedas-mujer-discapacidad\/","og_site_name":"Asociaci\u00f3n Espa\u00f1ola S\u00edndrome de Charge","article_publisher":"https:\/\/www.facebook.com\/asociacionsindromecharge","article_published_time":"2025-02-09T20:36:27+00:00","og_image":[{"width":300,"height":98,"url":"https:\/\/sindromecharge.es\/wp-content\/uploads\/2013\/09\/logodecharge300x98.png","type":"image\/png"}],"author":"Charge","twitter_card":"summary_large_image","twitter_creator":"@sindromecharge","twitter_site":"@sindromecharge","twitter_misc":{"Escrito por":"Charge","Tiempo de lectura":"1 minuto"},"schema":{"@context":"https:\/\/schema.org","@graph":[{"@type":"Article","@id":"https:\/\/sindromecharge.es\/index.php\/2025\/02\/09\/ola-criticas-meghan-markle-mover-sin-permiso-silla-ruedas-mujer-discapacidad\/#article","isPartOf":{"@id":"https:\/\/sindromecharge.es\/index.php\/2025\/02\/09\/ola-criticas-meghan-markle-mover-sin-permiso-silla-ruedas-mujer-discapacidad\/"},"author":{"name":"Charge","@id":"https:\/\/sindromecharge.es\/#\/schema\/person\/39a60ebe0a2b4d5a11179701e336b039"},"headline":"Ola de cr\u00edticas a Meghan Markle por mover sin permiso la silla de ruedas de una mujer con discapacidad","datePublished":"2025-02-09T20:36:27+00:00","mainEntityOfPage":{"@id":"https:\/\/sindromecharge.es\/index.php\/2025\/02\/09\/ola-criticas-meghan-markle-mover-sin-permiso-silla-ruedas-mujer-discapacidad\/"},"wordCount":299,"articleSection":["noticias"],"inLanguage":"es"},{"@type":"WebPage","@id":"https:\/\/sindromecharge.es\/index.php\/2025\/02\/09\/ola-criticas-meghan-markle-mover-sin-permiso-silla-ruedas-mujer-discapacidad\/","url":"https:\/\/sindromecharge.es\/index.php\/2025\/02\/09\/ola-criticas-meghan-markle-mover-sin-permiso-silla-ruedas-mujer-discapacidad\/","name":"Ola de cr\u00edticas a Meghan Markle por mover sin permiso la silla de ruedas de una mujer con discapacidad - Asociaci\u00f3n Espa\u00f1ola S\u00edndrome de Charge","isPartOf":{"@id":"https:\/\/sindromecharge.es\/#website"},"datePublished":"2025-02-09T20:36:27+00:00","author":{"@id":"https:\/\/sindromecharge.es\/#\/schema\/person\/39a60ebe0a2b4d5a11179701e336b039"},"breadcrumb":{"@id":"https:\/\/sindromecharge.es\/index.php\/2025\/02\/09\/ola-criticas-meghan-markle-mover-sin-permiso-silla-ruedas-mujer-discapacidad\/#breadcrumb"},"inLanguage":"es","potentialAction":[{"@type":"ReadAction","target":["https:\/\/sindromecharge.es\/index.php\/2025\/02\/09\/ola-criticas-meghan-markle-mover-sin-permiso-silla-ruedas-mujer-discapacidad\/"]}]},{"@type":"BreadcrumbList","@id":"https:\/\/sindromecharge.es\/index.php\/2025\/02\/09\/ola-criticas-meghan-markle-mover-sin-permiso-silla-ruedas-mujer-discapacidad\/#breadcrumb","itemListElement":[{"@type":"ListItem","position":1,"name":"Portada","item":"https:\/\/sindromecharge.es\/"},{"@type":"ListItem","position":2,"name":"Ola de cr\u00edticas a Meghan Markle por mover sin permiso la silla de ruedas de una mujer con discapacidad"}]},{"@type":"WebSite","@id":"https:\/\/sindromecharge.es\/#website","url":"https:\/\/sindromecharge.es\/","name":"Asociaci\u00f3n Espa\u00f1ola S\u00edndrome de Charge","description":"","potentialAction":[{"@type":"SearchAction","target":{"@type":"EntryPoint","urlTemplate":"https:\/\/sindromecharge.es\/?s={search_term_string}"},"query-input":{"@type":"PropertyValueSpecification","valueRequired":true,"valueName":"search_term_string"}}],"inLanguage":"es"},{"@type":"Person","@id":"https:\/\/sindromecharge.es\/#\/schema\/person\/39a60ebe0a2b4d5a11179701e336b039","name":"Charge","image":{"@type":"ImageObject","inLanguage":"es","@id":"https:\/\/secure.gravatar.com\/avatar\/c3b46e32a0fc3b093a0873fb767bf3293de856293065e84ef06b7ec7a8acfb98?s=96&d=identicon&r=x","url":"https:\/\/secure.gravatar.com\/avatar\/c3b46e32a0fc3b093a0873fb767bf3293de856293065e84ef06b7ec7a8acfb98?s=96&d=identicon&r=x","contentUrl":"https:\/\/secure.gravatar.com\/avatar\/c3b46e32a0fc3b093a0873fb767bf3293de856293065e84ef06b7ec7a8acfb98?s=96&d=identicon&r=x","caption":"Charge"},"url":"https:\/\/sindromecharge.es\/index.php\/author\/admin\/"}]}},"_links":{"self":[{"href":"https:\/\/sindromecharge.es\/index.php\/wp-json\/wp\/v2\/posts\/10811","targetHints":{"allow":["GET"]}}],"collection":[{"href":"https:\/\/sindromecharge.es\/index.php\/wp-json\/wp\/v2\/posts"}],"about":[{"href":"https:\/\/sindromecharge.es\/index.php\/wp-json\/wp\/v2\/types\/post"}],"author":[{"embeddable":true,"href":"https:\/\/sindromecharge.es\/index.php\/wp-json\/wp\/v2\/users\/1"}],"replies":[{"embeddable":true,"href":"https:\/\/sindromecharge.es\/index.php\/wp-json\/wp\/v2\/comments?post=10811"}],"version-history":[{"count":0,"href":"https:\/\/sindromecharge.es\/index.php\/wp-json\/wp\/v2\/posts\/10811\/revisions"}],"wp:attachment":[{"href":"https:\/\/sindromecharge.es\/index.php\/wp-json\/wp\/v2\/media?parent=10811"}],"wp:term":[{"taxonomy":"category","embeddable":true,"href":"https:\/\/sindromecharge.es\/index.php\/wp-json\/wp\/v2\/categories?post=10811"},{"taxonomy":"post_tag","embeddable":true,"href":"https:\/\/sindromecharge.es\/index.php\/wp-json\/wp\/v2\/tags?post=10811"}],"curies":[{"name":"wp","href":"https:\/\/api.w.org\/{rel}","templated":true}]}}