{"id":10810,"date":"2025-02-09T11:06:35","date_gmt":"2025-02-09T11:06:35","guid":{"rendered":"https:\/\/sindromecharge.es\/index.php\/2025\/02\/09\/index-php-119\/"},"modified":"2025-02-09T11:06:35","modified_gmt":"2025-02-09T11:06:35","slug":"index-php-119","status":"publish","type":"post","link":"https:\/\/sindromecharge.es\/index.php\/2025\/02\/09\/index-php-119\/","title":{"rendered":"D\u00eda Internacional del Implante Coclear &#8211; Semana de la Audici\u00f3n"},"content":{"rendered":"<p>Leemos en Federaci\u00f3n de Asociaciones de Implantados Cocleares de Espa\u00f1a. Federaci\u00f3n AICE la siguiente noticia que os reproducimos de forma \u00edntegra: <\/p>\n<div>\n<p><a class=\"jcepopup\" title=\"25 de febrero, D\u00eda Internacional del Implante Coclear. O\u00edr es s\u00f3lo el principio.\" href=\"http:\/\/www.implantecoclear.org\/images\/dia\/2025\/AICE_DIA_IC_2025.png\" target=\"_blank\"><img loading=\"lazy\" decoding=\"async\" style=\"margin: 10px; float: left;\" src=\"http:\/\/www.implantecoclear.org\/images\/dia\/2025\/AICE_DIA_IC_2025.png\" alt=\"Cartel del D\u00eda Intenacional del Implante Coclear\" width=\"248\" height=\"350\"><\/a><\/p>\n<p style=\"text-align: center;\"><span style=\"font-size: 18pt;\"><strong>\u00a1O\u00cdR es solo el princio!<br \/><\/strong><\/span><\/p>\n<p style=\"text-align: center;\"><span style=\"font-size: 18pt;\"><strong>D\u00eda Internacional del Implante Coclear<\/strong><\/span><\/p>\n<p style=\"text-align: center;\"><span style=\"font-size: 18pt;\"><strong>Semana de la Audici\u00f3n<br \/><\/strong><\/span><\/p>\n<p><!--\n\n\n<p style=\"text-align: center;\"       ><a title=\"Manifiesto D\u00eda Internacional del Implante Coclear 2025\" href=\"http:\/\/implantecoclear.org\/index.php?option=com_content&amp;view=article&amp;id=694&amp;Itemid=305\"       ><span style=\"font-size: 18pt;\"     ><strong>Manifiesto D\u00eda Internacional del Implante Coclear<\/strong><\/span><\/a><\/p>\n\n\n--><\/p>\n<p><strong>Actividades por comunidades aut\u00f3nomas:<\/strong><\/p>\n<p><img loading=\"lazy\" decoding=\"async\" style=\"margin: 10px; vertical-align: middle;\" src=\"http:\/\/implantecoclear.org\/templates\/ja_purity\/images\/pdf_button.png\" alt=\"Formato PDF\" width=\"14\" height=\"14\"><a title=\"Descarga de las actividades en formato pdf\" href=\"http:\/\/www.implantecoclear.org\/images\/dia\/2025\/ACTIVIDADES%20DIA%20DEL%20IC%202025.pdf\">Descarga de las actividades en diversas Comunidades Aut\u00f3nomas en formato pdf. Actualizado: 9 de febrero de 2025<\/a><\/p>\n<p>\u00a0<\/p>\n<p>\u00a0<\/p>\n<p>\u00a0<\/p>\n<p>\u00a0<\/p>\n<p>\u00a0<\/p>\n<p>\u00a0<\/p>\n<p>\u00a0<\/p>\n<\/div>\n<p>Fuente: Federaci\u00f3n de Asociaciones de Implantados Cocleares de Espa\u00f1a. Federaci\u00f3n AICE http:\/\/implantecoclear.org\/index.php?option=com_content&#038;view=article&#038;id=527:dia-internacional-ic-2025&#038;catid=1:latest-news<\/p>\n","protected":false},"excerpt":{"rendered":"<p>\u00a1O\u00cdR es solo el princio! D\u00eda Internacional del Implante Coclear Semana de la Audici\u00f3n &lt;!&#8211; Manifiesto D\u00eda Internacional del Implante Coclear &#8211;&gt; Actividades por comunidades aut\u00f3nomas: Descarga de las actividades en diversas Comunidades Aut\u00f3nomas en formato pdf. Actualizado: 9 de febrero de 2025 \u00a0 \u00a0 \u00a0 \u00a0 \u00a0 \u00a0 \u00a0<\/p>\n","protected":false},"author":1,"featured_media":0,"comment_status":"closed","ping_status":"closed","sticky":false,"template":"","format":"standard","meta":{"footnotes":""},"categories":[8],"tags":[],"class_list":["post-10810","post","type-post","status-publish","format-standard","hentry","category-noticias"],"yoast_head":"<!-- This site is optimized with the Yoast SEO plugin v27.4 - https:\/\/yoast.com\/product\/yoast-seo-wordpress\/ -->\n<title>D\u00eda Internacional del Implante Coclear - Semana de la Audici\u00f3n - Asociaci\u00f3n Espa\u00f1ola S\u00edndrome de Charge<\/title>\n<meta name=\"robots\" content=\"index, follow, max-snippet:-1, max-image-preview:large, max-video-preview:-1\" \/>\n<link rel=\"canonical\" href=\"https:\/\/sindromecharge.es\/index.php\/2025\/02\/09\/index-php-119\/\" \/>\n<meta property=\"og:locale\" content=\"es_ES\" \/>\n<meta property=\"og:type\" content=\"article\" \/>\n<meta property=\"og:title\" content=\"D\u00eda Internacional del Implante Coclear - Semana de la Audici\u00f3n - Asociaci\u00f3n Espa\u00f1ola S\u00edndrome de Charge\" \/>\n<meta property=\"og:description\" content=\"\u00a1O\u00cdR es solo el princio! D\u00eda Internacional del Implante Coclear Semana de la Audici\u00f3n &lt;!&#8211; Manifiesto D\u00eda Internacional del Implante Coclear &#8211;&gt; Actividades por comunidades aut\u00f3nomas: Descarga de las actividades en diversas Comunidades Aut\u00f3nomas en formato pdf. Actualizado: 9 de febrero de 2025 \u00a0 \u00a0 \u00a0 \u00a0 \u00a0 \u00a0 \u00a0\" \/>\n<meta property=\"og:url\" content=\"https:\/\/sindromecharge.es\/index.php\/2025\/02\/09\/index-php-119\/\" \/>\n<meta property=\"og:site_name\" content=\"Asociaci\u00f3n Espa\u00f1ola S\u00edndrome de Charge\" \/>\n<meta property=\"article:publisher\" content=\"https:\/\/www.facebook.com\/asociacionsindromecharge\" \/>\n<meta property=\"article:published_time\" content=\"2025-02-09T11:06:35+00:00\" \/>\n<meta property=\"og:image\" content=\"http:\/\/www.implantecoclear.org\/images\/dia\/2025\/AICE_DIA_IC_2025.png\" \/>\n<meta name=\"author\" content=\"Charge\" \/>\n<meta name=\"twitter:card\" content=\"summary_large_image\" \/>\n<meta name=\"twitter:creator\" content=\"@sindromecharge\" \/>\n<meta name=\"twitter:site\" content=\"@sindromecharge\" \/>\n<meta name=\"twitter:label1\" content=\"Escrito por\" \/>\n\t<meta name=\"twitter:data1\" content=\"Charge\" \/>\n<script type=\"application\/ld+json\" class=\"yoast-schema-graph\">{\"@context\":\"https:\\\/\\\/schema.org\",\"@graph\":[{\"@type\":\"Article\",\"@id\":\"https:\\\/\\\/sindromecharge.es\\\/index.php\\\/2025\\\/02\\\/09\\\/index-php-119\\\/#article\",\"isPartOf\":{\"@id\":\"https:\\\/\\\/sindromecharge.es\\\/index.php\\\/2025\\\/02\\\/09\\\/index-php-119\\\/\"},\"author\":{\"name\":\"Charge\",\"@id\":\"https:\\\/\\\/sindromecharge.es\\\/#\\\/schema\\\/person\\\/39a60ebe0a2b4d5a11179701e336b039\"},\"headline\":\"D\u00eda Internacional del Implante Coclear &#8211; Semana de la Audici\u00f3n\",\"datePublished\":\"2025-02-09T11:06:35+00:00\",\"mainEntityOfPage\":{\"@id\":\"https:\\\/\\\/sindromecharge.es\\\/index.php\\\/2025\\\/02\\\/09\\\/index-php-119\\\/\"},\"wordCount\":102,\"image\":{\"@id\":\"https:\\\/\\\/sindromecharge.es\\\/index.php\\\/2025\\\/02\\\/09\\\/index-php-119\\\/#primaryimage\"},\"thumbnailUrl\":\"http:\\\/\\\/www.implantecoclear.org\\\/images\\\/dia\\\/2025\\\/AICE_DIA_IC_2025.png\",\"articleSection\":[\"noticias\"],\"inLanguage\":\"es\"},{\"@type\":\"WebPage\",\"@id\":\"https:\\\/\\\/sindromecharge.es\\\/index.php\\\/2025\\\/02\\\/09\\\/index-php-119\\\/\",\"url\":\"https:\\\/\\\/sindromecharge.es\\\/index.php\\\/2025\\\/02\\\/09\\\/index-php-119\\\/\",\"name\":\"D\u00eda Internacional del Implante Coclear - Semana de la Audici\u00f3n - Asociaci\u00f3n Espa\u00f1ola S\u00edndrome de Charge\",\"isPartOf\":{\"@id\":\"https:\\\/\\\/sindromecharge.es\\\/#website\"},\"primaryImageOfPage\":{\"@id\":\"https:\\\/\\\/sindromecharge.es\\\/index.php\\\/2025\\\/02\\\/09\\\/index-php-119\\\/#primaryimage\"},\"image\":{\"@id\":\"https:\\\/\\\/sindromecharge.es\\\/index.php\\\/2025\\\/02\\\/09\\\/index-php-119\\\/#primaryimage\"},\"thumbnailUrl\":\"http:\\\/\\\/www.implantecoclear.org\\\/images\\\/dia\\\/2025\\\/AICE_DIA_IC_2025.png\",\"datePublished\":\"2025-02-09T11:06:35+00:00\",\"author\":{\"@id\":\"https:\\\/\\\/sindromecharge.es\\\/#\\\/schema\\\/person\\\/39a60ebe0a2b4d5a11179701e336b039\"},\"breadcrumb\":{\"@id\":\"https:\\\/\\\/sindromecharge.es\\\/index.php\\\/2025\\\/02\\\/09\\\/index-php-119\\\/#breadcrumb\"},\"inLanguage\":\"es\",\"potentialAction\":[{\"@type\":\"ReadAction\",\"target\":[\"https:\\\/\\\/sindromecharge.es\\\/index.php\\\/2025\\\/02\\\/09\\\/index-php-119\\\/\"]}]},{\"@type\":\"ImageObject\",\"inLanguage\":\"es\",\"@id\":\"https:\\\/\\\/sindromecharge.es\\\/index.php\\\/2025\\\/02\\\/09\\\/index-php-119\\\/#primaryimage\",\"url\":\"http:\\\/\\\/www.implantecoclear.org\\\/images\\\/dia\\\/2025\\\/AICE_DIA_IC_2025.png\",\"contentUrl\":\"http:\\\/\\\/www.implantecoclear.org\\\/images\\\/dia\\\/2025\\\/AICE_DIA_IC_2025.png\"},{\"@type\":\"BreadcrumbList\",\"@id\":\"https:\\\/\\\/sindromecharge.es\\\/index.php\\\/2025\\\/02\\\/09\\\/index-php-119\\\/#breadcrumb\",\"itemListElement\":[{\"@type\":\"ListItem\",\"position\":1,\"name\":\"Portada\",\"item\":\"https:\\\/\\\/sindromecharge.es\\\/\"},{\"@type\":\"ListItem\",\"position\":2,\"name\":\"D\u00eda Internacional del Implante Coclear &#8211; Semana de la Audici\u00f3n\"}]},{\"@type\":\"WebSite\",\"@id\":\"https:\\\/\\\/sindromecharge.es\\\/#website\",\"url\":\"https:\\\/\\\/sindromecharge.es\\\/\",\"name\":\"Asociaci\u00f3n Espa\u00f1ola S\u00edndrome de Charge\",\"description\":\"\",\"potentialAction\":[{\"@type\":\"SearchAction\",\"target\":{\"@type\":\"EntryPoint\",\"urlTemplate\":\"https:\\\/\\\/sindromecharge.es\\\/?s={search_term_string}\"},\"query-input\":{\"@type\":\"PropertyValueSpecification\",\"valueRequired\":true,\"valueName\":\"search_term_string\"}}],\"inLanguage\":\"es\"},{\"@type\":\"Person\",\"@id\":\"https:\\\/\\\/sindromecharge.es\\\/#\\\/schema\\\/person\\\/39a60ebe0a2b4d5a11179701e336b039\",\"name\":\"Charge\",\"image\":{\"@type\":\"ImageObject\",\"inLanguage\":\"es\",\"@id\":\"https:\\\/\\\/secure.gravatar.com\\\/avatar\\\/c3b46e32a0fc3b093a0873fb767bf3293de856293065e84ef06b7ec7a8acfb98?s=96&d=identicon&r=x\",\"url\":\"https:\\\/\\\/secure.gravatar.com\\\/avatar\\\/c3b46e32a0fc3b093a0873fb767bf3293de856293065e84ef06b7ec7a8acfb98?s=96&d=identicon&r=x\",\"contentUrl\":\"https:\\\/\\\/secure.gravatar.com\\\/avatar\\\/c3b46e32a0fc3b093a0873fb767bf3293de856293065e84ef06b7ec7a8acfb98?s=96&d=identicon&r=x\",\"caption\":\"Charge\"},\"url\":\"https:\\\/\\\/sindromecharge.es\\\/index.php\\\/author\\\/admin\\\/\"}]}<\/script>\n<!-- \/ Yoast SEO plugin. -->","yoast_head_json":{"title":"D\u00eda Internacional del Implante Coclear - Semana de la Audici\u00f3n - Asociaci\u00f3n Espa\u00f1ola S\u00edndrome de Charge","robots":{"index":"index","follow":"follow","max-snippet":"max-snippet:-1","max-image-preview":"max-image-preview:large","max-video-preview":"max-video-preview:-1"},"canonical":"https:\/\/sindromecharge.es\/index.php\/2025\/02\/09\/index-php-119\/","og_locale":"es_ES","og_type":"article","og_title":"D\u00eda Internacional del Implante Coclear - Semana de la Audici\u00f3n - Asociaci\u00f3n Espa\u00f1ola S\u00edndrome de Charge","og_description":"\u00a1O\u00cdR es solo el princio! D\u00eda Internacional del Implante Coclear Semana de la Audici\u00f3n &lt;!&#8211; Manifiesto D\u00eda Internacional del Implante Coclear &#8211;&gt; Actividades por comunidades aut\u00f3nomas: Descarga de las actividades en diversas Comunidades Aut\u00f3nomas en formato pdf. Actualizado: 9 de febrero de 2025 \u00a0 \u00a0 \u00a0 \u00a0 \u00a0 \u00a0 \u00a0","og_url":"https:\/\/sindromecharge.es\/index.php\/2025\/02\/09\/index-php-119\/","og_site_name":"Asociaci\u00f3n Espa\u00f1ola S\u00edndrome de Charge","article_publisher":"https:\/\/www.facebook.com\/asociacionsindromecharge","article_published_time":"2025-02-09T11:06:35+00:00","og_image":[{"url":"http:\/\/www.implantecoclear.org\/images\/dia\/2025\/AICE_DIA_IC_2025.png","type":"","width":"","height":""}],"author":"Charge","twitter_card":"summary_large_image","twitter_creator":"@sindromecharge","twitter_site":"@sindromecharge","twitter_misc":{"Escrito por":"Charge"},"schema":{"@context":"https:\/\/schema.org","@graph":[{"@type":"Article","@id":"https:\/\/sindromecharge.es\/index.php\/2025\/02\/09\/index-php-119\/#article","isPartOf":{"@id":"https:\/\/sindromecharge.es\/index.php\/2025\/02\/09\/index-php-119\/"},"author":{"name":"Charge","@id":"https:\/\/sindromecharge.es\/#\/schema\/person\/39a60ebe0a2b4d5a11179701e336b039"},"headline":"D\u00eda Internacional del Implante Coclear &#8211; Semana de la Audici\u00f3n","datePublished":"2025-02-09T11:06:35+00:00","mainEntityOfPage":{"@id":"https:\/\/sindromecharge.es\/index.php\/2025\/02\/09\/index-php-119\/"},"wordCount":102,"image":{"@id":"https:\/\/sindromecharge.es\/index.php\/2025\/02\/09\/index-php-119\/#primaryimage"},"thumbnailUrl":"http:\/\/www.implantecoclear.org\/images\/dia\/2025\/AICE_DIA_IC_2025.png","articleSection":["noticias"],"inLanguage":"es"},{"@type":"WebPage","@id":"https:\/\/sindromecharge.es\/index.php\/2025\/02\/09\/index-php-119\/","url":"https:\/\/sindromecharge.es\/index.php\/2025\/02\/09\/index-php-119\/","name":"D\u00eda Internacional del Implante Coclear - Semana de la Audici\u00f3n - Asociaci\u00f3n Espa\u00f1ola S\u00edndrome de Charge","isPartOf":{"@id":"https:\/\/sindromecharge.es\/#website"},"primaryImageOfPage":{"@id":"https:\/\/sindromecharge.es\/index.php\/2025\/02\/09\/index-php-119\/#primaryimage"},"image":{"@id":"https:\/\/sindromecharge.es\/index.php\/2025\/02\/09\/index-php-119\/#primaryimage"},"thumbnailUrl":"http:\/\/www.implantecoclear.org\/images\/dia\/2025\/AICE_DIA_IC_2025.png","datePublished":"2025-02-09T11:06:35+00:00","author":{"@id":"https:\/\/sindromecharge.es\/#\/schema\/person\/39a60ebe0a2b4d5a11179701e336b039"},"breadcrumb":{"@id":"https:\/\/sindromecharge.es\/index.php\/2025\/02\/09\/index-php-119\/#breadcrumb"},"inLanguage":"es","potentialAction":[{"@type":"ReadAction","target":["https:\/\/sindromecharge.es\/index.php\/2025\/02\/09\/index-php-119\/"]}]},{"@type":"ImageObject","inLanguage":"es","@id":"https:\/\/sindromecharge.es\/index.php\/2025\/02\/09\/index-php-119\/#primaryimage","url":"http:\/\/www.implantecoclear.org\/images\/dia\/2025\/AICE_DIA_IC_2025.png","contentUrl":"http:\/\/www.implantecoclear.org\/images\/dia\/2025\/AICE_DIA_IC_2025.png"},{"@type":"BreadcrumbList","@id":"https:\/\/sindromecharge.es\/index.php\/2025\/02\/09\/index-php-119\/#breadcrumb","itemListElement":[{"@type":"ListItem","position":1,"name":"Portada","item":"https:\/\/sindromecharge.es\/"},{"@type":"ListItem","position":2,"name":"D\u00eda Internacional del Implante Coclear &#8211; Semana de la Audici\u00f3n"}]},{"@type":"WebSite","@id":"https:\/\/sindromecharge.es\/#website","url":"https:\/\/sindromecharge.es\/","name":"Asociaci\u00f3n Espa\u00f1ola S\u00edndrome de Charge","description":"","potentialAction":[{"@type":"SearchAction","target":{"@type":"EntryPoint","urlTemplate":"https:\/\/sindromecharge.es\/?s={search_term_string}"},"query-input":{"@type":"PropertyValueSpecification","valueRequired":true,"valueName":"search_term_string"}}],"inLanguage":"es"},{"@type":"Person","@id":"https:\/\/sindromecharge.es\/#\/schema\/person\/39a60ebe0a2b4d5a11179701e336b039","name":"Charge","image":{"@type":"ImageObject","inLanguage":"es","@id":"https:\/\/secure.gravatar.com\/avatar\/c3b46e32a0fc3b093a0873fb767bf3293de856293065e84ef06b7ec7a8acfb98?s=96&d=identicon&r=x","url":"https:\/\/secure.gravatar.com\/avatar\/c3b46e32a0fc3b093a0873fb767bf3293de856293065e84ef06b7ec7a8acfb98?s=96&d=identicon&r=x","contentUrl":"https:\/\/secure.gravatar.com\/avatar\/c3b46e32a0fc3b093a0873fb767bf3293de856293065e84ef06b7ec7a8acfb98?s=96&d=identicon&r=x","caption":"Charge"},"url":"https:\/\/sindromecharge.es\/index.php\/author\/admin\/"}]}},"_links":{"self":[{"href":"https:\/\/sindromecharge.es\/index.php\/wp-json\/wp\/v2\/posts\/10810","targetHints":{"allow":["GET"]}}],"collection":[{"href":"https:\/\/sindromecharge.es\/index.php\/wp-json\/wp\/v2\/posts"}],"about":[{"href":"https:\/\/sindromecharge.es\/index.php\/wp-json\/wp\/v2\/types\/post"}],"author":[{"embeddable":true,"href":"https:\/\/sindromecharge.es\/index.php\/wp-json\/wp\/v2\/users\/1"}],"replies":[{"embeddable":true,"href":"https:\/\/sindromecharge.es\/index.php\/wp-json\/wp\/v2\/comments?post=10810"}],"version-history":[{"count":0,"href":"https:\/\/sindromecharge.es\/index.php\/wp-json\/wp\/v2\/posts\/10810\/revisions"}],"wp:attachment":[{"href":"https:\/\/sindromecharge.es\/index.php\/wp-json\/wp\/v2\/media?parent=10810"}],"wp:term":[{"taxonomy":"category","embeddable":true,"href":"https:\/\/sindromecharge.es\/index.php\/wp-json\/wp\/v2\/categories?post=10810"},{"taxonomy":"post_tag","embeddable":true,"href":"https:\/\/sindromecharge.es\/index.php\/wp-json\/wp\/v2\/tags?post=10810"}],"curies":[{"name":"wp","href":"https:\/\/api.w.org\/{rel}","templated":true}]}}