{"id":10807,"date":"2025-02-08T07:36:21","date_gmt":"2025-02-08T07:36:21","guid":{"rendered":"https:\/\/sindromecharge.es\/index.php\/2025\/02\/08\/asistencia-personal-eliminar-copagos-actualizar-servicios-entre-las-peticiones-plena-inclusion-para-reforma-dependencia\/"},"modified":"2025-02-08T07:36:21","modified_gmt":"2025-02-08T07:36:21","slug":"asistencia-personal-eliminar-copagos-actualizar-servicios-entre-las-peticiones-plena-inclusion-para-reforma-dependencia","status":"publish","type":"post","link":"https:\/\/sindromecharge.es\/index.php\/2025\/02\/08\/asistencia-personal-eliminar-copagos-actualizar-servicios-entre-las-peticiones-plena-inclusion-para-reforma-dependencia\/","title":{"rendered":"Quitar copagos, reducir esperas&#8230; Las seis peticiones de las personas con discapacidad intelectual para la reforma de la dependencia"},"content":{"rendered":"<p>Leemos en Discapacidad la siguiente noticia que os reproducimos de forma \u00edntegra: <\/p>\n<div>\n<p>Este pr\u00f3ximo martes, el <a href=\"https:\/\/www.20minutos.es\/minuteca\/consejo-de-ministros\/\" title=\"Consejo de Ministros\" target=\"_blank\">Consejo de Ministros<\/a> tiene previsto aprobar el anteproyecto de reforma la <b>Ley de derechos de las personas con discapacidad y la Ley de Dependencia<\/b> para adaptarlas a la reforma constitucional, tras la modificaci\u00f3n del art\u00edculo 49 en febrero pasado. <\/p>\n<p>Ante esta iniciativa del Ejecutivo, que lleva reclamando el movimiento organizado de la <a href=\"https:\/\/www.20minutos.es\/minuteca\/discapacidad\/\" title=\"Discapacidad\" target=\"_blank\">discapacidad<\/a> desde hace muchos a\u00f1os, <b>Plena inclusi\u00f3n<\/b> Espa\u00f1a reivindica esta modificaci\u00f3n como una oportunidad hist\u00f3rica que ayudar\u00eda a superar las <a href=\"https:\/\/www.20minutos.es\/noticia\/5680264\/0\/asistencia-personal-eliminar-copagos-actualizar-servicios-entre-las-peticiones-plena-inclusion-para-reforma-dependencia\/\"> <\/a>restricciones impuestas a las personas con <a href=\"https:\/\/www.20minutos.es\/minuteca\/discapacidad-intelectual\/\" title=\"Discapacidad intelectual\" target=\"_blank\">discapacidad intelectual<\/a> y a sus familias.<\/p>\n<p>As\u00ed lo afirma <a href=\"https:\/\/www.20minutos.es\/minuteca\/carmen-laucirica\/\" title=\"Carmen Laucirica\" target=\"_blank\">Carmen Laucirica<\/a>, presidenta de Plena inclusi\u00f3n Espa\u00f1a: \u201c<b>nos encontramos ante una oportunidad hist\u00f3rica<\/b> para abordar una transformaci\u00f3n profunda del sistema de atenci\u00f3n a la <a href=\"https:\/\/www.20minutos.es\/minuteca\/dependencia\/\" title=\"Dependencia\" target=\"_blank\">dependencia<\/a> que permita garantizar los derechos y la calidad de vida de las personas con discapacidad intelectual y del desarrollo y sus familias\u201d.<\/p>\n<h2>Demandas de Plena Inclusi\u00f3n<\/h2>\n<p>Plena inclusi\u00f3n defiende que la reforma de la <a href=\"https:\/\/www.20minutos.es\/minuteca\/ley-de-dependencia\/\" title=\"Ley de Dependencia\" target=\"_blank\">Ley de Dependencia<\/a>, en lo que ata\u00f1e a la discapacidad, deber\u00eda recoger reivindicaciones hist\u00f3ricas como:<\/p>\n<p>\u2022<b> Reducir las listas de espera<\/b>, especialmente en servicios comunitarios de vivienda, debido a la falta de pisos y casas adaptadas.<\/p>\n<p>\u2022<b> Actualizar las carteras de servicios<\/b>, que siguen siendo obsoletas y r\u00edgidas, sin responder a las necesidades reales de las personas.<\/p>\n<p>\u2022 Fomentar nuevos roles profesionales, como el <b>asistente personal<\/b> o el conector comunitario, para facilitar la vida en comunidad, en lugar de en grandes residencias alejadas de los barrios y pueblos.<\/p>\n<p>\u2022 <b>Eliminar el copago <\/b>confiscatorio, que ahoga econ\u00f3micamente a muchas familias, impidi\u00e9ndoles tener una vida digna.<\/p>\n<p>\u2022 Garantizar la <b>libertad de elecci\u00f3n<\/b> de los apoyos que cada persona necesita, con un sistema m\u00e1s flexible.<\/p>\n<p>\u2022 <b>Prohibir los cambios forzosos<\/b> de recursos para las personas con discapacidad al cumplir los 65 a\u00f1os.<\/p>\n<p>Desde esta Confederaci\u00f3n -que agrupa a 950 asociaciones de todo el Estado que apoyan a m\u00e1s de 150.000 personas con discapacidad intelectual y del desarrollo (<a href=\"https:\/\/www.20minutos.es\/minuteca\/sindrome-de-down\/\" title=\"S\u00edndrome de Down\" target=\"_blank\">s\u00edndrome de Down<\/a>, <a href=\"https:\/\/www.20minutos.es\/minuteca\/autismo\/\" title=\"Autismo\" target=\"_blank\">autismo<\/a>, <a href=\"https:\/\/www.20minutos.es\/minuteca\/paralisis-cerebral\/\" title=\"Par\u00e1lisis cerebral\" target=\"_blank\">par\u00e1lisis cerebral<\/a> y otras) y sus familias-, se recuerda la trascendencia de que la reforma legislativa <b>vaya acompa\u00f1ada de presupuestos<\/b> que aseguren la sostenibilidad de las entidades, con m\u00e1s inversi\u00f3n en tecnolog\u00eda de apoyo y en la transformaci\u00f3n de la red de servicios. Por ello, exige un <b>aumento de los presupuestos<\/b>, tanto estatales como auton\u00f3micos, para hacer realidad estas reformas.<\/p>\n<p>En este sentido, el <b>Plan de choque de Dependencia<\/b> debe reactivarse. \u201cNos preocupa el impacto de la ausencia de apoyos, o su baja intensidad, en el ejercicio de los derechos de estas personas y sus familias, as\u00ed como en su calidad de vida\u201d, explica la presidenta de la Confederaci\u00f3n.<\/p>\n<p>Un ejemplo: <b>el gasto por persona atendida se ha reducido notablemente<\/b>. De acuerdo con los \u00faltimos datos del <b>Observatorio de la Discapacidad<\/b>, este gasto ha pasado de 8.145 euros en 2010, a 5.982 en 2024 lo que supone una reducci\u00f3n del 26,6%. Y todo ello pese al aumento del coste de la vida.<\/p>\n<p>Plena inclusi\u00f3n recuerda la necesidad de aprender de la pandemia y de apostar por <b>soluciones innovadoras como el proyecto \u2018Mi Casa: una vida en comunidad\u2019<\/b>, que ha demostrado que es posible ofrecer cuidados de calidad a personas con discapacidad intelectual y con grandes necesidades de apoyo en entornos comunitarios.<\/p>\n<\/div>\n<p>Fuente: Discapacidad https:\/\/www.20minutos.es\/noticia\/5680264\/0\/asistencia-personal-eliminar-copagos-actualizar-servicios-entre-las-peticiones-plena-inclusion-para-reforma-dependencia\/<\/p>\n","protected":false},"excerpt":{"rendered":"<p>El martes, el Consejo de Ministros tiene previsto aprobar el anteproyecto de reforma la Ley de derechos de las personas con discapacidad y la Ley de Dependencia.<\/p>\n","protected":false},"author":1,"featured_media":0,"comment_status":"closed","ping_status":"closed","sticky":false,"template":"","format":"standard","meta":{"footnotes":""},"categories":[8],"tags":[],"class_list":["post-10807","post","type-post","status-publish","format-standard","hentry","category-noticias"],"yoast_head":"<!-- This site is optimized with the Yoast SEO plugin v27.4 - https:\/\/yoast.com\/product\/yoast-seo-wordpress\/ -->\n<title>Quitar copagos, reducir esperas... Las seis peticiones de las personas con discapacidad intelectual para la reforma de la dependencia - Asociaci\u00f3n Espa\u00f1ola S\u00edndrome de Charge<\/title>\n<meta name=\"robots\" content=\"index, follow, max-snippet:-1, max-image-preview:large, max-video-preview:-1\" \/>\n<link rel=\"canonical\" href=\"https:\/\/sindromecharge.es\/index.php\/2025\/02\/08\/asistencia-personal-eliminar-copagos-actualizar-servicios-entre-las-peticiones-plena-inclusion-para-reforma-dependencia\/\" \/>\n<meta property=\"og:locale\" content=\"es_ES\" \/>\n<meta property=\"og:type\" content=\"article\" \/>\n<meta property=\"og:title\" content=\"Quitar copagos, reducir esperas... Las seis peticiones de las personas con discapacidad intelectual para la reforma de la dependencia - Asociaci\u00f3n Espa\u00f1ola S\u00edndrome de Charge\" \/>\n<meta property=\"og:description\" content=\"El martes, el Consejo de Ministros tiene previsto aprobar el anteproyecto de reforma la Ley de derechos de las personas con discapacidad y la Ley de Dependencia.\" \/>\n<meta property=\"og:url\" content=\"https:\/\/sindromecharge.es\/index.php\/2025\/02\/08\/asistencia-personal-eliminar-copagos-actualizar-servicios-entre-las-peticiones-plena-inclusion-para-reforma-dependencia\/\" \/>\n<meta property=\"og:site_name\" content=\"Asociaci\u00f3n Espa\u00f1ola S\u00edndrome de Charge\" \/>\n<meta property=\"article:publisher\" content=\"https:\/\/www.facebook.com\/asociacionsindromecharge\" \/>\n<meta property=\"article:published_time\" content=\"2025-02-08T07:36:21+00:00\" \/>\n<meta property=\"og:image\" content=\"https:\/\/sindromecharge.es\/wp-content\/uploads\/2013\/09\/logodecharge300x98.png\" \/>\n\t<meta property=\"og:image:width\" content=\"300\" \/>\n\t<meta property=\"og:image:height\" content=\"98\" \/>\n\t<meta property=\"og:image:type\" content=\"image\/png\" \/>\n<meta name=\"author\" content=\"Charge\" \/>\n<meta name=\"twitter:card\" content=\"summary_large_image\" \/>\n<meta name=\"twitter:creator\" content=\"@sindromecharge\" \/>\n<meta name=\"twitter:site\" content=\"@sindromecharge\" \/>\n<meta name=\"twitter:label1\" content=\"Escrito por\" \/>\n\t<meta name=\"twitter:data1\" content=\"Charge\" \/>\n\t<meta name=\"twitter:label2\" content=\"Tiempo de lectura\" \/>\n\t<meta name=\"twitter:data2\" content=\"3 minutos\" \/>\n<script type=\"application\/ld+json\" class=\"yoast-schema-graph\">{\"@context\":\"https:\\\/\\\/schema.org\",\"@graph\":[{\"@type\":\"Article\",\"@id\":\"https:\\\/\\\/sindromecharge.es\\\/index.php\\\/2025\\\/02\\\/08\\\/asistencia-personal-eliminar-copagos-actualizar-servicios-entre-las-peticiones-plena-inclusion-para-reforma-dependencia\\\/#article\",\"isPartOf\":{\"@id\":\"https:\\\/\\\/sindromecharge.es\\\/index.php\\\/2025\\\/02\\\/08\\\/asistencia-personal-eliminar-copagos-actualizar-servicios-entre-las-peticiones-plena-inclusion-para-reforma-dependencia\\\/\"},\"author\":{\"name\":\"Charge\",\"@id\":\"https:\\\/\\\/sindromecharge.es\\\/#\\\/schema\\\/person\\\/39a60ebe0a2b4d5a11179701e336b039\"},\"headline\":\"Quitar copagos, reducir esperas&#8230; Las seis peticiones de las personas con discapacidad intelectual para la reforma de la dependencia\",\"datePublished\":\"2025-02-08T07:36:21+00:00\",\"mainEntityOfPage\":{\"@id\":\"https:\\\/\\\/sindromecharge.es\\\/index.php\\\/2025\\\/02\\\/08\\\/asistencia-personal-eliminar-copagos-actualizar-servicios-entre-las-peticiones-plena-inclusion-para-reforma-dependencia\\\/\"},\"wordCount\":591,\"articleSection\":[\"noticias\"],\"inLanguage\":\"es\"},{\"@type\":\"WebPage\",\"@id\":\"https:\\\/\\\/sindromecharge.es\\\/index.php\\\/2025\\\/02\\\/08\\\/asistencia-personal-eliminar-copagos-actualizar-servicios-entre-las-peticiones-plena-inclusion-para-reforma-dependencia\\\/\",\"url\":\"https:\\\/\\\/sindromecharge.es\\\/index.php\\\/2025\\\/02\\\/08\\\/asistencia-personal-eliminar-copagos-actualizar-servicios-entre-las-peticiones-plena-inclusion-para-reforma-dependencia\\\/\",\"name\":\"Quitar copagos, reducir esperas... Las seis peticiones de las personas con discapacidad intelectual para la reforma de la dependencia - Asociaci\u00f3n Espa\u00f1ola S\u00edndrome de Charge\",\"isPartOf\":{\"@id\":\"https:\\\/\\\/sindromecharge.es\\\/#website\"},\"datePublished\":\"2025-02-08T07:36:21+00:00\",\"author\":{\"@id\":\"https:\\\/\\\/sindromecharge.es\\\/#\\\/schema\\\/person\\\/39a60ebe0a2b4d5a11179701e336b039\"},\"breadcrumb\":{\"@id\":\"https:\\\/\\\/sindromecharge.es\\\/index.php\\\/2025\\\/02\\\/08\\\/asistencia-personal-eliminar-copagos-actualizar-servicios-entre-las-peticiones-plena-inclusion-para-reforma-dependencia\\\/#breadcrumb\"},\"inLanguage\":\"es\",\"potentialAction\":[{\"@type\":\"ReadAction\",\"target\":[\"https:\\\/\\\/sindromecharge.es\\\/index.php\\\/2025\\\/02\\\/08\\\/asistencia-personal-eliminar-copagos-actualizar-servicios-entre-las-peticiones-plena-inclusion-para-reforma-dependencia\\\/\"]}]},{\"@type\":\"BreadcrumbList\",\"@id\":\"https:\\\/\\\/sindromecharge.es\\\/index.php\\\/2025\\\/02\\\/08\\\/asistencia-personal-eliminar-copagos-actualizar-servicios-entre-las-peticiones-plena-inclusion-para-reforma-dependencia\\\/#breadcrumb\",\"itemListElement\":[{\"@type\":\"ListItem\",\"position\":1,\"name\":\"Portada\",\"item\":\"https:\\\/\\\/sindromecharge.es\\\/\"},{\"@type\":\"ListItem\",\"position\":2,\"name\":\"Quitar copagos, reducir esperas&#8230; Las seis peticiones de las personas con discapacidad intelectual para la reforma de la dependencia\"}]},{\"@type\":\"WebSite\",\"@id\":\"https:\\\/\\\/sindromecharge.es\\\/#website\",\"url\":\"https:\\\/\\\/sindromecharge.es\\\/\",\"name\":\"Asociaci\u00f3n Espa\u00f1ola S\u00edndrome de Charge\",\"description\":\"\",\"potentialAction\":[{\"@type\":\"SearchAction\",\"target\":{\"@type\":\"EntryPoint\",\"urlTemplate\":\"https:\\\/\\\/sindromecharge.es\\\/?s={search_term_string}\"},\"query-input\":{\"@type\":\"PropertyValueSpecification\",\"valueRequired\":true,\"valueName\":\"search_term_string\"}}],\"inLanguage\":\"es\"},{\"@type\":\"Person\",\"@id\":\"https:\\\/\\\/sindromecharge.es\\\/#\\\/schema\\\/person\\\/39a60ebe0a2b4d5a11179701e336b039\",\"name\":\"Charge\",\"image\":{\"@type\":\"ImageObject\",\"inLanguage\":\"es\",\"@id\":\"https:\\\/\\\/secure.gravatar.com\\\/avatar\\\/c3b46e32a0fc3b093a0873fb767bf3293de856293065e84ef06b7ec7a8acfb98?s=96&d=identicon&r=x\",\"url\":\"https:\\\/\\\/secure.gravatar.com\\\/avatar\\\/c3b46e32a0fc3b093a0873fb767bf3293de856293065e84ef06b7ec7a8acfb98?s=96&d=identicon&r=x\",\"contentUrl\":\"https:\\\/\\\/secure.gravatar.com\\\/avatar\\\/c3b46e32a0fc3b093a0873fb767bf3293de856293065e84ef06b7ec7a8acfb98?s=96&d=identicon&r=x\",\"caption\":\"Charge\"},\"url\":\"https:\\\/\\\/sindromecharge.es\\\/index.php\\\/author\\\/admin\\\/\"}]}<\/script>\n<!-- \/ Yoast SEO plugin. -->","yoast_head_json":{"title":"Quitar copagos, reducir esperas... Las seis peticiones de las personas con discapacidad intelectual para la reforma de la dependencia - Asociaci\u00f3n Espa\u00f1ola S\u00edndrome de Charge","robots":{"index":"index","follow":"follow","max-snippet":"max-snippet:-1","max-image-preview":"max-image-preview:large","max-video-preview":"max-video-preview:-1"},"canonical":"https:\/\/sindromecharge.es\/index.php\/2025\/02\/08\/asistencia-personal-eliminar-copagos-actualizar-servicios-entre-las-peticiones-plena-inclusion-para-reforma-dependencia\/","og_locale":"es_ES","og_type":"article","og_title":"Quitar copagos, reducir esperas... Las seis peticiones de las personas con discapacidad intelectual para la reforma de la dependencia - Asociaci\u00f3n Espa\u00f1ola S\u00edndrome de Charge","og_description":"El martes, el Consejo de Ministros tiene previsto aprobar el anteproyecto de reforma la Ley de derechos de las personas con discapacidad y la Ley de Dependencia.","og_url":"https:\/\/sindromecharge.es\/index.php\/2025\/02\/08\/asistencia-personal-eliminar-copagos-actualizar-servicios-entre-las-peticiones-plena-inclusion-para-reforma-dependencia\/","og_site_name":"Asociaci\u00f3n Espa\u00f1ola S\u00edndrome de Charge","article_publisher":"https:\/\/www.facebook.com\/asociacionsindromecharge","article_published_time":"2025-02-08T07:36:21+00:00","og_image":[{"width":300,"height":98,"url":"https:\/\/sindromecharge.es\/wp-content\/uploads\/2013\/09\/logodecharge300x98.png","type":"image\/png"}],"author":"Charge","twitter_card":"summary_large_image","twitter_creator":"@sindromecharge","twitter_site":"@sindromecharge","twitter_misc":{"Escrito por":"Charge","Tiempo de lectura":"3 minutos"},"schema":{"@context":"https:\/\/schema.org","@graph":[{"@type":"Article","@id":"https:\/\/sindromecharge.es\/index.php\/2025\/02\/08\/asistencia-personal-eliminar-copagos-actualizar-servicios-entre-las-peticiones-plena-inclusion-para-reforma-dependencia\/#article","isPartOf":{"@id":"https:\/\/sindromecharge.es\/index.php\/2025\/02\/08\/asistencia-personal-eliminar-copagos-actualizar-servicios-entre-las-peticiones-plena-inclusion-para-reforma-dependencia\/"},"author":{"name":"Charge","@id":"https:\/\/sindromecharge.es\/#\/schema\/person\/39a60ebe0a2b4d5a11179701e336b039"},"headline":"Quitar copagos, reducir esperas&#8230; Las seis peticiones de las personas con discapacidad intelectual para la reforma de la dependencia","datePublished":"2025-02-08T07:36:21+00:00","mainEntityOfPage":{"@id":"https:\/\/sindromecharge.es\/index.php\/2025\/02\/08\/asistencia-personal-eliminar-copagos-actualizar-servicios-entre-las-peticiones-plena-inclusion-para-reforma-dependencia\/"},"wordCount":591,"articleSection":["noticias"],"inLanguage":"es"},{"@type":"WebPage","@id":"https:\/\/sindromecharge.es\/index.php\/2025\/02\/08\/asistencia-personal-eliminar-copagos-actualizar-servicios-entre-las-peticiones-plena-inclusion-para-reforma-dependencia\/","url":"https:\/\/sindromecharge.es\/index.php\/2025\/02\/08\/asistencia-personal-eliminar-copagos-actualizar-servicios-entre-las-peticiones-plena-inclusion-para-reforma-dependencia\/","name":"Quitar copagos, reducir esperas... Las seis peticiones de las personas con discapacidad intelectual para la reforma de la dependencia - Asociaci\u00f3n Espa\u00f1ola S\u00edndrome de Charge","isPartOf":{"@id":"https:\/\/sindromecharge.es\/#website"},"datePublished":"2025-02-08T07:36:21+00:00","author":{"@id":"https:\/\/sindromecharge.es\/#\/schema\/person\/39a60ebe0a2b4d5a11179701e336b039"},"breadcrumb":{"@id":"https:\/\/sindromecharge.es\/index.php\/2025\/02\/08\/asistencia-personal-eliminar-copagos-actualizar-servicios-entre-las-peticiones-plena-inclusion-para-reforma-dependencia\/#breadcrumb"},"inLanguage":"es","potentialAction":[{"@type":"ReadAction","target":["https:\/\/sindromecharge.es\/index.php\/2025\/02\/08\/asistencia-personal-eliminar-copagos-actualizar-servicios-entre-las-peticiones-plena-inclusion-para-reforma-dependencia\/"]}]},{"@type":"BreadcrumbList","@id":"https:\/\/sindromecharge.es\/index.php\/2025\/02\/08\/asistencia-personal-eliminar-copagos-actualizar-servicios-entre-las-peticiones-plena-inclusion-para-reforma-dependencia\/#breadcrumb","itemListElement":[{"@type":"ListItem","position":1,"name":"Portada","item":"https:\/\/sindromecharge.es\/"},{"@type":"ListItem","position":2,"name":"Quitar copagos, reducir esperas&#8230; Las seis peticiones de las personas con discapacidad intelectual para la reforma de la dependencia"}]},{"@type":"WebSite","@id":"https:\/\/sindromecharge.es\/#website","url":"https:\/\/sindromecharge.es\/","name":"Asociaci\u00f3n Espa\u00f1ola S\u00edndrome de Charge","description":"","potentialAction":[{"@type":"SearchAction","target":{"@type":"EntryPoint","urlTemplate":"https:\/\/sindromecharge.es\/?s={search_term_string}"},"query-input":{"@type":"PropertyValueSpecification","valueRequired":true,"valueName":"search_term_string"}}],"inLanguage":"es"},{"@type":"Person","@id":"https:\/\/sindromecharge.es\/#\/schema\/person\/39a60ebe0a2b4d5a11179701e336b039","name":"Charge","image":{"@type":"ImageObject","inLanguage":"es","@id":"https:\/\/secure.gravatar.com\/avatar\/c3b46e32a0fc3b093a0873fb767bf3293de856293065e84ef06b7ec7a8acfb98?s=96&d=identicon&r=x","url":"https:\/\/secure.gravatar.com\/avatar\/c3b46e32a0fc3b093a0873fb767bf3293de856293065e84ef06b7ec7a8acfb98?s=96&d=identicon&r=x","contentUrl":"https:\/\/secure.gravatar.com\/avatar\/c3b46e32a0fc3b093a0873fb767bf3293de856293065e84ef06b7ec7a8acfb98?s=96&d=identicon&r=x","caption":"Charge"},"url":"https:\/\/sindromecharge.es\/index.php\/author\/admin\/"}]}},"_links":{"self":[{"href":"https:\/\/sindromecharge.es\/index.php\/wp-json\/wp\/v2\/posts\/10807","targetHints":{"allow":["GET"]}}],"collection":[{"href":"https:\/\/sindromecharge.es\/index.php\/wp-json\/wp\/v2\/posts"}],"about":[{"href":"https:\/\/sindromecharge.es\/index.php\/wp-json\/wp\/v2\/types\/post"}],"author":[{"embeddable":true,"href":"https:\/\/sindromecharge.es\/index.php\/wp-json\/wp\/v2\/users\/1"}],"replies":[{"embeddable":true,"href":"https:\/\/sindromecharge.es\/index.php\/wp-json\/wp\/v2\/comments?post=10807"}],"version-history":[{"count":0,"href":"https:\/\/sindromecharge.es\/index.php\/wp-json\/wp\/v2\/posts\/10807\/revisions"}],"wp:attachment":[{"href":"https:\/\/sindromecharge.es\/index.php\/wp-json\/wp\/v2\/media?parent=10807"}],"wp:term":[{"taxonomy":"category","embeddable":true,"href":"https:\/\/sindromecharge.es\/index.php\/wp-json\/wp\/v2\/categories?post=10807"},{"taxonomy":"post_tag","embeddable":true,"href":"https:\/\/sindromecharge.es\/index.php\/wp-json\/wp\/v2\/tags?post=10807"}],"curies":[{"name":"wp","href":"https:\/\/api.w.org\/{rel}","templated":true}]}}