{"id":10806,"date":"2025-02-08T07:35:12","date_gmt":"2025-02-08T07:35:12","guid":{"rendered":"https:\/\/sindromecharge.es\/index.php\/2025\/02\/08\/jesusfrost97-mas-200-000-seguidores-redes-hacerse-viral-no-es-tan-dificil-pero-mantenerlo-si\/"},"modified":"2025-02-08T07:35:12","modified_gmt":"2025-02-08T07:35:12","slug":"jesusfrost97-mas-200-000-seguidores-redes-hacerse-viral-no-es-tan-dificil-pero-mantenerlo-si","status":"publish","type":"post","link":"https:\/\/sindromecharge.es\/index.php\/2025\/02\/08\/jesusfrost97-mas-200-000-seguidores-redes-hacerse-viral-no-es-tan-dificil-pero-mantenerlo-si\/","title":{"rendered":"Jes\u00fas Rodr\u00edguez @Jesusfrost97, con Duchenne y m\u00e1s de 200.000 seguidores: \u00abHacerse viral no es tan dif\u00edcil, mantenerse s\u00ed\u00bb"},"content":{"rendered":"<p>Leemos en Discapacidad la siguiente noticia que os reproducimos de forma \u00edntegra: <\/p>\n<div>\n<p>Jes\u00fas Rodr\u00edguez tiene 21 a\u00f1os y es de <a href=\"https:\/\/www.20minutos.es\/minuteca\/huelva\/\" title=\"Huelva\">Huelva<\/a>. Poca gente lo conoce por ese nombre. La cosa cambia si usamos jesusfrost97 (<a href=\"https:\/\/www.20minutos.es\/tecnologia\/minuteca\/tiktok\/\" title=\"TikTok\">TikTok<\/a>) o jesus_frost79 (<a href=\"https:\/\/www.20minutos.es\/tecnologia\/minuteca\/instagram\/\" title=\"Instagram\">Instagram<\/a>).<b> En TikTok tiene m\u00e1s de 180.000 seguidores y en Instagram m\u00e1s de 105.000.<\/b><\/p>\n<p>Jes\u00fas tiene una <a href=\"https:\/\/www.20minutos.es\/minuteca\/discapacidad\/\" title=\"Discapacidad\">discapacidad<\/a> f\u00edsica causada por una <a href=\"https:\/\/www.20minutos.es\/minuteca\/distrofia-muscular-de-duchenne\/\" title=\"Distrofia muscular de Duchenne\">distrofia muscular de Duchenne<\/a>. \u201cEs una <b>enfermedad neuromuscular degenerativa<\/b>. Poco a poco los m\u00fasculos no van pudiendo hacer las contracciones ni las distensiones\u201d, explica Jes\u00fas. \u201cLo m\u00e1s duro fue cuando dej\u00e9 de caminar en 2018. Me muevo bastante bien \u2013dice mientras mueve el tronco\u2013 para la edad que tengo. Mi caso lo est\u00e1n estudiando porque a mi edad era dif\u00edcil que estuviera ya\u2026\u201d.<\/p>\n<p>En su perfil de Instagram aconseja que la discapacidad no te impida cumplir tu sue\u00f1o. <b>Su sue\u00f1o era dedicarse al periodismo deportivo y llegar lejos en las redes sociales.<\/b> Actualmente colabora con el medio local Sport Huelva haciendo directos en Twitch mientras estudia la carrera de Periodismo. \u201cMi abuela me dec\u00eda que serv\u00eda para esto del periodismo\u201d, dice. \u201cSiempre he sido muy de hablar. Adem\u00e1s estudiar Periodismo me sirve para lo que hago de crear contenido en redes sociales\u201d.<\/p>\n<p>\u201c<b>Si tienes discapacidad no hay ning\u00fan impedimento.<\/b> Algunas cosas son m\u00e1s dif\u00edciles, eso s\u00ed, pero hay que seguir para adelante\u201d, defiende. \u201cViajar es m\u00e1s complicado, por ejemplo, pero yo he hecho viajes en coche\u201d. En relaci\u00f3n a los viajes, ahora lo paran por la calle para hacerse fotos con \u00e9l. Es lo que tiene la fama. Le ha pasado en Huelva, aunque no deja de ser su ciudad. La sorpresa lleg\u00f3 en un viaje a Francia y en otro a Oviedo. En los dos sitios hubo quien lo reconoci\u00f3 y quiso una foto. \u201cYa me estoy acostumbrado\u201d, dice ri\u00e9ndose.<\/p>\n<p>Dice que abruma un poco tener tanto seguidor en las redes. Lo de c\u00f3mo conseguirlos es algo que a veces pasa. \u201cPero hay que esforzarse, esto lo digo siempre. <b>Hay que esforzarse para que te llegue esa suerte. <\/b>Trabaj\u00e1ndotelo d\u00eda a d\u00eda\u201d, defiende. \u201cHacerse viral no es tan dif\u00edcil, pero mantenerlo s\u00ed, eso es lo m\u00e1s dif\u00edcil\u201d.<\/p>\n<p>Como su discapacidad no es necesariamente visible, <b>ha sufrido alg\u00fan ataque<\/b> pero dirigido a su f\u00edsico, no a su discapacidad (que tambi\u00e9n los ha habido, pero menos). \u201cComo estoy un poco gordito\u2026 Adem\u00e1s tomo corticoides desde los 8 a\u00f1os y los corticoides te hinchan\u201d, cuenta. Lo que tambi\u00e9n suele comentar la gente es la mesa desde la que graba. \u201cNo entienden que la tenga a esta altura. Parece que me queda grande\u201d, cuenta. La mesa le llega un poco m\u00e1s arriba del pecho. No es la postura m\u00e1s com\u00fan pero tiene una explicaci\u00f3n: \u201cMis brazos no se levantan m\u00e1s que esto \u2013dice separ\u00e1ndolos poco del tronco\u2013 y con la mesa as\u00ed puedo coger lo que hay encima: el m\u00f3vil, un plato, la taza del caf\u00e9, pongo el micro. Tengo poca fuerza pero as\u00ed me da. Y la gente venga a decirme que por qu\u00e9 no compro una mesa m\u00e1s baja\u2026\u201d.<\/p>\n<p>Lo que lleva peor de las redes es perder seguidores. \u201c<b>Cuando ves que la cosa baja, a veces es un poco complicado de gestionar.<\/b> Es duro de ver. Me cuesta a veces\u201d.<\/p>\n<p>Con 10 a\u00f1os ya ten\u00eda un canal de YouTube pero poca constancia. En 2022 empez\u00f3 a hacer v\u00eddeos sobre videojuegos de forma m\u00e1s seria y constante. En 2023 hizo un v\u00eddeo con datos sobre <a href=\"https:\/\/www.20minutos.es\/deportes\/minuteca\/futbol\/\" title=\"F\u00fatbol\">f\u00fatbol<\/a> que tuvo cierta repercusi\u00f3n. <b>\u201cDesde ah\u00ed empec\u00e9 a hacer v\u00eddeos con datos curiosos sobre f\u00fatbol\u201d<\/b>.<\/p>\n<p><b>Al d\u00eda dedica entre tres y cinco horas a sus v\u00eddeos.<\/b> \u201cAhora mismo no me da dinero. He llegado a cobrar en total 300 euros. Ahora lo estoy intentando por YouTube. Estoy buscando alguna marca, alguien que me quiera patrocinar\u201d, cuenta.<\/p>\n<p>A Jes\u00fas le gustan m\u00e1s los v\u00eddeos que hace para sus canales que los directos que hace para Twitch. En sus canales cuelga una media de entre tres y cinco v\u00eddeos a la semana. \u201cMe gustar\u00eda subir uno todos los d\u00edas pero no me da. Lo que m\u00e1s hago es contenido de f\u00fatbol. No hay mucha actualidad, yo soy m\u00e1s de f\u00fatbol cl\u00e1sico, antiguo. Me gusta much\u00edsimo el f\u00fatbol. Me gusta ver los partidos y me gusta saber datos. <b>Hago los v\u00eddeos que me gustar\u00eda ver a m\u00ed<\/b>\u201d, explica.<\/p>\n<p>La F\u00f3rmula 1 y los videojuegos son otras de sus grandes aficiones. Grabar los v\u00eddeos es lo que se le hace un poco m\u00e1s pesado de todo el proceso. \u201cAunque me gusta tambi\u00e9n\u201d, advierte. Le gusta m\u00e1s la parte de escribir el gui\u00f3n, aprend\u00e9rselo, buscar la informaci\u00f3n y editar el v\u00eddeo. \u201cEditar es lo que m\u00e1s me gusta\u201d, cuenta. <b>\u201cTambi\u00e9n hay veces que me entra de pronto la inspiraci\u00f3n y me tengo que poner a escribir un gui\u00f3n\u201d<\/b>, concluye0 sonriendo. <\/p>\n<\/div>\n<p>Fuente: Discapacidad https:\/\/www.20minutos.es\/noticia\/5676974\/0\/jesusfrost97-mas-200-000-seguidores-redes-hacerse-viral-no-es-tan-dificil-pero-mantenerlo-si\/<\/p>\n","protected":false},"excerpt":{"rendered":"<p>Jes\u00fas Rodr\u00edguez tiene 21 a\u00f1os y es de Huelva. Poca gente lo conoce por ese nombre. La cosa cambia si usamos jesusfrost97 (TikTok) o jesus_frost79 (Instagram)&#8230;.<\/p>\n","protected":false},"author":1,"featured_media":0,"comment_status":"closed","ping_status":"closed","sticky":false,"template":"","format":"standard","meta":{"footnotes":""},"categories":[8],"tags":[],"class_list":["post-10806","post","type-post","status-publish","format-standard","hentry","category-noticias"],"yoast_head":"<!-- This site is optimized with the Yoast SEO plugin v27.4 - https:\/\/yoast.com\/product\/yoast-seo-wordpress\/ -->\n<title>Jes\u00fas Rodr\u00edguez @Jesusfrost97, con Duchenne y m\u00e1s de 200.000 seguidores: &quot;Hacerse viral no es tan dif\u00edcil, mantenerse s\u00ed&quot; - Asociaci\u00f3n Espa\u00f1ola S\u00edndrome de Charge<\/title>\n<meta name=\"robots\" content=\"index, follow, max-snippet:-1, max-image-preview:large, max-video-preview:-1\" \/>\n<link rel=\"canonical\" href=\"https:\/\/sindromecharge.es\/index.php\/2025\/02\/08\/jesusfrost97-mas-200-000-seguidores-redes-hacerse-viral-no-es-tan-dificil-pero-mantenerlo-si\/\" \/>\n<meta property=\"og:locale\" content=\"es_ES\" \/>\n<meta property=\"og:type\" content=\"article\" \/>\n<meta property=\"og:title\" content=\"Jes\u00fas Rodr\u00edguez @Jesusfrost97, con Duchenne y m\u00e1s de 200.000 seguidores: &quot;Hacerse viral no es tan dif\u00edcil, mantenerse s\u00ed&quot; - Asociaci\u00f3n Espa\u00f1ola S\u00edndrome de Charge\" \/>\n<meta property=\"og:description\" content=\"Jes\u00fas Rodr\u00edguez tiene 21 a\u00f1os y es de Huelva. Poca gente lo conoce por ese nombre. La cosa cambia si usamos jesusfrost97 (TikTok) o jesus_frost79 (Instagram)&#8230;.\" \/>\n<meta property=\"og:url\" content=\"https:\/\/sindromecharge.es\/index.php\/2025\/02\/08\/jesusfrost97-mas-200-000-seguidores-redes-hacerse-viral-no-es-tan-dificil-pero-mantenerlo-si\/\" \/>\n<meta property=\"og:site_name\" content=\"Asociaci\u00f3n Espa\u00f1ola S\u00edndrome de Charge\" \/>\n<meta property=\"article:publisher\" content=\"https:\/\/www.facebook.com\/asociacionsindromecharge\" \/>\n<meta property=\"article:published_time\" content=\"2025-02-08T07:35:12+00:00\" \/>\n<meta property=\"og:image\" content=\"https:\/\/sindromecharge.es\/wp-content\/uploads\/2013\/09\/logodecharge300x98.png\" \/>\n\t<meta property=\"og:image:width\" content=\"300\" \/>\n\t<meta property=\"og:image:height\" content=\"98\" \/>\n\t<meta property=\"og:image:type\" content=\"image\/png\" \/>\n<meta name=\"author\" content=\"Charge\" \/>\n<meta name=\"twitter:card\" content=\"summary_large_image\" \/>\n<meta name=\"twitter:creator\" content=\"@sindromecharge\" \/>\n<meta name=\"twitter:site\" content=\"@sindromecharge\" \/>\n<meta name=\"twitter:label1\" content=\"Escrito por\" \/>\n\t<meta name=\"twitter:data1\" content=\"Charge\" \/>\n\t<meta name=\"twitter:label2\" content=\"Tiempo de lectura\" \/>\n\t<meta name=\"twitter:data2\" content=\"4 minutos\" \/>\n<script type=\"application\/ld+json\" class=\"yoast-schema-graph\">{\"@context\":\"https:\\\/\\\/schema.org\",\"@graph\":[{\"@type\":\"Article\",\"@id\":\"https:\\\/\\\/sindromecharge.es\\\/index.php\\\/2025\\\/02\\\/08\\\/jesusfrost97-mas-200-000-seguidores-redes-hacerse-viral-no-es-tan-dificil-pero-mantenerlo-si\\\/#article\",\"isPartOf\":{\"@id\":\"https:\\\/\\\/sindromecharge.es\\\/index.php\\\/2025\\\/02\\\/08\\\/jesusfrost97-mas-200-000-seguidores-redes-hacerse-viral-no-es-tan-dificil-pero-mantenerlo-si\\\/\"},\"author\":{\"name\":\"Charge\",\"@id\":\"https:\\\/\\\/sindromecharge.es\\\/#\\\/schema\\\/person\\\/39a60ebe0a2b4d5a11179701e336b039\"},\"headline\":\"Jes\u00fas Rodr\u00edguez @Jesusfrost97, con Duchenne y m\u00e1s de 200.000 seguidores: \u00abHacerse viral no es tan dif\u00edcil, mantenerse s\u00ed\u00bb\",\"datePublished\":\"2025-02-08T07:35:12+00:00\",\"mainEntityOfPage\":{\"@id\":\"https:\\\/\\\/sindromecharge.es\\\/index.php\\\/2025\\\/02\\\/08\\\/jesusfrost97-mas-200-000-seguidores-redes-hacerse-viral-no-es-tan-dificil-pero-mantenerlo-si\\\/\"},\"wordCount\":905,\"articleSection\":[\"noticias\"],\"inLanguage\":\"es\"},{\"@type\":\"WebPage\",\"@id\":\"https:\\\/\\\/sindromecharge.es\\\/index.php\\\/2025\\\/02\\\/08\\\/jesusfrost97-mas-200-000-seguidores-redes-hacerse-viral-no-es-tan-dificil-pero-mantenerlo-si\\\/\",\"url\":\"https:\\\/\\\/sindromecharge.es\\\/index.php\\\/2025\\\/02\\\/08\\\/jesusfrost97-mas-200-000-seguidores-redes-hacerse-viral-no-es-tan-dificil-pero-mantenerlo-si\\\/\",\"name\":\"Jes\u00fas Rodr\u00edguez @Jesusfrost97, con Duchenne y m\u00e1s de 200.000 seguidores: \\\"Hacerse viral no es tan dif\u00edcil, mantenerse s\u00ed\\\" - Asociaci\u00f3n Espa\u00f1ola S\u00edndrome de Charge\",\"isPartOf\":{\"@id\":\"https:\\\/\\\/sindromecharge.es\\\/#website\"},\"datePublished\":\"2025-02-08T07:35:12+00:00\",\"author\":{\"@id\":\"https:\\\/\\\/sindromecharge.es\\\/#\\\/schema\\\/person\\\/39a60ebe0a2b4d5a11179701e336b039\"},\"breadcrumb\":{\"@id\":\"https:\\\/\\\/sindromecharge.es\\\/index.php\\\/2025\\\/02\\\/08\\\/jesusfrost97-mas-200-000-seguidores-redes-hacerse-viral-no-es-tan-dificil-pero-mantenerlo-si\\\/#breadcrumb\"},\"inLanguage\":\"es\",\"potentialAction\":[{\"@type\":\"ReadAction\",\"target\":[\"https:\\\/\\\/sindromecharge.es\\\/index.php\\\/2025\\\/02\\\/08\\\/jesusfrost97-mas-200-000-seguidores-redes-hacerse-viral-no-es-tan-dificil-pero-mantenerlo-si\\\/\"]}]},{\"@type\":\"BreadcrumbList\",\"@id\":\"https:\\\/\\\/sindromecharge.es\\\/index.php\\\/2025\\\/02\\\/08\\\/jesusfrost97-mas-200-000-seguidores-redes-hacerse-viral-no-es-tan-dificil-pero-mantenerlo-si\\\/#breadcrumb\",\"itemListElement\":[{\"@type\":\"ListItem\",\"position\":1,\"name\":\"Portada\",\"item\":\"https:\\\/\\\/sindromecharge.es\\\/\"},{\"@type\":\"ListItem\",\"position\":2,\"name\":\"Jes\u00fas Rodr\u00edguez @Jesusfrost97, con Duchenne y m\u00e1s de 200.000 seguidores: \u00abHacerse viral no es tan dif\u00edcil, mantenerse s\u00ed\u00bb\"}]},{\"@type\":\"WebSite\",\"@id\":\"https:\\\/\\\/sindromecharge.es\\\/#website\",\"url\":\"https:\\\/\\\/sindromecharge.es\\\/\",\"name\":\"Asociaci\u00f3n Espa\u00f1ola S\u00edndrome de Charge\",\"description\":\"\",\"potentialAction\":[{\"@type\":\"SearchAction\",\"target\":{\"@type\":\"EntryPoint\",\"urlTemplate\":\"https:\\\/\\\/sindromecharge.es\\\/?s={search_term_string}\"},\"query-input\":{\"@type\":\"PropertyValueSpecification\",\"valueRequired\":true,\"valueName\":\"search_term_string\"}}],\"inLanguage\":\"es\"},{\"@type\":\"Person\",\"@id\":\"https:\\\/\\\/sindromecharge.es\\\/#\\\/schema\\\/person\\\/39a60ebe0a2b4d5a11179701e336b039\",\"name\":\"Charge\",\"image\":{\"@type\":\"ImageObject\",\"inLanguage\":\"es\",\"@id\":\"https:\\\/\\\/secure.gravatar.com\\\/avatar\\\/c3b46e32a0fc3b093a0873fb767bf3293de856293065e84ef06b7ec7a8acfb98?s=96&d=identicon&r=x\",\"url\":\"https:\\\/\\\/secure.gravatar.com\\\/avatar\\\/c3b46e32a0fc3b093a0873fb767bf3293de856293065e84ef06b7ec7a8acfb98?s=96&d=identicon&r=x\",\"contentUrl\":\"https:\\\/\\\/secure.gravatar.com\\\/avatar\\\/c3b46e32a0fc3b093a0873fb767bf3293de856293065e84ef06b7ec7a8acfb98?s=96&d=identicon&r=x\",\"caption\":\"Charge\"},\"url\":\"https:\\\/\\\/sindromecharge.es\\\/index.php\\\/author\\\/admin\\\/\"}]}<\/script>\n<!-- \/ Yoast SEO plugin. -->","yoast_head_json":{"title":"Jes\u00fas Rodr\u00edguez @Jesusfrost97, con Duchenne y m\u00e1s de 200.000 seguidores: \"Hacerse viral no es tan dif\u00edcil, mantenerse s\u00ed\" - Asociaci\u00f3n Espa\u00f1ola S\u00edndrome de Charge","robots":{"index":"index","follow":"follow","max-snippet":"max-snippet:-1","max-image-preview":"max-image-preview:large","max-video-preview":"max-video-preview:-1"},"canonical":"https:\/\/sindromecharge.es\/index.php\/2025\/02\/08\/jesusfrost97-mas-200-000-seguidores-redes-hacerse-viral-no-es-tan-dificil-pero-mantenerlo-si\/","og_locale":"es_ES","og_type":"article","og_title":"Jes\u00fas Rodr\u00edguez @Jesusfrost97, con Duchenne y m\u00e1s de 200.000 seguidores: \"Hacerse viral no es tan dif\u00edcil, mantenerse s\u00ed\" - Asociaci\u00f3n Espa\u00f1ola S\u00edndrome de Charge","og_description":"Jes\u00fas Rodr\u00edguez tiene 21 a\u00f1os y es de Huelva. Poca gente lo conoce por ese nombre. La cosa cambia si usamos jesusfrost97 (TikTok) o jesus_frost79 (Instagram)&#8230;.","og_url":"https:\/\/sindromecharge.es\/index.php\/2025\/02\/08\/jesusfrost97-mas-200-000-seguidores-redes-hacerse-viral-no-es-tan-dificil-pero-mantenerlo-si\/","og_site_name":"Asociaci\u00f3n Espa\u00f1ola S\u00edndrome de Charge","article_publisher":"https:\/\/www.facebook.com\/asociacionsindromecharge","article_published_time":"2025-02-08T07:35:12+00:00","og_image":[{"width":300,"height":98,"url":"https:\/\/sindromecharge.es\/wp-content\/uploads\/2013\/09\/logodecharge300x98.png","type":"image\/png"}],"author":"Charge","twitter_card":"summary_large_image","twitter_creator":"@sindromecharge","twitter_site":"@sindromecharge","twitter_misc":{"Escrito por":"Charge","Tiempo de lectura":"4 minutos"},"schema":{"@context":"https:\/\/schema.org","@graph":[{"@type":"Article","@id":"https:\/\/sindromecharge.es\/index.php\/2025\/02\/08\/jesusfrost97-mas-200-000-seguidores-redes-hacerse-viral-no-es-tan-dificil-pero-mantenerlo-si\/#article","isPartOf":{"@id":"https:\/\/sindromecharge.es\/index.php\/2025\/02\/08\/jesusfrost97-mas-200-000-seguidores-redes-hacerse-viral-no-es-tan-dificil-pero-mantenerlo-si\/"},"author":{"name":"Charge","@id":"https:\/\/sindromecharge.es\/#\/schema\/person\/39a60ebe0a2b4d5a11179701e336b039"},"headline":"Jes\u00fas Rodr\u00edguez @Jesusfrost97, con Duchenne y m\u00e1s de 200.000 seguidores: \u00abHacerse viral no es tan dif\u00edcil, mantenerse s\u00ed\u00bb","datePublished":"2025-02-08T07:35:12+00:00","mainEntityOfPage":{"@id":"https:\/\/sindromecharge.es\/index.php\/2025\/02\/08\/jesusfrost97-mas-200-000-seguidores-redes-hacerse-viral-no-es-tan-dificil-pero-mantenerlo-si\/"},"wordCount":905,"articleSection":["noticias"],"inLanguage":"es"},{"@type":"WebPage","@id":"https:\/\/sindromecharge.es\/index.php\/2025\/02\/08\/jesusfrost97-mas-200-000-seguidores-redes-hacerse-viral-no-es-tan-dificil-pero-mantenerlo-si\/","url":"https:\/\/sindromecharge.es\/index.php\/2025\/02\/08\/jesusfrost97-mas-200-000-seguidores-redes-hacerse-viral-no-es-tan-dificil-pero-mantenerlo-si\/","name":"Jes\u00fas Rodr\u00edguez @Jesusfrost97, con Duchenne y m\u00e1s de 200.000 seguidores: \"Hacerse viral no es tan dif\u00edcil, mantenerse s\u00ed\" - Asociaci\u00f3n Espa\u00f1ola S\u00edndrome de Charge","isPartOf":{"@id":"https:\/\/sindromecharge.es\/#website"},"datePublished":"2025-02-08T07:35:12+00:00","author":{"@id":"https:\/\/sindromecharge.es\/#\/schema\/person\/39a60ebe0a2b4d5a11179701e336b039"},"breadcrumb":{"@id":"https:\/\/sindromecharge.es\/index.php\/2025\/02\/08\/jesusfrost97-mas-200-000-seguidores-redes-hacerse-viral-no-es-tan-dificil-pero-mantenerlo-si\/#breadcrumb"},"inLanguage":"es","potentialAction":[{"@type":"ReadAction","target":["https:\/\/sindromecharge.es\/index.php\/2025\/02\/08\/jesusfrost97-mas-200-000-seguidores-redes-hacerse-viral-no-es-tan-dificil-pero-mantenerlo-si\/"]}]},{"@type":"BreadcrumbList","@id":"https:\/\/sindromecharge.es\/index.php\/2025\/02\/08\/jesusfrost97-mas-200-000-seguidores-redes-hacerse-viral-no-es-tan-dificil-pero-mantenerlo-si\/#breadcrumb","itemListElement":[{"@type":"ListItem","position":1,"name":"Portada","item":"https:\/\/sindromecharge.es\/"},{"@type":"ListItem","position":2,"name":"Jes\u00fas Rodr\u00edguez @Jesusfrost97, con Duchenne y m\u00e1s de 200.000 seguidores: \u00abHacerse viral no es tan dif\u00edcil, mantenerse s\u00ed\u00bb"}]},{"@type":"WebSite","@id":"https:\/\/sindromecharge.es\/#website","url":"https:\/\/sindromecharge.es\/","name":"Asociaci\u00f3n Espa\u00f1ola S\u00edndrome de Charge","description":"","potentialAction":[{"@type":"SearchAction","target":{"@type":"EntryPoint","urlTemplate":"https:\/\/sindromecharge.es\/?s={search_term_string}"},"query-input":{"@type":"PropertyValueSpecification","valueRequired":true,"valueName":"search_term_string"}}],"inLanguage":"es"},{"@type":"Person","@id":"https:\/\/sindromecharge.es\/#\/schema\/person\/39a60ebe0a2b4d5a11179701e336b039","name":"Charge","image":{"@type":"ImageObject","inLanguage":"es","@id":"https:\/\/secure.gravatar.com\/avatar\/c3b46e32a0fc3b093a0873fb767bf3293de856293065e84ef06b7ec7a8acfb98?s=96&d=identicon&r=x","url":"https:\/\/secure.gravatar.com\/avatar\/c3b46e32a0fc3b093a0873fb767bf3293de856293065e84ef06b7ec7a8acfb98?s=96&d=identicon&r=x","contentUrl":"https:\/\/secure.gravatar.com\/avatar\/c3b46e32a0fc3b093a0873fb767bf3293de856293065e84ef06b7ec7a8acfb98?s=96&d=identicon&r=x","caption":"Charge"},"url":"https:\/\/sindromecharge.es\/index.php\/author\/admin\/"}]}},"_links":{"self":[{"href":"https:\/\/sindromecharge.es\/index.php\/wp-json\/wp\/v2\/posts\/10806","targetHints":{"allow":["GET"]}}],"collection":[{"href":"https:\/\/sindromecharge.es\/index.php\/wp-json\/wp\/v2\/posts"}],"about":[{"href":"https:\/\/sindromecharge.es\/index.php\/wp-json\/wp\/v2\/types\/post"}],"author":[{"embeddable":true,"href":"https:\/\/sindromecharge.es\/index.php\/wp-json\/wp\/v2\/users\/1"}],"replies":[{"embeddable":true,"href":"https:\/\/sindromecharge.es\/index.php\/wp-json\/wp\/v2\/comments?post=10806"}],"version-history":[{"count":0,"href":"https:\/\/sindromecharge.es\/index.php\/wp-json\/wp\/v2\/posts\/10806\/revisions"}],"wp:attachment":[{"href":"https:\/\/sindromecharge.es\/index.php\/wp-json\/wp\/v2\/media?parent=10806"}],"wp:term":[{"taxonomy":"category","embeddable":true,"href":"https:\/\/sindromecharge.es\/index.php\/wp-json\/wp\/v2\/categories?post=10806"},{"taxonomy":"post_tag","embeddable":true,"href":"https:\/\/sindromecharge.es\/index.php\/wp-json\/wp\/v2\/tags?post=10806"}],"curies":[{"name":"wp","href":"https:\/\/api.w.org\/{rel}","templated":true}]}}