{"id":10804,"date":"2025-02-07T10:33:13","date_gmt":"2025-02-07T10:33:13","guid":{"rendered":"https:\/\/sindromecharge.es\/index.php\/2025\/02\/07\/es-necesario-que-haya-hospitalizacion-para-acogerse-cume\/"},"modified":"2025-02-07T10:33:13","modified_gmt":"2025-02-07T10:33:13","slug":"es-necesario-que-haya-hospitalizacion-para-acogerse-cume","status":"publish","type":"post","link":"https:\/\/sindromecharge.es\/index.php\/2025\/02\/07\/es-necesario-que-haya-hospitalizacion-para-acogerse-cume\/","title":{"rendered":"\u00bfEs necesario que haya hospitalizaci\u00f3n de un hijo para acogerse a la CUME?"},"content":{"rendered":"<p>Leemos en Discapacidad la siguiente noticia que os reproducimos de forma \u00edntegra: <\/p>\n<div>\n<p>La <b>CUME, la reducci\u00f3n de jornada <\/b>que los padres pueden solicitar para el cuidado de menores<b> afectados por c\u00e1ncer u otra enfermedad<\/b> grave sin perder ingresos surgi\u00f3, como su propio nombre indica, para menores con c\u00e1ncer y otra enfermedad que requiriera ingresos hospitalarios frecuentes. <\/p>\n<p>Sin embargo, se ha ido ampliando a otras realidades, como <b>ni\u00f1os con grandes<a href=\"https:\/\/www.20minutos.es\/minuteca\/discapacidad\/\" title=\"Discapacidad\" target=\"_blank\"> discapacidades<\/a> <\/b>que requieren cuidados constantes. Eso s\u00ed, muchas veces requiere de la intervenci\u00f3n de la justicia para que sea reconocido como un derecho, como <a href=\"https:\/\/grupogarantia.es\/video\/ayuda-por-cuidado-de-menores-os-cuento-un-caso\/\" target=\"_blank\" rel=\"nofollow\">el que caso del que Pedro L\u00f3pez habla en su v\u00eddeo en <b>Tododiscapacidad<\/b><\/a>. <\/p>\n<p>En este caso, como explica el abogado, una madre tuvo que recurrir a los tribunales catalanes porque se<b> la rechazaron porque su hijo no necesitaba un ingreso hospitalario de larga duraci\u00f3n<\/b>, pero que s\u00ed requer\u00eda de \u00abcuidados ambulatorios permanentes, diarios, de fisioterapeuta&#8230;\u00bb<\/p>\n<p>Este tribunal lo rechaz\u00f3 precisamente alegando que no requer\u00eda hospitalizaciones, por lo que esta mujer decidi\u00f3 ir m\u00e1s lejos, al <a href=\"https:\/\/www.20minutos.es\/minuteca\/tribunal-supremo\/\" title=\"Tribunal Supremo\" target=\"_blank\">Tribunal Supremo<\/a> y aleg\u00f3 \u00abque cuida de su hijo a diario, que asiste continuamente al centro ambulatorio para recibir asistencia m\u00e9dica y <b>que debe considerarse esa asistencia m\u00e9dica como un ingreso hospitalario\u00bb<\/b>. <\/p>\n<p>Y el tribunal Supremo le dijo que s\u00ed, que tiene derecho, y que tiene derecho porque, \u00abal igual que ella, considera que existe esa situaci\u00f3n de necesidad de cuidado de un menor y que, aunque no hay un ingreso hospitalario, s\u00ed se acredita <b>una necesidad continua de cuidado del menor <\/b>diariamente\u00bb.<\/p>\n<p>Se entiende, por lo tanto, que la enfermedad del ni\u00f1o, pese a no requerir hospitalizaciones,<b> s\u00ed precisa de cuidados incompatibles con una jornada laboral completa <\/b>y que \u00abla familia debe estar con el menor y debe recibir la ayuda para atenderlo\u00bb. <\/p>\n<p>El caso de esta familia no es una excepci\u00f3n, pero s\u00ed es cierto que <b>la CUME se sigue rechazando en otros muchos<\/b>. Tras esta sentencia del Tribunal Supremo, la probabilidad de que la rechacen ser\u00e1 menor, por eso, Pedro L\u00f3pez invita a que familias en situaciones similares se aventuren a solicitar este derecho, solo tienen que acreditar que \u00abhay una atenci\u00f3n ambulatoria constante, diaria\u00bb.  <\/p>\n<p>Si quieres estar al d\u00eda de cuestiones como esta o quieres plantear tus propias dudas, puedes visitar, <a href=\"https:\/\/www.instagram.com\/tododiscapacidad\/\" target=\"_blank\" rel=\"nofollow\">Tododiscapacidad<\/a>, el perfil que Pedro L\u00f3pez de Cerro ha creado en Instagram.<\/p>\n<\/div>\n<p>Fuente: Discapacidad https:\/\/www.20minutos.es\/noticia\/5680169\/0\/es-necesario-que-haya-hospitalizacion-para-acogerse-cume\/<\/p>\n","protected":false},"excerpt":{"rendered":"<p>El abogado Pedro L\u00f3pez habla en Tododiscapacidad de una sentencia de una reciente en la que el Supremo reconoce este derecho sin requerir de hospitalizaciones constantes.<\/p>\n","protected":false},"author":1,"featured_media":0,"comment_status":"closed","ping_status":"closed","sticky":false,"template":"","format":"standard","meta":{"footnotes":""},"categories":[8],"tags":[],"class_list":["post-10804","post","type-post","status-publish","format-standard","hentry","category-noticias"],"yoast_head":"<!-- This site is optimized with the Yoast SEO plugin v27.4 - https:\/\/yoast.com\/product\/yoast-seo-wordpress\/ -->\n<title>\u00bfEs necesario que haya hospitalizaci\u00f3n de un hijo para acogerse a la CUME? - Asociaci\u00f3n Espa\u00f1ola S\u00edndrome de Charge<\/title>\n<meta name=\"robots\" content=\"index, follow, max-snippet:-1, max-image-preview:large, max-video-preview:-1\" \/>\n<link rel=\"canonical\" href=\"https:\/\/sindromecharge.es\/index.php\/2025\/02\/07\/es-necesario-que-haya-hospitalizacion-para-acogerse-cume\/\" \/>\n<meta property=\"og:locale\" content=\"es_ES\" \/>\n<meta property=\"og:type\" content=\"article\" \/>\n<meta property=\"og:title\" content=\"\u00bfEs necesario que haya hospitalizaci\u00f3n de un hijo para acogerse a la CUME? - Asociaci\u00f3n Espa\u00f1ola S\u00edndrome de Charge\" \/>\n<meta property=\"og:description\" content=\"El abogado Pedro L\u00f3pez habla en Tododiscapacidad de una sentencia de una reciente en la que el Supremo reconoce este derecho sin requerir de hospitalizaciones constantes.\" \/>\n<meta property=\"og:url\" content=\"https:\/\/sindromecharge.es\/index.php\/2025\/02\/07\/es-necesario-que-haya-hospitalizacion-para-acogerse-cume\/\" \/>\n<meta property=\"og:site_name\" content=\"Asociaci\u00f3n Espa\u00f1ola S\u00edndrome de Charge\" \/>\n<meta property=\"article:publisher\" content=\"https:\/\/www.facebook.com\/asociacionsindromecharge\" \/>\n<meta property=\"article:published_time\" content=\"2025-02-07T10:33:13+00:00\" \/>\n<meta property=\"og:image\" content=\"https:\/\/sindromecharge.es\/wp-content\/uploads\/2013\/09\/logodecharge300x98.png\" \/>\n\t<meta property=\"og:image:width\" content=\"300\" \/>\n\t<meta property=\"og:image:height\" content=\"98\" \/>\n\t<meta property=\"og:image:type\" content=\"image\/png\" \/>\n<meta name=\"author\" content=\"Charge\" \/>\n<meta name=\"twitter:card\" content=\"summary_large_image\" \/>\n<meta name=\"twitter:creator\" content=\"@sindromecharge\" \/>\n<meta name=\"twitter:site\" content=\"@sindromecharge\" \/>\n<meta name=\"twitter:label1\" content=\"Escrito por\" \/>\n\t<meta name=\"twitter:data1\" content=\"Charge\" \/>\n\t<meta name=\"twitter:label2\" content=\"Tiempo de lectura\" \/>\n\t<meta name=\"twitter:data2\" content=\"2 minutos\" \/>\n<script type=\"application\/ld+json\" class=\"yoast-schema-graph\">{\"@context\":\"https:\\\/\\\/schema.org\",\"@graph\":[{\"@type\":\"Article\",\"@id\":\"https:\\\/\\\/sindromecharge.es\\\/index.php\\\/2025\\\/02\\\/07\\\/es-necesario-que-haya-hospitalizacion-para-acogerse-cume\\\/#article\",\"isPartOf\":{\"@id\":\"https:\\\/\\\/sindromecharge.es\\\/index.php\\\/2025\\\/02\\\/07\\\/es-necesario-que-haya-hospitalizacion-para-acogerse-cume\\\/\"},\"author\":{\"name\":\"Charge\",\"@id\":\"https:\\\/\\\/sindromecharge.es\\\/#\\\/schema\\\/person\\\/39a60ebe0a2b4d5a11179701e336b039\"},\"headline\":\"\u00bfEs necesario que haya hospitalizaci\u00f3n de un hijo para acogerse a la CUME?\",\"datePublished\":\"2025-02-07T10:33:13+00:00\",\"mainEntityOfPage\":{\"@id\":\"https:\\\/\\\/sindromecharge.es\\\/index.php\\\/2025\\\/02\\\/07\\\/es-necesario-que-haya-hospitalizacion-para-acogerse-cume\\\/\"},\"wordCount\":427,\"articleSection\":[\"noticias\"],\"inLanguage\":\"es\"},{\"@type\":\"WebPage\",\"@id\":\"https:\\\/\\\/sindromecharge.es\\\/index.php\\\/2025\\\/02\\\/07\\\/es-necesario-que-haya-hospitalizacion-para-acogerse-cume\\\/\",\"url\":\"https:\\\/\\\/sindromecharge.es\\\/index.php\\\/2025\\\/02\\\/07\\\/es-necesario-que-haya-hospitalizacion-para-acogerse-cume\\\/\",\"name\":\"\u00bfEs necesario que haya hospitalizaci\u00f3n de un hijo para acogerse a la CUME? - Asociaci\u00f3n Espa\u00f1ola S\u00edndrome de Charge\",\"isPartOf\":{\"@id\":\"https:\\\/\\\/sindromecharge.es\\\/#website\"},\"datePublished\":\"2025-02-07T10:33:13+00:00\",\"author\":{\"@id\":\"https:\\\/\\\/sindromecharge.es\\\/#\\\/schema\\\/person\\\/39a60ebe0a2b4d5a11179701e336b039\"},\"breadcrumb\":{\"@id\":\"https:\\\/\\\/sindromecharge.es\\\/index.php\\\/2025\\\/02\\\/07\\\/es-necesario-que-haya-hospitalizacion-para-acogerse-cume\\\/#breadcrumb\"},\"inLanguage\":\"es\",\"potentialAction\":[{\"@type\":\"ReadAction\",\"target\":[\"https:\\\/\\\/sindromecharge.es\\\/index.php\\\/2025\\\/02\\\/07\\\/es-necesario-que-haya-hospitalizacion-para-acogerse-cume\\\/\"]}]},{\"@type\":\"BreadcrumbList\",\"@id\":\"https:\\\/\\\/sindromecharge.es\\\/index.php\\\/2025\\\/02\\\/07\\\/es-necesario-que-haya-hospitalizacion-para-acogerse-cume\\\/#breadcrumb\",\"itemListElement\":[{\"@type\":\"ListItem\",\"position\":1,\"name\":\"Portada\",\"item\":\"https:\\\/\\\/sindromecharge.es\\\/\"},{\"@type\":\"ListItem\",\"position\":2,\"name\":\"\u00bfEs necesario que haya hospitalizaci\u00f3n de un hijo para acogerse a la CUME?\"}]},{\"@type\":\"WebSite\",\"@id\":\"https:\\\/\\\/sindromecharge.es\\\/#website\",\"url\":\"https:\\\/\\\/sindromecharge.es\\\/\",\"name\":\"Asociaci\u00f3n Espa\u00f1ola S\u00edndrome de Charge\",\"description\":\"\",\"potentialAction\":[{\"@type\":\"SearchAction\",\"target\":{\"@type\":\"EntryPoint\",\"urlTemplate\":\"https:\\\/\\\/sindromecharge.es\\\/?s={search_term_string}\"},\"query-input\":{\"@type\":\"PropertyValueSpecification\",\"valueRequired\":true,\"valueName\":\"search_term_string\"}}],\"inLanguage\":\"es\"},{\"@type\":\"Person\",\"@id\":\"https:\\\/\\\/sindromecharge.es\\\/#\\\/schema\\\/person\\\/39a60ebe0a2b4d5a11179701e336b039\",\"name\":\"Charge\",\"image\":{\"@type\":\"ImageObject\",\"inLanguage\":\"es\",\"@id\":\"https:\\\/\\\/secure.gravatar.com\\\/avatar\\\/c3b46e32a0fc3b093a0873fb767bf3293de856293065e84ef06b7ec7a8acfb98?s=96&d=identicon&r=x\",\"url\":\"https:\\\/\\\/secure.gravatar.com\\\/avatar\\\/c3b46e32a0fc3b093a0873fb767bf3293de856293065e84ef06b7ec7a8acfb98?s=96&d=identicon&r=x\",\"contentUrl\":\"https:\\\/\\\/secure.gravatar.com\\\/avatar\\\/c3b46e32a0fc3b093a0873fb767bf3293de856293065e84ef06b7ec7a8acfb98?s=96&d=identicon&r=x\",\"caption\":\"Charge\"},\"url\":\"https:\\\/\\\/sindromecharge.es\\\/index.php\\\/author\\\/admin\\\/\"}]}<\/script>\n<!-- \/ Yoast SEO plugin. -->","yoast_head_json":{"title":"\u00bfEs necesario que haya hospitalizaci\u00f3n de un hijo para acogerse a la CUME? - Asociaci\u00f3n Espa\u00f1ola S\u00edndrome de Charge","robots":{"index":"index","follow":"follow","max-snippet":"max-snippet:-1","max-image-preview":"max-image-preview:large","max-video-preview":"max-video-preview:-1"},"canonical":"https:\/\/sindromecharge.es\/index.php\/2025\/02\/07\/es-necesario-que-haya-hospitalizacion-para-acogerse-cume\/","og_locale":"es_ES","og_type":"article","og_title":"\u00bfEs necesario que haya hospitalizaci\u00f3n de un hijo para acogerse a la CUME? - Asociaci\u00f3n Espa\u00f1ola S\u00edndrome de Charge","og_description":"El abogado Pedro L\u00f3pez habla en Tododiscapacidad de una sentencia de una reciente en la que el Supremo reconoce este derecho sin requerir de hospitalizaciones constantes.","og_url":"https:\/\/sindromecharge.es\/index.php\/2025\/02\/07\/es-necesario-que-haya-hospitalizacion-para-acogerse-cume\/","og_site_name":"Asociaci\u00f3n Espa\u00f1ola S\u00edndrome de Charge","article_publisher":"https:\/\/www.facebook.com\/asociacionsindromecharge","article_published_time":"2025-02-07T10:33:13+00:00","og_image":[{"width":300,"height":98,"url":"https:\/\/sindromecharge.es\/wp-content\/uploads\/2013\/09\/logodecharge300x98.png","type":"image\/png"}],"author":"Charge","twitter_card":"summary_large_image","twitter_creator":"@sindromecharge","twitter_site":"@sindromecharge","twitter_misc":{"Escrito por":"Charge","Tiempo de lectura":"2 minutos"},"schema":{"@context":"https:\/\/schema.org","@graph":[{"@type":"Article","@id":"https:\/\/sindromecharge.es\/index.php\/2025\/02\/07\/es-necesario-que-haya-hospitalizacion-para-acogerse-cume\/#article","isPartOf":{"@id":"https:\/\/sindromecharge.es\/index.php\/2025\/02\/07\/es-necesario-que-haya-hospitalizacion-para-acogerse-cume\/"},"author":{"name":"Charge","@id":"https:\/\/sindromecharge.es\/#\/schema\/person\/39a60ebe0a2b4d5a11179701e336b039"},"headline":"\u00bfEs necesario que haya hospitalizaci\u00f3n de un hijo para acogerse a la CUME?","datePublished":"2025-02-07T10:33:13+00:00","mainEntityOfPage":{"@id":"https:\/\/sindromecharge.es\/index.php\/2025\/02\/07\/es-necesario-que-haya-hospitalizacion-para-acogerse-cume\/"},"wordCount":427,"articleSection":["noticias"],"inLanguage":"es"},{"@type":"WebPage","@id":"https:\/\/sindromecharge.es\/index.php\/2025\/02\/07\/es-necesario-que-haya-hospitalizacion-para-acogerse-cume\/","url":"https:\/\/sindromecharge.es\/index.php\/2025\/02\/07\/es-necesario-que-haya-hospitalizacion-para-acogerse-cume\/","name":"\u00bfEs necesario que haya hospitalizaci\u00f3n de un hijo para acogerse a la CUME? - Asociaci\u00f3n Espa\u00f1ola S\u00edndrome de Charge","isPartOf":{"@id":"https:\/\/sindromecharge.es\/#website"},"datePublished":"2025-02-07T10:33:13+00:00","author":{"@id":"https:\/\/sindromecharge.es\/#\/schema\/person\/39a60ebe0a2b4d5a11179701e336b039"},"breadcrumb":{"@id":"https:\/\/sindromecharge.es\/index.php\/2025\/02\/07\/es-necesario-que-haya-hospitalizacion-para-acogerse-cume\/#breadcrumb"},"inLanguage":"es","potentialAction":[{"@type":"ReadAction","target":["https:\/\/sindromecharge.es\/index.php\/2025\/02\/07\/es-necesario-que-haya-hospitalizacion-para-acogerse-cume\/"]}]},{"@type":"BreadcrumbList","@id":"https:\/\/sindromecharge.es\/index.php\/2025\/02\/07\/es-necesario-que-haya-hospitalizacion-para-acogerse-cume\/#breadcrumb","itemListElement":[{"@type":"ListItem","position":1,"name":"Portada","item":"https:\/\/sindromecharge.es\/"},{"@type":"ListItem","position":2,"name":"\u00bfEs necesario que haya hospitalizaci\u00f3n de un hijo para acogerse a la CUME?"}]},{"@type":"WebSite","@id":"https:\/\/sindromecharge.es\/#website","url":"https:\/\/sindromecharge.es\/","name":"Asociaci\u00f3n Espa\u00f1ola S\u00edndrome de Charge","description":"","potentialAction":[{"@type":"SearchAction","target":{"@type":"EntryPoint","urlTemplate":"https:\/\/sindromecharge.es\/?s={search_term_string}"},"query-input":{"@type":"PropertyValueSpecification","valueRequired":true,"valueName":"search_term_string"}}],"inLanguage":"es"},{"@type":"Person","@id":"https:\/\/sindromecharge.es\/#\/schema\/person\/39a60ebe0a2b4d5a11179701e336b039","name":"Charge","image":{"@type":"ImageObject","inLanguage":"es","@id":"https:\/\/secure.gravatar.com\/avatar\/c3b46e32a0fc3b093a0873fb767bf3293de856293065e84ef06b7ec7a8acfb98?s=96&d=identicon&r=x","url":"https:\/\/secure.gravatar.com\/avatar\/c3b46e32a0fc3b093a0873fb767bf3293de856293065e84ef06b7ec7a8acfb98?s=96&d=identicon&r=x","contentUrl":"https:\/\/secure.gravatar.com\/avatar\/c3b46e32a0fc3b093a0873fb767bf3293de856293065e84ef06b7ec7a8acfb98?s=96&d=identicon&r=x","caption":"Charge"},"url":"https:\/\/sindromecharge.es\/index.php\/author\/admin\/"}]}},"_links":{"self":[{"href":"https:\/\/sindromecharge.es\/index.php\/wp-json\/wp\/v2\/posts\/10804","targetHints":{"allow":["GET"]}}],"collection":[{"href":"https:\/\/sindromecharge.es\/index.php\/wp-json\/wp\/v2\/posts"}],"about":[{"href":"https:\/\/sindromecharge.es\/index.php\/wp-json\/wp\/v2\/types\/post"}],"author":[{"embeddable":true,"href":"https:\/\/sindromecharge.es\/index.php\/wp-json\/wp\/v2\/users\/1"}],"replies":[{"embeddable":true,"href":"https:\/\/sindromecharge.es\/index.php\/wp-json\/wp\/v2\/comments?post=10804"}],"version-history":[{"count":0,"href":"https:\/\/sindromecharge.es\/index.php\/wp-json\/wp\/v2\/posts\/10804\/revisions"}],"wp:attachment":[{"href":"https:\/\/sindromecharge.es\/index.php\/wp-json\/wp\/v2\/media?parent=10804"}],"wp:term":[{"taxonomy":"category","embeddable":true,"href":"https:\/\/sindromecharge.es\/index.php\/wp-json\/wp\/v2\/categories?post=10804"},{"taxonomy":"post_tag","embeddable":true,"href":"https:\/\/sindromecharge.es\/index.php\/wp-json\/wp\/v2\/tags?post=10804"}],"curies":[{"name":"wp","href":"https:\/\/api.w.org\/{rel}","templated":true}]}}