{"id":10803,"date":"2025-02-07T06:24:49","date_gmt":"2025-02-07T06:24:49","guid":{"rendered":"https:\/\/sindromecharge.es\/index.php\/2025\/02\/07\/conchi-serrano-investigadora-csic-lesiones-medulares\/"},"modified":"2025-02-07T06:24:49","modified_gmt":"2025-02-07T06:24:49","slug":"conchi-serrano-investigadora-csic-lesiones-medulares","status":"publish","type":"post","link":"https:\/\/sindromecharge.es\/index.php\/2025\/02\/07\/conchi-serrano-investigadora-csic-lesiones-medulares\/","title":{"rendered":"Conchi Serrano, una bi\u00f3loga molecular ante el reto de revertir las lesiones medulares: \u00abSe puede encontrar una cura\u00bb"},"content":{"rendered":"<p>Leemos en Discapacidad la siguiente noticia que os reproducimos de forma \u00edntegra: <\/p>\n<div>\n<p>A finales de enero,<a href=\"https:\/\/www.20minutos.es\/noticia\/5677732\/0\/consiguen-reconectar-medula-espinal-totalmente-seccionada-rata-espumas-grafeno\/\"> se hicieron p\u00fablicos los resultados de un estudio muy prometedor <\/a>sobre la posible <b>utilizaci\u00f3n del grafeno para reconectar la m\u00e9dula espinal en un lesi\u00f3n medular<\/b>. Se trata, sin duda un gran paso a nivel cient\u00edfico que nos acerca a un <b>posible tratamiento para las lesiones medulares<\/b>, a d\u00eda de hoy incurables. Sin embargo, desde el <a href=\"https:\/\/www.20minutos.es\/minuteca\/csic\/\" title=\"CSIC\" target=\"_blank\">CSIC<\/a>,<b> Conchi Serrano<\/b>, -coordinadora de la l\u00ednea de Materiales para la Salud del Grupo de Materiales para Medicina y Biotecnolog\u00eda (MaMBIO) y una de las autoras del estudio- quiere dejar claro que, aunque el hallazgo es muy importante, <b>hay un gran camino por delante<\/b> hasta que podamos tratar este tipo de lesiones.<\/p>\n<p>Se trata, por tanto, de ciencia b\u00e1sica, que no pasa de investigar en animales, pero que es indispensable para lograr su<b> objetivo<\/b>, y de otros investigadores<b> a largo plazo<\/b>: que las personas con lesiones medulares puedan <b>recuperar las funciones perdidas<\/b>.<\/p>\n<p>Esta investigaci\u00f3n es, adem\u00e1s, fruto de a\u00f1os de trabajo de su grupo, junto al <a href=\"https:\/\/hnparaplejicos.sanidad.castillalamancha.es\/es\/profesionales\/investigacion\/basica\/interfaces-para-neuro-reparacion\" title='M\u00f3nica Alcobendas, del Hospital de parapl\u00e9jicos de Toledo: \"La discapacidad se mira de forma diferente a hace 50 a\u00f1os\"' target=\"_blank\">Hospital Nacional de Parapl\u00e9jicos de Toledo<\/a>, y del Piezo4Spine, un proyecto coordinado desde el CSIC y centrado en <b>encontrar materiales y nanomedicinas que ayuden a tratar las lesiones medulares<\/b>.<\/p>\n<p>Los resultados que acaban de obtener, aunque el reto sea complejo y a\u00fan quede lejos, <b>suponen un paso de gigante<\/b> que les sit\u00faa m\u00e1s cerca de conseguir este objetivo final.<\/p>\n<h2>Un material que ayuda a \u2018reconectar\u2019 la m\u00e9dula<\/h2>\n<p>El grafeno es un material del que se est\u00e1 hablando mucho en los \u00faltimos a\u00f1os debido a la gran potencialidad que tiene para aplicarse en varios campos tecnol\u00f3gicos. Uno de ellos es la medicina, como se ha hecho en esta investigaci\u00f3n, en la que han utilizado<b> una estructura 3D de \u00f3xido de grafeno<\/b> con una estructura que Conchi Serrano asemeja a la de una \u2018esponja\u2019 o una \u2018espuma\u2019, \u00abllevamos m\u00e1s de 10 a\u00f1os explorando estas espumas, una estructura 3D, que es como una esponja -o parecido a las esponjas conceptualmente- y en dimensiones muy peque\u00f1itas. Es una estructura porosa que est\u00e1 hecha solamente de \u00f3xido de grafeno reducido\u00bb.<\/p>\n<p>Para ver c\u00f3mo actuaba este material en una <b>lesi\u00f3n medular<\/b>, implantaron este material, sin nada m\u00e1s, \u00abni c\u00e9lulas, ni f\u00e1rmacos, ni factores de crecimiento\u00bb en dicha lesi\u00f3n, \u00aben un modelo de rata con lesi\u00f3n medular, en concreto una transacci\u00f3n tor\u00e1cica, es decir, que <b>hemos cortado por completo la m\u00e9dula espinal a nivel tor\u00e1cico<\/b>, le hemos quitado un trozo entero y hemos colocado ah\u00ed nuestra \u2018esponja\u2019\u00bb, explica.<\/p>\n<h1>La espuma de grafeno ha permitido que los componentes neuronales que estaban por debajo de la lesi\u00f3n se conecten<\/h1>\n<p>Lo que observaron tras cuatro meses es muy esperanzador, pues vieron que la espuma estaba completamente colonizada de vasos sangu\u00edneos, \u201cfundamentales para que cualquier tejido pueda crecer, y de <b>prolongaciones de las neuronas<\/b>, lo que nosotros llamamos <b>neuritas<\/b>. No hemos encontrado neuronas dentro de la espuma, pero si hemos encontrado sus prolongaciones\u00bb, cuenta.<\/p>\n<p>Adem\u00e1s, aunque no lograron que la rata recuperara la funci\u00f3n, es decir, que  sigue siendo parapl\u00e9jica, s\u00ed observaron que se hab\u00eda recuperado la conexi\u00f3n entre ambas partes: \u00abUtilizando t\u00e9cnicas de electrofisiolog\u00eda, observamos que, cuando nosotros estimulamos la m\u00e9dula por debajo de la lesi\u00f3n, y teniendo como nexo entre las dos partes de la columna seccionada solo nuestra espuma de \u00f3xido de grafeno, <b>hab\u00eda actividad en el cerebro<\/b>. En concreto, en una zona espec\u00edfica, que es la formaci\u00f3n reticular. Es decir, que nuestra espuma ha permitido que <b>los componentes neuronales<\/b> que estaban por debajo de la lesi\u00f3n de la m\u00e9dula espinal <b>se conecten <\/b>con los que est\u00e1n por encima de la m\u00e9dula espinal y cierren el circuito con el cerebro\u00bb.<\/p>\n<p>Esto es un gran hallazgo desde el punto de vista cient\u00edfico, pero todav\u00eda no desde el punto de vista de los pacientes, pues, como insiste Serrano, \u00abno deja de ser un paso m\u00e1s en investigaci\u00f3n b\u00e1sica. Primero, porque es una rata, y segundo, porque<b> la rata sigue parapl\u00e9jica<\/b>, es decir, no hemos curado la lesi\u00f3n medular\u00bb.<\/p>\n<h1>Es un gran hallazgo desde el punto de vista cient\u00edfico, pero todav\u00eda no desde el punto de vista de los pacientes<\/h1>\n<p>\u00bfD\u00f3nde est\u00e1 entonces el avance? Precisamente en demostrar que hay un material, en este caso una \u2018espuma\u2019 de \u00f3xido de grafeno, \u00ab<b>capaz de crear un ambiente favorable para el crecimiento celular<\/b>, el crecimiento de los tejidos que necesitamos para reparar la m\u00e9dula espinal, que ser\u00eda tejido vascular y tejido neural\u00bb. Es un gran primer paso que nos sit\u00faa m\u00e1s cerca de recuperar funciones, porque han demostrado que la conexi\u00f3n s\u00ed se puede recuperar, \u00ablo que pasa con la m\u00e9dula espinal cuando se produce una lesi\u00f3n medular, es que perdemos las conexiones, o sea, que es un primer pasito, porque hemos visto que se pueden recuperar\u00bb. <\/p>\n<h2>\u00bfY qu\u00e9 puede ocurrir despu\u00e9s?<\/h2>\n<p>Este paso permite a los investigadores poder seguir investigando en esta direcci\u00f3n y, de hecho, es algo que ya est\u00e1n haciendo en su laboratorio, \u00abtodav\u00eda podemos mejorar mucho el sistema. De momento, hemos encontrado vasos sangu\u00edneos y prolongaciones de neuronas en ese material, y el siguiente paso que estamos haciendo es <b>mejorar esa estructura 3D<\/b>, ese material que estamos e implantando,<b> con otros elementos <\/b>para que todos esos componentes que han crecido crezcan mucho m\u00e1s, de tal manera que esa reconexi\u00f3n que hemos demostrado que existe sea<b> lo suficiente como para que s\u00ed veamos recuperaci\u00f3n de funci\u00f3n<\/b>\u00ab.<\/p>\n<p>Los elementos que van a a\u00f1adir al grafeno son<b> nanomedicinas<\/b> \u00abdirigidas espec\u00edficamente a distintos aspectos que sabemos que est\u00e1n estropeados o que fallan en la lesi\u00f3n medular. Lo que queremos es ver si conseguimos favorecer <b>que esa respuesta incipiente que hemos visto se potencie<\/b> y podamos llegar a recuperar funciones en rata\u00bb. <\/p>\n<p>Es decir, que aunque van por el buen camino,<b> el recorrido a\u00fan es largo<\/b>, \u00abaunque todos los pasos que vamos dando fueran favorables, queda mucho trabajo para que esto pudiera trasladarse a los pacientes\u00bb.<\/p>\n<p>Sin embargo, sin este primer paso, el siguiente no se podr\u00eda dar, de ah\u00ed la importancia de la ciencia b\u00e1sica, pues en su mismo grupo, y en otros que forman parte del proyecto <a href=\"https:\/\/www.piezo4spine.eu\/\" target=\"_blank\" rel=\"nofollow\">Piezo4Spine<\/a>, hay otras investigaciones con el mismo objetivo que la suya, \u00abestamos explorando otro tipo de matrices, de espumas, de esponjas 3D constituidas por pol\u00edmeros naturales y que van a ser m\u00e1s afines, esperamos, al cuerpo humano. De momento, <b>los resultados no han sido tan buenos como el del grafeno<\/b>, pero seguimos ah\u00ed investigando. Y en el proyecto europeo estamos intentando desarrollar esas <b>nanomedicinas que mencionaba antes, integrarlas en una estructura 3D<\/b>, -preferiblemente con impresi\u00f3n 3D para adaptarlas a cada paciente- para<b> lograr tambi\u00e9n una reparaci\u00f3n<\/b> en un nivel lo suficientemente grande como para poder encontrar recuperaci\u00f3n de funci\u00f3n\u00bb. <\/p>\n<h2>Mucho trabajo por delante, pero muchas esperanzas<\/h2>\n<p>Conchi Serrano es muy consciente y es lo que quiere transmitir, de la <b>cautela con la que hay que recibir hallazgos como estos<\/b>, sobre todo para no crear falsas expectativas o trasladar la idea de que esto va a llegar ya a los pacientes, pero est\u00e1 muy esperanzada y cree que en un futuro no muy lejano s\u00ed se van a encontrar <b>soluciones eficaces para las lesiones medulares<\/b>, \u00absin dar fechas, yo conf\u00edo en que s\u00ed\u00bb. <\/p>\n<h1>Hay muchos cient\u00edficos en todo el mundo trabajando para encontrar una cura, el esfuerzo est\u00e1 siendo enorme<\/h1>\n<p>\u00abTal vez no seamos nosotros, pero s\u00ed creo que se puede encontrar una cura a las lesiones medulares. La comunidad cient\u00edfica est\u00e1 cada vez m\u00e1s avanzada en esta l\u00ednea y hay muchos cient\u00edficos en todo el mundo trabajando para que as\u00ed sea, el esfuerzo est\u00e1 siendo enorme. De hecho, se han conseguido muchas cosas. Por ejemplo, el Grupo de Suiza que lidera el profesor <b>Gr\u00e9goire Courtine<\/b> ha conseguido recuperar funci\u00f3n en pacientes con lesi\u00f3n medular. La estrategia es diferente, porque usan la estimulaci\u00f3n el\u00e9ctrica y protocolos de entrenamiento muy exhaustivos, pero<b> est\u00e1 consiguiendo que pacientes parapl\u00e9jicos vuelvan a caminar<\/b>, a nadar\u2026 que recuperen funciones motoras que hab\u00edan perdido\u00bb, asegura Serrano. <\/p>\n<p>Ni ella ni su equipo, pierden la motivaci\u00f3n, \u00abes nuestro objetivo\u00bb, un objetivo y un esfuerzo que, quiere dejar claro, se hace conjuntamente y desde varios frentes, \u00aben nuestro caso, <b>es un trabajo en estrecha colaboraci\u00f3n con el Hospital Nacional de Parapl\u00e9jicos<\/b>, con el laboratorio de<b> la doctora Elisa L\u00f3pez Dolado<\/b>, que es una cl\u00ednico que trabaja con pacientes con lesi\u00f3n medular todos los d\u00edas, y con el electro fisi\u00f3logo neuro cient\u00edfico<b> Juan Aguilar<\/b> y tambi\u00e9n del Hospital de Parapl\u00e9jicos. En este proyecto llevamos Elisa y yo trabajando juntas desde el a\u00f1o 2014 y los experimentos se iniciaron hace siete a\u00f1os, o sea que es una investigaci\u00f3n de gran complejidad\u00bb. <\/p>\n<p>Por eso, recalca, el hallazgo es tan importante, \u00bb porque aunque no signifique que ma\u00f1ana vayamos a ponerle la espuma a los pacientes y a curarles, es un pasito para intentar encontrar la cura a<b> una patolog\u00eda que afecta a m\u00e1s de 15 millones de personas en todo el mundo<\/b>\u00ab. <\/p>\n<\/div>\n<p>Fuente: Discapacidad https:\/\/www.20minutos.es\/noticia\/5679683\/0\/conchi-serrano-investigadora-csic-lesiones-medulares\/<\/p>\n","protected":false},"excerpt":{"rendered":"<p>Conchi Serrano forma parte de un grupo de cient\u00edficos que investigan para encontrar tratamientos para las lesiones medulares.<\/p>\n","protected":false},"author":1,"featured_media":0,"comment_status":"closed","ping_status":"closed","sticky":false,"template":"","format":"standard","meta":{"footnotes":""},"categories":[8],"tags":[],"class_list":["post-10803","post","type-post","status-publish","format-standard","hentry","category-noticias"],"yoast_head":"<!-- This site is optimized with the Yoast SEO plugin v27.4 - https:\/\/yoast.com\/product\/yoast-seo-wordpress\/ -->\n<title>Conchi Serrano, una bi\u00f3loga molecular ante el reto de revertir las lesiones medulares: &quot;Se puede encontrar una cura&quot; - Asociaci\u00f3n Espa\u00f1ola S\u00edndrome de Charge<\/title>\n<meta name=\"robots\" content=\"index, follow, max-snippet:-1, max-image-preview:large, max-video-preview:-1\" \/>\n<link rel=\"canonical\" href=\"https:\/\/sindromecharge.es\/index.php\/2025\/02\/07\/conchi-serrano-investigadora-csic-lesiones-medulares\/\" \/>\n<meta property=\"og:locale\" content=\"es_ES\" \/>\n<meta property=\"og:type\" content=\"article\" \/>\n<meta property=\"og:title\" content=\"Conchi Serrano, una bi\u00f3loga molecular ante el reto de revertir las lesiones medulares: &quot;Se puede encontrar una cura&quot; - Asociaci\u00f3n Espa\u00f1ola S\u00edndrome de Charge\" \/>\n<meta property=\"og:description\" content=\"Conchi Serrano forma parte de un grupo de cient\u00edficos que investigan para encontrar tratamientos para las lesiones medulares.\" \/>\n<meta property=\"og:url\" content=\"https:\/\/sindromecharge.es\/index.php\/2025\/02\/07\/conchi-serrano-investigadora-csic-lesiones-medulares\/\" \/>\n<meta property=\"og:site_name\" content=\"Asociaci\u00f3n Espa\u00f1ola S\u00edndrome de Charge\" \/>\n<meta property=\"article:publisher\" content=\"https:\/\/www.facebook.com\/asociacionsindromecharge\" \/>\n<meta property=\"article:published_time\" content=\"2025-02-07T06:24:49+00:00\" \/>\n<meta property=\"og:image\" content=\"https:\/\/sindromecharge.es\/wp-content\/uploads\/2013\/09\/logodecharge300x98.png\" \/>\n\t<meta property=\"og:image:width\" content=\"300\" \/>\n\t<meta property=\"og:image:height\" content=\"98\" \/>\n\t<meta property=\"og:image:type\" content=\"image\/png\" \/>\n<meta name=\"author\" content=\"Charge\" \/>\n<meta name=\"twitter:card\" content=\"summary_large_image\" \/>\n<meta name=\"twitter:creator\" content=\"@sindromecharge\" \/>\n<meta name=\"twitter:site\" content=\"@sindromecharge\" \/>\n<meta name=\"twitter:label1\" content=\"Escrito por\" \/>\n\t<meta name=\"twitter:data1\" content=\"Charge\" \/>\n\t<meta name=\"twitter:label2\" content=\"Tiempo de lectura\" \/>\n\t<meta name=\"twitter:data2\" content=\"8 minutos\" \/>\n<script type=\"application\/ld+json\" class=\"yoast-schema-graph\">{\"@context\":\"https:\\\/\\\/schema.org\",\"@graph\":[{\"@type\":\"Article\",\"@id\":\"https:\\\/\\\/sindromecharge.es\\\/index.php\\\/2025\\\/02\\\/07\\\/conchi-serrano-investigadora-csic-lesiones-medulares\\\/#article\",\"isPartOf\":{\"@id\":\"https:\\\/\\\/sindromecharge.es\\\/index.php\\\/2025\\\/02\\\/07\\\/conchi-serrano-investigadora-csic-lesiones-medulares\\\/\"},\"author\":{\"name\":\"Charge\",\"@id\":\"https:\\\/\\\/sindromecharge.es\\\/#\\\/schema\\\/person\\\/39a60ebe0a2b4d5a11179701e336b039\"},\"headline\":\"Conchi Serrano, una bi\u00f3loga molecular ante el reto de revertir las lesiones medulares: \u00abSe puede encontrar una cura\u00bb\",\"datePublished\":\"2025-02-07T06:24:49+00:00\",\"mainEntityOfPage\":{\"@id\":\"https:\\\/\\\/sindromecharge.es\\\/index.php\\\/2025\\\/02\\\/07\\\/conchi-serrano-investigadora-csic-lesiones-medulares\\\/\"},\"wordCount\":1628,\"articleSection\":[\"noticias\"],\"inLanguage\":\"es\"},{\"@type\":\"WebPage\",\"@id\":\"https:\\\/\\\/sindromecharge.es\\\/index.php\\\/2025\\\/02\\\/07\\\/conchi-serrano-investigadora-csic-lesiones-medulares\\\/\",\"url\":\"https:\\\/\\\/sindromecharge.es\\\/index.php\\\/2025\\\/02\\\/07\\\/conchi-serrano-investigadora-csic-lesiones-medulares\\\/\",\"name\":\"Conchi Serrano, una bi\u00f3loga molecular ante el reto de revertir las lesiones medulares: \\\"Se puede encontrar una cura\\\" - Asociaci\u00f3n Espa\u00f1ola S\u00edndrome de Charge\",\"isPartOf\":{\"@id\":\"https:\\\/\\\/sindromecharge.es\\\/#website\"},\"datePublished\":\"2025-02-07T06:24:49+00:00\",\"author\":{\"@id\":\"https:\\\/\\\/sindromecharge.es\\\/#\\\/schema\\\/person\\\/39a60ebe0a2b4d5a11179701e336b039\"},\"breadcrumb\":{\"@id\":\"https:\\\/\\\/sindromecharge.es\\\/index.php\\\/2025\\\/02\\\/07\\\/conchi-serrano-investigadora-csic-lesiones-medulares\\\/#breadcrumb\"},\"inLanguage\":\"es\",\"potentialAction\":[{\"@type\":\"ReadAction\",\"target\":[\"https:\\\/\\\/sindromecharge.es\\\/index.php\\\/2025\\\/02\\\/07\\\/conchi-serrano-investigadora-csic-lesiones-medulares\\\/\"]}]},{\"@type\":\"BreadcrumbList\",\"@id\":\"https:\\\/\\\/sindromecharge.es\\\/index.php\\\/2025\\\/02\\\/07\\\/conchi-serrano-investigadora-csic-lesiones-medulares\\\/#breadcrumb\",\"itemListElement\":[{\"@type\":\"ListItem\",\"position\":1,\"name\":\"Portada\",\"item\":\"https:\\\/\\\/sindromecharge.es\\\/\"},{\"@type\":\"ListItem\",\"position\":2,\"name\":\"Conchi Serrano, una bi\u00f3loga molecular ante el reto de revertir las lesiones medulares: &#8220;Se puede encontrar una cura&#8221;\"}]},{\"@type\":\"WebSite\",\"@id\":\"https:\\\/\\\/sindromecharge.es\\\/#website\",\"url\":\"https:\\\/\\\/sindromecharge.es\\\/\",\"name\":\"Asociaci\u00f3n Espa\u00f1ola S\u00edndrome de Charge\",\"description\":\"\",\"potentialAction\":[{\"@type\":\"SearchAction\",\"target\":{\"@type\":\"EntryPoint\",\"urlTemplate\":\"https:\\\/\\\/sindromecharge.es\\\/?s={search_term_string}\"},\"query-input\":{\"@type\":\"PropertyValueSpecification\",\"valueRequired\":true,\"valueName\":\"search_term_string\"}}],\"inLanguage\":\"es\"},{\"@type\":\"Person\",\"@id\":\"https:\\\/\\\/sindromecharge.es\\\/#\\\/schema\\\/person\\\/39a60ebe0a2b4d5a11179701e336b039\",\"name\":\"Charge\",\"image\":{\"@type\":\"ImageObject\",\"inLanguage\":\"es\",\"@id\":\"https:\\\/\\\/secure.gravatar.com\\\/avatar\\\/c3b46e32a0fc3b093a0873fb767bf3293de856293065e84ef06b7ec7a8acfb98?s=96&d=identicon&r=x\",\"url\":\"https:\\\/\\\/secure.gravatar.com\\\/avatar\\\/c3b46e32a0fc3b093a0873fb767bf3293de856293065e84ef06b7ec7a8acfb98?s=96&d=identicon&r=x\",\"contentUrl\":\"https:\\\/\\\/secure.gravatar.com\\\/avatar\\\/c3b46e32a0fc3b093a0873fb767bf3293de856293065e84ef06b7ec7a8acfb98?s=96&d=identicon&r=x\",\"caption\":\"Charge\"},\"url\":\"https:\\\/\\\/sindromecharge.es\\\/index.php\\\/author\\\/admin\\\/\"}]}<\/script>\n<!-- \/ Yoast SEO plugin. -->","yoast_head_json":{"title":"Conchi Serrano, una bi\u00f3loga molecular ante el reto de revertir las lesiones medulares: \"Se puede encontrar una cura\" - Asociaci\u00f3n Espa\u00f1ola S\u00edndrome de Charge","robots":{"index":"index","follow":"follow","max-snippet":"max-snippet:-1","max-image-preview":"max-image-preview:large","max-video-preview":"max-video-preview:-1"},"canonical":"https:\/\/sindromecharge.es\/index.php\/2025\/02\/07\/conchi-serrano-investigadora-csic-lesiones-medulares\/","og_locale":"es_ES","og_type":"article","og_title":"Conchi Serrano, una bi\u00f3loga molecular ante el reto de revertir las lesiones medulares: \"Se puede encontrar una cura\" - Asociaci\u00f3n Espa\u00f1ola S\u00edndrome de Charge","og_description":"Conchi Serrano forma parte de un grupo de cient\u00edficos que investigan para encontrar tratamientos para las lesiones medulares.","og_url":"https:\/\/sindromecharge.es\/index.php\/2025\/02\/07\/conchi-serrano-investigadora-csic-lesiones-medulares\/","og_site_name":"Asociaci\u00f3n Espa\u00f1ola S\u00edndrome de Charge","article_publisher":"https:\/\/www.facebook.com\/asociacionsindromecharge","article_published_time":"2025-02-07T06:24:49+00:00","og_image":[{"width":300,"height":98,"url":"https:\/\/sindromecharge.es\/wp-content\/uploads\/2013\/09\/logodecharge300x98.png","type":"image\/png"}],"author":"Charge","twitter_card":"summary_large_image","twitter_creator":"@sindromecharge","twitter_site":"@sindromecharge","twitter_misc":{"Escrito por":"Charge","Tiempo de lectura":"8 minutos"},"schema":{"@context":"https:\/\/schema.org","@graph":[{"@type":"Article","@id":"https:\/\/sindromecharge.es\/index.php\/2025\/02\/07\/conchi-serrano-investigadora-csic-lesiones-medulares\/#article","isPartOf":{"@id":"https:\/\/sindromecharge.es\/index.php\/2025\/02\/07\/conchi-serrano-investigadora-csic-lesiones-medulares\/"},"author":{"name":"Charge","@id":"https:\/\/sindromecharge.es\/#\/schema\/person\/39a60ebe0a2b4d5a11179701e336b039"},"headline":"Conchi Serrano, una bi\u00f3loga molecular ante el reto de revertir las lesiones medulares: \u00abSe puede encontrar una cura\u00bb","datePublished":"2025-02-07T06:24:49+00:00","mainEntityOfPage":{"@id":"https:\/\/sindromecharge.es\/index.php\/2025\/02\/07\/conchi-serrano-investigadora-csic-lesiones-medulares\/"},"wordCount":1628,"articleSection":["noticias"],"inLanguage":"es"},{"@type":"WebPage","@id":"https:\/\/sindromecharge.es\/index.php\/2025\/02\/07\/conchi-serrano-investigadora-csic-lesiones-medulares\/","url":"https:\/\/sindromecharge.es\/index.php\/2025\/02\/07\/conchi-serrano-investigadora-csic-lesiones-medulares\/","name":"Conchi Serrano, una bi\u00f3loga molecular ante el reto de revertir las lesiones medulares: \"Se puede encontrar una cura\" - Asociaci\u00f3n Espa\u00f1ola S\u00edndrome de Charge","isPartOf":{"@id":"https:\/\/sindromecharge.es\/#website"},"datePublished":"2025-02-07T06:24:49+00:00","author":{"@id":"https:\/\/sindromecharge.es\/#\/schema\/person\/39a60ebe0a2b4d5a11179701e336b039"},"breadcrumb":{"@id":"https:\/\/sindromecharge.es\/index.php\/2025\/02\/07\/conchi-serrano-investigadora-csic-lesiones-medulares\/#breadcrumb"},"inLanguage":"es","potentialAction":[{"@type":"ReadAction","target":["https:\/\/sindromecharge.es\/index.php\/2025\/02\/07\/conchi-serrano-investigadora-csic-lesiones-medulares\/"]}]},{"@type":"BreadcrumbList","@id":"https:\/\/sindromecharge.es\/index.php\/2025\/02\/07\/conchi-serrano-investigadora-csic-lesiones-medulares\/#breadcrumb","itemListElement":[{"@type":"ListItem","position":1,"name":"Portada","item":"https:\/\/sindromecharge.es\/"},{"@type":"ListItem","position":2,"name":"Conchi Serrano, una bi\u00f3loga molecular ante el reto de revertir las lesiones medulares: &#8220;Se puede encontrar una cura&#8221;"}]},{"@type":"WebSite","@id":"https:\/\/sindromecharge.es\/#website","url":"https:\/\/sindromecharge.es\/","name":"Asociaci\u00f3n Espa\u00f1ola S\u00edndrome de Charge","description":"","potentialAction":[{"@type":"SearchAction","target":{"@type":"EntryPoint","urlTemplate":"https:\/\/sindromecharge.es\/?s={search_term_string}"},"query-input":{"@type":"PropertyValueSpecification","valueRequired":true,"valueName":"search_term_string"}}],"inLanguage":"es"},{"@type":"Person","@id":"https:\/\/sindromecharge.es\/#\/schema\/person\/39a60ebe0a2b4d5a11179701e336b039","name":"Charge","image":{"@type":"ImageObject","inLanguage":"es","@id":"https:\/\/secure.gravatar.com\/avatar\/c3b46e32a0fc3b093a0873fb767bf3293de856293065e84ef06b7ec7a8acfb98?s=96&d=identicon&r=x","url":"https:\/\/secure.gravatar.com\/avatar\/c3b46e32a0fc3b093a0873fb767bf3293de856293065e84ef06b7ec7a8acfb98?s=96&d=identicon&r=x","contentUrl":"https:\/\/secure.gravatar.com\/avatar\/c3b46e32a0fc3b093a0873fb767bf3293de856293065e84ef06b7ec7a8acfb98?s=96&d=identicon&r=x","caption":"Charge"},"url":"https:\/\/sindromecharge.es\/index.php\/author\/admin\/"}]}},"_links":{"self":[{"href":"https:\/\/sindromecharge.es\/index.php\/wp-json\/wp\/v2\/posts\/10803","targetHints":{"allow":["GET"]}}],"collection":[{"href":"https:\/\/sindromecharge.es\/index.php\/wp-json\/wp\/v2\/posts"}],"about":[{"href":"https:\/\/sindromecharge.es\/index.php\/wp-json\/wp\/v2\/types\/post"}],"author":[{"embeddable":true,"href":"https:\/\/sindromecharge.es\/index.php\/wp-json\/wp\/v2\/users\/1"}],"replies":[{"embeddable":true,"href":"https:\/\/sindromecharge.es\/index.php\/wp-json\/wp\/v2\/comments?post=10803"}],"version-history":[{"count":0,"href":"https:\/\/sindromecharge.es\/index.php\/wp-json\/wp\/v2\/posts\/10803\/revisions"}],"wp:attachment":[{"href":"https:\/\/sindromecharge.es\/index.php\/wp-json\/wp\/v2\/media?parent=10803"}],"wp:term":[{"taxonomy":"category","embeddable":true,"href":"https:\/\/sindromecharge.es\/index.php\/wp-json\/wp\/v2\/categories?post=10803"},{"taxonomy":"post_tag","embeddable":true,"href":"https:\/\/sindromecharge.es\/index.php\/wp-json\/wp\/v2\/tags?post=10803"}],"curies":[{"name":"wp","href":"https:\/\/api.w.org\/{rel}","templated":true}]}}