{"id":10802,"date":"2025-02-07T05:40:57","date_gmt":"2025-02-07T05:40:57","guid":{"rendered":"https:\/\/sindromecharge.es\/index.php\/2025\/02\/07\/esto-no-me-puede-pasar-mi-un-corto-sobre-estigma-que-rodea-enfermedad-mental-existe-le-puede-pasar-cualquiera\/"},"modified":"2025-02-07T05:40:57","modified_gmt":"2025-02-07T05:40:57","slug":"esto-no-me-puede-pasar-mi-un-corto-sobre-estigma-que-rodea-enfermedad-mental-existe-le-puede-pasar-cualquiera","status":"publish","type":"post","link":"https:\/\/sindromecharge.es\/index.php\/2025\/02\/07\/esto-no-me-puede-pasar-mi-un-corto-sobre-estigma-que-rodea-enfermedad-mental-existe-le-puede-pasar-cualquiera\/","title":{"rendered":"&#8216;Esto no me puede pasar a m\u00ed&#8217;, un corto sobre el estigma que a\u00fan rodea la enfermedad mental: \u00abFalta cultura\u00bb"},"content":{"rendered":"<p>Leemos en Discapacidad la siguiente noticia que os reproducimos de forma \u00edntegra: <\/p>\n<div>\n<p><i>Esto no me puede pasar a m\u00ed<\/i> es una frase que, consciente e inconscientemente, nos repetimos los seres humanos ante determinadas situaciones. Tener una <a href=\"https:\/\/www.20minutos.es\/minuteca\/depresion\/\" title=\"Depresi\u00f3n\" target=\"_blank\">depresi\u00f3n<\/a>, <a href=\"https:\/\/www.20minutos.es\/minuteca\/ansiedad\/\" title=\"Ansiedad\" target=\"_blank\">ansiedad<\/a> o alg\u00fan otro tipo de trastorno mental es, a menudo, una de estas circunstancias; sobre todo porque tener una enfermedad como puede ser la depresi\u00f3n es algo tan intangible que muchos<b> siguen achacando a personas d\u00e9biles<\/b>, con poco car\u00e1cter o que solo pueden padecer aquellos que pasan por grandes desgracias. Todo ese <b>estigma<\/b> contribuye a que todo lo que tenga que ver con la <a href=\"https:\/\/www.20minutos.es\/salud\/minuteca\/salud-mental\/\" title=\"Salud mental\" target=\"_blank\">salud mental<\/a>, aunque se ha avanzado mucho, siga siendo, no solo tab\u00fa, sino todav\u00eda muy desconocido e incluso minimizado.<\/p>\n<p>Por todo ello, precisamente <i>Esto no me puede pasar a m\u00ed <\/i>es el t\u00edtulo que la <b>Fundaci\u00f3n Espa\u00f1ola de Psiquiatr\u00eda y Salud Mental (FEPSM)<\/b> ha elegido para su \u00faltimo corto, estrenado en la Academia de las Artes y las Ciencias Cinematogr\u00e1ficas de Espa\u00f1a, en Madrid, con la presencia de sus actores principales,<b> <a href=\"https:\/\/www.20minutos.es\/minuteca\/fernando-guillen-cuervo\/\" title=\"Fernando Guill\u00e9n Cuervo\" target=\"_blank\">Fernando Guill\u00e9n Cuervo<\/a> y Andrea Bronston<\/b> y la directora m\u00e9dica del proyecto Ana Gonz\u00e1lez Pinto, la presidenta de la<b> Sociedad Espa\u00f1ola de Psiquiatr\u00eda y Salud Mental (SEPSM)<\/b> Marina D\u00edaz Mars\u00e1, y el presidente de FEPSM,<b> Manuel Mart\u00edn<\/b>, que, tras es estreno debatieron en una mesa redonda.<\/p>\n<p>El cortometraje se centra en la vida de Carlos, interpretado por Fernando Guill\u00e9n Cuervo, un empresario de \u00e9xito que<b> se podr\u00eda considerar un \u2018negacionista\u2019 de las<a href=\"https:\/\/www.20minutos.es\/salud\/minuteca\/enfermedades-mentales\/\" title=\"Enfermedades mentales\" target=\"_blank\"> enfermedades mentales<\/a><\/b>, patolog\u00edas que achaca a aquellos que son d\u00e9biles. Todo cambia cuando se encuentra que este problema que cree que no existe entra en su propio hogar, \u00abel protagonista ve el tema de la salud mental como algo que no le puede pasar a \u00e9l o alguien de su casa\u2026 tiene un mal manejo de las emociones, hasta que aprende que no es as\u00ed\u2026\u00bb. <\/p>\n<p>Un personaje, el de Carlos, que a menudo podemos encontrar todav\u00eda en la vida real, debido, seg\u00fan el actor, a que \u00ab<b>el problema de la salud mental ha estado sumido en el oscurantismo durante d\u00e9cadas.<\/b> A veces nosotros mismos nos autoenga\u00f1amos y pensamos que eso no nos puede pasar precisamente por temor al estigma social. Muchas veces es por ignorancia, como mi personaje, porque hoy en d\u00eda tenemos mucha informaci\u00f3n sobre otras patolog\u00edas, pero tenemos muy poca sobre la salud mental\u00bb, asegur\u00f3 durante su intervenci\u00f3n.<\/p>\n<p>Para poner de manifiesto que este tipo de <b>estigmas y falsas creencias<\/b> todav\u00eda existen en nuestra sociedad se ha llevado a cabo este corto, que pone sobre la mesa otros temas, como el de la<b> falta de comprensi\u00f3n que a\u00fan generan estas enfermedades en todo tipo de entornos<\/b>, sobre todo el laboral, \u00abpor eso es tan dif\u00edcil la reinserci\u00f3n e incluso la <b>inserci\u00f3n laboral<\/b> de las personas con enfermedad mental, porque hay un rechazo social a contratarlas debido al desconocimiento, al temor a que vaya a volver a ponerse enfermo\u2026 y eso es un problema social que deber\u00edamos abordar. Adem\u00e1s, <b>el mercado laboral tampoco est\u00e1 preparado<\/b>, por ejemplo, para hacer inserciones progresivas, hacer determinadas adaptaciones\u2026 hay mucho por hacer y trabajar. Se est\u00e1n dando iniciativas en este sentido, pero lo que falta es el traslado real a la sociedad\u00bb, asegura Ana Gonz\u00e1lez Pinto.<\/p>\n<h1>Tenemos mucha informaci\u00f3n sobre otras patolog\u00edas, pero tenemos muy poca sobre la salud mental<\/h1>\n<h2>Enfermedades invisibles<\/h2>\n<p>El estigma y desconocimiento que a\u00fan rodea a las enfermedades mentales se debe a varias causas. Una de ellas es que, a pesar de que <b>pueden llegar a ser muy discapacitantes e incapacitantes<\/b>, son invisibles, y hasta hay personas que todav\u00eda dudan de su existencia, \u00abel objetivo de este corto en concienciar sobre la salud mental para recordar que existe y que le puede pasar a cualquiera. Todos conocemos a una persona que, como el protagonista, se cierra a la posibilidad de que haya una enfermedad en la mente, porque es algo que todos tenemos, que sabemos que es real, pero que no es tangible, de ah\u00ed que sea <b>tan complejo el abordaje y el tratamiento<\/b>, y el reconocimiento de que esto que nos est\u00e1 pasando en una enfermedad. Falta cultura\u00bb, insiste Gonz\u00e1lez-Pinto.<\/p>\n<p>En la misma l\u00ednea, Manuel Mart\u00edn, presidente Fundaci\u00f3n Espa\u00f1ola de Psiquiatr\u00eda y Salud Mental (FEPSM), quiso poner sobre la mesa que el desconocimiento sobre los trastornos mentales no est\u00e1 solo en la sociedad, sino tambien en la propia medicina, \u00abseguimos encontr\u00e1ndonos que la sociedad, e incluso los mismos entornos sanitarios, tienen una <b>visi\u00f3n irreal e injusta de lo que es la psiquiatr\u00eda y la salud mental<\/b>, pues se tiende a considerar la enfermedad mental, sobre todo las m\u00e1s comunes, como la depresi\u00f3n, con una falta de inter\u00e9s, de car\u00e1cter\u2026 que es algo que ocurre tambi\u00e9n con las adicciones. Se trata de juicios morales, muy arraigados y a\u00fan hay que recordar que esa realidad est\u00e1 ah\u00ed y que todav\u00eda no hacemos lo suficiente\u00bb. <\/p>\n<p>Seg\u00fan un estudio que el mismo Manuel Mart\u00edn puso sobre la mesa, <b>menos del 10% de los pacientes de enfermedades mentales reciben el tratamiento y el abordaje que recomiendan<\/b> las gu\u00edas cl\u00ednicas, a pesar de ser enfermedades de una gran prevalencia, algo que ocurre, en su opini\u00f3n, por la \u00abfalta de disposici\u00f3n del conjunto de la atenci\u00f3n en salud en general, no solo de la especializada\u00bb. <\/p>\n<p>Tampoco ha cambiado mucho, seg\u00fan la presidenta de la SEPSM, Marina D\u00edaz Mars\u00e1, la visi\u00f3n que se tiene sobre los psiquiatras y los psicof\u00e1rmacos, que, adem\u00e1s, quiere resaltar, que poco se parecen a los de hace unos a\u00f1os, \u00abmuchas veces, en los medios, se sigue poniendo sobre la mesa aquellos casos que son los menos hoy en d\u00eda, casos en los que enfermo pierde la libertad, se producen situaciones complicadas\u2026 y no es as\u00ed porque estas enfermedades se tratan cada vez mejor, y <b>los pacientes en muchos casos, se curan<\/b>\u00ab, resalta.<\/p>\n<h2>Una labor de concienciaci\u00f3n com\u00fan<\/h2>\n<p>Para cambiar esta realidad tanto desde la Fundaci\u00f3n como la Asociaci\u00f3n Espa\u00f1ola de Psiquiatr\u00eda y Salud Mental dedican grandes esfuerzos a divulgar y concienciar, y lo hacen, entre otras muchas cosas, con cortos como este. De hecho, <i>Esto no me puede pasar a m\u00ed <\/i>es el tercer cortometraje que la Fundaci\u00f3n ha realizado sobre salud mental, porque han visto, adem\u00e1s, en palabras de Ana Gonz\u00e1lez Pinto, que \u00abel cine es una herramienta magn\u00edfica para ello\u00bb.<\/p>\n<p>Sin embargo,<b> piden colaboraci\u00f3n<\/b>, que toda la sociedad en su conjunto colabore para abordar el problema de la salud mental como se merece, \u00abreconocerla y tratarla es cosa de todos\u00bb, y para mejorar el abordaje, primero hay que tener conciencia de que existe. Falta, quiso resaltar, <b>una cultura de la salud mental<\/b>, una cultura que pasa porque se trate en todos los \u00e1mbitos de la vida, sobre todo los m\u00e1s importantes:<b> la familia, la educaci\u00f3n y los entornos laborales<\/b>, \u00abno hay cultura para transmitir y conocer, por ejemplo, qu\u00e9 es un psicosis, c\u00f3mo hay que cuidarse o qu\u00e9 hay que hacer para prevenir. Ya ha llegado el momento de hacer ese cambio cultural, que se hable de la salud mental desde la infancia\u00bb.<\/p>\n<h1>Una de cada cuatro personas est\u00e1 en riesgo de tener un problema de salud mental, y m\u00e1s del 70% se inician en la infancia<\/h1>\n<p>Informar, sobre todo, para prevenir, y si no es posible, para detectar a tiempo, algo indispensable<b> para que estas enfermedades no se cronifiquen<\/b> y, como ocurre en muchos casos, incapaciten, \u00abmuchas depresiones cr\u00f3nicas, o m\u00e1s graves, se podr\u00edan evitar si hubiera una mayor concienciaci\u00f3n y menos estigma, pero hay unas carencias en el \u00e1mbito preventivo tan grande\u2026 <b>La salud mental tambi\u00e9n tiene que estar dentro de los programas de prevenci\u00f3n de la salud<\/b>, y mientras no vaya calando tendremos que seguir machacando con el tema\u00bb, asegura el doctor Manuel Mart\u00edn.<\/p>\n<p>Por mucho que se silencie, el problema no va desaparecer, m\u00e1s bien, todo lo contrario, pues como destac\u00f3 la Dra. Marina D\u00edaz, \u00abuna de cada cuatro personas estamos en riesgo de tener un problema de salud mental, y m\u00e1s del 70% de estos problemas se inician en la infancia\u00bb. <\/p>\n<\/div>\n<p>Fuente: Discapacidad https:\/\/www.20minutos.es\/noticia\/5680004\/0\/esto-no-me-puede-pasar-mi-un-corto-sobre-estigma-que-rodea-enfermedad-mental-existe-le-puede-pasar-cualquiera\/<\/p>\n","protected":false},"excerpt":{"rendered":"<p>La Fundaci\u00f3n Espa\u00f1ola de Psiquiatr\u00eda y Salud Mental ha realizado este corto, protagonizado por Fernando Guillen Cuervo, para concienciar sobre el desconocimiento que a\u00fan tiene la sociedad sobre las enfermedades mentales.<\/p>\n","protected":false},"author":1,"featured_media":0,"comment_status":"closed","ping_status":"closed","sticky":false,"template":"","format":"standard","meta":{"footnotes":""},"categories":[8],"tags":[],"class_list":["post-10802","post","type-post","status-publish","format-standard","hentry","category-noticias"],"yoast_head":"<!-- This site is optimized with the Yoast SEO plugin v27.4 - https:\/\/yoast.com\/product\/yoast-seo-wordpress\/ -->\n<title>&#039;Esto no me puede pasar a m\u00ed&#039;, un corto sobre el estigma que a\u00fan rodea la enfermedad mental: &quot;Falta cultura&quot; - Asociaci\u00f3n Espa\u00f1ola S\u00edndrome de Charge<\/title>\n<meta name=\"robots\" content=\"index, follow, max-snippet:-1, max-image-preview:large, max-video-preview:-1\" \/>\n<link rel=\"canonical\" href=\"https:\/\/sindromecharge.es\/index.php\/2025\/02\/07\/esto-no-me-puede-pasar-mi-un-corto-sobre-estigma-que-rodea-enfermedad-mental-existe-le-puede-pasar-cualquiera\/\" \/>\n<meta property=\"og:locale\" content=\"es_ES\" \/>\n<meta property=\"og:type\" content=\"article\" \/>\n<meta property=\"og:title\" content=\"&#039;Esto no me puede pasar a m\u00ed&#039;, un corto sobre el estigma que a\u00fan rodea la enfermedad mental: &quot;Falta cultura&quot; - Asociaci\u00f3n Espa\u00f1ola S\u00edndrome de Charge\" \/>\n<meta property=\"og:description\" content=\"La Fundaci\u00f3n Espa\u00f1ola de Psiquiatr\u00eda y Salud Mental ha realizado este corto, protagonizado por Fernando Guillen Cuervo, para concienciar sobre el desconocimiento que a\u00fan tiene la sociedad sobre las enfermedades mentales.\" \/>\n<meta property=\"og:url\" content=\"https:\/\/sindromecharge.es\/index.php\/2025\/02\/07\/esto-no-me-puede-pasar-mi-un-corto-sobre-estigma-que-rodea-enfermedad-mental-existe-le-puede-pasar-cualquiera\/\" \/>\n<meta property=\"og:site_name\" content=\"Asociaci\u00f3n Espa\u00f1ola S\u00edndrome de Charge\" \/>\n<meta property=\"article:publisher\" content=\"https:\/\/www.facebook.com\/asociacionsindromecharge\" \/>\n<meta property=\"article:published_time\" content=\"2025-02-07T05:40:57+00:00\" \/>\n<meta property=\"og:image\" content=\"https:\/\/sindromecharge.es\/wp-content\/uploads\/2013\/09\/logodecharge300x98.png\" \/>\n\t<meta property=\"og:image:width\" content=\"300\" \/>\n\t<meta property=\"og:image:height\" content=\"98\" \/>\n\t<meta property=\"og:image:type\" content=\"image\/png\" \/>\n<meta name=\"author\" content=\"Charge\" \/>\n<meta name=\"twitter:card\" content=\"summary_large_image\" \/>\n<meta name=\"twitter:creator\" content=\"@sindromecharge\" \/>\n<meta name=\"twitter:site\" content=\"@sindromecharge\" \/>\n<meta name=\"twitter:label1\" content=\"Escrito por\" \/>\n\t<meta name=\"twitter:data1\" content=\"Charge\" \/>\n\t<meta name=\"twitter:label2\" content=\"Tiempo de lectura\" \/>\n\t<meta name=\"twitter:data2\" content=\"7 minutos\" \/>\n<script type=\"application\/ld+json\" class=\"yoast-schema-graph\">{\"@context\":\"https:\\\/\\\/schema.org\",\"@graph\":[{\"@type\":\"Article\",\"@id\":\"https:\\\/\\\/sindromecharge.es\\\/index.php\\\/2025\\\/02\\\/07\\\/esto-no-me-puede-pasar-mi-un-corto-sobre-estigma-que-rodea-enfermedad-mental-existe-le-puede-pasar-cualquiera\\\/#article\",\"isPartOf\":{\"@id\":\"https:\\\/\\\/sindromecharge.es\\\/index.php\\\/2025\\\/02\\\/07\\\/esto-no-me-puede-pasar-mi-un-corto-sobre-estigma-que-rodea-enfermedad-mental-existe-le-puede-pasar-cualquiera\\\/\"},\"author\":{\"name\":\"Charge\",\"@id\":\"https:\\\/\\\/sindromecharge.es\\\/#\\\/schema\\\/person\\\/39a60ebe0a2b4d5a11179701e336b039\"},\"headline\":\"&#8216;Esto no me puede pasar a m\u00ed&#8217;, un corto sobre el estigma que a\u00fan rodea la enfermedad mental: \u00abFalta cultura\u00bb\",\"datePublished\":\"2025-02-07T05:40:57+00:00\",\"mainEntityOfPage\":{\"@id\":\"https:\\\/\\\/sindromecharge.es\\\/index.php\\\/2025\\\/02\\\/07\\\/esto-no-me-puede-pasar-mi-un-corto-sobre-estigma-que-rodea-enfermedad-mental-existe-le-puede-pasar-cualquiera\\\/\"},\"wordCount\":1459,\"articleSection\":[\"noticias\"],\"inLanguage\":\"es\"},{\"@type\":\"WebPage\",\"@id\":\"https:\\\/\\\/sindromecharge.es\\\/index.php\\\/2025\\\/02\\\/07\\\/esto-no-me-puede-pasar-mi-un-corto-sobre-estigma-que-rodea-enfermedad-mental-existe-le-puede-pasar-cualquiera\\\/\",\"url\":\"https:\\\/\\\/sindromecharge.es\\\/index.php\\\/2025\\\/02\\\/07\\\/esto-no-me-puede-pasar-mi-un-corto-sobre-estigma-que-rodea-enfermedad-mental-existe-le-puede-pasar-cualquiera\\\/\",\"name\":\"'Esto no me puede pasar a m\u00ed', un corto sobre el estigma que a\u00fan rodea la enfermedad mental: \\\"Falta cultura\\\" - Asociaci\u00f3n Espa\u00f1ola S\u00edndrome de Charge\",\"isPartOf\":{\"@id\":\"https:\\\/\\\/sindromecharge.es\\\/#website\"},\"datePublished\":\"2025-02-07T05:40:57+00:00\",\"author\":{\"@id\":\"https:\\\/\\\/sindromecharge.es\\\/#\\\/schema\\\/person\\\/39a60ebe0a2b4d5a11179701e336b039\"},\"breadcrumb\":{\"@id\":\"https:\\\/\\\/sindromecharge.es\\\/index.php\\\/2025\\\/02\\\/07\\\/esto-no-me-puede-pasar-mi-un-corto-sobre-estigma-que-rodea-enfermedad-mental-existe-le-puede-pasar-cualquiera\\\/#breadcrumb\"},\"inLanguage\":\"es\",\"potentialAction\":[{\"@type\":\"ReadAction\",\"target\":[\"https:\\\/\\\/sindromecharge.es\\\/index.php\\\/2025\\\/02\\\/07\\\/esto-no-me-puede-pasar-mi-un-corto-sobre-estigma-que-rodea-enfermedad-mental-existe-le-puede-pasar-cualquiera\\\/\"]}]},{\"@type\":\"BreadcrumbList\",\"@id\":\"https:\\\/\\\/sindromecharge.es\\\/index.php\\\/2025\\\/02\\\/07\\\/esto-no-me-puede-pasar-mi-un-corto-sobre-estigma-que-rodea-enfermedad-mental-existe-le-puede-pasar-cualquiera\\\/#breadcrumb\",\"itemListElement\":[{\"@type\":\"ListItem\",\"position\":1,\"name\":\"Portada\",\"item\":\"https:\\\/\\\/sindromecharge.es\\\/\"},{\"@type\":\"ListItem\",\"position\":2,\"name\":\"&#8216;Esto no me puede pasar a m\u00ed&#8217;, un corto sobre el estigma que a\u00fan rodea la enfermedad mental: &#8220;Falta cultura&#8221;\"}]},{\"@type\":\"WebSite\",\"@id\":\"https:\\\/\\\/sindromecharge.es\\\/#website\",\"url\":\"https:\\\/\\\/sindromecharge.es\\\/\",\"name\":\"Asociaci\u00f3n Espa\u00f1ola S\u00edndrome de Charge\",\"description\":\"\",\"potentialAction\":[{\"@type\":\"SearchAction\",\"target\":{\"@type\":\"EntryPoint\",\"urlTemplate\":\"https:\\\/\\\/sindromecharge.es\\\/?s={search_term_string}\"},\"query-input\":{\"@type\":\"PropertyValueSpecification\",\"valueRequired\":true,\"valueName\":\"search_term_string\"}}],\"inLanguage\":\"es\"},{\"@type\":\"Person\",\"@id\":\"https:\\\/\\\/sindromecharge.es\\\/#\\\/schema\\\/person\\\/39a60ebe0a2b4d5a11179701e336b039\",\"name\":\"Charge\",\"image\":{\"@type\":\"ImageObject\",\"inLanguage\":\"es\",\"@id\":\"https:\\\/\\\/secure.gravatar.com\\\/avatar\\\/c3b46e32a0fc3b093a0873fb767bf3293de856293065e84ef06b7ec7a8acfb98?s=96&d=identicon&r=x\",\"url\":\"https:\\\/\\\/secure.gravatar.com\\\/avatar\\\/c3b46e32a0fc3b093a0873fb767bf3293de856293065e84ef06b7ec7a8acfb98?s=96&d=identicon&r=x\",\"contentUrl\":\"https:\\\/\\\/secure.gravatar.com\\\/avatar\\\/c3b46e32a0fc3b093a0873fb767bf3293de856293065e84ef06b7ec7a8acfb98?s=96&d=identicon&r=x\",\"caption\":\"Charge\"},\"url\":\"https:\\\/\\\/sindromecharge.es\\\/index.php\\\/author\\\/admin\\\/\"}]}<\/script>\n<!-- \/ Yoast SEO plugin. -->","yoast_head_json":{"title":"'Esto no me puede pasar a m\u00ed', un corto sobre el estigma que a\u00fan rodea la enfermedad mental: \"Falta cultura\" - Asociaci\u00f3n Espa\u00f1ola S\u00edndrome de Charge","robots":{"index":"index","follow":"follow","max-snippet":"max-snippet:-1","max-image-preview":"max-image-preview:large","max-video-preview":"max-video-preview:-1"},"canonical":"https:\/\/sindromecharge.es\/index.php\/2025\/02\/07\/esto-no-me-puede-pasar-mi-un-corto-sobre-estigma-que-rodea-enfermedad-mental-existe-le-puede-pasar-cualquiera\/","og_locale":"es_ES","og_type":"article","og_title":"'Esto no me puede pasar a m\u00ed', un corto sobre el estigma que a\u00fan rodea la enfermedad mental: \"Falta cultura\" - Asociaci\u00f3n Espa\u00f1ola S\u00edndrome de Charge","og_description":"La Fundaci\u00f3n Espa\u00f1ola de Psiquiatr\u00eda y Salud Mental ha realizado este corto, protagonizado por Fernando Guillen Cuervo, para concienciar sobre el desconocimiento que a\u00fan tiene la sociedad sobre las enfermedades mentales.","og_url":"https:\/\/sindromecharge.es\/index.php\/2025\/02\/07\/esto-no-me-puede-pasar-mi-un-corto-sobre-estigma-que-rodea-enfermedad-mental-existe-le-puede-pasar-cualquiera\/","og_site_name":"Asociaci\u00f3n Espa\u00f1ola S\u00edndrome de Charge","article_publisher":"https:\/\/www.facebook.com\/asociacionsindromecharge","article_published_time":"2025-02-07T05:40:57+00:00","og_image":[{"width":300,"height":98,"url":"https:\/\/sindromecharge.es\/wp-content\/uploads\/2013\/09\/logodecharge300x98.png","type":"image\/png"}],"author":"Charge","twitter_card":"summary_large_image","twitter_creator":"@sindromecharge","twitter_site":"@sindromecharge","twitter_misc":{"Escrito por":"Charge","Tiempo de lectura":"7 minutos"},"schema":{"@context":"https:\/\/schema.org","@graph":[{"@type":"Article","@id":"https:\/\/sindromecharge.es\/index.php\/2025\/02\/07\/esto-no-me-puede-pasar-mi-un-corto-sobre-estigma-que-rodea-enfermedad-mental-existe-le-puede-pasar-cualquiera\/#article","isPartOf":{"@id":"https:\/\/sindromecharge.es\/index.php\/2025\/02\/07\/esto-no-me-puede-pasar-mi-un-corto-sobre-estigma-que-rodea-enfermedad-mental-existe-le-puede-pasar-cualquiera\/"},"author":{"name":"Charge","@id":"https:\/\/sindromecharge.es\/#\/schema\/person\/39a60ebe0a2b4d5a11179701e336b039"},"headline":"&#8216;Esto no me puede pasar a m\u00ed&#8217;, un corto sobre el estigma que a\u00fan rodea la enfermedad mental: \u00abFalta cultura\u00bb","datePublished":"2025-02-07T05:40:57+00:00","mainEntityOfPage":{"@id":"https:\/\/sindromecharge.es\/index.php\/2025\/02\/07\/esto-no-me-puede-pasar-mi-un-corto-sobre-estigma-que-rodea-enfermedad-mental-existe-le-puede-pasar-cualquiera\/"},"wordCount":1459,"articleSection":["noticias"],"inLanguage":"es"},{"@type":"WebPage","@id":"https:\/\/sindromecharge.es\/index.php\/2025\/02\/07\/esto-no-me-puede-pasar-mi-un-corto-sobre-estigma-que-rodea-enfermedad-mental-existe-le-puede-pasar-cualquiera\/","url":"https:\/\/sindromecharge.es\/index.php\/2025\/02\/07\/esto-no-me-puede-pasar-mi-un-corto-sobre-estigma-que-rodea-enfermedad-mental-existe-le-puede-pasar-cualquiera\/","name":"'Esto no me puede pasar a m\u00ed', un corto sobre el estigma que a\u00fan rodea la enfermedad mental: \"Falta cultura\" - Asociaci\u00f3n Espa\u00f1ola S\u00edndrome de Charge","isPartOf":{"@id":"https:\/\/sindromecharge.es\/#website"},"datePublished":"2025-02-07T05:40:57+00:00","author":{"@id":"https:\/\/sindromecharge.es\/#\/schema\/person\/39a60ebe0a2b4d5a11179701e336b039"},"breadcrumb":{"@id":"https:\/\/sindromecharge.es\/index.php\/2025\/02\/07\/esto-no-me-puede-pasar-mi-un-corto-sobre-estigma-que-rodea-enfermedad-mental-existe-le-puede-pasar-cualquiera\/#breadcrumb"},"inLanguage":"es","potentialAction":[{"@type":"ReadAction","target":["https:\/\/sindromecharge.es\/index.php\/2025\/02\/07\/esto-no-me-puede-pasar-mi-un-corto-sobre-estigma-que-rodea-enfermedad-mental-existe-le-puede-pasar-cualquiera\/"]}]},{"@type":"BreadcrumbList","@id":"https:\/\/sindromecharge.es\/index.php\/2025\/02\/07\/esto-no-me-puede-pasar-mi-un-corto-sobre-estigma-que-rodea-enfermedad-mental-existe-le-puede-pasar-cualquiera\/#breadcrumb","itemListElement":[{"@type":"ListItem","position":1,"name":"Portada","item":"https:\/\/sindromecharge.es\/"},{"@type":"ListItem","position":2,"name":"&#8216;Esto no me puede pasar a m\u00ed&#8217;, un corto sobre el estigma que a\u00fan rodea la enfermedad mental: &#8220;Falta cultura&#8221;"}]},{"@type":"WebSite","@id":"https:\/\/sindromecharge.es\/#website","url":"https:\/\/sindromecharge.es\/","name":"Asociaci\u00f3n Espa\u00f1ola S\u00edndrome de Charge","description":"","potentialAction":[{"@type":"SearchAction","target":{"@type":"EntryPoint","urlTemplate":"https:\/\/sindromecharge.es\/?s={search_term_string}"},"query-input":{"@type":"PropertyValueSpecification","valueRequired":true,"valueName":"search_term_string"}}],"inLanguage":"es"},{"@type":"Person","@id":"https:\/\/sindromecharge.es\/#\/schema\/person\/39a60ebe0a2b4d5a11179701e336b039","name":"Charge","image":{"@type":"ImageObject","inLanguage":"es","@id":"https:\/\/secure.gravatar.com\/avatar\/c3b46e32a0fc3b093a0873fb767bf3293de856293065e84ef06b7ec7a8acfb98?s=96&d=identicon&r=x","url":"https:\/\/secure.gravatar.com\/avatar\/c3b46e32a0fc3b093a0873fb767bf3293de856293065e84ef06b7ec7a8acfb98?s=96&d=identicon&r=x","contentUrl":"https:\/\/secure.gravatar.com\/avatar\/c3b46e32a0fc3b093a0873fb767bf3293de856293065e84ef06b7ec7a8acfb98?s=96&d=identicon&r=x","caption":"Charge"},"url":"https:\/\/sindromecharge.es\/index.php\/author\/admin\/"}]}},"_links":{"self":[{"href":"https:\/\/sindromecharge.es\/index.php\/wp-json\/wp\/v2\/posts\/10802","targetHints":{"allow":["GET"]}}],"collection":[{"href":"https:\/\/sindromecharge.es\/index.php\/wp-json\/wp\/v2\/posts"}],"about":[{"href":"https:\/\/sindromecharge.es\/index.php\/wp-json\/wp\/v2\/types\/post"}],"author":[{"embeddable":true,"href":"https:\/\/sindromecharge.es\/index.php\/wp-json\/wp\/v2\/users\/1"}],"replies":[{"embeddable":true,"href":"https:\/\/sindromecharge.es\/index.php\/wp-json\/wp\/v2\/comments?post=10802"}],"version-history":[{"count":0,"href":"https:\/\/sindromecharge.es\/index.php\/wp-json\/wp\/v2\/posts\/10802\/revisions"}],"wp:attachment":[{"href":"https:\/\/sindromecharge.es\/index.php\/wp-json\/wp\/v2\/media?parent=10802"}],"wp:term":[{"taxonomy":"category","embeddable":true,"href":"https:\/\/sindromecharge.es\/index.php\/wp-json\/wp\/v2\/categories?post=10802"},{"taxonomy":"post_tag","embeddable":true,"href":"https:\/\/sindromecharge.es\/index.php\/wp-json\/wp\/v2\/tags?post=10802"}],"curies":[{"name":"wp","href":"https:\/\/api.w.org\/{rel}","templated":true}]}}