{"id":10799,"date":"2025-02-06T07:14:55","date_gmt":"2025-02-06T07:14:55","guid":{"rendered":"https:\/\/sindromecharge.es\/index.php\/2025\/02\/06\/un-adolescente-con-primer-exoesqueleto-pediatrico-acompanara-los-goya-equipo-buffalo-kids\/"},"modified":"2025-02-06T07:14:55","modified_gmt":"2025-02-06T07:14:55","slug":"un-adolescente-con-primer-exoesqueleto-pediatrico-acompanara-los-goya-equipo-buffalo-kids","status":"publish","type":"post","link":"https:\/\/sindromecharge.es\/index.php\/2025\/02\/06\/un-adolescente-con-primer-exoesqueleto-pediatrico-acompanara-los-goya-equipo-buffalo-kids\/","title":{"rendered":"Un adolescente con el primer exoesqueleto pedi\u00e1trico acompa\u00f1ar\u00e1 en los Goya al equipo de &#8216;Buffalo Kids&#8217;"},"content":{"rendered":"<p>Leemos en Discapacidad la siguiente noticia que os reproducimos de forma \u00edntegra: <\/p>\n<div>\n<p>La alfombra roja de los<b> 39\u00ba Premios Goya<\/b>, que se entregan este s\u00e1bado en el Palacio de Congresos de Granada, contar\u00e1 con<b> un ni\u00f1o de 14 a\u00f1os usuario del considerado como primer exoesqueleto pedi\u00e1trico del mundo<\/b>, junto con el equipo de &#8216;<b>Buffalo Kids<\/b>&#8216;, la pel\u00edcula de animaci\u00f3n que cuenta la<b> historia de Nick<\/b>, un ni\u00f1o con <a href=\"https:\/\/www.20minutos.es\/minuteca\/paralisis-cerebral\/\" title=\"Par\u00e1lisis cerebral\" target=\"_blank\">par\u00e1lisis cerebral <\/a>que sue\u00f1a con ser vaquero, con dos nominaciones en los galardones de la Academia del Cine este 2025.<\/p>\n<p>Seg\u00fan ha informado en una nota de prensa la empresa Marsi Bionics, ser\u00e1 el escenario en el que \u00abcine y tecnolog\u00eda se dar\u00e1n la mano\u00bb en \u00abuna acci\u00f3n sin precedentes que <b>pone el foco en la inclusi\u00f3n social de los ni\u00f1os con discapacidad\u00bb.<\/b><\/p>\n<p>Se trata de \u00abdar visibilidad a la<a href=\"https:\/\/www.20minutos.es\/minuteca\/inclusion\/\" title=\"Inclusi\u00f3n\" target=\"_blank\"> inclusi\u00f3n<\/a> de los peque\u00f1os con discapacidad mot\u00f3rica\u00bb en la alfombra roja de los Goya. \u00abSer\u00e1n peque\u00f1os grandes pasos para Jorge, pero <b>un paso hist\u00f3rico para miles y miles de ni\u00f1os con discapacidad<\/b> y sus familias que ser\u00e1n testigos de un mensaje de esperanza y cambio\u00bb, han agregado desde Marsi Bionics.<\/p>\n<p>Este adolescente est\u00e1 diagnosticado con <b>una anomal\u00eda en el gen GNB1<\/b>, y \u00abmostrar\u00e1 con su exoesqueleto c\u00f3mo la tecnolog\u00eda puede hacer realidad cosas imposibles, como volver a caminar, y tender puentes para dar visibilidad a patolog\u00edas raras como la suya, que afecta a cien personas en todo el mundo\u00bb, 18 de ellas en Espa\u00f1a.<\/p>\n<p><b>El exoesqueleto Atlas 2030<\/b>, desarrollado por esta empresa espa\u00f1ola desde la investigaci\u00f3n conjunta entre el Consejo Superior de Investigaciones Cient\u00edficas (<a href=\"https:\/\/www.20minutos.es\/minuteca\/csic\/\" title=\"CSIC\" target=\"_blank\">CSIC<\/a>) y la Universidad Polit\u00e9cnica de Madrid (UPM), es un dispositivo pionero que ha innovado el concepto de <b>rehabilitaci\u00f3n y la movilidad<\/b>. Su avanzada tecnolog\u00ed<b>a permite \u00abponerse de pie y caminar a ni\u00f1os que nunca han podido hacerlo <\/b>o han perdido esa capacidad a causa de enfermedades como la par\u00e1lisis cerebral o la atrofia muscular espinal\u00bb.<\/p>\n<p>Seg\u00fan la empresa, se trata de un caso de \u00e9xito \u00abcien por cien\u00bb de la transferencia del conocimiento en Espa\u00f1a, y que nace de la investigaci\u00f3n p\u00fablica, en el Centro de Autom\u00e1tica y Rob\u00f3tica (CSIC y UPM).<\/p>\n<p>Fue en 2013 cuando la cient\u00edfica Elena Garc\u00eda Armada creaba Marsi Bionics para llevar esta tecnolog\u00eda a las familias. El CSIC forma parte de ella y es tambi\u00e9n el titular de la patente del exoesqueleto.<\/p>\n<\/div>\n<p>Fuente: Discapacidad https:\/\/www.20minutos.es\/noticia\/5679718\/0\/un-adolescente-con-primer-exoesqueleto-pediatrico-acompanara-los-goya-equipo-buffalo-kids\/<\/p>\n","protected":false},"excerpt":{"rendered":"<p>El objetivo es \u00abdar visibilidad a la inclusi\u00f3n de los ni\u00f1os con discapacidad motora\u00bb en la alfombra roja de los Goya.<\/p>\n","protected":false},"author":1,"featured_media":0,"comment_status":"closed","ping_status":"closed","sticky":false,"template":"","format":"standard","meta":{"footnotes":""},"categories":[8],"tags":[],"class_list":["post-10799","post","type-post","status-publish","format-standard","hentry","category-noticias"],"yoast_head":"<!-- This site is optimized with the Yoast SEO plugin v27.4 - https:\/\/yoast.com\/product\/yoast-seo-wordpress\/ -->\n<title>Un adolescente con el primer exoesqueleto pedi\u00e1trico acompa\u00f1ar\u00e1 en los Goya al equipo de &#039;Buffalo Kids&#039; - Asociaci\u00f3n Espa\u00f1ola S\u00edndrome de Charge<\/title>\n<meta name=\"robots\" content=\"index, follow, max-snippet:-1, max-image-preview:large, max-video-preview:-1\" \/>\n<link rel=\"canonical\" href=\"https:\/\/sindromecharge.es\/index.php\/2025\/02\/06\/un-adolescente-con-primer-exoesqueleto-pediatrico-acompanara-los-goya-equipo-buffalo-kids\/\" \/>\n<meta property=\"og:locale\" content=\"es_ES\" \/>\n<meta property=\"og:type\" content=\"article\" \/>\n<meta property=\"og:title\" content=\"Un adolescente con el primer exoesqueleto pedi\u00e1trico acompa\u00f1ar\u00e1 en los Goya al equipo de &#039;Buffalo Kids&#039; - Asociaci\u00f3n Espa\u00f1ola S\u00edndrome de Charge\" \/>\n<meta property=\"og:description\" content=\"El objetivo es \u00abdar visibilidad a la inclusi\u00f3n de los ni\u00f1os con discapacidad motora\u00bb en la alfombra roja de los Goya.\" \/>\n<meta property=\"og:url\" content=\"https:\/\/sindromecharge.es\/index.php\/2025\/02\/06\/un-adolescente-con-primer-exoesqueleto-pediatrico-acompanara-los-goya-equipo-buffalo-kids\/\" \/>\n<meta property=\"og:site_name\" content=\"Asociaci\u00f3n Espa\u00f1ola S\u00edndrome de Charge\" \/>\n<meta property=\"article:publisher\" content=\"https:\/\/www.facebook.com\/asociacionsindromecharge\" \/>\n<meta property=\"article:published_time\" content=\"2025-02-06T07:14:55+00:00\" \/>\n<meta property=\"og:image\" content=\"https:\/\/sindromecharge.es\/wp-content\/uploads\/2013\/09\/logodecharge300x98.png\" \/>\n\t<meta property=\"og:image:width\" content=\"300\" \/>\n\t<meta property=\"og:image:height\" content=\"98\" \/>\n\t<meta property=\"og:image:type\" content=\"image\/png\" \/>\n<meta name=\"author\" content=\"Charge\" \/>\n<meta name=\"twitter:card\" content=\"summary_large_image\" \/>\n<meta name=\"twitter:creator\" content=\"@sindromecharge\" \/>\n<meta name=\"twitter:site\" content=\"@sindromecharge\" \/>\n<meta name=\"twitter:label1\" content=\"Escrito por\" \/>\n\t<meta name=\"twitter:data1\" content=\"Charge\" \/>\n\t<meta name=\"twitter:label2\" content=\"Tiempo de lectura\" \/>\n\t<meta name=\"twitter:data2\" content=\"2 minutos\" \/>\n<script type=\"application\/ld+json\" class=\"yoast-schema-graph\">{\"@context\":\"https:\\\/\\\/schema.org\",\"@graph\":[{\"@type\":\"Article\",\"@id\":\"https:\\\/\\\/sindromecharge.es\\\/index.php\\\/2025\\\/02\\\/06\\\/un-adolescente-con-primer-exoesqueleto-pediatrico-acompanara-los-goya-equipo-buffalo-kids\\\/#article\",\"isPartOf\":{\"@id\":\"https:\\\/\\\/sindromecharge.es\\\/index.php\\\/2025\\\/02\\\/06\\\/un-adolescente-con-primer-exoesqueleto-pediatrico-acompanara-los-goya-equipo-buffalo-kids\\\/\"},\"author\":{\"name\":\"Charge\",\"@id\":\"https:\\\/\\\/sindromecharge.es\\\/#\\\/schema\\\/person\\\/39a60ebe0a2b4d5a11179701e336b039\"},\"headline\":\"Un adolescente con el primer exoesqueleto pedi\u00e1trico acompa\u00f1ar\u00e1 en los Goya al equipo de &#8216;Buffalo Kids&#8217;\",\"datePublished\":\"2025-02-06T07:14:55+00:00\",\"mainEntityOfPage\":{\"@id\":\"https:\\\/\\\/sindromecharge.es\\\/index.php\\\/2025\\\/02\\\/06\\\/un-adolescente-con-primer-exoesqueleto-pediatrico-acompanara-los-goya-equipo-buffalo-kids\\\/\"},\"wordCount\":456,\"articleSection\":[\"noticias\"],\"inLanguage\":\"es\"},{\"@type\":\"WebPage\",\"@id\":\"https:\\\/\\\/sindromecharge.es\\\/index.php\\\/2025\\\/02\\\/06\\\/un-adolescente-con-primer-exoesqueleto-pediatrico-acompanara-los-goya-equipo-buffalo-kids\\\/\",\"url\":\"https:\\\/\\\/sindromecharge.es\\\/index.php\\\/2025\\\/02\\\/06\\\/un-adolescente-con-primer-exoesqueleto-pediatrico-acompanara-los-goya-equipo-buffalo-kids\\\/\",\"name\":\"Un adolescente con el primer exoesqueleto pedi\u00e1trico acompa\u00f1ar\u00e1 en los Goya al equipo de 'Buffalo Kids' - Asociaci\u00f3n Espa\u00f1ola S\u00edndrome de Charge\",\"isPartOf\":{\"@id\":\"https:\\\/\\\/sindromecharge.es\\\/#website\"},\"datePublished\":\"2025-02-06T07:14:55+00:00\",\"author\":{\"@id\":\"https:\\\/\\\/sindromecharge.es\\\/#\\\/schema\\\/person\\\/39a60ebe0a2b4d5a11179701e336b039\"},\"breadcrumb\":{\"@id\":\"https:\\\/\\\/sindromecharge.es\\\/index.php\\\/2025\\\/02\\\/06\\\/un-adolescente-con-primer-exoesqueleto-pediatrico-acompanara-los-goya-equipo-buffalo-kids\\\/#breadcrumb\"},\"inLanguage\":\"es\",\"potentialAction\":[{\"@type\":\"ReadAction\",\"target\":[\"https:\\\/\\\/sindromecharge.es\\\/index.php\\\/2025\\\/02\\\/06\\\/un-adolescente-con-primer-exoesqueleto-pediatrico-acompanara-los-goya-equipo-buffalo-kids\\\/\"]}]},{\"@type\":\"BreadcrumbList\",\"@id\":\"https:\\\/\\\/sindromecharge.es\\\/index.php\\\/2025\\\/02\\\/06\\\/un-adolescente-con-primer-exoesqueleto-pediatrico-acompanara-los-goya-equipo-buffalo-kids\\\/#breadcrumb\",\"itemListElement\":[{\"@type\":\"ListItem\",\"position\":1,\"name\":\"Portada\",\"item\":\"https:\\\/\\\/sindromecharge.es\\\/\"},{\"@type\":\"ListItem\",\"position\":2,\"name\":\"Un adolescente con el primer exoesqueleto pedi\u00e1trico acompa\u00f1ar\u00e1 en los Goya al equipo de &#8216;Buffalo Kids&#8217;\"}]},{\"@type\":\"WebSite\",\"@id\":\"https:\\\/\\\/sindromecharge.es\\\/#website\",\"url\":\"https:\\\/\\\/sindromecharge.es\\\/\",\"name\":\"Asociaci\u00f3n Espa\u00f1ola S\u00edndrome de Charge\",\"description\":\"\",\"potentialAction\":[{\"@type\":\"SearchAction\",\"target\":{\"@type\":\"EntryPoint\",\"urlTemplate\":\"https:\\\/\\\/sindromecharge.es\\\/?s={search_term_string}\"},\"query-input\":{\"@type\":\"PropertyValueSpecification\",\"valueRequired\":true,\"valueName\":\"search_term_string\"}}],\"inLanguage\":\"es\"},{\"@type\":\"Person\",\"@id\":\"https:\\\/\\\/sindromecharge.es\\\/#\\\/schema\\\/person\\\/39a60ebe0a2b4d5a11179701e336b039\",\"name\":\"Charge\",\"image\":{\"@type\":\"ImageObject\",\"inLanguage\":\"es\",\"@id\":\"https:\\\/\\\/secure.gravatar.com\\\/avatar\\\/c3b46e32a0fc3b093a0873fb767bf3293de856293065e84ef06b7ec7a8acfb98?s=96&d=identicon&r=x\",\"url\":\"https:\\\/\\\/secure.gravatar.com\\\/avatar\\\/c3b46e32a0fc3b093a0873fb767bf3293de856293065e84ef06b7ec7a8acfb98?s=96&d=identicon&r=x\",\"contentUrl\":\"https:\\\/\\\/secure.gravatar.com\\\/avatar\\\/c3b46e32a0fc3b093a0873fb767bf3293de856293065e84ef06b7ec7a8acfb98?s=96&d=identicon&r=x\",\"caption\":\"Charge\"},\"url\":\"https:\\\/\\\/sindromecharge.es\\\/index.php\\\/author\\\/admin\\\/\"}]}<\/script>\n<!-- \/ Yoast SEO plugin. -->","yoast_head_json":{"title":"Un adolescente con el primer exoesqueleto pedi\u00e1trico acompa\u00f1ar\u00e1 en los Goya al equipo de 'Buffalo Kids' - Asociaci\u00f3n Espa\u00f1ola S\u00edndrome de Charge","robots":{"index":"index","follow":"follow","max-snippet":"max-snippet:-1","max-image-preview":"max-image-preview:large","max-video-preview":"max-video-preview:-1"},"canonical":"https:\/\/sindromecharge.es\/index.php\/2025\/02\/06\/un-adolescente-con-primer-exoesqueleto-pediatrico-acompanara-los-goya-equipo-buffalo-kids\/","og_locale":"es_ES","og_type":"article","og_title":"Un adolescente con el primer exoesqueleto pedi\u00e1trico acompa\u00f1ar\u00e1 en los Goya al equipo de 'Buffalo Kids' - Asociaci\u00f3n Espa\u00f1ola S\u00edndrome de Charge","og_description":"El objetivo es \u00abdar visibilidad a la inclusi\u00f3n de los ni\u00f1os con discapacidad motora\u00bb en la alfombra roja de los Goya.","og_url":"https:\/\/sindromecharge.es\/index.php\/2025\/02\/06\/un-adolescente-con-primer-exoesqueleto-pediatrico-acompanara-los-goya-equipo-buffalo-kids\/","og_site_name":"Asociaci\u00f3n Espa\u00f1ola S\u00edndrome de Charge","article_publisher":"https:\/\/www.facebook.com\/asociacionsindromecharge","article_published_time":"2025-02-06T07:14:55+00:00","og_image":[{"width":300,"height":98,"url":"https:\/\/sindromecharge.es\/wp-content\/uploads\/2013\/09\/logodecharge300x98.png","type":"image\/png"}],"author":"Charge","twitter_card":"summary_large_image","twitter_creator":"@sindromecharge","twitter_site":"@sindromecharge","twitter_misc":{"Escrito por":"Charge","Tiempo de lectura":"2 minutos"},"schema":{"@context":"https:\/\/schema.org","@graph":[{"@type":"Article","@id":"https:\/\/sindromecharge.es\/index.php\/2025\/02\/06\/un-adolescente-con-primer-exoesqueleto-pediatrico-acompanara-los-goya-equipo-buffalo-kids\/#article","isPartOf":{"@id":"https:\/\/sindromecharge.es\/index.php\/2025\/02\/06\/un-adolescente-con-primer-exoesqueleto-pediatrico-acompanara-los-goya-equipo-buffalo-kids\/"},"author":{"name":"Charge","@id":"https:\/\/sindromecharge.es\/#\/schema\/person\/39a60ebe0a2b4d5a11179701e336b039"},"headline":"Un adolescente con el primer exoesqueleto pedi\u00e1trico acompa\u00f1ar\u00e1 en los Goya al equipo de &#8216;Buffalo Kids&#8217;","datePublished":"2025-02-06T07:14:55+00:00","mainEntityOfPage":{"@id":"https:\/\/sindromecharge.es\/index.php\/2025\/02\/06\/un-adolescente-con-primer-exoesqueleto-pediatrico-acompanara-los-goya-equipo-buffalo-kids\/"},"wordCount":456,"articleSection":["noticias"],"inLanguage":"es"},{"@type":"WebPage","@id":"https:\/\/sindromecharge.es\/index.php\/2025\/02\/06\/un-adolescente-con-primer-exoesqueleto-pediatrico-acompanara-los-goya-equipo-buffalo-kids\/","url":"https:\/\/sindromecharge.es\/index.php\/2025\/02\/06\/un-adolescente-con-primer-exoesqueleto-pediatrico-acompanara-los-goya-equipo-buffalo-kids\/","name":"Un adolescente con el primer exoesqueleto pedi\u00e1trico acompa\u00f1ar\u00e1 en los Goya al equipo de 'Buffalo Kids' - Asociaci\u00f3n Espa\u00f1ola S\u00edndrome de Charge","isPartOf":{"@id":"https:\/\/sindromecharge.es\/#website"},"datePublished":"2025-02-06T07:14:55+00:00","author":{"@id":"https:\/\/sindromecharge.es\/#\/schema\/person\/39a60ebe0a2b4d5a11179701e336b039"},"breadcrumb":{"@id":"https:\/\/sindromecharge.es\/index.php\/2025\/02\/06\/un-adolescente-con-primer-exoesqueleto-pediatrico-acompanara-los-goya-equipo-buffalo-kids\/#breadcrumb"},"inLanguage":"es","potentialAction":[{"@type":"ReadAction","target":["https:\/\/sindromecharge.es\/index.php\/2025\/02\/06\/un-adolescente-con-primer-exoesqueleto-pediatrico-acompanara-los-goya-equipo-buffalo-kids\/"]}]},{"@type":"BreadcrumbList","@id":"https:\/\/sindromecharge.es\/index.php\/2025\/02\/06\/un-adolescente-con-primer-exoesqueleto-pediatrico-acompanara-los-goya-equipo-buffalo-kids\/#breadcrumb","itemListElement":[{"@type":"ListItem","position":1,"name":"Portada","item":"https:\/\/sindromecharge.es\/"},{"@type":"ListItem","position":2,"name":"Un adolescente con el primer exoesqueleto pedi\u00e1trico acompa\u00f1ar\u00e1 en los Goya al equipo de &#8216;Buffalo Kids&#8217;"}]},{"@type":"WebSite","@id":"https:\/\/sindromecharge.es\/#website","url":"https:\/\/sindromecharge.es\/","name":"Asociaci\u00f3n Espa\u00f1ola S\u00edndrome de Charge","description":"","potentialAction":[{"@type":"SearchAction","target":{"@type":"EntryPoint","urlTemplate":"https:\/\/sindromecharge.es\/?s={search_term_string}"},"query-input":{"@type":"PropertyValueSpecification","valueRequired":true,"valueName":"search_term_string"}}],"inLanguage":"es"},{"@type":"Person","@id":"https:\/\/sindromecharge.es\/#\/schema\/person\/39a60ebe0a2b4d5a11179701e336b039","name":"Charge","image":{"@type":"ImageObject","inLanguage":"es","@id":"https:\/\/secure.gravatar.com\/avatar\/c3b46e32a0fc3b093a0873fb767bf3293de856293065e84ef06b7ec7a8acfb98?s=96&d=identicon&r=x","url":"https:\/\/secure.gravatar.com\/avatar\/c3b46e32a0fc3b093a0873fb767bf3293de856293065e84ef06b7ec7a8acfb98?s=96&d=identicon&r=x","contentUrl":"https:\/\/secure.gravatar.com\/avatar\/c3b46e32a0fc3b093a0873fb767bf3293de856293065e84ef06b7ec7a8acfb98?s=96&d=identicon&r=x","caption":"Charge"},"url":"https:\/\/sindromecharge.es\/index.php\/author\/admin\/"}]}},"_links":{"self":[{"href":"https:\/\/sindromecharge.es\/index.php\/wp-json\/wp\/v2\/posts\/10799","targetHints":{"allow":["GET"]}}],"collection":[{"href":"https:\/\/sindromecharge.es\/index.php\/wp-json\/wp\/v2\/posts"}],"about":[{"href":"https:\/\/sindromecharge.es\/index.php\/wp-json\/wp\/v2\/types\/post"}],"author":[{"embeddable":true,"href":"https:\/\/sindromecharge.es\/index.php\/wp-json\/wp\/v2\/users\/1"}],"replies":[{"embeddable":true,"href":"https:\/\/sindromecharge.es\/index.php\/wp-json\/wp\/v2\/comments?post=10799"}],"version-history":[{"count":0,"href":"https:\/\/sindromecharge.es\/index.php\/wp-json\/wp\/v2\/posts\/10799\/revisions"}],"wp:attachment":[{"href":"https:\/\/sindromecharge.es\/index.php\/wp-json\/wp\/v2\/media?parent=10799"}],"wp:term":[{"taxonomy":"category","embeddable":true,"href":"https:\/\/sindromecharge.es\/index.php\/wp-json\/wp\/v2\/categories?post=10799"},{"taxonomy":"post_tag","embeddable":true,"href":"https:\/\/sindromecharge.es\/index.php\/wp-json\/wp\/v2\/tags?post=10799"}],"curies":[{"name":"wp","href":"https:\/\/api.w.org\/{rel}","templated":true}]}}