{"id":10798,"date":"2025-02-06T06:59:31","date_gmt":"2025-02-06T06:59:31","guid":{"rendered":"https:\/\/sindromecharge.es\/index.php\/2025\/02\/06\/ceafa-lamenta-que-demencia-este-incluida-ley-ela-pide-una-atencion-especifica\/"},"modified":"2025-02-06T06:59:31","modified_gmt":"2025-02-06T06:59:31","slug":"ceafa-lamenta-que-demencia-este-incluida-ley-ela-pide-una-atencion-especifica","status":"publish","type":"post","link":"https:\/\/sindromecharge.es\/index.php\/2025\/02\/06\/ceafa-lamenta-que-demencia-este-incluida-ley-ela-pide-una-atencion-especifica\/","title":{"rendered":"Asociaciones de pacientes lamentan que la demencia est\u00e9 incluida en la &#8216;Ley ELA&#8217;: \u00abRequiere medidas espec\u00edficas\u00bb"},"content":{"rendered":"<p>Leemos en Discapacidad la siguiente noticia que os reproducimos de forma \u00edntegra: <\/p>\n<div>\n<p>La <b>Confederaci\u00f3n Espa\u00f1ola de Alzheimer y otras Demencias (CEAFA)<\/b> se ha mostrado \u00abcompletamente a favor\u00bb de la aprobaci\u00f3n de la <b>Ley ELA<\/b>, sin embargo, ha lamentado que la demencia est\u00e9 incluida en \u00abel caj\u00f3n de sastre\u00bb de enfermedades a las que se aplicar\u00e1 la norma, ya que considera que cada patolog\u00eda <b>\u00abrequiere medidas espec\u00edficas\u00bb.<\/b><\/p>\n<p>En el marco de la consulta p\u00fablica previa sobre el Proyecto de Real Decreto por el que se desarrolla la <b>Ley 3\/2024<\/b>, de 30 de octubre, para mejorar la calidad de vida de personas con <a href=\"https:\/\/www.20minutos.es\/minuteca\/ela-esclerosis-lateral-amiotrofica\/\" title=\"ELA - Esclerosis lateral amiotr\u00f3fica\" target=\"_blank\">Esclerosis Lateral Amiotr\u00f3fica<\/a> y otras enfermedades o procesos de alta complejidad y curso irreversible, la Confederaci\u00f3n ha mostrado su descontento con que la demencia est\u00e9 incluida en la norma.<\/p>\n<p>\u00abLos recursos que contempla son espec\u00edficos para la ELA, y tratar de incluir otras enfermedades <b>puede no resultar adecuado<\/b>, m\u00e1xime cuando los aspectos de la Ley que podr\u00edan beneficiar a las personas afectadas por demencia vienen determinados por reformas de otras normas, como la de discapacidad o la de dependencia, que deben ser reformuladas con independencia de que entre o no en vigor la Ley ELA\u00bb, ha se\u00f1alado CEAFA en un comunicado.<\/p>\n<p>Adem\u00e1s, la Confederaci\u00f3n cree que incluir en la Ley otras patolog\u00edas distintas a la ELA va a \u00abderivar la atenci\u00f3n\u00bb a las necesidades espec\u00edficas que estos pacientes requieren y, por lo tanto <b>\u00abla norma, su alcance, no va a ser todo lo efectivo que cabr\u00eda desear\u00bb.<\/b><\/p>\n<p>En concreto, CEAFA ha cuestionado los criterios que el proyecto de Real Decreto<b> establece para considerar la inclusi\u00f3n en el listado <\/b>de nuevas enfermedades.<\/p>\n<p>Uno de estos criterios es <b>tener una condici\u00f3n irreversible y con una reducci\u00f3n significativa de supervivencia<\/b>. En este punto, CEAFA justifica que la demencia es una condici\u00f3n irreversible \u00abcon una evoluci\u00f3n altamente cambiante e impredecible, dependiente de factores como la edad\u00bb: \u00abPor lo tanto, no se cumplir\u00eda fielmente la segunda condici\u00f3n tal y como est\u00e1 redactada, raz\u00f3n por la cual<b> no encajar\u00eda en ese caj\u00f3n de sastre propuesto por la Ley<\/b>\u00ab, explican desde CEAFA.<\/p>\n<p>Por todo ello, la Confederaci\u00f3n ha reclamado<b> una atenci\u00f3n espec\u00edfica a la demencia<\/b>, \u00absin meterla en un caj\u00f3n de sastre en el que sus necesidades y especificidad quedan diluidas entre aquellas otras de colectivos m\u00e1s reconocidos por la administraci\u00f3n\u00bb.<\/p>\n<p>Asimismo, demanda <b>la elaboraci\u00f3n de un plan de acci\u00f3n especifico<\/b> \u00abpara los casi cinco millones de personas que viven alrededor de la demencia,<b> un plan nacional de Alzheimer,<\/b> tal como sugiere y recomienda la Organizaci\u00f3n Mundial de la Salud\u00bb.<\/p>\n<p>Por otra parte, CEAFA tambi\u00e9n<b> ha lamentado que no se ha dotado a la Ley ELA con los recursos presupuestarios necesarios <\/b>que \u00abtan claramente fueron presentados y definidos en el texto aprobado por las Cortes\u00bb.<\/p>\n<p>\u00abUna Ley, por muy buena que sea en su redacci\u00f3n,<b> dif\u00edcilmente cumplir\u00e1 objetivos si carece de los medios necesarios <\/b>para ello, y en estos tiempos en los que parece realmente dif\u00edcil contar con Presupuestos Generales del Estado, la situaci\u00f3n de las personas con ELA se va a ver agravada a\u00fan m\u00e1s tras la satisfacci\u00f3n l\u00f3gica que mostraron en el momento de la aprobaci\u00f3n de la Ley\u00bb, ha manifestado CEAFA.<\/p>\n<\/div>\n<p>Fuente: Discapacidad https:\/\/www.20minutos.es\/noticia\/5679717\/0\/ceafa-lamenta-que-demencia-este-incluida-ley-ela-pide-una-atencion-especifica\/<\/p>\n","protected":false},"excerpt":{"rendered":"<p>Tambi\u00e9n lamentan que no se ha dotado a la Ley ELA con los recursos presupuestarios necesarios.<\/p>\n","protected":false},"author":1,"featured_media":0,"comment_status":"closed","ping_status":"closed","sticky":false,"template":"","format":"standard","meta":{"footnotes":""},"categories":[8],"tags":[],"class_list":["post-10798","post","type-post","status-publish","format-standard","hentry","category-noticias"],"yoast_head":"<!-- This site is optimized with the Yoast SEO plugin v27.4 - https:\/\/yoast.com\/product\/yoast-seo-wordpress\/ -->\n<title>Asociaciones de pacientes lamentan que la demencia est\u00e9 incluida en la &#039;Ley ELA&#039;: &quot;Requiere medidas espec\u00edficas&quot; - Asociaci\u00f3n Espa\u00f1ola S\u00edndrome de Charge<\/title>\n<meta name=\"robots\" content=\"index, follow, max-snippet:-1, max-image-preview:large, max-video-preview:-1\" \/>\n<link rel=\"canonical\" href=\"https:\/\/sindromecharge.es\/index.php\/2025\/02\/06\/ceafa-lamenta-que-demencia-este-incluida-ley-ela-pide-una-atencion-especifica\/\" \/>\n<meta property=\"og:locale\" content=\"es_ES\" \/>\n<meta property=\"og:type\" content=\"article\" \/>\n<meta property=\"og:title\" content=\"Asociaciones de pacientes lamentan que la demencia est\u00e9 incluida en la &#039;Ley ELA&#039;: &quot;Requiere medidas espec\u00edficas&quot; - Asociaci\u00f3n Espa\u00f1ola S\u00edndrome de Charge\" \/>\n<meta property=\"og:description\" content=\"Tambi\u00e9n lamentan que no se ha dotado a la Ley ELA con los recursos presupuestarios necesarios.\" \/>\n<meta property=\"og:url\" content=\"https:\/\/sindromecharge.es\/index.php\/2025\/02\/06\/ceafa-lamenta-que-demencia-este-incluida-ley-ela-pide-una-atencion-especifica\/\" \/>\n<meta property=\"og:site_name\" content=\"Asociaci\u00f3n Espa\u00f1ola S\u00edndrome de Charge\" \/>\n<meta property=\"article:publisher\" content=\"https:\/\/www.facebook.com\/asociacionsindromecharge\" \/>\n<meta property=\"article:published_time\" content=\"2025-02-06T06:59:31+00:00\" \/>\n<meta property=\"og:image\" content=\"https:\/\/sindromecharge.es\/wp-content\/uploads\/2013\/09\/logodecharge300x98.png\" \/>\n\t<meta property=\"og:image:width\" content=\"300\" \/>\n\t<meta property=\"og:image:height\" content=\"98\" \/>\n\t<meta property=\"og:image:type\" content=\"image\/png\" \/>\n<meta name=\"author\" content=\"Charge\" \/>\n<meta name=\"twitter:card\" content=\"summary_large_image\" \/>\n<meta name=\"twitter:creator\" content=\"@sindromecharge\" \/>\n<meta name=\"twitter:site\" content=\"@sindromecharge\" \/>\n<meta name=\"twitter:label1\" content=\"Escrito por\" \/>\n\t<meta name=\"twitter:data1\" content=\"Charge\" \/>\n\t<meta name=\"twitter:label2\" content=\"Tiempo de lectura\" \/>\n\t<meta name=\"twitter:data2\" content=\"3 minutos\" \/>\n<script type=\"application\/ld+json\" class=\"yoast-schema-graph\">{\"@context\":\"https:\\\/\\\/schema.org\",\"@graph\":[{\"@type\":\"Article\",\"@id\":\"https:\\\/\\\/sindromecharge.es\\\/index.php\\\/2025\\\/02\\\/06\\\/ceafa-lamenta-que-demencia-este-incluida-ley-ela-pide-una-atencion-especifica\\\/#article\",\"isPartOf\":{\"@id\":\"https:\\\/\\\/sindromecharge.es\\\/index.php\\\/2025\\\/02\\\/06\\\/ceafa-lamenta-que-demencia-este-incluida-ley-ela-pide-una-atencion-especifica\\\/\"},\"author\":{\"name\":\"Charge\",\"@id\":\"https:\\\/\\\/sindromecharge.es\\\/#\\\/schema\\\/person\\\/39a60ebe0a2b4d5a11179701e336b039\"},\"headline\":\"Asociaciones de pacientes lamentan que la demencia est\u00e9 incluida en la &#8216;Ley ELA&#8217;: \u00abRequiere medidas espec\u00edficas\u00bb\",\"datePublished\":\"2025-02-06T06:59:31+00:00\",\"mainEntityOfPage\":{\"@id\":\"https:\\\/\\\/sindromecharge.es\\\/index.php\\\/2025\\\/02\\\/06\\\/ceafa-lamenta-que-demencia-este-incluida-ley-ela-pide-una-atencion-especifica\\\/\"},\"wordCount\":599,\"articleSection\":[\"noticias\"],\"inLanguage\":\"es\"},{\"@type\":\"WebPage\",\"@id\":\"https:\\\/\\\/sindromecharge.es\\\/index.php\\\/2025\\\/02\\\/06\\\/ceafa-lamenta-que-demencia-este-incluida-ley-ela-pide-una-atencion-especifica\\\/\",\"url\":\"https:\\\/\\\/sindromecharge.es\\\/index.php\\\/2025\\\/02\\\/06\\\/ceafa-lamenta-que-demencia-este-incluida-ley-ela-pide-una-atencion-especifica\\\/\",\"name\":\"Asociaciones de pacientes lamentan que la demencia est\u00e9 incluida en la 'Ley ELA': \\\"Requiere medidas espec\u00edficas\\\" - Asociaci\u00f3n Espa\u00f1ola S\u00edndrome de Charge\",\"isPartOf\":{\"@id\":\"https:\\\/\\\/sindromecharge.es\\\/#website\"},\"datePublished\":\"2025-02-06T06:59:31+00:00\",\"author\":{\"@id\":\"https:\\\/\\\/sindromecharge.es\\\/#\\\/schema\\\/person\\\/39a60ebe0a2b4d5a11179701e336b039\"},\"breadcrumb\":{\"@id\":\"https:\\\/\\\/sindromecharge.es\\\/index.php\\\/2025\\\/02\\\/06\\\/ceafa-lamenta-que-demencia-este-incluida-ley-ela-pide-una-atencion-especifica\\\/#breadcrumb\"},\"inLanguage\":\"es\",\"potentialAction\":[{\"@type\":\"ReadAction\",\"target\":[\"https:\\\/\\\/sindromecharge.es\\\/index.php\\\/2025\\\/02\\\/06\\\/ceafa-lamenta-que-demencia-este-incluida-ley-ela-pide-una-atencion-especifica\\\/\"]}]},{\"@type\":\"BreadcrumbList\",\"@id\":\"https:\\\/\\\/sindromecharge.es\\\/index.php\\\/2025\\\/02\\\/06\\\/ceafa-lamenta-que-demencia-este-incluida-ley-ela-pide-una-atencion-especifica\\\/#breadcrumb\",\"itemListElement\":[{\"@type\":\"ListItem\",\"position\":1,\"name\":\"Portada\",\"item\":\"https:\\\/\\\/sindromecharge.es\\\/\"},{\"@type\":\"ListItem\",\"position\":2,\"name\":\"Asociaciones de pacientes lamentan que la demencia est\u00e9 incluida en la &#8216;Ley ELA&#8217;: &#8220;Requiere medidas espec\u00edficas&#8221;\"}]},{\"@type\":\"WebSite\",\"@id\":\"https:\\\/\\\/sindromecharge.es\\\/#website\",\"url\":\"https:\\\/\\\/sindromecharge.es\\\/\",\"name\":\"Asociaci\u00f3n Espa\u00f1ola S\u00edndrome de Charge\",\"description\":\"\",\"potentialAction\":[{\"@type\":\"SearchAction\",\"target\":{\"@type\":\"EntryPoint\",\"urlTemplate\":\"https:\\\/\\\/sindromecharge.es\\\/?s={search_term_string}\"},\"query-input\":{\"@type\":\"PropertyValueSpecification\",\"valueRequired\":true,\"valueName\":\"search_term_string\"}}],\"inLanguage\":\"es\"},{\"@type\":\"Person\",\"@id\":\"https:\\\/\\\/sindromecharge.es\\\/#\\\/schema\\\/person\\\/39a60ebe0a2b4d5a11179701e336b039\",\"name\":\"Charge\",\"image\":{\"@type\":\"ImageObject\",\"inLanguage\":\"es\",\"@id\":\"https:\\\/\\\/secure.gravatar.com\\\/avatar\\\/c3b46e32a0fc3b093a0873fb767bf3293de856293065e84ef06b7ec7a8acfb98?s=96&d=identicon&r=x\",\"url\":\"https:\\\/\\\/secure.gravatar.com\\\/avatar\\\/c3b46e32a0fc3b093a0873fb767bf3293de856293065e84ef06b7ec7a8acfb98?s=96&d=identicon&r=x\",\"contentUrl\":\"https:\\\/\\\/secure.gravatar.com\\\/avatar\\\/c3b46e32a0fc3b093a0873fb767bf3293de856293065e84ef06b7ec7a8acfb98?s=96&d=identicon&r=x\",\"caption\":\"Charge\"},\"url\":\"https:\\\/\\\/sindromecharge.es\\\/index.php\\\/author\\\/admin\\\/\"}]}<\/script>\n<!-- \/ Yoast SEO plugin. -->","yoast_head_json":{"title":"Asociaciones de pacientes lamentan que la demencia est\u00e9 incluida en la 'Ley ELA': \"Requiere medidas espec\u00edficas\" - Asociaci\u00f3n Espa\u00f1ola S\u00edndrome de Charge","robots":{"index":"index","follow":"follow","max-snippet":"max-snippet:-1","max-image-preview":"max-image-preview:large","max-video-preview":"max-video-preview:-1"},"canonical":"https:\/\/sindromecharge.es\/index.php\/2025\/02\/06\/ceafa-lamenta-que-demencia-este-incluida-ley-ela-pide-una-atencion-especifica\/","og_locale":"es_ES","og_type":"article","og_title":"Asociaciones de pacientes lamentan que la demencia est\u00e9 incluida en la 'Ley ELA': \"Requiere medidas espec\u00edficas\" - Asociaci\u00f3n Espa\u00f1ola S\u00edndrome de Charge","og_description":"Tambi\u00e9n lamentan que no se ha dotado a la Ley ELA con los recursos presupuestarios necesarios.","og_url":"https:\/\/sindromecharge.es\/index.php\/2025\/02\/06\/ceafa-lamenta-que-demencia-este-incluida-ley-ela-pide-una-atencion-especifica\/","og_site_name":"Asociaci\u00f3n Espa\u00f1ola S\u00edndrome de Charge","article_publisher":"https:\/\/www.facebook.com\/asociacionsindromecharge","article_published_time":"2025-02-06T06:59:31+00:00","og_image":[{"width":300,"height":98,"url":"https:\/\/sindromecharge.es\/wp-content\/uploads\/2013\/09\/logodecharge300x98.png","type":"image\/png"}],"author":"Charge","twitter_card":"summary_large_image","twitter_creator":"@sindromecharge","twitter_site":"@sindromecharge","twitter_misc":{"Escrito por":"Charge","Tiempo de lectura":"3 minutos"},"schema":{"@context":"https:\/\/schema.org","@graph":[{"@type":"Article","@id":"https:\/\/sindromecharge.es\/index.php\/2025\/02\/06\/ceafa-lamenta-que-demencia-este-incluida-ley-ela-pide-una-atencion-especifica\/#article","isPartOf":{"@id":"https:\/\/sindromecharge.es\/index.php\/2025\/02\/06\/ceafa-lamenta-que-demencia-este-incluida-ley-ela-pide-una-atencion-especifica\/"},"author":{"name":"Charge","@id":"https:\/\/sindromecharge.es\/#\/schema\/person\/39a60ebe0a2b4d5a11179701e336b039"},"headline":"Asociaciones de pacientes lamentan que la demencia est\u00e9 incluida en la &#8216;Ley ELA&#8217;: \u00abRequiere medidas espec\u00edficas\u00bb","datePublished":"2025-02-06T06:59:31+00:00","mainEntityOfPage":{"@id":"https:\/\/sindromecharge.es\/index.php\/2025\/02\/06\/ceafa-lamenta-que-demencia-este-incluida-ley-ela-pide-una-atencion-especifica\/"},"wordCount":599,"articleSection":["noticias"],"inLanguage":"es"},{"@type":"WebPage","@id":"https:\/\/sindromecharge.es\/index.php\/2025\/02\/06\/ceafa-lamenta-que-demencia-este-incluida-ley-ela-pide-una-atencion-especifica\/","url":"https:\/\/sindromecharge.es\/index.php\/2025\/02\/06\/ceafa-lamenta-que-demencia-este-incluida-ley-ela-pide-una-atencion-especifica\/","name":"Asociaciones de pacientes lamentan que la demencia est\u00e9 incluida en la 'Ley ELA': \"Requiere medidas espec\u00edficas\" - Asociaci\u00f3n Espa\u00f1ola S\u00edndrome de Charge","isPartOf":{"@id":"https:\/\/sindromecharge.es\/#website"},"datePublished":"2025-02-06T06:59:31+00:00","author":{"@id":"https:\/\/sindromecharge.es\/#\/schema\/person\/39a60ebe0a2b4d5a11179701e336b039"},"breadcrumb":{"@id":"https:\/\/sindromecharge.es\/index.php\/2025\/02\/06\/ceafa-lamenta-que-demencia-este-incluida-ley-ela-pide-una-atencion-especifica\/#breadcrumb"},"inLanguage":"es","potentialAction":[{"@type":"ReadAction","target":["https:\/\/sindromecharge.es\/index.php\/2025\/02\/06\/ceafa-lamenta-que-demencia-este-incluida-ley-ela-pide-una-atencion-especifica\/"]}]},{"@type":"BreadcrumbList","@id":"https:\/\/sindromecharge.es\/index.php\/2025\/02\/06\/ceafa-lamenta-que-demencia-este-incluida-ley-ela-pide-una-atencion-especifica\/#breadcrumb","itemListElement":[{"@type":"ListItem","position":1,"name":"Portada","item":"https:\/\/sindromecharge.es\/"},{"@type":"ListItem","position":2,"name":"Asociaciones de pacientes lamentan que la demencia est\u00e9 incluida en la &#8216;Ley ELA&#8217;: &#8220;Requiere medidas espec\u00edficas&#8221;"}]},{"@type":"WebSite","@id":"https:\/\/sindromecharge.es\/#website","url":"https:\/\/sindromecharge.es\/","name":"Asociaci\u00f3n Espa\u00f1ola S\u00edndrome de Charge","description":"","potentialAction":[{"@type":"SearchAction","target":{"@type":"EntryPoint","urlTemplate":"https:\/\/sindromecharge.es\/?s={search_term_string}"},"query-input":{"@type":"PropertyValueSpecification","valueRequired":true,"valueName":"search_term_string"}}],"inLanguage":"es"},{"@type":"Person","@id":"https:\/\/sindromecharge.es\/#\/schema\/person\/39a60ebe0a2b4d5a11179701e336b039","name":"Charge","image":{"@type":"ImageObject","inLanguage":"es","@id":"https:\/\/secure.gravatar.com\/avatar\/c3b46e32a0fc3b093a0873fb767bf3293de856293065e84ef06b7ec7a8acfb98?s=96&d=identicon&r=x","url":"https:\/\/secure.gravatar.com\/avatar\/c3b46e32a0fc3b093a0873fb767bf3293de856293065e84ef06b7ec7a8acfb98?s=96&d=identicon&r=x","contentUrl":"https:\/\/secure.gravatar.com\/avatar\/c3b46e32a0fc3b093a0873fb767bf3293de856293065e84ef06b7ec7a8acfb98?s=96&d=identicon&r=x","caption":"Charge"},"url":"https:\/\/sindromecharge.es\/index.php\/author\/admin\/"}]}},"_links":{"self":[{"href":"https:\/\/sindromecharge.es\/index.php\/wp-json\/wp\/v2\/posts\/10798","targetHints":{"allow":["GET"]}}],"collection":[{"href":"https:\/\/sindromecharge.es\/index.php\/wp-json\/wp\/v2\/posts"}],"about":[{"href":"https:\/\/sindromecharge.es\/index.php\/wp-json\/wp\/v2\/types\/post"}],"author":[{"embeddable":true,"href":"https:\/\/sindromecharge.es\/index.php\/wp-json\/wp\/v2\/users\/1"}],"replies":[{"embeddable":true,"href":"https:\/\/sindromecharge.es\/index.php\/wp-json\/wp\/v2\/comments?post=10798"}],"version-history":[{"count":0,"href":"https:\/\/sindromecharge.es\/index.php\/wp-json\/wp\/v2\/posts\/10798\/revisions"}],"wp:attachment":[{"href":"https:\/\/sindromecharge.es\/index.php\/wp-json\/wp\/v2\/media?parent=10798"}],"wp:term":[{"taxonomy":"category","embeddable":true,"href":"https:\/\/sindromecharge.es\/index.php\/wp-json\/wp\/v2\/categories?post=10798"},{"taxonomy":"post_tag","embeddable":true,"href":"https:\/\/sindromecharge.es\/index.php\/wp-json\/wp\/v2\/tags?post=10798"}],"curies":[{"name":"wp","href":"https:\/\/api.w.org\/{rel}","templated":true}]}}