{"id":10797,"date":"2025-02-06T06:25:53","date_gmt":"2025-02-06T06:25:53","guid":{"rendered":"https:\/\/sindromecharge.es\/index.php\/2025\/02\/06\/neurogeriatria-puede-prevenir-hasta-50-los-casos-demencia-mundo-segun-dra-carmen-terron\/"},"modified":"2025-02-06T06:25:53","modified_gmt":"2025-02-06T06:25:53","slug":"neurogeriatria-puede-prevenir-hasta-50-los-casos-demencia-mundo-segun-dra-carmen-terron","status":"publish","type":"post","link":"https:\/\/sindromecharge.es\/index.php\/2025\/02\/06\/neurogeriatria-puede-prevenir-hasta-50-los-casos-demencia-mundo-segun-dra-carmen-terron\/","title":{"rendered":"Carmen Terr\u00f3n, neurogeriatra: \u00abEs posible prevenir hasta el 50% de los casos de demencia\u00bb"},"content":{"rendered":"<p>Leemos en Discapacidad la siguiente noticia que os reproducimos de forma \u00edntegra: <\/p>\n<div>\n<p>El envejecimiento de la poblaci\u00f3n ha convertido a las enfermedades neurol\u00f3gicas en <b>uno de los mayores retos sanitarios del siglo XXI<\/b>. En este contexto, la neurogeriatr\u00eda se posiciona como una disciplina esencial para garantizar el bienestar de las personas mayores. La Dra. Carmen Terr\u00f3n Cuadrado, coordinadora del Grupo de Estudio de Neurogeriatr\u00eda de la Sociedad Espa\u00f1ola de Neurolog\u00eda (SEN), realiza una labor pionera en prevenci\u00f3n, diagn\u00f3stico y tratamiento de patolog\u00edas como el Alzheimer, el Parkinson y el ictus. En esta entrevista, la Dra. Terr\u00f3n analiza los avances recientes, <b>el impacto de la detecci\u00f3n temprana y la importancia de un enfoque multidisciplinar<\/b> para mejorar la calidad de vida de los mayores.<\/p>\n<h1>Es vital desterrar la idea de que ciertos problemas de salud son inevitables solo por la edad<\/h1>\n<\/div>\n<p>Fuente: Discapacidad https:\/\/www.20minutos.es\/noticia\/5676490\/0\/neurogeriatria-puede-prevenir-hasta-50-los-casos-demencia-mundo-segun-dra-carmen-terron\/<\/p>\n","protected":false},"excerpt":{"rendered":"<p>La neurogeriatra se\u00f1ala los avances en prevenci\u00f3n que est\u00e1n revolucionando el cuidado de las personas mayores.<\/p>\n","protected":false},"author":1,"featured_media":0,"comment_status":"closed","ping_status":"closed","sticky":false,"template":"","format":"standard","meta":{"footnotes":""},"categories":[8],"tags":[],"class_list":["post-10797","post","type-post","status-publish","format-standard","hentry","category-noticias"],"yoast_head":"<!-- This site is optimized with the Yoast SEO plugin v27.4 - https:\/\/yoast.com\/product\/yoast-seo-wordpress\/ -->\n<title>Carmen Terr\u00f3n, neurogeriatra: &quot;Es posible prevenir hasta el 50% de los casos de demencia&quot; - Asociaci\u00f3n Espa\u00f1ola S\u00edndrome de Charge<\/title>\n<meta name=\"robots\" content=\"index, follow, max-snippet:-1, max-image-preview:large, max-video-preview:-1\" \/>\n<link rel=\"canonical\" href=\"https:\/\/sindromecharge.es\/index.php\/2025\/02\/06\/neurogeriatria-puede-prevenir-hasta-50-los-casos-demencia-mundo-segun-dra-carmen-terron\/\" \/>\n<meta property=\"og:locale\" content=\"es_ES\" \/>\n<meta property=\"og:type\" content=\"article\" \/>\n<meta property=\"og:title\" content=\"Carmen Terr\u00f3n, neurogeriatra: &quot;Es posible prevenir hasta el 50% de los casos de demencia&quot; - Asociaci\u00f3n Espa\u00f1ola S\u00edndrome de Charge\" \/>\n<meta property=\"og:description\" content=\"La neurogeriatra se\u00f1ala los avances en prevenci\u00f3n que est\u00e1n revolucionando el cuidado de las personas mayores.\" \/>\n<meta property=\"og:url\" content=\"https:\/\/sindromecharge.es\/index.php\/2025\/02\/06\/neurogeriatria-puede-prevenir-hasta-50-los-casos-demencia-mundo-segun-dra-carmen-terron\/\" \/>\n<meta property=\"og:site_name\" content=\"Asociaci\u00f3n Espa\u00f1ola S\u00edndrome de Charge\" \/>\n<meta property=\"article:publisher\" content=\"https:\/\/www.facebook.com\/asociacionsindromecharge\" \/>\n<meta property=\"article:published_time\" content=\"2025-02-06T06:25:53+00:00\" \/>\n<meta property=\"og:image\" content=\"https:\/\/sindromecharge.es\/wp-content\/uploads\/2013\/09\/logodecharge300x98.png\" \/>\n\t<meta property=\"og:image:width\" content=\"300\" \/>\n\t<meta property=\"og:image:height\" content=\"98\" \/>\n\t<meta property=\"og:image:type\" content=\"image\/png\" \/>\n<meta name=\"author\" content=\"Charge\" \/>\n<meta name=\"twitter:card\" content=\"summary_large_image\" \/>\n<meta name=\"twitter:creator\" content=\"@sindromecharge\" \/>\n<meta name=\"twitter:site\" content=\"@sindromecharge\" \/>\n<meta name=\"twitter:label1\" content=\"Escrito por\" \/>\n\t<meta name=\"twitter:data1\" content=\"Charge\" \/>\n\t<meta name=\"twitter:label2\" content=\"Tiempo de lectura\" \/>\n\t<meta name=\"twitter:data2\" content=\"1 minuto\" \/>\n<script type=\"application\/ld+json\" class=\"yoast-schema-graph\">{\"@context\":\"https:\\\/\\\/schema.org\",\"@graph\":[{\"@type\":\"Article\",\"@id\":\"https:\\\/\\\/sindromecharge.es\\\/index.php\\\/2025\\\/02\\\/06\\\/neurogeriatria-puede-prevenir-hasta-50-los-casos-demencia-mundo-segun-dra-carmen-terron\\\/#article\",\"isPartOf\":{\"@id\":\"https:\\\/\\\/sindromecharge.es\\\/index.php\\\/2025\\\/02\\\/06\\\/neurogeriatria-puede-prevenir-hasta-50-los-casos-demencia-mundo-segun-dra-carmen-terron\\\/\"},\"author\":{\"name\":\"Charge\",\"@id\":\"https:\\\/\\\/sindromecharge.es\\\/#\\\/schema\\\/person\\\/39a60ebe0a2b4d5a11179701e336b039\"},\"headline\":\"Carmen Terr\u00f3n, neurogeriatra: \u00abEs posible prevenir hasta el 50% de los casos de demencia\u00bb\",\"datePublished\":\"2025-02-06T06:25:53+00:00\",\"mainEntityOfPage\":{\"@id\":\"https:\\\/\\\/sindromecharge.es\\\/index.php\\\/2025\\\/02\\\/06\\\/neurogeriatria-puede-prevenir-hasta-50-los-casos-demencia-mundo-segun-dra-carmen-terron\\\/\"},\"wordCount\":174,\"articleSection\":[\"noticias\"],\"inLanguage\":\"es\"},{\"@type\":\"WebPage\",\"@id\":\"https:\\\/\\\/sindromecharge.es\\\/index.php\\\/2025\\\/02\\\/06\\\/neurogeriatria-puede-prevenir-hasta-50-los-casos-demencia-mundo-segun-dra-carmen-terron\\\/\",\"url\":\"https:\\\/\\\/sindromecharge.es\\\/index.php\\\/2025\\\/02\\\/06\\\/neurogeriatria-puede-prevenir-hasta-50-los-casos-demencia-mundo-segun-dra-carmen-terron\\\/\",\"name\":\"Carmen Terr\u00f3n, neurogeriatra: \\\"Es posible prevenir hasta el 50% de los casos de demencia\\\" - Asociaci\u00f3n Espa\u00f1ola S\u00edndrome de Charge\",\"isPartOf\":{\"@id\":\"https:\\\/\\\/sindromecharge.es\\\/#website\"},\"datePublished\":\"2025-02-06T06:25:53+00:00\",\"author\":{\"@id\":\"https:\\\/\\\/sindromecharge.es\\\/#\\\/schema\\\/person\\\/39a60ebe0a2b4d5a11179701e336b039\"},\"breadcrumb\":{\"@id\":\"https:\\\/\\\/sindromecharge.es\\\/index.php\\\/2025\\\/02\\\/06\\\/neurogeriatria-puede-prevenir-hasta-50-los-casos-demencia-mundo-segun-dra-carmen-terron\\\/#breadcrumb\"},\"inLanguage\":\"es\",\"potentialAction\":[{\"@type\":\"ReadAction\",\"target\":[\"https:\\\/\\\/sindromecharge.es\\\/index.php\\\/2025\\\/02\\\/06\\\/neurogeriatria-puede-prevenir-hasta-50-los-casos-demencia-mundo-segun-dra-carmen-terron\\\/\"]}]},{\"@type\":\"BreadcrumbList\",\"@id\":\"https:\\\/\\\/sindromecharge.es\\\/index.php\\\/2025\\\/02\\\/06\\\/neurogeriatria-puede-prevenir-hasta-50-los-casos-demencia-mundo-segun-dra-carmen-terron\\\/#breadcrumb\",\"itemListElement\":[{\"@type\":\"ListItem\",\"position\":1,\"name\":\"Portada\",\"item\":\"https:\\\/\\\/sindromecharge.es\\\/\"},{\"@type\":\"ListItem\",\"position\":2,\"name\":\"Carmen Terr\u00f3n, neurogeriatra: &#8220;Es posible prevenir hasta el 50% de los casos de demencia&#8221;\"}]},{\"@type\":\"WebSite\",\"@id\":\"https:\\\/\\\/sindromecharge.es\\\/#website\",\"url\":\"https:\\\/\\\/sindromecharge.es\\\/\",\"name\":\"Asociaci\u00f3n Espa\u00f1ola S\u00edndrome de Charge\",\"description\":\"\",\"potentialAction\":[{\"@type\":\"SearchAction\",\"target\":{\"@type\":\"EntryPoint\",\"urlTemplate\":\"https:\\\/\\\/sindromecharge.es\\\/?s={search_term_string}\"},\"query-input\":{\"@type\":\"PropertyValueSpecification\",\"valueRequired\":true,\"valueName\":\"search_term_string\"}}],\"inLanguage\":\"es\"},{\"@type\":\"Person\",\"@id\":\"https:\\\/\\\/sindromecharge.es\\\/#\\\/schema\\\/person\\\/39a60ebe0a2b4d5a11179701e336b039\",\"name\":\"Charge\",\"image\":{\"@type\":\"ImageObject\",\"inLanguage\":\"es\",\"@id\":\"https:\\\/\\\/secure.gravatar.com\\\/avatar\\\/c3b46e32a0fc3b093a0873fb767bf3293de856293065e84ef06b7ec7a8acfb98?s=96&d=identicon&r=x\",\"url\":\"https:\\\/\\\/secure.gravatar.com\\\/avatar\\\/c3b46e32a0fc3b093a0873fb767bf3293de856293065e84ef06b7ec7a8acfb98?s=96&d=identicon&r=x\",\"contentUrl\":\"https:\\\/\\\/secure.gravatar.com\\\/avatar\\\/c3b46e32a0fc3b093a0873fb767bf3293de856293065e84ef06b7ec7a8acfb98?s=96&d=identicon&r=x\",\"caption\":\"Charge\"},\"url\":\"https:\\\/\\\/sindromecharge.es\\\/index.php\\\/author\\\/admin\\\/\"}]}<\/script>\n<!-- \/ Yoast SEO plugin. -->","yoast_head_json":{"title":"Carmen Terr\u00f3n, neurogeriatra: \"Es posible prevenir hasta el 50% de los casos de demencia\" - Asociaci\u00f3n Espa\u00f1ola S\u00edndrome de Charge","robots":{"index":"index","follow":"follow","max-snippet":"max-snippet:-1","max-image-preview":"max-image-preview:large","max-video-preview":"max-video-preview:-1"},"canonical":"https:\/\/sindromecharge.es\/index.php\/2025\/02\/06\/neurogeriatria-puede-prevenir-hasta-50-los-casos-demencia-mundo-segun-dra-carmen-terron\/","og_locale":"es_ES","og_type":"article","og_title":"Carmen Terr\u00f3n, neurogeriatra: \"Es posible prevenir hasta el 50% de los casos de demencia\" - Asociaci\u00f3n Espa\u00f1ola S\u00edndrome de Charge","og_description":"La neurogeriatra se\u00f1ala los avances en prevenci\u00f3n que est\u00e1n revolucionando el cuidado de las personas mayores.","og_url":"https:\/\/sindromecharge.es\/index.php\/2025\/02\/06\/neurogeriatria-puede-prevenir-hasta-50-los-casos-demencia-mundo-segun-dra-carmen-terron\/","og_site_name":"Asociaci\u00f3n Espa\u00f1ola S\u00edndrome de Charge","article_publisher":"https:\/\/www.facebook.com\/asociacionsindromecharge","article_published_time":"2025-02-06T06:25:53+00:00","og_image":[{"width":300,"height":98,"url":"https:\/\/sindromecharge.es\/wp-content\/uploads\/2013\/09\/logodecharge300x98.png","type":"image\/png"}],"author":"Charge","twitter_card":"summary_large_image","twitter_creator":"@sindromecharge","twitter_site":"@sindromecharge","twitter_misc":{"Escrito por":"Charge","Tiempo de lectura":"1 minuto"},"schema":{"@context":"https:\/\/schema.org","@graph":[{"@type":"Article","@id":"https:\/\/sindromecharge.es\/index.php\/2025\/02\/06\/neurogeriatria-puede-prevenir-hasta-50-los-casos-demencia-mundo-segun-dra-carmen-terron\/#article","isPartOf":{"@id":"https:\/\/sindromecharge.es\/index.php\/2025\/02\/06\/neurogeriatria-puede-prevenir-hasta-50-los-casos-demencia-mundo-segun-dra-carmen-terron\/"},"author":{"name":"Charge","@id":"https:\/\/sindromecharge.es\/#\/schema\/person\/39a60ebe0a2b4d5a11179701e336b039"},"headline":"Carmen Terr\u00f3n, neurogeriatra: \u00abEs posible prevenir hasta el 50% de los casos de demencia\u00bb","datePublished":"2025-02-06T06:25:53+00:00","mainEntityOfPage":{"@id":"https:\/\/sindromecharge.es\/index.php\/2025\/02\/06\/neurogeriatria-puede-prevenir-hasta-50-los-casos-demencia-mundo-segun-dra-carmen-terron\/"},"wordCount":174,"articleSection":["noticias"],"inLanguage":"es"},{"@type":"WebPage","@id":"https:\/\/sindromecharge.es\/index.php\/2025\/02\/06\/neurogeriatria-puede-prevenir-hasta-50-los-casos-demencia-mundo-segun-dra-carmen-terron\/","url":"https:\/\/sindromecharge.es\/index.php\/2025\/02\/06\/neurogeriatria-puede-prevenir-hasta-50-los-casos-demencia-mundo-segun-dra-carmen-terron\/","name":"Carmen Terr\u00f3n, neurogeriatra: \"Es posible prevenir hasta el 50% de los casos de demencia\" - Asociaci\u00f3n Espa\u00f1ola S\u00edndrome de Charge","isPartOf":{"@id":"https:\/\/sindromecharge.es\/#website"},"datePublished":"2025-02-06T06:25:53+00:00","author":{"@id":"https:\/\/sindromecharge.es\/#\/schema\/person\/39a60ebe0a2b4d5a11179701e336b039"},"breadcrumb":{"@id":"https:\/\/sindromecharge.es\/index.php\/2025\/02\/06\/neurogeriatria-puede-prevenir-hasta-50-los-casos-demencia-mundo-segun-dra-carmen-terron\/#breadcrumb"},"inLanguage":"es","potentialAction":[{"@type":"ReadAction","target":["https:\/\/sindromecharge.es\/index.php\/2025\/02\/06\/neurogeriatria-puede-prevenir-hasta-50-los-casos-demencia-mundo-segun-dra-carmen-terron\/"]}]},{"@type":"BreadcrumbList","@id":"https:\/\/sindromecharge.es\/index.php\/2025\/02\/06\/neurogeriatria-puede-prevenir-hasta-50-los-casos-demencia-mundo-segun-dra-carmen-terron\/#breadcrumb","itemListElement":[{"@type":"ListItem","position":1,"name":"Portada","item":"https:\/\/sindromecharge.es\/"},{"@type":"ListItem","position":2,"name":"Carmen Terr\u00f3n, neurogeriatra: &#8220;Es posible prevenir hasta el 50% de los casos de demencia&#8221;"}]},{"@type":"WebSite","@id":"https:\/\/sindromecharge.es\/#website","url":"https:\/\/sindromecharge.es\/","name":"Asociaci\u00f3n Espa\u00f1ola S\u00edndrome de Charge","description":"","potentialAction":[{"@type":"SearchAction","target":{"@type":"EntryPoint","urlTemplate":"https:\/\/sindromecharge.es\/?s={search_term_string}"},"query-input":{"@type":"PropertyValueSpecification","valueRequired":true,"valueName":"search_term_string"}}],"inLanguage":"es"},{"@type":"Person","@id":"https:\/\/sindromecharge.es\/#\/schema\/person\/39a60ebe0a2b4d5a11179701e336b039","name":"Charge","image":{"@type":"ImageObject","inLanguage":"es","@id":"https:\/\/secure.gravatar.com\/avatar\/c3b46e32a0fc3b093a0873fb767bf3293de856293065e84ef06b7ec7a8acfb98?s=96&d=identicon&r=x","url":"https:\/\/secure.gravatar.com\/avatar\/c3b46e32a0fc3b093a0873fb767bf3293de856293065e84ef06b7ec7a8acfb98?s=96&d=identicon&r=x","contentUrl":"https:\/\/secure.gravatar.com\/avatar\/c3b46e32a0fc3b093a0873fb767bf3293de856293065e84ef06b7ec7a8acfb98?s=96&d=identicon&r=x","caption":"Charge"},"url":"https:\/\/sindromecharge.es\/index.php\/author\/admin\/"}]}},"_links":{"self":[{"href":"https:\/\/sindromecharge.es\/index.php\/wp-json\/wp\/v2\/posts\/10797","targetHints":{"allow":["GET"]}}],"collection":[{"href":"https:\/\/sindromecharge.es\/index.php\/wp-json\/wp\/v2\/posts"}],"about":[{"href":"https:\/\/sindromecharge.es\/index.php\/wp-json\/wp\/v2\/types\/post"}],"author":[{"embeddable":true,"href":"https:\/\/sindromecharge.es\/index.php\/wp-json\/wp\/v2\/users\/1"}],"replies":[{"embeddable":true,"href":"https:\/\/sindromecharge.es\/index.php\/wp-json\/wp\/v2\/comments?post=10797"}],"version-history":[{"count":0,"href":"https:\/\/sindromecharge.es\/index.php\/wp-json\/wp\/v2\/posts\/10797\/revisions"}],"wp:attachment":[{"href":"https:\/\/sindromecharge.es\/index.php\/wp-json\/wp\/v2\/media?parent=10797"}],"wp:term":[{"taxonomy":"category","embeddable":true,"href":"https:\/\/sindromecharge.es\/index.php\/wp-json\/wp\/v2\/categories?post=10797"},{"taxonomy":"post_tag","embeddable":true,"href":"https:\/\/sindromecharge.es\/index.php\/wp-json\/wp\/v2\/tags?post=10797"}],"curies":[{"name":"wp","href":"https:\/\/api.w.org\/{rel}","templated":true}]}}