{"id":10795,"date":"2025-02-05T06:57:29","date_gmt":"2025-02-05T06:57:29","guid":{"rendered":"https:\/\/sindromecharge.es\/index.php\/2025\/02\/05\/accesibilidad-universal-una-asignatura-pendiente-tambien-mundo-futbol-va-mucho-mas-alla-salvar-un-escalon\/"},"modified":"2025-02-05T06:57:29","modified_gmt":"2025-02-05T06:57:29","slug":"accesibilidad-universal-una-asignatura-pendiente-tambien-mundo-futbol-va-mucho-mas-alla-salvar-un-escalon","status":"publish","type":"post","link":"https:\/\/sindromecharge.es\/index.php\/2025\/02\/05\/accesibilidad-universal-una-asignatura-pendiente-tambien-mundo-futbol-va-mucho-mas-alla-salvar-un-escalon\/","title":{"rendered":"Accesibilidad universal, una asignatura pendiente tambi\u00e9n en el mundo del f\u00fatbol: \u00abEs un sector fundamental de la sociedad\u00bb"},"content":{"rendered":"<p>Leemos en Discapacidad la siguiente noticia que os reproducimos de forma \u00edntegra: <\/p>\n<div>\n<p>La <a href=\"https:\/\/www.20minutos.es\/minuteca\/inclusion\/\" title=\"Inclusi\u00f3n\" target=\"_blank\">inclusi\u00f3n<\/a> de las personas con <a href=\"https:\/\/www.20minutos.es\/minuteca\/discapacidad\/\" title=\"Discapacidad\" target=\"_blank\">discapacidad<\/a> dif\u00edcilmente va a ser posible sin accesibilidad, y <a href=\"https:\/\/www.20minutos.es\/minuteca\/accesibilidad\/\" title=\"Accesibilidad\" target=\"_blank\">accesibilidad<\/a> en may\u00fasculas, es decir, la que <b>va a m\u00e1s all\u00e1 de poner una rampa o un ascensor<\/b>. Por eso, precisamente, es uno de los temas prioritarios de la <a href=\"https:\/\/www.20minutos.es\/minuteca\/fundacion-once\/\" title=\"Fundaci\u00f3n Once\" target=\"_blank\">Fundaci\u00f3n ONCE<\/a>, entidad que trabaja por la inclusi\u00f3n de las personas con discapacidad.<\/p>\n<p>Por este motivo, aunque parezca un tema banal, en los \u00faltimos a\u00f1os ha puesto especial hincapi\u00e9 en<b> la accesibilidad en el mundo del futbol<\/b>, \u00absiempre hemos tenido la meta de llevar la accesibilidad a todos los rincones, y el caso del deporte, m\u00e1s concretamente el f\u00fatbol, no es ni ha sido una excepci\u00f3n\u00bb, afirm\u00f3 Jos\u00e9 Luis Mart\u00ednez Donoso, director general de Fundaci\u00f3n ONCE, en el <b>AccessibAll Global Summit 2024<\/b>, un evento internacional sobre la accesibilidad en el mundo del f\u00fatbol.<\/p>\n<p>Poner uno de sus focos en el f\u00fatbol no es casualidad, pues lo consideran \u00abun sector fundamental de la sociedad\u00bb, que no s\u00f3lo tiene repercusiones a nivel econ\u00f3mico, sino tambi\u00e9n social Y en el que \u00abno podemos olvidar a las personas con discapacidad\u00bb, porque que el f\u00fatbol sea o no accesible afecta a mucha gente, \u00ab<b>si alrededor del 10% de las personas tienen discapacidad, alrededor del 10% de los aficionados al f\u00fatbol tambi\u00e9n la tendr\u00e1n<\/b>. Hay muchos aficionados al f\u00fatbol y todo lo que tiene que ver con el futbol tiene mucho impacto a nivel social y se puede \u2018contagiar\u2019 a otros entornos deportivos, y a otros \u00e1mbitos.<b> El f\u00fatbol es muy inspirador<\/b>, y estar\u00eda bien aprovechar que Espa\u00f1a va a ser sede del Mundial y que se est\u00e1n reformando muchos estadios para avanzar en accesibilidad\u00bb, asegura el arquitecto <b>Jose Luis Borau Jord\u00e1n<\/b>, Jefe Departamento Accesibilidad al Medio F\u00edsico de la Fundaci\u00f3n ONCE.<\/p>\n<p>Dada la repercusi\u00f3n que el mundo del f\u00fatbol tiene a nivel social, Fundaci\u00f3n ONCE trabaja desde hace a\u00f1os con varios clubes de f\u00fatbol para <b>lograr una mayor accesibilidad en sus estadios e instalaciones.<\/b> Adem\u00e1s, la normativa de la UEFA y de la Uni\u00f3n Europea instan a disponer en los estadios e instalaciones cada vez m\u00e1s accesibles e incluso que se reserven plazas para personas con movilidad reducida, \u00ablo cual ha supuesto que<b> varios clubes est\u00e9n modificando sus instalaciones<\/b> y desarrollando nuevas con criterios de dise\u00f1o inclusivo de origen\u00bb, explican.<\/p>\n<h2>Mucha voluntad, pero mucho por hacer<\/h2>\n<p>Aunque, como valoran desde Fundaci\u00f3n ONCE, la voluntad de los clubes es buena, lo cierto es que todav\u00eda queda mucho por hacer para que el mundo del f\u00fatbol sea totalmente accesible, sobre todo <b>m\u00e1s all\u00e1 de los equipos grandes y, sobre todo, m\u00e1s all\u00e1 de la accesibilidad f\u00edsica<\/b>, \u00abnos consta que s\u00ed que hay voluntad de mejorar en accesibilidad y llegar a cuanta m\u00e1s gente mejor, pero tambi\u00e9n es cierto que se encuentran con muchas dificultades. Por eso, m\u00e1s all\u00e1 de los requisitos en materia de accesibilidad que se exige a los recintos de espect\u00e1culos, hay muchos estadios que todav\u00eda tienen mucho por hacer en esta materia\u00bb. <\/p>\n<h1>El f\u00fatbol es muy inspirador, y estar\u00eda bien aprovechar que el Mundial y que se est\u00e1n reformando muchos estadios<\/h1>\n<p>Distinto es para muchos de los equipos m\u00e1s grandes, aquellos <b>que se clasifican para competiciones europeas<\/b>, como la <b><a href=\"https:\/\/www.20minutos.es\/deportes\/minuteca\/europa-league\/\" title=\"Europa League\" target=\"_blank\">Europa League<\/a> o la <a href=\"https:\/\/www.20minutos.es\/deportes\/minuteca\/champions-league\/\" title=\"Champions League\" target=\"_blank\">Champions<\/a><\/b>, cuyos estadios s\u00ed tienen que cumplir una serie de requisitos (<a href=\"https:\/\/www.irishfa.com\/media\/15464\/uefa-stadium-infrastructure-regulations-edition-2018.pdf\" target=\"_blank\" rel=\"nofollow\">que pueden consultarse aqu\u00ed<\/a>) que marca la <a href=\"https:\/\/www.20minutos.es\/deportes\/minuteca\/uefa\/\" title=\"UEFA\" target=\"_blank\">UEFA<\/a>, entre ellos, tener accesos, rutas de salida y asientos exclusivos para los espectadores con discapacidad y sus ayudantes con una buena visibilidad, que el catering y las instalaciones sanitarias sea accesibles si est\u00e1n en zonas con asientos reservados o <b>tener un ba\u00f1o adaptado por cada 15<\/b>.<\/p>\n<p>Sin embargo, nada exigen, y es una gran asignatura pendiente, <b>en relaci\u00f3n a otros tipos de discapacidad<\/b>, \u00abestamos trabajando con diferentes entidades de nivel europeo para que vayan m\u00e1s all\u00e1 de poner una rampa para que accedan las personas en <a href=\"https:\/\/www.20minutos.es\/minuteca\/silla-de-ruedas\/\" title=\"Silla de ruedas\" target=\"_blank\">silla de ruedas<\/a>, porque a las <b>personas que tienen discapacidad auditiva<\/b> tambi\u00e9n les gusta disfrutar de los partidos de f\u00fatbol, pero no pueden acceder a la informaci\u00f3n que el estadio ofrece a nivel auditivo, y lo mismo ocurre con las personas con discapacidad cognitiva, que no se orientan bien, no entienden bien el entorno o no se sienten c\u00f3modos ante situaciones en las que hay mucha gente. Y tambi\u00e9n las personas con <b>discapacidad visual<\/b>, que no solo pueden ser ciegos totales, sino tambi\u00e9n personas con baja visi\u00f3n, y que quieren poder disfrutar tambi\u00e9n de un partido de f\u00fatbol\u2026. Es decir, que <b>hay que ir m\u00e1s all\u00e1 de las rampas<\/b>, los ascensores o los espacios reservados, ser accesible va mucho m\u00e1s all\u00e1 de poder salvar un escal\u00f3n\u00bb, insiste Jos\u00e9 Luis Borau.<\/p>\n<p>Para avanzar en este sentido, existe<b> <a href=\"https:\/\/www.accessiball.com\/\" target=\"_blank\">AccessibAll<\/a><\/b>, la entidad que trabaja directamente con UEFA <b>para temas de inclusi\u00f3n y accesibilidad<\/b>. Las obligaciones, las marca la UEFA, pero esta entidad lleva m\u00e1s de una d\u00e9cada ayudando a los clubes a crear entornos inclusivos y accesibles. Es decir, que cualquier equipo de cualquier parte de Europa puede recurrir a ellos para que sus espacios sean m\u00e1s accesible. Su objetivo a largo plazo, que <b>cada persona, independientemente de su discapacidad, pueda disfrutar plenamente de su experiencia en un d\u00eda de partido<\/b>.<\/p>\n<p>En Espa\u00f1a, los clubes, como cualquier otra entidad, tambi\u00e9n puede recurrir a entidades nacionales como la Fundaci\u00f3n ONCE, \u00abhemos ayudado al Madrid con la reforma del estadio, en la del Camp Nou, del Valencia\u2026 y con el Atl\u00e9tico de Madrid, por ejemplo, tenemos un acuerdo y cuando una persona con discapacidad va al estadio, si lo necesita,<b> un voluntario de la Fundaci\u00f3n le acompa\u00f1a<\/b> desde que entra y durante todo el partido. Adem\u00e1s, a menudo nos llaman buscando soluciones concretas, nos piden asesoramiento\u2026 hay una obligaci\u00f3n, cada va mayor, pero es cierto que tambi\u00e9n tienen mucha sensibilidad, hay buena voluntad\u00bb.<\/p>\n<h1>Hay muchos aficionados que no van a los estadios por unas meras limitaciones en el movimiento o cognitivas, o incluso personas mayores<\/h1>\n<p>Una voluntad con la que, reconoce, que muchas veces no es suficiente, porque no todos tienen la <b>capacidad financiera <\/b>de los equipos de Primera divisi\u00f3n, \u00abalgunos lo tienen m\u00e1s complicado econ\u00f3micamente, pero con voluntad, se puede, aunque sea buscando soluciones m\u00e1s &#8216;caseras'\u00bb, insiste. <\/p>\n<p>Su objetivo, como el de AccessibAll, que poco a poco se vaya avanzando para que los <b>entornos deportivos sean accesibles <\/b>para todas las personas <b>independientemente de su discapacidad<\/b>, porque es una realidad que \u00abhay muchos aficionados que no van a los estadios por unas meras limitaciones en el movimiento o cognitivas, o incluso personas mayores\u2026 lo que queremos, ya no solo que accedan y que tengan entradas reservadas, sino que una persona sorda pueda escuchar la alineaci\u00f3n porque hay bucles magn\u00e9ticos, que una persona ostomizada encuentre un ba\u00f1o adaptado o que una persona ciega pueda saber por d\u00f3nde van el bal\u00f3n\u2026\u00bb, a\u00f1ade. Seg\u00fan Borau, adem\u00e1s, muchas de estas soluciones ya existen gracias a iniciativas de peque\u00f1as startups, solo hay que buscarlas e implantarlas.<\/p>\n<h1>Una persona con discapacidad tambi\u00e9n puede trabajar en el mundo del f\u00fatbol<\/h1>\n<p>Tampoco se olvidan de hacer accesible el f\u00fatbol, no solo para los espectadores, sino tambi\u00e9n para los jugadores y como empleados, \u00aba lo largo de los a\u00f1os, hemos llegado a muchos acuerdos con clubes, y para nosotros <b>siempre es esencial incluir otros temas, como el del empleo<\/b>, as\u00ed que promovemos que contraten a personas con discapacidad, que creen equipos espec\u00edficos\u2026 porque hay que hacerles ver que <b>una persona con discapacidad tambi\u00e9n puede trabajar en el mundo del f\u00fatbol<\/b>. A lo mejor no como futbolista, pero el f\u00fatbol es mucho m\u00e1s, tiene empleados de todo tipo, hay gente trabajando en oficinas, gestionando entradas, en los jardines, en mantenimiento\u2026\u00bb<\/p>\n<p>Para los que a\u00fan dudan, Borau les invita a que piensen que la accesibilidad es para todas las personas, no solo para las personas con discapacidad, \u00abayuda y facilita la vida a todos, y <b>crea entornos m\u00e1s agradables, amables\u2026.<\/b> Cuesta poco invertir en accesibilidad para todo lo que beneficia, el retorno en todos los aspectos es mucho mayor\u00bb. <\/p>\n<\/div>\n<p>Fuente: Discapacidad https:\/\/www.20minutos.es\/noticia\/5679088\/0\/accesibilidad-universal-una-asignatura-pendiente-tambien-mundo-futbol-va-mucho-mas-alla-salvar-un-escalon\/<\/p>\n","protected":false},"excerpt":{"rendered":"<p>Jose Luis Borau, de Fundaci\u00f3n ONCE, explica los pasos que se est\u00e1n dando para hacer el futbol m\u00e1s accesible.<\/p>\n","protected":false},"author":1,"featured_media":0,"comment_status":"closed","ping_status":"closed","sticky":false,"template":"","format":"standard","meta":{"footnotes":""},"categories":[8],"tags":[],"class_list":["post-10795","post","type-post","status-publish","format-standard","hentry","category-noticias"],"yoast_head":"<!-- This site is optimized with the Yoast SEO plugin v27.4 - https:\/\/yoast.com\/product\/yoast-seo-wordpress\/ -->\n<title>Accesibilidad universal, una asignatura pendiente tambi\u00e9n en el mundo del f\u00fatbol: &quot;Es un sector fundamental de la sociedad&quot; - Asociaci\u00f3n Espa\u00f1ola S\u00edndrome de Charge<\/title>\n<meta name=\"robots\" content=\"index, follow, max-snippet:-1, max-image-preview:large, max-video-preview:-1\" \/>\n<link rel=\"canonical\" href=\"https:\/\/sindromecharge.es\/index.php\/2025\/02\/05\/accesibilidad-universal-una-asignatura-pendiente-tambien-mundo-futbol-va-mucho-mas-alla-salvar-un-escalon\/\" \/>\n<meta property=\"og:locale\" content=\"es_ES\" \/>\n<meta property=\"og:type\" content=\"article\" \/>\n<meta property=\"og:title\" content=\"Accesibilidad universal, una asignatura pendiente tambi\u00e9n en el mundo del f\u00fatbol: &quot;Es un sector fundamental de la sociedad&quot; - Asociaci\u00f3n Espa\u00f1ola S\u00edndrome de Charge\" \/>\n<meta property=\"og:description\" content=\"Jose Luis Borau, de Fundaci\u00f3n ONCE, explica los pasos que se est\u00e1n dando para hacer el futbol m\u00e1s accesible.\" \/>\n<meta property=\"og:url\" content=\"https:\/\/sindromecharge.es\/index.php\/2025\/02\/05\/accesibilidad-universal-una-asignatura-pendiente-tambien-mundo-futbol-va-mucho-mas-alla-salvar-un-escalon\/\" \/>\n<meta property=\"og:site_name\" content=\"Asociaci\u00f3n Espa\u00f1ola S\u00edndrome de Charge\" \/>\n<meta property=\"article:publisher\" content=\"https:\/\/www.facebook.com\/asociacionsindromecharge\" \/>\n<meta property=\"article:published_time\" content=\"2025-02-05T06:57:29+00:00\" \/>\n<meta property=\"og:image\" content=\"https:\/\/sindromecharge.es\/wp-content\/uploads\/2013\/09\/logodecharge300x98.png\" \/>\n\t<meta property=\"og:image:width\" content=\"300\" \/>\n\t<meta property=\"og:image:height\" content=\"98\" \/>\n\t<meta property=\"og:image:type\" content=\"image\/png\" \/>\n<meta name=\"author\" content=\"Charge\" \/>\n<meta name=\"twitter:card\" content=\"summary_large_image\" \/>\n<meta name=\"twitter:creator\" content=\"@sindromecharge\" \/>\n<meta name=\"twitter:site\" content=\"@sindromecharge\" \/>\n<meta name=\"twitter:label1\" content=\"Escrito por\" \/>\n\t<meta name=\"twitter:data1\" content=\"Charge\" \/>\n\t<meta name=\"twitter:label2\" content=\"Tiempo de lectura\" \/>\n\t<meta name=\"twitter:data2\" content=\"7 minutos\" \/>\n<script type=\"application\/ld+json\" class=\"yoast-schema-graph\">{\"@context\":\"https:\\\/\\\/schema.org\",\"@graph\":[{\"@type\":\"Article\",\"@id\":\"https:\\\/\\\/sindromecharge.es\\\/index.php\\\/2025\\\/02\\\/05\\\/accesibilidad-universal-una-asignatura-pendiente-tambien-mundo-futbol-va-mucho-mas-alla-salvar-un-escalon\\\/#article\",\"isPartOf\":{\"@id\":\"https:\\\/\\\/sindromecharge.es\\\/index.php\\\/2025\\\/02\\\/05\\\/accesibilidad-universal-una-asignatura-pendiente-tambien-mundo-futbol-va-mucho-mas-alla-salvar-un-escalon\\\/\"},\"author\":{\"name\":\"Charge\",\"@id\":\"https:\\\/\\\/sindromecharge.es\\\/#\\\/schema\\\/person\\\/39a60ebe0a2b4d5a11179701e336b039\"},\"headline\":\"Accesibilidad universal, una asignatura pendiente tambi\u00e9n en el mundo del f\u00fatbol: \u00abEs un sector fundamental de la sociedad\u00bb\",\"datePublished\":\"2025-02-05T06:57:29+00:00\",\"mainEntityOfPage\":{\"@id\":\"https:\\\/\\\/sindromecharge.es\\\/index.php\\\/2025\\\/02\\\/05\\\/accesibilidad-universal-una-asignatura-pendiente-tambien-mundo-futbol-va-mucho-mas-alla-salvar-un-escalon\\\/\"},\"wordCount\":1466,\"articleSection\":[\"noticias\"],\"inLanguage\":\"es\"},{\"@type\":\"WebPage\",\"@id\":\"https:\\\/\\\/sindromecharge.es\\\/index.php\\\/2025\\\/02\\\/05\\\/accesibilidad-universal-una-asignatura-pendiente-tambien-mundo-futbol-va-mucho-mas-alla-salvar-un-escalon\\\/\",\"url\":\"https:\\\/\\\/sindromecharge.es\\\/index.php\\\/2025\\\/02\\\/05\\\/accesibilidad-universal-una-asignatura-pendiente-tambien-mundo-futbol-va-mucho-mas-alla-salvar-un-escalon\\\/\",\"name\":\"Accesibilidad universal, una asignatura pendiente tambi\u00e9n en el mundo del f\u00fatbol: \\\"Es un sector fundamental de la sociedad\\\" - Asociaci\u00f3n Espa\u00f1ola S\u00edndrome de Charge\",\"isPartOf\":{\"@id\":\"https:\\\/\\\/sindromecharge.es\\\/#website\"},\"datePublished\":\"2025-02-05T06:57:29+00:00\",\"author\":{\"@id\":\"https:\\\/\\\/sindromecharge.es\\\/#\\\/schema\\\/person\\\/39a60ebe0a2b4d5a11179701e336b039\"},\"breadcrumb\":{\"@id\":\"https:\\\/\\\/sindromecharge.es\\\/index.php\\\/2025\\\/02\\\/05\\\/accesibilidad-universal-una-asignatura-pendiente-tambien-mundo-futbol-va-mucho-mas-alla-salvar-un-escalon\\\/#breadcrumb\"},\"inLanguage\":\"es\",\"potentialAction\":[{\"@type\":\"ReadAction\",\"target\":[\"https:\\\/\\\/sindromecharge.es\\\/index.php\\\/2025\\\/02\\\/05\\\/accesibilidad-universal-una-asignatura-pendiente-tambien-mundo-futbol-va-mucho-mas-alla-salvar-un-escalon\\\/\"]}]},{\"@type\":\"BreadcrumbList\",\"@id\":\"https:\\\/\\\/sindromecharge.es\\\/index.php\\\/2025\\\/02\\\/05\\\/accesibilidad-universal-una-asignatura-pendiente-tambien-mundo-futbol-va-mucho-mas-alla-salvar-un-escalon\\\/#breadcrumb\",\"itemListElement\":[{\"@type\":\"ListItem\",\"position\":1,\"name\":\"Portada\",\"item\":\"https:\\\/\\\/sindromecharge.es\\\/\"},{\"@type\":\"ListItem\",\"position\":2,\"name\":\"Accesibilidad universal, una asignatura pendiente tambi\u00e9n en el mundo del f\u00fatbol: &#8220;Es un sector fundamental de la sociedad&#8221;\"}]},{\"@type\":\"WebSite\",\"@id\":\"https:\\\/\\\/sindromecharge.es\\\/#website\",\"url\":\"https:\\\/\\\/sindromecharge.es\\\/\",\"name\":\"Asociaci\u00f3n Espa\u00f1ola S\u00edndrome de Charge\",\"description\":\"\",\"potentialAction\":[{\"@type\":\"SearchAction\",\"target\":{\"@type\":\"EntryPoint\",\"urlTemplate\":\"https:\\\/\\\/sindromecharge.es\\\/?s={search_term_string}\"},\"query-input\":{\"@type\":\"PropertyValueSpecification\",\"valueRequired\":true,\"valueName\":\"search_term_string\"}}],\"inLanguage\":\"es\"},{\"@type\":\"Person\",\"@id\":\"https:\\\/\\\/sindromecharge.es\\\/#\\\/schema\\\/person\\\/39a60ebe0a2b4d5a11179701e336b039\",\"name\":\"Charge\",\"image\":{\"@type\":\"ImageObject\",\"inLanguage\":\"es\",\"@id\":\"https:\\\/\\\/secure.gravatar.com\\\/avatar\\\/c3b46e32a0fc3b093a0873fb767bf3293de856293065e84ef06b7ec7a8acfb98?s=96&d=identicon&r=x\",\"url\":\"https:\\\/\\\/secure.gravatar.com\\\/avatar\\\/c3b46e32a0fc3b093a0873fb767bf3293de856293065e84ef06b7ec7a8acfb98?s=96&d=identicon&r=x\",\"contentUrl\":\"https:\\\/\\\/secure.gravatar.com\\\/avatar\\\/c3b46e32a0fc3b093a0873fb767bf3293de856293065e84ef06b7ec7a8acfb98?s=96&d=identicon&r=x\",\"caption\":\"Charge\"},\"url\":\"https:\\\/\\\/sindromecharge.es\\\/index.php\\\/author\\\/admin\\\/\"}]}<\/script>\n<!-- \/ Yoast SEO plugin. -->","yoast_head_json":{"title":"Accesibilidad universal, una asignatura pendiente tambi\u00e9n en el mundo del f\u00fatbol: \"Es un sector fundamental de la sociedad\" - Asociaci\u00f3n Espa\u00f1ola S\u00edndrome de Charge","robots":{"index":"index","follow":"follow","max-snippet":"max-snippet:-1","max-image-preview":"max-image-preview:large","max-video-preview":"max-video-preview:-1"},"canonical":"https:\/\/sindromecharge.es\/index.php\/2025\/02\/05\/accesibilidad-universal-una-asignatura-pendiente-tambien-mundo-futbol-va-mucho-mas-alla-salvar-un-escalon\/","og_locale":"es_ES","og_type":"article","og_title":"Accesibilidad universal, una asignatura pendiente tambi\u00e9n en el mundo del f\u00fatbol: \"Es un sector fundamental de la sociedad\" - Asociaci\u00f3n Espa\u00f1ola S\u00edndrome de Charge","og_description":"Jose Luis Borau, de Fundaci\u00f3n ONCE, explica los pasos que se est\u00e1n dando para hacer el futbol m\u00e1s accesible.","og_url":"https:\/\/sindromecharge.es\/index.php\/2025\/02\/05\/accesibilidad-universal-una-asignatura-pendiente-tambien-mundo-futbol-va-mucho-mas-alla-salvar-un-escalon\/","og_site_name":"Asociaci\u00f3n Espa\u00f1ola S\u00edndrome de Charge","article_publisher":"https:\/\/www.facebook.com\/asociacionsindromecharge","article_published_time":"2025-02-05T06:57:29+00:00","og_image":[{"width":300,"height":98,"url":"https:\/\/sindromecharge.es\/wp-content\/uploads\/2013\/09\/logodecharge300x98.png","type":"image\/png"}],"author":"Charge","twitter_card":"summary_large_image","twitter_creator":"@sindromecharge","twitter_site":"@sindromecharge","twitter_misc":{"Escrito por":"Charge","Tiempo de lectura":"7 minutos"},"schema":{"@context":"https:\/\/schema.org","@graph":[{"@type":"Article","@id":"https:\/\/sindromecharge.es\/index.php\/2025\/02\/05\/accesibilidad-universal-una-asignatura-pendiente-tambien-mundo-futbol-va-mucho-mas-alla-salvar-un-escalon\/#article","isPartOf":{"@id":"https:\/\/sindromecharge.es\/index.php\/2025\/02\/05\/accesibilidad-universal-una-asignatura-pendiente-tambien-mundo-futbol-va-mucho-mas-alla-salvar-un-escalon\/"},"author":{"name":"Charge","@id":"https:\/\/sindromecharge.es\/#\/schema\/person\/39a60ebe0a2b4d5a11179701e336b039"},"headline":"Accesibilidad universal, una asignatura pendiente tambi\u00e9n en el mundo del f\u00fatbol: \u00abEs un sector fundamental de la sociedad\u00bb","datePublished":"2025-02-05T06:57:29+00:00","mainEntityOfPage":{"@id":"https:\/\/sindromecharge.es\/index.php\/2025\/02\/05\/accesibilidad-universal-una-asignatura-pendiente-tambien-mundo-futbol-va-mucho-mas-alla-salvar-un-escalon\/"},"wordCount":1466,"articleSection":["noticias"],"inLanguage":"es"},{"@type":"WebPage","@id":"https:\/\/sindromecharge.es\/index.php\/2025\/02\/05\/accesibilidad-universal-una-asignatura-pendiente-tambien-mundo-futbol-va-mucho-mas-alla-salvar-un-escalon\/","url":"https:\/\/sindromecharge.es\/index.php\/2025\/02\/05\/accesibilidad-universal-una-asignatura-pendiente-tambien-mundo-futbol-va-mucho-mas-alla-salvar-un-escalon\/","name":"Accesibilidad universal, una asignatura pendiente tambi\u00e9n en el mundo del f\u00fatbol: \"Es un sector fundamental de la sociedad\" - Asociaci\u00f3n Espa\u00f1ola S\u00edndrome de Charge","isPartOf":{"@id":"https:\/\/sindromecharge.es\/#website"},"datePublished":"2025-02-05T06:57:29+00:00","author":{"@id":"https:\/\/sindromecharge.es\/#\/schema\/person\/39a60ebe0a2b4d5a11179701e336b039"},"breadcrumb":{"@id":"https:\/\/sindromecharge.es\/index.php\/2025\/02\/05\/accesibilidad-universal-una-asignatura-pendiente-tambien-mundo-futbol-va-mucho-mas-alla-salvar-un-escalon\/#breadcrumb"},"inLanguage":"es","potentialAction":[{"@type":"ReadAction","target":["https:\/\/sindromecharge.es\/index.php\/2025\/02\/05\/accesibilidad-universal-una-asignatura-pendiente-tambien-mundo-futbol-va-mucho-mas-alla-salvar-un-escalon\/"]}]},{"@type":"BreadcrumbList","@id":"https:\/\/sindromecharge.es\/index.php\/2025\/02\/05\/accesibilidad-universal-una-asignatura-pendiente-tambien-mundo-futbol-va-mucho-mas-alla-salvar-un-escalon\/#breadcrumb","itemListElement":[{"@type":"ListItem","position":1,"name":"Portada","item":"https:\/\/sindromecharge.es\/"},{"@type":"ListItem","position":2,"name":"Accesibilidad universal, una asignatura pendiente tambi\u00e9n en el mundo del f\u00fatbol: &#8220;Es un sector fundamental de la sociedad&#8221;"}]},{"@type":"WebSite","@id":"https:\/\/sindromecharge.es\/#website","url":"https:\/\/sindromecharge.es\/","name":"Asociaci\u00f3n Espa\u00f1ola S\u00edndrome de Charge","description":"","potentialAction":[{"@type":"SearchAction","target":{"@type":"EntryPoint","urlTemplate":"https:\/\/sindromecharge.es\/?s={search_term_string}"},"query-input":{"@type":"PropertyValueSpecification","valueRequired":true,"valueName":"search_term_string"}}],"inLanguage":"es"},{"@type":"Person","@id":"https:\/\/sindromecharge.es\/#\/schema\/person\/39a60ebe0a2b4d5a11179701e336b039","name":"Charge","image":{"@type":"ImageObject","inLanguage":"es","@id":"https:\/\/secure.gravatar.com\/avatar\/c3b46e32a0fc3b093a0873fb767bf3293de856293065e84ef06b7ec7a8acfb98?s=96&d=identicon&r=x","url":"https:\/\/secure.gravatar.com\/avatar\/c3b46e32a0fc3b093a0873fb767bf3293de856293065e84ef06b7ec7a8acfb98?s=96&d=identicon&r=x","contentUrl":"https:\/\/secure.gravatar.com\/avatar\/c3b46e32a0fc3b093a0873fb767bf3293de856293065e84ef06b7ec7a8acfb98?s=96&d=identicon&r=x","caption":"Charge"},"url":"https:\/\/sindromecharge.es\/index.php\/author\/admin\/"}]}},"_links":{"self":[{"href":"https:\/\/sindromecharge.es\/index.php\/wp-json\/wp\/v2\/posts\/10795","targetHints":{"allow":["GET"]}}],"collection":[{"href":"https:\/\/sindromecharge.es\/index.php\/wp-json\/wp\/v2\/posts"}],"about":[{"href":"https:\/\/sindromecharge.es\/index.php\/wp-json\/wp\/v2\/types\/post"}],"author":[{"embeddable":true,"href":"https:\/\/sindromecharge.es\/index.php\/wp-json\/wp\/v2\/users\/1"}],"replies":[{"embeddable":true,"href":"https:\/\/sindromecharge.es\/index.php\/wp-json\/wp\/v2\/comments?post=10795"}],"version-history":[{"count":0,"href":"https:\/\/sindromecharge.es\/index.php\/wp-json\/wp\/v2\/posts\/10795\/revisions"}],"wp:attachment":[{"href":"https:\/\/sindromecharge.es\/index.php\/wp-json\/wp\/v2\/media?parent=10795"}],"wp:term":[{"taxonomy":"category","embeddable":true,"href":"https:\/\/sindromecharge.es\/index.php\/wp-json\/wp\/v2\/categories?post=10795"},{"taxonomy":"post_tag","embeddable":true,"href":"https:\/\/sindromecharge.es\/index.php\/wp-json\/wp\/v2\/tags?post=10795"}],"curies":[{"name":"wp","href":"https:\/\/api.w.org\/{rel}","templated":true}]}}