{"id":10794,"date":"2025-02-04T23:54:15","date_gmt":"2025-02-04T23:54:15","guid":{"rendered":"https:\/\/sindromecharge.es\/index.php\/2025\/02\/04\/aplaudida-reivindicacion-revuelta-contra-las-personas-que-ocupan-plazas-pmr-me-teneis-hasta-5679300\/"},"modified":"2025-02-04T23:54:15","modified_gmt":"2025-02-04T23:54:15","slug":"aplaudida-reivindicacion-revuelta-contra-las-personas-que-ocupan-plazas-pmr-me-teneis-hasta-5679300","status":"publish","type":"post","link":"https:\/\/sindromecharge.es\/index.php\/2025\/02\/04\/aplaudida-reivindicacion-revuelta-contra-las-personas-que-ocupan-plazas-pmr-me-teneis-hasta-5679300\/","title":{"rendered":"La aplaudida reivindicaci\u00f3n en &#8216;La Revuelta&#8217; contra las personas que ocupan plazas PMR: \u00ab\u00a1Me ten\u00e9is hasta&#8230;!\u00bb"},"content":{"rendered":"<p>Leemos en Discapacidad la siguiente noticia que os reproducimos de forma \u00edntegra: <\/p>\n<div>\n<p>Uno de los regalos que recibi\u00f3 <b><a href=\"https:\/\/www.20minutos.es\/minuteca\/broncano\/\" title=\"David Broncano\">David Broncano<\/a><\/b> durante el \u00faltimo programa de <b><i><a href=\"https:\/\/www.20minutos.es\/minuteca\/la-revuelta\/\" title=\"La Revuelta\">La Revuelta<\/a><\/i><\/b> fue la rueda de una silla de ruedas. \u00abEs de mi hermano, que <b>tiene la misma enfermedad rara que yo y se llama ataxia<\/b>\u00ab, explic\u00f3 Marta. <\/p>\n<p>El presentador recogi\u00f3 la rueda, que llevaba una rima incluida: \u00abLa rueda de mi hermano para David Broncano\u00bb. Junto a Marta, la madre de otros tres ni\u00f1os que tambi\u00e9n sufr\u00edan ataxia, aprovech\u00f3 para <b>reivindicar algo importante para ellos<\/b>. <\/p>\n<p>\u00ab\u00a1Estoy <b>hasta el chumino<\/b>, hombre ya, <b>de que no se respeten las plazas de aparcamientos para las Personas con Movilidad Reducida<\/b>!\u00bb, se quej\u00f3 la mujer, a la que Broncano invit\u00f3 a subir al escenario. <\/p>\n<p>All\u00ed, dej\u00f3 <b>dos pegatinas que ella usa para su infalible t\u00e1ctica<\/b>. \u00abCuando un coche aparca en una plaza PMR, se la pego\u00bb, explic\u00f3. \u00abPonte en su lugar, no en su sitio\u00bb, dec\u00eda el papel, que acab\u00f3 pegando en la mesa de Broncano.<\/p>\n<p>El p\u00fablico se volc\u00f3 animando la iniciativa. \u00abEs una <b>enfermedad degenerativa para lo que no hay cura<\/b> ni tratamiento\u00bb, record\u00f3 la protagonista del momento, que dej\u00f3 su p\u00e1gina de Instagram para la visibilizaci\u00f3n de la enfermedad: <a href=\"https:\/\/www.instagram.com\/viviendo_con_ataxia\/?hl=es\" target=\"_blank\"><i>@viviendo_con_ataxia<\/i><\/a>.<\/p>\n<\/div>\n<p>Fuente: Discapacidad https:\/\/www.20minutos.es\/television\/aplaudida-reivindicacion-revuelta-contra-las-personas-que-ocupan-plazas-pmr-me-teneis-hasta-5679300\/<\/p>\n","protected":false},"excerpt":{"rendered":"<p>\u00abPonte en su lugar, no en su sitio\u00bb, dec\u00edan las pegatinas que pegaba en los coches que no lo respetaban.<\/p>\n","protected":false},"author":1,"featured_media":0,"comment_status":"closed","ping_status":"closed","sticky":false,"template":"","format":"standard","meta":{"footnotes":""},"categories":[8],"tags":[],"class_list":["post-10794","post","type-post","status-publish","format-standard","hentry","category-noticias"],"yoast_head":"<!-- This site is optimized with the Yoast SEO plugin v27.4 - https:\/\/yoast.com\/product\/yoast-seo-wordpress\/ -->\n<title>La aplaudida reivindicaci\u00f3n en &#039;La Revuelta&#039; contra las personas que ocupan plazas PMR: &quot;\u00a1Me ten\u00e9is hasta...!&quot; - Asociaci\u00f3n Espa\u00f1ola S\u00edndrome de Charge<\/title>\n<meta name=\"robots\" content=\"index, follow, max-snippet:-1, max-image-preview:large, max-video-preview:-1\" \/>\n<link rel=\"canonical\" href=\"https:\/\/sindromecharge.es\/index.php\/2025\/02\/04\/aplaudida-reivindicacion-revuelta-contra-las-personas-que-ocupan-plazas-pmr-me-teneis-hasta-5679300\/\" \/>\n<meta property=\"og:locale\" content=\"es_ES\" \/>\n<meta property=\"og:type\" content=\"article\" \/>\n<meta property=\"og:title\" content=\"La aplaudida reivindicaci\u00f3n en &#039;La Revuelta&#039; contra las personas que ocupan plazas PMR: &quot;\u00a1Me ten\u00e9is hasta...!&quot; - Asociaci\u00f3n Espa\u00f1ola S\u00edndrome de Charge\" \/>\n<meta property=\"og:description\" content=\"\u00abPonte en su lugar, no en su sitio\u00bb, dec\u00edan las pegatinas que pegaba en los coches que no lo respetaban.\" \/>\n<meta property=\"og:url\" content=\"https:\/\/sindromecharge.es\/index.php\/2025\/02\/04\/aplaudida-reivindicacion-revuelta-contra-las-personas-que-ocupan-plazas-pmr-me-teneis-hasta-5679300\/\" \/>\n<meta property=\"og:site_name\" content=\"Asociaci\u00f3n Espa\u00f1ola S\u00edndrome de Charge\" \/>\n<meta property=\"article:publisher\" content=\"https:\/\/www.facebook.com\/asociacionsindromecharge\" \/>\n<meta property=\"article:published_time\" content=\"2025-02-04T23:54:15+00:00\" \/>\n<meta property=\"og:image\" content=\"https:\/\/sindromecharge.es\/wp-content\/uploads\/2013\/09\/logodecharge300x98.png\" \/>\n\t<meta property=\"og:image:width\" content=\"300\" \/>\n\t<meta property=\"og:image:height\" content=\"98\" \/>\n\t<meta property=\"og:image:type\" content=\"image\/png\" \/>\n<meta name=\"author\" content=\"Charge\" \/>\n<meta name=\"twitter:card\" content=\"summary_large_image\" \/>\n<meta name=\"twitter:creator\" content=\"@sindromecharge\" \/>\n<meta name=\"twitter:site\" content=\"@sindromecharge\" \/>\n<meta name=\"twitter:label1\" content=\"Escrito por\" \/>\n\t<meta name=\"twitter:data1\" content=\"Charge\" \/>\n\t<meta name=\"twitter:label2\" content=\"Tiempo de lectura\" \/>\n\t<meta name=\"twitter:data2\" content=\"1 minuto\" \/>\n<script type=\"application\/ld+json\" class=\"yoast-schema-graph\">{\"@context\":\"https:\\\/\\\/schema.org\",\"@graph\":[{\"@type\":\"Article\",\"@id\":\"https:\\\/\\\/sindromecharge.es\\\/index.php\\\/2025\\\/02\\\/04\\\/aplaudida-reivindicacion-revuelta-contra-las-personas-que-ocupan-plazas-pmr-me-teneis-hasta-5679300\\\/#article\",\"isPartOf\":{\"@id\":\"https:\\\/\\\/sindromecharge.es\\\/index.php\\\/2025\\\/02\\\/04\\\/aplaudida-reivindicacion-revuelta-contra-las-personas-que-ocupan-plazas-pmr-me-teneis-hasta-5679300\\\/\"},\"author\":{\"name\":\"Charge\",\"@id\":\"https:\\\/\\\/sindromecharge.es\\\/#\\\/schema\\\/person\\\/39a60ebe0a2b4d5a11179701e336b039\"},\"headline\":\"La aplaudida reivindicaci\u00f3n en &#8216;La Revuelta&#8217; contra las personas que ocupan plazas PMR: \u00ab\u00a1Me ten\u00e9is hasta&#8230;!\u00bb\",\"datePublished\":\"2025-02-04T23:54:15+00:00\",\"mainEntityOfPage\":{\"@id\":\"https:\\\/\\\/sindromecharge.es\\\/index.php\\\/2025\\\/02\\\/04\\\/aplaudida-reivindicacion-revuelta-contra-las-personas-que-ocupan-plazas-pmr-me-teneis-hasta-5679300\\\/\"},\"wordCount\":240,\"articleSection\":[\"noticias\"],\"inLanguage\":\"es\"},{\"@type\":\"WebPage\",\"@id\":\"https:\\\/\\\/sindromecharge.es\\\/index.php\\\/2025\\\/02\\\/04\\\/aplaudida-reivindicacion-revuelta-contra-las-personas-que-ocupan-plazas-pmr-me-teneis-hasta-5679300\\\/\",\"url\":\"https:\\\/\\\/sindromecharge.es\\\/index.php\\\/2025\\\/02\\\/04\\\/aplaudida-reivindicacion-revuelta-contra-las-personas-que-ocupan-plazas-pmr-me-teneis-hasta-5679300\\\/\",\"name\":\"La aplaudida reivindicaci\u00f3n en 'La Revuelta' contra las personas que ocupan plazas PMR: \\\"\u00a1Me ten\u00e9is hasta...!\\\" - Asociaci\u00f3n Espa\u00f1ola S\u00edndrome de Charge\",\"isPartOf\":{\"@id\":\"https:\\\/\\\/sindromecharge.es\\\/#website\"},\"datePublished\":\"2025-02-04T23:54:15+00:00\",\"author\":{\"@id\":\"https:\\\/\\\/sindromecharge.es\\\/#\\\/schema\\\/person\\\/39a60ebe0a2b4d5a11179701e336b039\"},\"breadcrumb\":{\"@id\":\"https:\\\/\\\/sindromecharge.es\\\/index.php\\\/2025\\\/02\\\/04\\\/aplaudida-reivindicacion-revuelta-contra-las-personas-que-ocupan-plazas-pmr-me-teneis-hasta-5679300\\\/#breadcrumb\"},\"inLanguage\":\"es\",\"potentialAction\":[{\"@type\":\"ReadAction\",\"target\":[\"https:\\\/\\\/sindromecharge.es\\\/index.php\\\/2025\\\/02\\\/04\\\/aplaudida-reivindicacion-revuelta-contra-las-personas-que-ocupan-plazas-pmr-me-teneis-hasta-5679300\\\/\"]}]},{\"@type\":\"BreadcrumbList\",\"@id\":\"https:\\\/\\\/sindromecharge.es\\\/index.php\\\/2025\\\/02\\\/04\\\/aplaudida-reivindicacion-revuelta-contra-las-personas-que-ocupan-plazas-pmr-me-teneis-hasta-5679300\\\/#breadcrumb\",\"itemListElement\":[{\"@type\":\"ListItem\",\"position\":1,\"name\":\"Portada\",\"item\":\"https:\\\/\\\/sindromecharge.es\\\/\"},{\"@type\":\"ListItem\",\"position\":2,\"name\":\"La aplaudida reivindicaci\u00f3n en &#8216;La Revuelta&#8217; contra las personas que ocupan plazas PMR: &#8220;\u00a1Me ten\u00e9is hasta&#8230;!&#8221;\"}]},{\"@type\":\"WebSite\",\"@id\":\"https:\\\/\\\/sindromecharge.es\\\/#website\",\"url\":\"https:\\\/\\\/sindromecharge.es\\\/\",\"name\":\"Asociaci\u00f3n Espa\u00f1ola S\u00edndrome de Charge\",\"description\":\"\",\"potentialAction\":[{\"@type\":\"SearchAction\",\"target\":{\"@type\":\"EntryPoint\",\"urlTemplate\":\"https:\\\/\\\/sindromecharge.es\\\/?s={search_term_string}\"},\"query-input\":{\"@type\":\"PropertyValueSpecification\",\"valueRequired\":true,\"valueName\":\"search_term_string\"}}],\"inLanguage\":\"es\"},{\"@type\":\"Person\",\"@id\":\"https:\\\/\\\/sindromecharge.es\\\/#\\\/schema\\\/person\\\/39a60ebe0a2b4d5a11179701e336b039\",\"name\":\"Charge\",\"image\":{\"@type\":\"ImageObject\",\"inLanguage\":\"es\",\"@id\":\"https:\\\/\\\/secure.gravatar.com\\\/avatar\\\/c3b46e32a0fc3b093a0873fb767bf3293de856293065e84ef06b7ec7a8acfb98?s=96&d=identicon&r=x\",\"url\":\"https:\\\/\\\/secure.gravatar.com\\\/avatar\\\/c3b46e32a0fc3b093a0873fb767bf3293de856293065e84ef06b7ec7a8acfb98?s=96&d=identicon&r=x\",\"contentUrl\":\"https:\\\/\\\/secure.gravatar.com\\\/avatar\\\/c3b46e32a0fc3b093a0873fb767bf3293de856293065e84ef06b7ec7a8acfb98?s=96&d=identicon&r=x\",\"caption\":\"Charge\"},\"url\":\"https:\\\/\\\/sindromecharge.es\\\/index.php\\\/author\\\/admin\\\/\"}]}<\/script>\n<!-- \/ Yoast SEO plugin. -->","yoast_head_json":{"title":"La aplaudida reivindicaci\u00f3n en 'La Revuelta' contra las personas que ocupan plazas PMR: \"\u00a1Me ten\u00e9is hasta...!\" - Asociaci\u00f3n Espa\u00f1ola S\u00edndrome de Charge","robots":{"index":"index","follow":"follow","max-snippet":"max-snippet:-1","max-image-preview":"max-image-preview:large","max-video-preview":"max-video-preview:-1"},"canonical":"https:\/\/sindromecharge.es\/index.php\/2025\/02\/04\/aplaudida-reivindicacion-revuelta-contra-las-personas-que-ocupan-plazas-pmr-me-teneis-hasta-5679300\/","og_locale":"es_ES","og_type":"article","og_title":"La aplaudida reivindicaci\u00f3n en 'La Revuelta' contra las personas que ocupan plazas PMR: \"\u00a1Me ten\u00e9is hasta...!\" - Asociaci\u00f3n Espa\u00f1ola S\u00edndrome de Charge","og_description":"\u00abPonte en su lugar, no en su sitio\u00bb, dec\u00edan las pegatinas que pegaba en los coches que no lo respetaban.","og_url":"https:\/\/sindromecharge.es\/index.php\/2025\/02\/04\/aplaudida-reivindicacion-revuelta-contra-las-personas-que-ocupan-plazas-pmr-me-teneis-hasta-5679300\/","og_site_name":"Asociaci\u00f3n Espa\u00f1ola S\u00edndrome de Charge","article_publisher":"https:\/\/www.facebook.com\/asociacionsindromecharge","article_published_time":"2025-02-04T23:54:15+00:00","og_image":[{"width":300,"height":98,"url":"https:\/\/sindromecharge.es\/wp-content\/uploads\/2013\/09\/logodecharge300x98.png","type":"image\/png"}],"author":"Charge","twitter_card":"summary_large_image","twitter_creator":"@sindromecharge","twitter_site":"@sindromecharge","twitter_misc":{"Escrito por":"Charge","Tiempo de lectura":"1 minuto"},"schema":{"@context":"https:\/\/schema.org","@graph":[{"@type":"Article","@id":"https:\/\/sindromecharge.es\/index.php\/2025\/02\/04\/aplaudida-reivindicacion-revuelta-contra-las-personas-que-ocupan-plazas-pmr-me-teneis-hasta-5679300\/#article","isPartOf":{"@id":"https:\/\/sindromecharge.es\/index.php\/2025\/02\/04\/aplaudida-reivindicacion-revuelta-contra-las-personas-que-ocupan-plazas-pmr-me-teneis-hasta-5679300\/"},"author":{"name":"Charge","@id":"https:\/\/sindromecharge.es\/#\/schema\/person\/39a60ebe0a2b4d5a11179701e336b039"},"headline":"La aplaudida reivindicaci\u00f3n en &#8216;La Revuelta&#8217; contra las personas que ocupan plazas PMR: \u00ab\u00a1Me ten\u00e9is hasta&#8230;!\u00bb","datePublished":"2025-02-04T23:54:15+00:00","mainEntityOfPage":{"@id":"https:\/\/sindromecharge.es\/index.php\/2025\/02\/04\/aplaudida-reivindicacion-revuelta-contra-las-personas-que-ocupan-plazas-pmr-me-teneis-hasta-5679300\/"},"wordCount":240,"articleSection":["noticias"],"inLanguage":"es"},{"@type":"WebPage","@id":"https:\/\/sindromecharge.es\/index.php\/2025\/02\/04\/aplaudida-reivindicacion-revuelta-contra-las-personas-que-ocupan-plazas-pmr-me-teneis-hasta-5679300\/","url":"https:\/\/sindromecharge.es\/index.php\/2025\/02\/04\/aplaudida-reivindicacion-revuelta-contra-las-personas-que-ocupan-plazas-pmr-me-teneis-hasta-5679300\/","name":"La aplaudida reivindicaci\u00f3n en 'La Revuelta' contra las personas que ocupan plazas PMR: \"\u00a1Me ten\u00e9is hasta...!\" - Asociaci\u00f3n Espa\u00f1ola S\u00edndrome de Charge","isPartOf":{"@id":"https:\/\/sindromecharge.es\/#website"},"datePublished":"2025-02-04T23:54:15+00:00","author":{"@id":"https:\/\/sindromecharge.es\/#\/schema\/person\/39a60ebe0a2b4d5a11179701e336b039"},"breadcrumb":{"@id":"https:\/\/sindromecharge.es\/index.php\/2025\/02\/04\/aplaudida-reivindicacion-revuelta-contra-las-personas-que-ocupan-plazas-pmr-me-teneis-hasta-5679300\/#breadcrumb"},"inLanguage":"es","potentialAction":[{"@type":"ReadAction","target":["https:\/\/sindromecharge.es\/index.php\/2025\/02\/04\/aplaudida-reivindicacion-revuelta-contra-las-personas-que-ocupan-plazas-pmr-me-teneis-hasta-5679300\/"]}]},{"@type":"BreadcrumbList","@id":"https:\/\/sindromecharge.es\/index.php\/2025\/02\/04\/aplaudida-reivindicacion-revuelta-contra-las-personas-que-ocupan-plazas-pmr-me-teneis-hasta-5679300\/#breadcrumb","itemListElement":[{"@type":"ListItem","position":1,"name":"Portada","item":"https:\/\/sindromecharge.es\/"},{"@type":"ListItem","position":2,"name":"La aplaudida reivindicaci\u00f3n en &#8216;La Revuelta&#8217; contra las personas que ocupan plazas PMR: &#8220;\u00a1Me ten\u00e9is hasta&#8230;!&#8221;"}]},{"@type":"WebSite","@id":"https:\/\/sindromecharge.es\/#website","url":"https:\/\/sindromecharge.es\/","name":"Asociaci\u00f3n Espa\u00f1ola S\u00edndrome de Charge","description":"","potentialAction":[{"@type":"SearchAction","target":{"@type":"EntryPoint","urlTemplate":"https:\/\/sindromecharge.es\/?s={search_term_string}"},"query-input":{"@type":"PropertyValueSpecification","valueRequired":true,"valueName":"search_term_string"}}],"inLanguage":"es"},{"@type":"Person","@id":"https:\/\/sindromecharge.es\/#\/schema\/person\/39a60ebe0a2b4d5a11179701e336b039","name":"Charge","image":{"@type":"ImageObject","inLanguage":"es","@id":"https:\/\/secure.gravatar.com\/avatar\/c3b46e32a0fc3b093a0873fb767bf3293de856293065e84ef06b7ec7a8acfb98?s=96&d=identicon&r=x","url":"https:\/\/secure.gravatar.com\/avatar\/c3b46e32a0fc3b093a0873fb767bf3293de856293065e84ef06b7ec7a8acfb98?s=96&d=identicon&r=x","contentUrl":"https:\/\/secure.gravatar.com\/avatar\/c3b46e32a0fc3b093a0873fb767bf3293de856293065e84ef06b7ec7a8acfb98?s=96&d=identicon&r=x","caption":"Charge"},"url":"https:\/\/sindromecharge.es\/index.php\/author\/admin\/"}]}},"_links":{"self":[{"href":"https:\/\/sindromecharge.es\/index.php\/wp-json\/wp\/v2\/posts\/10794","targetHints":{"allow":["GET"]}}],"collection":[{"href":"https:\/\/sindromecharge.es\/index.php\/wp-json\/wp\/v2\/posts"}],"about":[{"href":"https:\/\/sindromecharge.es\/index.php\/wp-json\/wp\/v2\/types\/post"}],"author":[{"embeddable":true,"href":"https:\/\/sindromecharge.es\/index.php\/wp-json\/wp\/v2\/users\/1"}],"replies":[{"embeddable":true,"href":"https:\/\/sindromecharge.es\/index.php\/wp-json\/wp\/v2\/comments?post=10794"}],"version-history":[{"count":0,"href":"https:\/\/sindromecharge.es\/index.php\/wp-json\/wp\/v2\/posts\/10794\/revisions"}],"wp:attachment":[{"href":"https:\/\/sindromecharge.es\/index.php\/wp-json\/wp\/v2\/media?parent=10794"}],"wp:term":[{"taxonomy":"category","embeddable":true,"href":"https:\/\/sindromecharge.es\/index.php\/wp-json\/wp\/v2\/categories?post=10794"},{"taxonomy":"post_tag","embeddable":true,"href":"https:\/\/sindromecharge.es\/index.php\/wp-json\/wp\/v2\/tags?post=10794"}],"curies":[{"name":"wp","href":"https:\/\/api.w.org\/{rel}","templated":true}]}}