{"id":10793,"date":"2025-02-04T16:17:24","date_gmt":"2025-02-04T16:17:24","guid":{"rendered":"https:\/\/sindromecharge.es\/index.php\/2025\/02\/04\/literatura-novela-caroline-mulder-las-maternidades-nazis-han-sido-un-tabu-durante-muchos-anos\/"},"modified":"2025-02-04T16:17:24","modified_gmt":"2025-02-04T16:17:24","slug":"literatura-novela-caroline-mulder-las-maternidades-nazis-han-sido-un-tabu-durante-muchos-anos","status":"publish","type":"post","link":"https:\/\/sindromecharge.es\/index.php\/2025\/02\/04\/literatura-novela-caroline-mulder-las-maternidades-nazis-han-sido-un-tabu-durante-muchos-anos\/","title":{"rendered":"Caroline De Mulder rescata del olvido a J\u00fcrgen, un ni\u00f1o con discapacidad desaparecido en las maternidades nazis"},"content":{"rendered":"<p>Leemos en Discapacidad la siguiente noticia que os reproducimos de forma \u00edntegra: <\/p>\n<div>\n<p>La escritora Caroline De Mulder lleva al lector hasta la primera maternidad nazi, la Heim Hochland, creada por<b> Heinrich Himmler en 1936, en su nueva novela<\/b>, &#8216;Los ni\u00f1os de Himmler&#8217;, donde muestra lo que ocurr\u00eda en estos centros en apariencia id\u00edlicos en los que se buscaba \u00abdepurar y desarrollar la raza aria\u00bb.<\/p>\n<p>En un encuentro con periodistas, la autora belga ha explicado este martes que mientras se han hecho muchas obras hist\u00f3ricas, literarias o cinematogr\u00e1ficas relacionadas con los campos de exterminio nazis, poco se ha ahondado en los llamados \u00abcampos de la vida\u00bb, <b>ideados para crear a los futuros \u00abcaballeros del nuevo orden\u00bb<\/b> y donde se \u00abeliminaban a los beb\u00e9s indeseables\u00bb en aras de una \u00abraza pura\u00bb.<\/p>\n<p>\u00abDurante mucho tiempo <b>ha habido una especie de omert\u00e0<\/b> con respecto a estos campos y a los ni\u00f1os que all\u00ed nacieron, que eran inocentes, pero considerados hijos de un vivero nazi. El tab\u00fa ha durado muchos a\u00f1os, m\u00e1s incluso que el de los campos de la muerte. El tab\u00fa est\u00e1 desapareciendo ahora con la mayor\u00eda de esos ni\u00f1os ya muertos o a punto de morir, lo que no me parece una casualidad\u00bb, ha aseverado De Mulder.<\/p>\n<h2>Casas de ambiente armonioso<\/h2>\n<p>Publicada por Tusquets y por Edicions 62 en catal\u00e1n, <b>&#8216;Los ni\u00f1os de Himmler&#8217; transcurre en la Heim Hochland<\/b>, cerca de M\u00fanich, en 1944, no lejos de los embarrados campos de batalla de la Segunda Guerra Mundial ni tampoco de algunos campos de exterminio.<\/p>\n<p>Describe una casa de ambiente armonioso en la que hay mujeres embrazadas por alemanes, reci\u00e9n <b>nacidos rubios, donde trabaja Helga, una enfermera mod\u00e9lica<\/b>, y en la que tambi\u00e9n est\u00e1 ingresada Ren\u00e9e, una joven francesa pre\u00f1ada por un soldado alem\u00e1n, mientras en el exterior deambula un preso polaco llamado Marek.<\/p>\n<p><b>Traducida a trece idiomas<\/b>, entre los que no se encuentran ni el alem\u00e1n ni el noruego, Caroline De Mulder relata en la obra los hechos que acontecen en ese lugar, donde j\u00f3venes embarazadas comen hortalizas frescas con bonitos cubiertos de plata, mientras esperan el d\u00eda en el que Himmler y otros altos mandos del r\u00e9gimen nazi participen en las denominadas \u00abceremonias del nombre\u00bb.<\/p>\n<p>La escritora, que <b>ha ganado diferentes premios con otras obras<\/b> suyas, ha comentado que en esta ocasi\u00f3n quer\u00eda adentrarse en la Segunda Guerra Mundial, desde un punto de vista diferente, con las mujeres como protagonistas.<\/p>\n<h2>Una realidad que provoca v\u00e9rtigo<\/h2>\n<p>Tras documentarse profusamente, la novelista considera que<b> la realidad de lo que fueron estas maternidades<\/b>, repartidas por Alemania y tambi\u00e9n por otros pa\u00edses como Noruega, provoca \u00abv\u00e9rtigo\u00bb.<\/p>\n<p>Los tres puntos de vista que ofrecen los personajes principales le permiten mostrar <b>la historia \u00abbajo todos los \u00e1ngulos\u00bb<\/b>, con Helga sacrificando su vida personal y representando el \u00abmal ordinario\u00bb.<\/p>\n<p>A juicio de la escritora, para que exista <b>el \u00abmal absoluto\u00bb debe haber \u00abpersonas ordinarias que lo posibiliten<\/b>. No son monstruos, sino gente que en su momento decide solo seguir y obedecer\u00bb.<\/p>\n<p>Ren\u00e9e representa a aquellas mujeres que en los pa\u00edses invadidos por los alemanes <b>quedaron embarazadas de algunos soldados<\/b>, rechazadas por sus propias familias y, al acabar la contienda b\u00e9lica, se\u00f1aladas por sus conciudadanos, mientras que Marek le sirve para que la guerra \u00abinvada este gineceo, este espacio de paz\u00bb.<\/p>\n<h2>Dar una nueva vida<\/h2>\n<p>Estas maternidades, a pesar de su ambiente \u00abpseudoid\u00edlico\u00bb, donde se calcula <b>nacieron unos 8.000 ni\u00f1os<\/b>, fueron lugares \u00abmonstruosos, sin amor, concebidos por Himmler, quien quer\u00eda un rearmamiento demogr\u00e1fico, obsesionado en devolver la sangre alemana a su pureza original, acogiendo a mujeres que seleccionaba, ya fueran alemanas o extranjeras\u00bb y tambi\u00e9n robando beb\u00e9s \u00abarios\u00bb, calcul\u00e1ndose que s\u00f3lo de Polonia fueron extra\u00eddos unos 20.000.<\/p>\n<p>De Mulder cree que con su libro, justo en un momento en el que quedan muy pocos supervivientes, <b>\u00abda una nueva vida\u00bb a estos ni\u00f1os<\/b>, con \u00abun destino y una vida muy duros, porque fueron mal vistos, incluso, maltratados\u00bb, tras acabar la guerra y ser liberados los centros.<\/p>\n<p>Tampoco obvia que cuando un ni\u00f1o nac\u00eda en estas maternidades, dentro del proyecto &#8216;Lebensborn&#8217;, y <b>no cumpl\u00eda con lo que se esperaba de \u00e9l<\/b>, era llevado a otro lugar donde se le practicaba la eutanasia.<\/p>\n<p>Con la novela, ha querido <b>rendir homenaje a uno de ellos<\/b>, J\u00fcrgen, quien por los documentos que ha consultado, seguramente sufr\u00eda una discapacidad mental y desapareci\u00f3 de la maternidad sin que ni siquiera haya hoy una sepultura.<\/p>\n<p>\u00abCon la novela es <b>darle una nueva vida a este peque\u00f1o<\/b>, un ni\u00f1o que me marc\u00f3, que fue una persona real\u00bb, ha apuntado Caroline De Mulder, quien cree que ha dibujado un Himmler de ficci\u00f3n, aunque muy pr\u00f3ximo a la realidad, muy vinculado con estas maternidades, donde apadrinaba a los ni\u00f1os que nac\u00edan el mismo d\u00eda que \u00e9l. <\/p>\n<\/div>\n<p>Fuente: Discapacidad https:\/\/www.20minutos.es\/noticia\/5679147\/0\/literatura-novela-caroline-mulder-las-maternidades-nazis-han-sido-un-tabu-durante-muchos-anos\/<\/p>\n","protected":false},"excerpt":{"rendered":"<p>En su nuevo libro &#8216;Los ni\u00f1os de Himmler&#8217;, la autora belga da voz a los ni\u00f1os de los Lebensborn.<\/p>\n","protected":false},"author":1,"featured_media":0,"comment_status":"closed","ping_status":"closed","sticky":false,"template":"","format":"standard","meta":{"footnotes":""},"categories":[8],"tags":[],"class_list":["post-10793","post","type-post","status-publish","format-standard","hentry","category-noticias"],"yoast_head":"<!-- This site is optimized with the Yoast SEO plugin v27.4 - https:\/\/yoast.com\/product\/yoast-seo-wordpress\/ -->\n<title>Caroline De Mulder rescata del olvido a J\u00fcrgen, un ni\u00f1o con discapacidad desaparecido en las maternidades nazis - Asociaci\u00f3n Espa\u00f1ola S\u00edndrome de Charge<\/title>\n<meta name=\"robots\" content=\"index, follow, max-snippet:-1, max-image-preview:large, max-video-preview:-1\" \/>\n<link rel=\"canonical\" href=\"https:\/\/sindromecharge.es\/index.php\/2025\/02\/04\/literatura-novela-caroline-mulder-las-maternidades-nazis-han-sido-un-tabu-durante-muchos-anos\/\" \/>\n<meta property=\"og:locale\" content=\"es_ES\" \/>\n<meta property=\"og:type\" content=\"article\" \/>\n<meta property=\"og:title\" content=\"Caroline De Mulder rescata del olvido a J\u00fcrgen, un ni\u00f1o con discapacidad desaparecido en las maternidades nazis - Asociaci\u00f3n Espa\u00f1ola S\u00edndrome de Charge\" \/>\n<meta property=\"og:description\" content=\"En su nuevo libro &#8216;Los ni\u00f1os de Himmler&#8217;, la autora belga da voz a los ni\u00f1os de los Lebensborn.\" \/>\n<meta property=\"og:url\" content=\"https:\/\/sindromecharge.es\/index.php\/2025\/02\/04\/literatura-novela-caroline-mulder-las-maternidades-nazis-han-sido-un-tabu-durante-muchos-anos\/\" \/>\n<meta property=\"og:site_name\" content=\"Asociaci\u00f3n Espa\u00f1ola S\u00edndrome de Charge\" \/>\n<meta property=\"article:publisher\" content=\"https:\/\/www.facebook.com\/asociacionsindromecharge\" \/>\n<meta property=\"article:published_time\" content=\"2025-02-04T16:17:24+00:00\" \/>\n<meta property=\"og:image\" content=\"https:\/\/sindromecharge.es\/wp-content\/uploads\/2013\/09\/logodecharge300x98.png\" \/>\n\t<meta property=\"og:image:width\" content=\"300\" \/>\n\t<meta property=\"og:image:height\" content=\"98\" \/>\n\t<meta property=\"og:image:type\" content=\"image\/png\" \/>\n<meta name=\"author\" content=\"Charge\" \/>\n<meta name=\"twitter:card\" content=\"summary_large_image\" \/>\n<meta name=\"twitter:creator\" content=\"@sindromecharge\" \/>\n<meta name=\"twitter:site\" content=\"@sindromecharge\" \/>\n<meta name=\"twitter:label1\" content=\"Escrito por\" \/>\n\t<meta name=\"twitter:data1\" content=\"Charge\" \/>\n\t<meta name=\"twitter:label2\" content=\"Tiempo de lectura\" \/>\n\t<meta name=\"twitter:data2\" content=\"4 minutos\" \/>\n<script type=\"application\/ld+json\" class=\"yoast-schema-graph\">{\"@context\":\"https:\\\/\\\/schema.org\",\"@graph\":[{\"@type\":\"Article\",\"@id\":\"https:\\\/\\\/sindromecharge.es\\\/index.php\\\/2025\\\/02\\\/04\\\/literatura-novela-caroline-mulder-las-maternidades-nazis-han-sido-un-tabu-durante-muchos-anos\\\/#article\",\"isPartOf\":{\"@id\":\"https:\\\/\\\/sindromecharge.es\\\/index.php\\\/2025\\\/02\\\/04\\\/literatura-novela-caroline-mulder-las-maternidades-nazis-han-sido-un-tabu-durante-muchos-anos\\\/\"},\"author\":{\"name\":\"Charge\",\"@id\":\"https:\\\/\\\/sindromecharge.es\\\/#\\\/schema\\\/person\\\/39a60ebe0a2b4d5a11179701e336b039\"},\"headline\":\"Caroline De Mulder rescata del olvido a J\u00fcrgen, un ni\u00f1o con discapacidad desaparecido en las maternidades nazis\",\"datePublished\":\"2025-02-04T16:17:24+00:00\",\"mainEntityOfPage\":{\"@id\":\"https:\\\/\\\/sindromecharge.es\\\/index.php\\\/2025\\\/02\\\/04\\\/literatura-novela-caroline-mulder-las-maternidades-nazis-han-sido-un-tabu-durante-muchos-anos\\\/\"},\"wordCount\":864,\"articleSection\":[\"noticias\"],\"inLanguage\":\"es\"},{\"@type\":\"WebPage\",\"@id\":\"https:\\\/\\\/sindromecharge.es\\\/index.php\\\/2025\\\/02\\\/04\\\/literatura-novela-caroline-mulder-las-maternidades-nazis-han-sido-un-tabu-durante-muchos-anos\\\/\",\"url\":\"https:\\\/\\\/sindromecharge.es\\\/index.php\\\/2025\\\/02\\\/04\\\/literatura-novela-caroline-mulder-las-maternidades-nazis-han-sido-un-tabu-durante-muchos-anos\\\/\",\"name\":\"Caroline De Mulder rescata del olvido a J\u00fcrgen, un ni\u00f1o con discapacidad desaparecido en las maternidades nazis - Asociaci\u00f3n Espa\u00f1ola S\u00edndrome de Charge\",\"isPartOf\":{\"@id\":\"https:\\\/\\\/sindromecharge.es\\\/#website\"},\"datePublished\":\"2025-02-04T16:17:24+00:00\",\"author\":{\"@id\":\"https:\\\/\\\/sindromecharge.es\\\/#\\\/schema\\\/person\\\/39a60ebe0a2b4d5a11179701e336b039\"},\"breadcrumb\":{\"@id\":\"https:\\\/\\\/sindromecharge.es\\\/index.php\\\/2025\\\/02\\\/04\\\/literatura-novela-caroline-mulder-las-maternidades-nazis-han-sido-un-tabu-durante-muchos-anos\\\/#breadcrumb\"},\"inLanguage\":\"es\",\"potentialAction\":[{\"@type\":\"ReadAction\",\"target\":[\"https:\\\/\\\/sindromecharge.es\\\/index.php\\\/2025\\\/02\\\/04\\\/literatura-novela-caroline-mulder-las-maternidades-nazis-han-sido-un-tabu-durante-muchos-anos\\\/\"]}]},{\"@type\":\"BreadcrumbList\",\"@id\":\"https:\\\/\\\/sindromecharge.es\\\/index.php\\\/2025\\\/02\\\/04\\\/literatura-novela-caroline-mulder-las-maternidades-nazis-han-sido-un-tabu-durante-muchos-anos\\\/#breadcrumb\",\"itemListElement\":[{\"@type\":\"ListItem\",\"position\":1,\"name\":\"Portada\",\"item\":\"https:\\\/\\\/sindromecharge.es\\\/\"},{\"@type\":\"ListItem\",\"position\":2,\"name\":\"Caroline De Mulder rescata del olvido a J\u00fcrgen, un ni\u00f1o con discapacidad desaparecido en las maternidades nazis\"}]},{\"@type\":\"WebSite\",\"@id\":\"https:\\\/\\\/sindromecharge.es\\\/#website\",\"url\":\"https:\\\/\\\/sindromecharge.es\\\/\",\"name\":\"Asociaci\u00f3n Espa\u00f1ola S\u00edndrome de Charge\",\"description\":\"\",\"potentialAction\":[{\"@type\":\"SearchAction\",\"target\":{\"@type\":\"EntryPoint\",\"urlTemplate\":\"https:\\\/\\\/sindromecharge.es\\\/?s={search_term_string}\"},\"query-input\":{\"@type\":\"PropertyValueSpecification\",\"valueRequired\":true,\"valueName\":\"search_term_string\"}}],\"inLanguage\":\"es\"},{\"@type\":\"Person\",\"@id\":\"https:\\\/\\\/sindromecharge.es\\\/#\\\/schema\\\/person\\\/39a60ebe0a2b4d5a11179701e336b039\",\"name\":\"Charge\",\"image\":{\"@type\":\"ImageObject\",\"inLanguage\":\"es\",\"@id\":\"https:\\\/\\\/secure.gravatar.com\\\/avatar\\\/c3b46e32a0fc3b093a0873fb767bf3293de856293065e84ef06b7ec7a8acfb98?s=96&d=identicon&r=x\",\"url\":\"https:\\\/\\\/secure.gravatar.com\\\/avatar\\\/c3b46e32a0fc3b093a0873fb767bf3293de856293065e84ef06b7ec7a8acfb98?s=96&d=identicon&r=x\",\"contentUrl\":\"https:\\\/\\\/secure.gravatar.com\\\/avatar\\\/c3b46e32a0fc3b093a0873fb767bf3293de856293065e84ef06b7ec7a8acfb98?s=96&d=identicon&r=x\",\"caption\":\"Charge\"},\"url\":\"https:\\\/\\\/sindromecharge.es\\\/index.php\\\/author\\\/admin\\\/\"}]}<\/script>\n<!-- \/ Yoast SEO plugin. -->","yoast_head_json":{"title":"Caroline De Mulder rescata del olvido a J\u00fcrgen, un ni\u00f1o con discapacidad desaparecido en las maternidades nazis - Asociaci\u00f3n Espa\u00f1ola S\u00edndrome de Charge","robots":{"index":"index","follow":"follow","max-snippet":"max-snippet:-1","max-image-preview":"max-image-preview:large","max-video-preview":"max-video-preview:-1"},"canonical":"https:\/\/sindromecharge.es\/index.php\/2025\/02\/04\/literatura-novela-caroline-mulder-las-maternidades-nazis-han-sido-un-tabu-durante-muchos-anos\/","og_locale":"es_ES","og_type":"article","og_title":"Caroline De Mulder rescata del olvido a J\u00fcrgen, un ni\u00f1o con discapacidad desaparecido en las maternidades nazis - Asociaci\u00f3n Espa\u00f1ola S\u00edndrome de Charge","og_description":"En su nuevo libro &#8216;Los ni\u00f1os de Himmler&#8217;, la autora belga da voz a los ni\u00f1os de los Lebensborn.","og_url":"https:\/\/sindromecharge.es\/index.php\/2025\/02\/04\/literatura-novela-caroline-mulder-las-maternidades-nazis-han-sido-un-tabu-durante-muchos-anos\/","og_site_name":"Asociaci\u00f3n Espa\u00f1ola S\u00edndrome de Charge","article_publisher":"https:\/\/www.facebook.com\/asociacionsindromecharge","article_published_time":"2025-02-04T16:17:24+00:00","og_image":[{"width":300,"height":98,"url":"https:\/\/sindromecharge.es\/wp-content\/uploads\/2013\/09\/logodecharge300x98.png","type":"image\/png"}],"author":"Charge","twitter_card":"summary_large_image","twitter_creator":"@sindromecharge","twitter_site":"@sindromecharge","twitter_misc":{"Escrito por":"Charge","Tiempo de lectura":"4 minutos"},"schema":{"@context":"https:\/\/schema.org","@graph":[{"@type":"Article","@id":"https:\/\/sindromecharge.es\/index.php\/2025\/02\/04\/literatura-novela-caroline-mulder-las-maternidades-nazis-han-sido-un-tabu-durante-muchos-anos\/#article","isPartOf":{"@id":"https:\/\/sindromecharge.es\/index.php\/2025\/02\/04\/literatura-novela-caroline-mulder-las-maternidades-nazis-han-sido-un-tabu-durante-muchos-anos\/"},"author":{"name":"Charge","@id":"https:\/\/sindromecharge.es\/#\/schema\/person\/39a60ebe0a2b4d5a11179701e336b039"},"headline":"Caroline De Mulder rescata del olvido a J\u00fcrgen, un ni\u00f1o con discapacidad desaparecido en las maternidades nazis","datePublished":"2025-02-04T16:17:24+00:00","mainEntityOfPage":{"@id":"https:\/\/sindromecharge.es\/index.php\/2025\/02\/04\/literatura-novela-caroline-mulder-las-maternidades-nazis-han-sido-un-tabu-durante-muchos-anos\/"},"wordCount":864,"articleSection":["noticias"],"inLanguage":"es"},{"@type":"WebPage","@id":"https:\/\/sindromecharge.es\/index.php\/2025\/02\/04\/literatura-novela-caroline-mulder-las-maternidades-nazis-han-sido-un-tabu-durante-muchos-anos\/","url":"https:\/\/sindromecharge.es\/index.php\/2025\/02\/04\/literatura-novela-caroline-mulder-las-maternidades-nazis-han-sido-un-tabu-durante-muchos-anos\/","name":"Caroline De Mulder rescata del olvido a J\u00fcrgen, un ni\u00f1o con discapacidad desaparecido en las maternidades nazis - Asociaci\u00f3n Espa\u00f1ola S\u00edndrome de Charge","isPartOf":{"@id":"https:\/\/sindromecharge.es\/#website"},"datePublished":"2025-02-04T16:17:24+00:00","author":{"@id":"https:\/\/sindromecharge.es\/#\/schema\/person\/39a60ebe0a2b4d5a11179701e336b039"},"breadcrumb":{"@id":"https:\/\/sindromecharge.es\/index.php\/2025\/02\/04\/literatura-novela-caroline-mulder-las-maternidades-nazis-han-sido-un-tabu-durante-muchos-anos\/#breadcrumb"},"inLanguage":"es","potentialAction":[{"@type":"ReadAction","target":["https:\/\/sindromecharge.es\/index.php\/2025\/02\/04\/literatura-novela-caroline-mulder-las-maternidades-nazis-han-sido-un-tabu-durante-muchos-anos\/"]}]},{"@type":"BreadcrumbList","@id":"https:\/\/sindromecharge.es\/index.php\/2025\/02\/04\/literatura-novela-caroline-mulder-las-maternidades-nazis-han-sido-un-tabu-durante-muchos-anos\/#breadcrumb","itemListElement":[{"@type":"ListItem","position":1,"name":"Portada","item":"https:\/\/sindromecharge.es\/"},{"@type":"ListItem","position":2,"name":"Caroline De Mulder rescata del olvido a J\u00fcrgen, un ni\u00f1o con discapacidad desaparecido en las maternidades nazis"}]},{"@type":"WebSite","@id":"https:\/\/sindromecharge.es\/#website","url":"https:\/\/sindromecharge.es\/","name":"Asociaci\u00f3n Espa\u00f1ola S\u00edndrome de Charge","description":"","potentialAction":[{"@type":"SearchAction","target":{"@type":"EntryPoint","urlTemplate":"https:\/\/sindromecharge.es\/?s={search_term_string}"},"query-input":{"@type":"PropertyValueSpecification","valueRequired":true,"valueName":"search_term_string"}}],"inLanguage":"es"},{"@type":"Person","@id":"https:\/\/sindromecharge.es\/#\/schema\/person\/39a60ebe0a2b4d5a11179701e336b039","name":"Charge","image":{"@type":"ImageObject","inLanguage":"es","@id":"https:\/\/secure.gravatar.com\/avatar\/c3b46e32a0fc3b093a0873fb767bf3293de856293065e84ef06b7ec7a8acfb98?s=96&d=identicon&r=x","url":"https:\/\/secure.gravatar.com\/avatar\/c3b46e32a0fc3b093a0873fb767bf3293de856293065e84ef06b7ec7a8acfb98?s=96&d=identicon&r=x","contentUrl":"https:\/\/secure.gravatar.com\/avatar\/c3b46e32a0fc3b093a0873fb767bf3293de856293065e84ef06b7ec7a8acfb98?s=96&d=identicon&r=x","caption":"Charge"},"url":"https:\/\/sindromecharge.es\/index.php\/author\/admin\/"}]}},"_links":{"self":[{"href":"https:\/\/sindromecharge.es\/index.php\/wp-json\/wp\/v2\/posts\/10793","targetHints":{"allow":["GET"]}}],"collection":[{"href":"https:\/\/sindromecharge.es\/index.php\/wp-json\/wp\/v2\/posts"}],"about":[{"href":"https:\/\/sindromecharge.es\/index.php\/wp-json\/wp\/v2\/types\/post"}],"author":[{"embeddable":true,"href":"https:\/\/sindromecharge.es\/index.php\/wp-json\/wp\/v2\/users\/1"}],"replies":[{"embeddable":true,"href":"https:\/\/sindromecharge.es\/index.php\/wp-json\/wp\/v2\/comments?post=10793"}],"version-history":[{"count":0,"href":"https:\/\/sindromecharge.es\/index.php\/wp-json\/wp\/v2\/posts\/10793\/revisions"}],"wp:attachment":[{"href":"https:\/\/sindromecharge.es\/index.php\/wp-json\/wp\/v2\/media?parent=10793"}],"wp:term":[{"taxonomy":"category","embeddable":true,"href":"https:\/\/sindromecharge.es\/index.php\/wp-json\/wp\/v2\/categories?post=10793"},{"taxonomy":"post_tag","embeddable":true,"href":"https:\/\/sindromecharge.es\/index.php\/wp-json\/wp\/v2\/tags?post=10793"}],"curies":[{"name":"wp","href":"https:\/\/api.w.org\/{rel}","templated":true}]}}