{"id":10792,"date":"2025-02-04T11:21:51","date_gmt":"2025-02-04T11:21:51","guid":{"rendered":"https:\/\/sindromecharge.es\/index.php\/2025\/02\/04\/fundacion-once-busca-startups-que-mejoren-calidad-vida-las-personas-con-discapacidad-las-personas-mayores\/"},"modified":"2025-02-04T11:21:51","modified_gmt":"2025-02-04T11:21:51","slug":"fundacion-once-busca-startups-que-mejoren-calidad-vida-las-personas-con-discapacidad-las-personas-mayores","status":"publish","type":"post","link":"https:\/\/sindromecharge.es\/index.php\/2025\/02\/04\/fundacion-once-busca-startups-que-mejoren-calidad-vida-las-personas-con-discapacidad-las-personas-mayores\/","title":{"rendered":"Arranca el programa de ayudas para emprendedores que mejoran la vida de personas con discapacidad y mayores"},"content":{"rendered":"<p>Leemos en Discapacidad la siguiente noticia que os reproducimos de forma \u00edntegra: <\/p>\n<div>\n<p><a href=\"https:\/\/www.20minutos.es\/minuteca\/fundacion-once\/\" title=\"Fundaci\u00f3n Once\">Fundaci\u00f3n ONCE<\/a> ha lanzado <b>la sexta edici\u00f3n de su programa de crecimiento para proyectos emprendedores<\/b>, <i>startups <\/i>y empresas que impacten en la mejora de la calidad de vida de las personas con discapacidad o personas mayores.<\/p>\n<p>La iniciativa se desarrolla <b>en colaboraci\u00f3n con PwC <\/b>y pondr\u00e1 a disposici\u00f3n de los participantes un equipo de profesionales expertos en materia de crecimiento y en el \u00e1mbito de la discapacidad, que les prestar\u00e1 asesoramiento mediante <b>un servicio espec\u00edfico y personalizado<\/b> en base a sus necesidades.<\/p>\n<p>De esta forma, los beneficiarios recibir\u00e1n <b>asesoramiento sobre la estructura de la empresa y el negocio<\/b> y se les preparar\u00e1 para la participaci\u00f3n en rondas de inversi\u00f3n destinadas a la captaci\u00f3n de capital que facilite su crecimiento.<\/p>\n<p>Los interesados podr\u00e1n presentar sus candidaturas<b> hasta el pr\u00f3ximo 7 de marzo a trav\u00e9s de la web de Fundaci\u00f3n ONCE<\/b>, que dar\u00e1 a conocer los seleccionados a finales de ese mismo mes para comenzar el programa entre abril y mayo de 2025.<\/p>\n<p>El programa de crecimiento tiene una <b>duraci\u00f3n estimada de entre 8 y 12 semanas<\/b>, si bien los plazos son flexibles, puesto que se ajusta a las necesidades de las empresas participantes.<\/p>\n<p>Tal y como explica Jes\u00fas Hern\u00e1ndez, director de Accesibilidad e Innovaci\u00f3n de Fundaci\u00f3n ONCE, la entidad lleva tiempo <b>apostando por el emprendimiento social<\/b>, que repercute no solo sobre personas mayores o ciudadanos con discapacidad, sino que genera beneficios para toda la sociedad: \u201cDesde Fundaci\u00f3n ONCE llevamos a\u00f1os impulsando la aceleraci\u00f3n de proyectos y startups relacionados con la discapacidad. Lo que nos han ense\u00f1ado las ediciones anteriores es que estos proyectos, adem\u00e1s de<b> contribuir a la mejora de la calidad de vida de las personas con discapacidad<\/b>, permiten generar modelos de negocio y soluciones que aportan innovaci\u00f3n, talento y mejoras a toda la sociedad\u201d, explica.<\/p>\n<p>\u201cCon el lanzamiento de este programa de crecimiento\u201d, prosigue, \u201cqueremos seguir siendo un actor clave, <b>un motor del crecimiento en el ecosistema emprendedor de la discapacidad<\/b> y de las personas mayores\u201d.<\/p>\n<p>A lo largo de sus cuatro ediciones, este programa ha apoyado el impulso de<b> m\u00e1s de una veintena de proyectos innovadores<\/b> capaces de impactar en la mejora de la calidad de vida de personas con discapacidad.<\/p>\n<p>Entre los participantes en la edici\u00f3n anterior figuran <b>Yuplug, <\/b>una compa\u00f1\u00eda que dise\u00f1a y fabrica enchufes innovadores y accesibles que facilitan la conexi\u00f3n de dispositivos el\u00e9ctricos; <b>Kuvu<\/b>, plataforma online que conecta a j\u00f3venes con personas mayores que tengan una habitaci\u00f3n disponible para alquilar; <b>InRobics<\/b>, spin-off de la UC3M, que ha desarrollado una soluci\u00f3n certificada como producto sanitario basada en Rob\u00f3tica Social e Inteligencia Artificial, y  Eldes, que permite la ense\u00f1anza de Lengua de signos de forma masiva. <\/p>\n<\/div>\n<p>Fuente: Discapacidad https:\/\/www.20minutos.es\/noticia\/5679022\/0\/fundacion-once-busca-startups-que-mejoren-calidad-vida-las-personas-con-discapacidad-las-personas-mayores\/<\/p>\n","protected":false},"excerpt":{"rendered":"<p>Los interesados podr\u00e1n presentar sus candidaturas hasta el 7 de marzo a trav\u00e9s de la web de Fundaci\u00f3n ONCE.<\/p>\n","protected":false},"author":1,"featured_media":0,"comment_status":"closed","ping_status":"closed","sticky":false,"template":"","format":"standard","meta":{"footnotes":""},"categories":[8],"tags":[],"class_list":["post-10792","post","type-post","status-publish","format-standard","hentry","category-noticias"],"yoast_head":"<!-- This site is optimized with the Yoast SEO plugin v27.4 - https:\/\/yoast.com\/product\/yoast-seo-wordpress\/ -->\n<title>Arranca el programa de ayudas para emprendedores que mejoran la vida de personas con discapacidad y mayores - Asociaci\u00f3n Espa\u00f1ola S\u00edndrome de Charge<\/title>\n<meta name=\"robots\" content=\"index, follow, max-snippet:-1, max-image-preview:large, max-video-preview:-1\" \/>\n<link rel=\"canonical\" href=\"https:\/\/sindromecharge.es\/index.php\/2025\/02\/04\/fundacion-once-busca-startups-que-mejoren-calidad-vida-las-personas-con-discapacidad-las-personas-mayores\/\" \/>\n<meta property=\"og:locale\" content=\"es_ES\" \/>\n<meta property=\"og:type\" content=\"article\" \/>\n<meta property=\"og:title\" content=\"Arranca el programa de ayudas para emprendedores que mejoran la vida de personas con discapacidad y mayores - Asociaci\u00f3n Espa\u00f1ola S\u00edndrome de Charge\" \/>\n<meta property=\"og:description\" content=\"Los interesados podr\u00e1n presentar sus candidaturas hasta el 7 de marzo a trav\u00e9s de la web de Fundaci\u00f3n ONCE.\" \/>\n<meta property=\"og:url\" content=\"https:\/\/sindromecharge.es\/index.php\/2025\/02\/04\/fundacion-once-busca-startups-que-mejoren-calidad-vida-las-personas-con-discapacidad-las-personas-mayores\/\" \/>\n<meta property=\"og:site_name\" content=\"Asociaci\u00f3n Espa\u00f1ola S\u00edndrome de Charge\" \/>\n<meta property=\"article:publisher\" content=\"https:\/\/www.facebook.com\/asociacionsindromecharge\" \/>\n<meta property=\"article:published_time\" content=\"2025-02-04T11:21:51+00:00\" \/>\n<meta property=\"og:image\" content=\"https:\/\/sindromecharge.es\/wp-content\/uploads\/2013\/09\/logodecharge300x98.png\" \/>\n\t<meta property=\"og:image:width\" content=\"300\" \/>\n\t<meta property=\"og:image:height\" content=\"98\" \/>\n\t<meta property=\"og:image:type\" content=\"image\/png\" \/>\n<meta name=\"author\" content=\"Charge\" \/>\n<meta name=\"twitter:card\" content=\"summary_large_image\" \/>\n<meta name=\"twitter:creator\" content=\"@sindromecharge\" \/>\n<meta name=\"twitter:site\" content=\"@sindromecharge\" \/>\n<meta name=\"twitter:label1\" content=\"Escrito por\" \/>\n\t<meta name=\"twitter:data1\" content=\"Charge\" \/>\n\t<meta name=\"twitter:label2\" content=\"Tiempo de lectura\" \/>\n\t<meta name=\"twitter:data2\" content=\"2 minutos\" \/>\n<script type=\"application\/ld+json\" class=\"yoast-schema-graph\">{\"@context\":\"https:\\\/\\\/schema.org\",\"@graph\":[{\"@type\":\"Article\",\"@id\":\"https:\\\/\\\/sindromecharge.es\\\/index.php\\\/2025\\\/02\\\/04\\\/fundacion-once-busca-startups-que-mejoren-calidad-vida-las-personas-con-discapacidad-las-personas-mayores\\\/#article\",\"isPartOf\":{\"@id\":\"https:\\\/\\\/sindromecharge.es\\\/index.php\\\/2025\\\/02\\\/04\\\/fundacion-once-busca-startups-que-mejoren-calidad-vida-las-personas-con-discapacidad-las-personas-mayores\\\/\"},\"author\":{\"name\":\"Charge\",\"@id\":\"https:\\\/\\\/sindromecharge.es\\\/#\\\/schema\\\/person\\\/39a60ebe0a2b4d5a11179701e336b039\"},\"headline\":\"Arranca el programa de ayudas para emprendedores que mejoran la vida de personas con discapacidad y mayores\",\"datePublished\":\"2025-02-04T11:21:51+00:00\",\"mainEntityOfPage\":{\"@id\":\"https:\\\/\\\/sindromecharge.es\\\/index.php\\\/2025\\\/02\\\/04\\\/fundacion-once-busca-startups-que-mejoren-calidad-vida-las-personas-con-discapacidad-las-personas-mayores\\\/\"},\"wordCount\":509,\"articleSection\":[\"noticias\"],\"inLanguage\":\"es\"},{\"@type\":\"WebPage\",\"@id\":\"https:\\\/\\\/sindromecharge.es\\\/index.php\\\/2025\\\/02\\\/04\\\/fundacion-once-busca-startups-que-mejoren-calidad-vida-las-personas-con-discapacidad-las-personas-mayores\\\/\",\"url\":\"https:\\\/\\\/sindromecharge.es\\\/index.php\\\/2025\\\/02\\\/04\\\/fundacion-once-busca-startups-que-mejoren-calidad-vida-las-personas-con-discapacidad-las-personas-mayores\\\/\",\"name\":\"Arranca el programa de ayudas para emprendedores que mejoran la vida de personas con discapacidad y mayores - Asociaci\u00f3n Espa\u00f1ola S\u00edndrome de Charge\",\"isPartOf\":{\"@id\":\"https:\\\/\\\/sindromecharge.es\\\/#website\"},\"datePublished\":\"2025-02-04T11:21:51+00:00\",\"author\":{\"@id\":\"https:\\\/\\\/sindromecharge.es\\\/#\\\/schema\\\/person\\\/39a60ebe0a2b4d5a11179701e336b039\"},\"breadcrumb\":{\"@id\":\"https:\\\/\\\/sindromecharge.es\\\/index.php\\\/2025\\\/02\\\/04\\\/fundacion-once-busca-startups-que-mejoren-calidad-vida-las-personas-con-discapacidad-las-personas-mayores\\\/#breadcrumb\"},\"inLanguage\":\"es\",\"potentialAction\":[{\"@type\":\"ReadAction\",\"target\":[\"https:\\\/\\\/sindromecharge.es\\\/index.php\\\/2025\\\/02\\\/04\\\/fundacion-once-busca-startups-que-mejoren-calidad-vida-las-personas-con-discapacidad-las-personas-mayores\\\/\"]}]},{\"@type\":\"BreadcrumbList\",\"@id\":\"https:\\\/\\\/sindromecharge.es\\\/index.php\\\/2025\\\/02\\\/04\\\/fundacion-once-busca-startups-que-mejoren-calidad-vida-las-personas-con-discapacidad-las-personas-mayores\\\/#breadcrumb\",\"itemListElement\":[{\"@type\":\"ListItem\",\"position\":1,\"name\":\"Portada\",\"item\":\"https:\\\/\\\/sindromecharge.es\\\/\"},{\"@type\":\"ListItem\",\"position\":2,\"name\":\"Arranca el programa de ayudas para emprendedores que mejoran la vida de personas con discapacidad y mayores\"}]},{\"@type\":\"WebSite\",\"@id\":\"https:\\\/\\\/sindromecharge.es\\\/#website\",\"url\":\"https:\\\/\\\/sindromecharge.es\\\/\",\"name\":\"Asociaci\u00f3n Espa\u00f1ola S\u00edndrome de Charge\",\"description\":\"\",\"potentialAction\":[{\"@type\":\"SearchAction\",\"target\":{\"@type\":\"EntryPoint\",\"urlTemplate\":\"https:\\\/\\\/sindromecharge.es\\\/?s={search_term_string}\"},\"query-input\":{\"@type\":\"PropertyValueSpecification\",\"valueRequired\":true,\"valueName\":\"search_term_string\"}}],\"inLanguage\":\"es\"},{\"@type\":\"Person\",\"@id\":\"https:\\\/\\\/sindromecharge.es\\\/#\\\/schema\\\/person\\\/39a60ebe0a2b4d5a11179701e336b039\",\"name\":\"Charge\",\"image\":{\"@type\":\"ImageObject\",\"inLanguage\":\"es\",\"@id\":\"https:\\\/\\\/secure.gravatar.com\\\/avatar\\\/c3b46e32a0fc3b093a0873fb767bf3293de856293065e84ef06b7ec7a8acfb98?s=96&d=identicon&r=x\",\"url\":\"https:\\\/\\\/secure.gravatar.com\\\/avatar\\\/c3b46e32a0fc3b093a0873fb767bf3293de856293065e84ef06b7ec7a8acfb98?s=96&d=identicon&r=x\",\"contentUrl\":\"https:\\\/\\\/secure.gravatar.com\\\/avatar\\\/c3b46e32a0fc3b093a0873fb767bf3293de856293065e84ef06b7ec7a8acfb98?s=96&d=identicon&r=x\",\"caption\":\"Charge\"},\"url\":\"https:\\\/\\\/sindromecharge.es\\\/index.php\\\/author\\\/admin\\\/\"}]}<\/script>\n<!-- \/ Yoast SEO plugin. -->","yoast_head_json":{"title":"Arranca el programa de ayudas para emprendedores que mejoran la vida de personas con discapacidad y mayores - Asociaci\u00f3n Espa\u00f1ola S\u00edndrome de Charge","robots":{"index":"index","follow":"follow","max-snippet":"max-snippet:-1","max-image-preview":"max-image-preview:large","max-video-preview":"max-video-preview:-1"},"canonical":"https:\/\/sindromecharge.es\/index.php\/2025\/02\/04\/fundacion-once-busca-startups-que-mejoren-calidad-vida-las-personas-con-discapacidad-las-personas-mayores\/","og_locale":"es_ES","og_type":"article","og_title":"Arranca el programa de ayudas para emprendedores que mejoran la vida de personas con discapacidad y mayores - Asociaci\u00f3n Espa\u00f1ola S\u00edndrome de Charge","og_description":"Los interesados podr\u00e1n presentar sus candidaturas hasta el 7 de marzo a trav\u00e9s de la web de Fundaci\u00f3n ONCE.","og_url":"https:\/\/sindromecharge.es\/index.php\/2025\/02\/04\/fundacion-once-busca-startups-que-mejoren-calidad-vida-las-personas-con-discapacidad-las-personas-mayores\/","og_site_name":"Asociaci\u00f3n Espa\u00f1ola S\u00edndrome de Charge","article_publisher":"https:\/\/www.facebook.com\/asociacionsindromecharge","article_published_time":"2025-02-04T11:21:51+00:00","og_image":[{"width":300,"height":98,"url":"https:\/\/sindromecharge.es\/wp-content\/uploads\/2013\/09\/logodecharge300x98.png","type":"image\/png"}],"author":"Charge","twitter_card":"summary_large_image","twitter_creator":"@sindromecharge","twitter_site":"@sindromecharge","twitter_misc":{"Escrito por":"Charge","Tiempo de lectura":"2 minutos"},"schema":{"@context":"https:\/\/schema.org","@graph":[{"@type":"Article","@id":"https:\/\/sindromecharge.es\/index.php\/2025\/02\/04\/fundacion-once-busca-startups-que-mejoren-calidad-vida-las-personas-con-discapacidad-las-personas-mayores\/#article","isPartOf":{"@id":"https:\/\/sindromecharge.es\/index.php\/2025\/02\/04\/fundacion-once-busca-startups-que-mejoren-calidad-vida-las-personas-con-discapacidad-las-personas-mayores\/"},"author":{"name":"Charge","@id":"https:\/\/sindromecharge.es\/#\/schema\/person\/39a60ebe0a2b4d5a11179701e336b039"},"headline":"Arranca el programa de ayudas para emprendedores que mejoran la vida de personas con discapacidad y mayores","datePublished":"2025-02-04T11:21:51+00:00","mainEntityOfPage":{"@id":"https:\/\/sindromecharge.es\/index.php\/2025\/02\/04\/fundacion-once-busca-startups-que-mejoren-calidad-vida-las-personas-con-discapacidad-las-personas-mayores\/"},"wordCount":509,"articleSection":["noticias"],"inLanguage":"es"},{"@type":"WebPage","@id":"https:\/\/sindromecharge.es\/index.php\/2025\/02\/04\/fundacion-once-busca-startups-que-mejoren-calidad-vida-las-personas-con-discapacidad-las-personas-mayores\/","url":"https:\/\/sindromecharge.es\/index.php\/2025\/02\/04\/fundacion-once-busca-startups-que-mejoren-calidad-vida-las-personas-con-discapacidad-las-personas-mayores\/","name":"Arranca el programa de ayudas para emprendedores que mejoran la vida de personas con discapacidad y mayores - Asociaci\u00f3n Espa\u00f1ola S\u00edndrome de Charge","isPartOf":{"@id":"https:\/\/sindromecharge.es\/#website"},"datePublished":"2025-02-04T11:21:51+00:00","author":{"@id":"https:\/\/sindromecharge.es\/#\/schema\/person\/39a60ebe0a2b4d5a11179701e336b039"},"breadcrumb":{"@id":"https:\/\/sindromecharge.es\/index.php\/2025\/02\/04\/fundacion-once-busca-startups-que-mejoren-calidad-vida-las-personas-con-discapacidad-las-personas-mayores\/#breadcrumb"},"inLanguage":"es","potentialAction":[{"@type":"ReadAction","target":["https:\/\/sindromecharge.es\/index.php\/2025\/02\/04\/fundacion-once-busca-startups-que-mejoren-calidad-vida-las-personas-con-discapacidad-las-personas-mayores\/"]}]},{"@type":"BreadcrumbList","@id":"https:\/\/sindromecharge.es\/index.php\/2025\/02\/04\/fundacion-once-busca-startups-que-mejoren-calidad-vida-las-personas-con-discapacidad-las-personas-mayores\/#breadcrumb","itemListElement":[{"@type":"ListItem","position":1,"name":"Portada","item":"https:\/\/sindromecharge.es\/"},{"@type":"ListItem","position":2,"name":"Arranca el programa de ayudas para emprendedores que mejoran la vida de personas con discapacidad y mayores"}]},{"@type":"WebSite","@id":"https:\/\/sindromecharge.es\/#website","url":"https:\/\/sindromecharge.es\/","name":"Asociaci\u00f3n Espa\u00f1ola S\u00edndrome de Charge","description":"","potentialAction":[{"@type":"SearchAction","target":{"@type":"EntryPoint","urlTemplate":"https:\/\/sindromecharge.es\/?s={search_term_string}"},"query-input":{"@type":"PropertyValueSpecification","valueRequired":true,"valueName":"search_term_string"}}],"inLanguage":"es"},{"@type":"Person","@id":"https:\/\/sindromecharge.es\/#\/schema\/person\/39a60ebe0a2b4d5a11179701e336b039","name":"Charge","image":{"@type":"ImageObject","inLanguage":"es","@id":"https:\/\/secure.gravatar.com\/avatar\/c3b46e32a0fc3b093a0873fb767bf3293de856293065e84ef06b7ec7a8acfb98?s=96&d=identicon&r=x","url":"https:\/\/secure.gravatar.com\/avatar\/c3b46e32a0fc3b093a0873fb767bf3293de856293065e84ef06b7ec7a8acfb98?s=96&d=identicon&r=x","contentUrl":"https:\/\/secure.gravatar.com\/avatar\/c3b46e32a0fc3b093a0873fb767bf3293de856293065e84ef06b7ec7a8acfb98?s=96&d=identicon&r=x","caption":"Charge"},"url":"https:\/\/sindromecharge.es\/index.php\/author\/admin\/"}]}},"_links":{"self":[{"href":"https:\/\/sindromecharge.es\/index.php\/wp-json\/wp\/v2\/posts\/10792","targetHints":{"allow":["GET"]}}],"collection":[{"href":"https:\/\/sindromecharge.es\/index.php\/wp-json\/wp\/v2\/posts"}],"about":[{"href":"https:\/\/sindromecharge.es\/index.php\/wp-json\/wp\/v2\/types\/post"}],"author":[{"embeddable":true,"href":"https:\/\/sindromecharge.es\/index.php\/wp-json\/wp\/v2\/users\/1"}],"replies":[{"embeddable":true,"href":"https:\/\/sindromecharge.es\/index.php\/wp-json\/wp\/v2\/comments?post=10792"}],"version-history":[{"count":0,"href":"https:\/\/sindromecharge.es\/index.php\/wp-json\/wp\/v2\/posts\/10792\/revisions"}],"wp:attachment":[{"href":"https:\/\/sindromecharge.es\/index.php\/wp-json\/wp\/v2\/media?parent=10792"}],"wp:term":[{"taxonomy":"category","embeddable":true,"href":"https:\/\/sindromecharge.es\/index.php\/wp-json\/wp\/v2\/categories?post=10792"},{"taxonomy":"post_tag","embeddable":true,"href":"https:\/\/sindromecharge.es\/index.php\/wp-json\/wp\/v2\/tags?post=10792"}],"curies":[{"name":"wp","href":"https:\/\/api.w.org\/{rel}","templated":true}]}}