{"id":10791,"date":"2025-02-04T08:12:50","date_gmt":"2025-02-04T08:12:50","guid":{"rendered":"https:\/\/sindromecharge.es\/index.php\/2025\/02\/04\/sindica-greuges-pide-alternativas-prision-para-personas-con-discapacidad-intelectual\/"},"modified":"2025-02-04T08:12:50","modified_gmt":"2025-02-04T08:12:50","slug":"sindica-greuges-pide-alternativas-prision-para-personas-con-discapacidad-intelectual","status":"publish","type":"post","link":"https:\/\/sindromecharge.es\/index.php\/2025\/02\/04\/sindica-greuges-pide-alternativas-prision-para-personas-con-discapacidad-intelectual\/","title":{"rendered":"Piden alternativas a la prisi\u00f3n para personas con discapacidad intelectual: \u00abNo est\u00e1n preparadas para atenderles\u00bb"},"content":{"rendered":"<p>Leemos en Discapacidad la siguiente noticia que os reproducimos de forma \u00edntegra: <\/p>\n<div>\n<p><b>La S\u00edndica de Greuges de Catalunya, Esther Gim\u00e9nez-Salinas<\/b>, y el adjunto general, Jaume Saura, han entregado este lunes por la tarde al presidente del Parlament, Josep Rull, el <b>informe anual del Mecanisme Catal\u00e0 per a la Prevenci\u00f3 de la Tortura (MCPT) de 2024<\/b>, en el que se solicitan<b> alternativas a la prisi\u00f3n para las personas con <a href=\"https:\/\/www.20minutos.es\/minuteca\/discapacidad-intelectual\/\" title=\"Discapacidad intelectual\" target=\"_blank\">discapacidad intelectual<\/a><\/b>.<\/p>\n<p>Se trata del decimocuarto informe entregado al Parlament y, en esta edici\u00f3n, el monogr\u00e1fico del informe, consultado por Europa Press, est\u00e1 enfocado en las <b>personas con diversidad funcional que cumplen condena<\/b> o que se encuentran en situaci\u00f3n de prisi\u00f3n preventiva en Catalunya \u00aben un sistema que normalmente no est\u00e1 preparado para atenderlas adecuadamente\u00bb.<\/p>\n<p>El informe constata que, aunque se est\u00e1n haciendo esfuerzos para adaptar el <b>entorno penitenciario a las personas con discapacidad intelectual<\/b>, \u00ablas carencias todav\u00eda contin\u00faan y son frecuentes\u00bb, dado que no hay unidades espec\u00edficas en las prisiones a excepci\u00f3n de Quatre Camins (Barcelona).<\/p>\n<p>Por este motivo, personas con discapacidad intelectual<b> \u00abconviven mezcladas con otros internos vulnerables<\/b>, ya sea porque tienen una patolog\u00eda mental, un problema de consumo o una <a href=\"https:\/\/www.20minutos.es\/minuteca\/discapacidad\/\" title=\"Discapacidad\" target=\"_blank\">discapacidad<\/a>\u00bb y, en el caso de las mujeres, en los centros no hay un espacio espec\u00edfico para ellas o el que hay es claramente deficiente, seg\u00fan recoge textualmente el documento.<\/p>\n<p>Subraya que la \u00fanica prisi\u00f3n que dispone de una unidad residencial en Catalunya para atender la discapacidad intelectual en la actualidad es <b>Quatre Camins <\/b>y que las mujeres \u00abvuelven a ser discriminadas, pues no pueden acceder a esta unidad ubicada en un centro penitenciario de hombres\u00bb.<\/p>\n<p>Aunque en esta unidad espec\u00edfica de Quatre Camins no hay lista de espera, al ser<b> el \u00fanico centro que cuenta con este servicio algunos presos con discapacidad intelectual <\/b>acreditada que se encuentran en otras prisiones no quieren que se les traslade \u00abporque supondr\u00eda alejarse del domicilio familiar\u00bb, lo que podr\u00eda ser contraproducente, seg\u00fan el informe.<\/p>\n<p>Por este motivo, de los <b>136 internos con una discapacidad intelectual acreditada en Catalunya<\/b>, s\u00f3lo 31 residen en esta unidad especializada.<\/p>\n<p>Destaca que en algunos centros las unidades especializadas para personas con perfil vulnerable -algunos de los visitados como Ponent (Lleida) y Dones (Barcelona) no disponen de ellas- tienen <b>un l\u00edmite temporal de dos a\u00f1os antes de regresar a un m\u00f3dulo ordinario,<\/b> que puede ser adecuado en algunos casos, \u00abpero no para los internos con discapacidad intelectual\u00bb.<\/p>\n<p>Adem\u00e1s, aseguran que hay \u00abun porcentaje elevado de personas con discapacidad intelectual y de desarrollo que no tienen el certificado oficial\u00bb ni est\u00e1n detectadas como vulnerables, por lo que residen en m\u00f3dulos ordinarios, que no est\u00e1n adaptados.<\/p>\n<h1>Un porcentaje elevado de personas con discapacidad intelectual y de desarrollo que no tienen el certificado oficial ni est\u00e1n detectadas como vulnerables<\/h1>\n<p>Para la elaboraci\u00f3n de este monogr\u00e1fico, el MCPT ha visitado los m\u00f3dulos y unidades de 7 centros penitenciarios de Catalunya en los que se ubican las personas con discapacidad y, pese a las carencias en el sistema, destacan la <b>\u00abloable tarea\u00bb del personal penitenciario de tratamiento y de servicio interior<\/b>.<\/p>\n<p>Por todo ello, piden a la Administraci\u00f3n que<b> tenga en cuenta la discapacidad intelectual a la hora de desarrollar los procedimientos policiales y judiciales<\/b>, que se potencien instrumentos que permitan que estas personas puedan cumplir condena mediante una medida alternativa a la entrada en prisi\u00f3n y que, en caso de ingresar en la c\u00e1rcel, se emita un informe a la autoridad judicial correspondiente.<\/p>\n<p>Tambi\u00e9n, que se establezcan indicadores que faciliten su detecci\u00f3n, que se elaboren planes de tratamiento individualizados para facilitar su reinserci\u00f3n una vez terminada la condena y que todas las prisiones de Catalunya dispongan de m\u00f3dulos o unidades especializadas para ofrecer una atenci\u00f3n especializada.<\/p>\n<h2>Piden analizar la circular 2\/2024<\/h2>\n<p>En el informe tambi\u00e9n se analiza la Circular 2\/2024, que se implement\u00f3 en las prisiones catalanas tras<b> el asesinato a manos de un interno de la cocinera<\/b> del Centro Penitenciario Mas d&#8217;Enric (Tarragona), N\u00faria L\u00f3pez, que regula el acceso y extinci\u00f3n de la relaci\u00f3n laboral penitenciaria.<\/p>\n<p>La s\u00edndica considera que el trabajo penitenciario tiene un<b>a funci\u00f3n de reinserci\u00f3n<\/b> y que la nueva circular supone una \u00abrestricci\u00f3n excesiva\u00bb al acceso y permanencia en los talleres.<\/p>\n<p>Por eso, solicita su revisi\u00f3n porque aumenta los destinos considerados de \u00abespecial riesgo\u00bb y porque establece nuevos requisitos que, seg\u00fan el informe, carecen de base legal, como es <b>no haber estado condenados por delitos violentos<\/b> con resultado de muerte o lesiones graves.<\/p>\n<p>En lugar de restringir el acceso de los internos al trabajo penitenciario, recomienda <b>reforzar las medidas de seguridad <\/b>mediante la instalaci\u00f3n de c\u00e1maras y arcos detectores o la realizaci\u00f3n de controles m\u00e1s frecuentes.<\/p>\n<h1>De 136 internos con una discapacidad intelectual acreditada en Catalu\u00f1a, s\u00f3lo 31 residen en esta unidad especializada<\/h1>\n<h2>Clausura de las custodias de polic\u00edas locales <\/h2>\n<p>En lo que respecta a las polic\u00edas locales, el informe del MCPT pide que, cuando practiquen alguna detenci\u00f3n<b> se transfiera a los detenidos directamente al \u00e1rea b\u00e1sica policial <\/b>de los Mossos d&#8217;Esquadra, absteni\u00e9ndose de hacer su custodia.<\/p>\n<p>Para ello, solicita que se haga un<b> protocolo de actuaci\u00f3n<\/b> entre el ayuntamiento correspondiente y la Conselleria de Interior para clausurar estas custodias.<\/p>\n<p>Para la elaboraci\u00f3n de la totalidad del informe <b>se han hecho 37 visitas a 35 centros<\/b>, de los cuales 19 son comisar\u00edas de polic\u00eda, tanto de Mossos d&#8217;Esquadra (7) como de polic\u00edas locales (12), adem\u00e1s de 8 centros penitenciarios, los talleres Ra\u00efmat del Centre Penitenciari de Ponent, un m\u00f3dulo del hospital penitenciario, 6 centros educativos de justicia juvenil, un centro sociosanitario y un servicio de atenci\u00f3n hospitalaria psiqui\u00e1trica.<\/p>\n<\/div>\n<p>Fuente: Discapacidad https:\/\/www.20minutos.es\/noticia\/5678926\/0\/sindica-greuges-pide-alternativas-prision-para-personas-con-discapacidad-intelectual\/<\/p>\n","protected":false},"excerpt":{"rendered":"<p>La petici\u00f3n la ha hecho la S\u00edndica de Greuges de Catalunya, Esther Gim\u00e9nez-Salinas, que ha entregado en el parlamento catal\u00e1n el informe anual del Mecanisme Catal\u00e0 per a la Prevenci\u00f3 de la Tortura (MCPT).<\/p>\n","protected":false},"author":1,"featured_media":0,"comment_status":"closed","ping_status":"closed","sticky":false,"template":"","format":"standard","meta":{"footnotes":""},"categories":[8],"tags":[],"class_list":["post-10791","post","type-post","status-publish","format-standard","hentry","category-noticias"],"yoast_head":"<!-- This site is optimized with the Yoast SEO plugin v27.4 - https:\/\/yoast.com\/product\/yoast-seo-wordpress\/ -->\n<title>Piden alternativas a la prisi\u00f3n para personas con discapacidad intelectual: &quot;No est\u00e1n preparadas para atenderles&quot; - Asociaci\u00f3n Espa\u00f1ola S\u00edndrome de Charge<\/title>\n<meta name=\"robots\" content=\"index, follow, max-snippet:-1, max-image-preview:large, max-video-preview:-1\" \/>\n<link rel=\"canonical\" href=\"https:\/\/sindromecharge.es\/index.php\/2025\/02\/04\/sindica-greuges-pide-alternativas-prision-para-personas-con-discapacidad-intelectual\/\" \/>\n<meta property=\"og:locale\" content=\"es_ES\" \/>\n<meta property=\"og:type\" content=\"article\" \/>\n<meta property=\"og:title\" content=\"Piden alternativas a la prisi\u00f3n para personas con discapacidad intelectual: &quot;No est\u00e1n preparadas para atenderles&quot; - Asociaci\u00f3n Espa\u00f1ola S\u00edndrome de Charge\" \/>\n<meta property=\"og:description\" content=\"La petici\u00f3n la ha hecho la S\u00edndica de Greuges de Catalunya, Esther Gim\u00e9nez-Salinas, que ha entregado en el parlamento catal\u00e1n el informe anual del Mecanisme Catal\u00e0 per a la Prevenci\u00f3 de la Tortura (MCPT).\" \/>\n<meta property=\"og:url\" content=\"https:\/\/sindromecharge.es\/index.php\/2025\/02\/04\/sindica-greuges-pide-alternativas-prision-para-personas-con-discapacidad-intelectual\/\" \/>\n<meta property=\"og:site_name\" content=\"Asociaci\u00f3n Espa\u00f1ola S\u00edndrome de Charge\" \/>\n<meta property=\"article:publisher\" content=\"https:\/\/www.facebook.com\/asociacionsindromecharge\" \/>\n<meta property=\"article:published_time\" content=\"2025-02-04T08:12:50+00:00\" \/>\n<meta property=\"og:image\" content=\"https:\/\/sindromecharge.es\/wp-content\/uploads\/2013\/09\/logodecharge300x98.png\" \/>\n\t<meta property=\"og:image:width\" content=\"300\" \/>\n\t<meta property=\"og:image:height\" content=\"98\" \/>\n\t<meta property=\"og:image:type\" content=\"image\/png\" \/>\n<meta name=\"author\" content=\"Charge\" \/>\n<meta name=\"twitter:card\" content=\"summary_large_image\" \/>\n<meta name=\"twitter:creator\" content=\"@sindromecharge\" \/>\n<meta name=\"twitter:site\" content=\"@sindromecharge\" \/>\n<meta name=\"twitter:label1\" content=\"Escrito por\" \/>\n\t<meta name=\"twitter:data1\" content=\"Charge\" \/>\n\t<meta name=\"twitter:label2\" content=\"Tiempo de lectura\" \/>\n\t<meta name=\"twitter:data2\" content=\"5 minutos\" \/>\n<script type=\"application\/ld+json\" class=\"yoast-schema-graph\">{\"@context\":\"https:\\\/\\\/schema.org\",\"@graph\":[{\"@type\":\"Article\",\"@id\":\"https:\\\/\\\/sindromecharge.es\\\/index.php\\\/2025\\\/02\\\/04\\\/sindica-greuges-pide-alternativas-prision-para-personas-con-discapacidad-intelectual\\\/#article\",\"isPartOf\":{\"@id\":\"https:\\\/\\\/sindromecharge.es\\\/index.php\\\/2025\\\/02\\\/04\\\/sindica-greuges-pide-alternativas-prision-para-personas-con-discapacidad-intelectual\\\/\"},\"author\":{\"name\":\"Charge\",\"@id\":\"https:\\\/\\\/sindromecharge.es\\\/#\\\/schema\\\/person\\\/39a60ebe0a2b4d5a11179701e336b039\"},\"headline\":\"Piden alternativas a la prisi\u00f3n para personas con discapacidad intelectual: \u00abNo est\u00e1n preparadas para atenderles\u00bb\",\"datePublished\":\"2025-02-04T08:12:50+00:00\",\"mainEntityOfPage\":{\"@id\":\"https:\\\/\\\/sindromecharge.es\\\/index.php\\\/2025\\\/02\\\/04\\\/sindica-greuges-pide-alternativas-prision-para-personas-con-discapacidad-intelectual\\\/\"},\"wordCount\":1002,\"articleSection\":[\"noticias\"],\"inLanguage\":\"es\"},{\"@type\":\"WebPage\",\"@id\":\"https:\\\/\\\/sindromecharge.es\\\/index.php\\\/2025\\\/02\\\/04\\\/sindica-greuges-pide-alternativas-prision-para-personas-con-discapacidad-intelectual\\\/\",\"url\":\"https:\\\/\\\/sindromecharge.es\\\/index.php\\\/2025\\\/02\\\/04\\\/sindica-greuges-pide-alternativas-prision-para-personas-con-discapacidad-intelectual\\\/\",\"name\":\"Piden alternativas a la prisi\u00f3n para personas con discapacidad intelectual: \\\"No est\u00e1n preparadas para atenderles\\\" - Asociaci\u00f3n Espa\u00f1ola S\u00edndrome de Charge\",\"isPartOf\":{\"@id\":\"https:\\\/\\\/sindromecharge.es\\\/#website\"},\"datePublished\":\"2025-02-04T08:12:50+00:00\",\"author\":{\"@id\":\"https:\\\/\\\/sindromecharge.es\\\/#\\\/schema\\\/person\\\/39a60ebe0a2b4d5a11179701e336b039\"},\"breadcrumb\":{\"@id\":\"https:\\\/\\\/sindromecharge.es\\\/index.php\\\/2025\\\/02\\\/04\\\/sindica-greuges-pide-alternativas-prision-para-personas-con-discapacidad-intelectual\\\/#breadcrumb\"},\"inLanguage\":\"es\",\"potentialAction\":[{\"@type\":\"ReadAction\",\"target\":[\"https:\\\/\\\/sindromecharge.es\\\/index.php\\\/2025\\\/02\\\/04\\\/sindica-greuges-pide-alternativas-prision-para-personas-con-discapacidad-intelectual\\\/\"]}]},{\"@type\":\"BreadcrumbList\",\"@id\":\"https:\\\/\\\/sindromecharge.es\\\/index.php\\\/2025\\\/02\\\/04\\\/sindica-greuges-pide-alternativas-prision-para-personas-con-discapacidad-intelectual\\\/#breadcrumb\",\"itemListElement\":[{\"@type\":\"ListItem\",\"position\":1,\"name\":\"Portada\",\"item\":\"https:\\\/\\\/sindromecharge.es\\\/\"},{\"@type\":\"ListItem\",\"position\":2,\"name\":\"Piden alternativas a la prisi\u00f3n para personas con discapacidad intelectual: &#8220;No est\u00e1n preparadas para atenderles&#8221;\"}]},{\"@type\":\"WebSite\",\"@id\":\"https:\\\/\\\/sindromecharge.es\\\/#website\",\"url\":\"https:\\\/\\\/sindromecharge.es\\\/\",\"name\":\"Asociaci\u00f3n Espa\u00f1ola S\u00edndrome de Charge\",\"description\":\"\",\"potentialAction\":[{\"@type\":\"SearchAction\",\"target\":{\"@type\":\"EntryPoint\",\"urlTemplate\":\"https:\\\/\\\/sindromecharge.es\\\/?s={search_term_string}\"},\"query-input\":{\"@type\":\"PropertyValueSpecification\",\"valueRequired\":true,\"valueName\":\"search_term_string\"}}],\"inLanguage\":\"es\"},{\"@type\":\"Person\",\"@id\":\"https:\\\/\\\/sindromecharge.es\\\/#\\\/schema\\\/person\\\/39a60ebe0a2b4d5a11179701e336b039\",\"name\":\"Charge\",\"image\":{\"@type\":\"ImageObject\",\"inLanguage\":\"es\",\"@id\":\"https:\\\/\\\/secure.gravatar.com\\\/avatar\\\/c3b46e32a0fc3b093a0873fb767bf3293de856293065e84ef06b7ec7a8acfb98?s=96&d=identicon&r=x\",\"url\":\"https:\\\/\\\/secure.gravatar.com\\\/avatar\\\/c3b46e32a0fc3b093a0873fb767bf3293de856293065e84ef06b7ec7a8acfb98?s=96&d=identicon&r=x\",\"contentUrl\":\"https:\\\/\\\/secure.gravatar.com\\\/avatar\\\/c3b46e32a0fc3b093a0873fb767bf3293de856293065e84ef06b7ec7a8acfb98?s=96&d=identicon&r=x\",\"caption\":\"Charge\"},\"url\":\"https:\\\/\\\/sindromecharge.es\\\/index.php\\\/author\\\/admin\\\/\"}]}<\/script>\n<!-- \/ Yoast SEO plugin. -->","yoast_head_json":{"title":"Piden alternativas a la prisi\u00f3n para personas con discapacidad intelectual: \"No est\u00e1n preparadas para atenderles\" - Asociaci\u00f3n Espa\u00f1ola S\u00edndrome de Charge","robots":{"index":"index","follow":"follow","max-snippet":"max-snippet:-1","max-image-preview":"max-image-preview:large","max-video-preview":"max-video-preview:-1"},"canonical":"https:\/\/sindromecharge.es\/index.php\/2025\/02\/04\/sindica-greuges-pide-alternativas-prision-para-personas-con-discapacidad-intelectual\/","og_locale":"es_ES","og_type":"article","og_title":"Piden alternativas a la prisi\u00f3n para personas con discapacidad intelectual: \"No est\u00e1n preparadas para atenderles\" - Asociaci\u00f3n Espa\u00f1ola S\u00edndrome de Charge","og_description":"La petici\u00f3n la ha hecho la S\u00edndica de Greuges de Catalunya, Esther Gim\u00e9nez-Salinas, que ha entregado en el parlamento catal\u00e1n el informe anual del Mecanisme Catal\u00e0 per a la Prevenci\u00f3 de la Tortura (MCPT).","og_url":"https:\/\/sindromecharge.es\/index.php\/2025\/02\/04\/sindica-greuges-pide-alternativas-prision-para-personas-con-discapacidad-intelectual\/","og_site_name":"Asociaci\u00f3n Espa\u00f1ola S\u00edndrome de Charge","article_publisher":"https:\/\/www.facebook.com\/asociacionsindromecharge","article_published_time":"2025-02-04T08:12:50+00:00","og_image":[{"width":300,"height":98,"url":"https:\/\/sindromecharge.es\/wp-content\/uploads\/2013\/09\/logodecharge300x98.png","type":"image\/png"}],"author":"Charge","twitter_card":"summary_large_image","twitter_creator":"@sindromecharge","twitter_site":"@sindromecharge","twitter_misc":{"Escrito por":"Charge","Tiempo de lectura":"5 minutos"},"schema":{"@context":"https:\/\/schema.org","@graph":[{"@type":"Article","@id":"https:\/\/sindromecharge.es\/index.php\/2025\/02\/04\/sindica-greuges-pide-alternativas-prision-para-personas-con-discapacidad-intelectual\/#article","isPartOf":{"@id":"https:\/\/sindromecharge.es\/index.php\/2025\/02\/04\/sindica-greuges-pide-alternativas-prision-para-personas-con-discapacidad-intelectual\/"},"author":{"name":"Charge","@id":"https:\/\/sindromecharge.es\/#\/schema\/person\/39a60ebe0a2b4d5a11179701e336b039"},"headline":"Piden alternativas a la prisi\u00f3n para personas con discapacidad intelectual: \u00abNo est\u00e1n preparadas para atenderles\u00bb","datePublished":"2025-02-04T08:12:50+00:00","mainEntityOfPage":{"@id":"https:\/\/sindromecharge.es\/index.php\/2025\/02\/04\/sindica-greuges-pide-alternativas-prision-para-personas-con-discapacidad-intelectual\/"},"wordCount":1002,"articleSection":["noticias"],"inLanguage":"es"},{"@type":"WebPage","@id":"https:\/\/sindromecharge.es\/index.php\/2025\/02\/04\/sindica-greuges-pide-alternativas-prision-para-personas-con-discapacidad-intelectual\/","url":"https:\/\/sindromecharge.es\/index.php\/2025\/02\/04\/sindica-greuges-pide-alternativas-prision-para-personas-con-discapacidad-intelectual\/","name":"Piden alternativas a la prisi\u00f3n para personas con discapacidad intelectual: \"No est\u00e1n preparadas para atenderles\" - Asociaci\u00f3n Espa\u00f1ola S\u00edndrome de Charge","isPartOf":{"@id":"https:\/\/sindromecharge.es\/#website"},"datePublished":"2025-02-04T08:12:50+00:00","author":{"@id":"https:\/\/sindromecharge.es\/#\/schema\/person\/39a60ebe0a2b4d5a11179701e336b039"},"breadcrumb":{"@id":"https:\/\/sindromecharge.es\/index.php\/2025\/02\/04\/sindica-greuges-pide-alternativas-prision-para-personas-con-discapacidad-intelectual\/#breadcrumb"},"inLanguage":"es","potentialAction":[{"@type":"ReadAction","target":["https:\/\/sindromecharge.es\/index.php\/2025\/02\/04\/sindica-greuges-pide-alternativas-prision-para-personas-con-discapacidad-intelectual\/"]}]},{"@type":"BreadcrumbList","@id":"https:\/\/sindromecharge.es\/index.php\/2025\/02\/04\/sindica-greuges-pide-alternativas-prision-para-personas-con-discapacidad-intelectual\/#breadcrumb","itemListElement":[{"@type":"ListItem","position":1,"name":"Portada","item":"https:\/\/sindromecharge.es\/"},{"@type":"ListItem","position":2,"name":"Piden alternativas a la prisi\u00f3n para personas con discapacidad intelectual: &#8220;No est\u00e1n preparadas para atenderles&#8221;"}]},{"@type":"WebSite","@id":"https:\/\/sindromecharge.es\/#website","url":"https:\/\/sindromecharge.es\/","name":"Asociaci\u00f3n Espa\u00f1ola S\u00edndrome de Charge","description":"","potentialAction":[{"@type":"SearchAction","target":{"@type":"EntryPoint","urlTemplate":"https:\/\/sindromecharge.es\/?s={search_term_string}"},"query-input":{"@type":"PropertyValueSpecification","valueRequired":true,"valueName":"search_term_string"}}],"inLanguage":"es"},{"@type":"Person","@id":"https:\/\/sindromecharge.es\/#\/schema\/person\/39a60ebe0a2b4d5a11179701e336b039","name":"Charge","image":{"@type":"ImageObject","inLanguage":"es","@id":"https:\/\/secure.gravatar.com\/avatar\/c3b46e32a0fc3b093a0873fb767bf3293de856293065e84ef06b7ec7a8acfb98?s=96&d=identicon&r=x","url":"https:\/\/secure.gravatar.com\/avatar\/c3b46e32a0fc3b093a0873fb767bf3293de856293065e84ef06b7ec7a8acfb98?s=96&d=identicon&r=x","contentUrl":"https:\/\/secure.gravatar.com\/avatar\/c3b46e32a0fc3b093a0873fb767bf3293de856293065e84ef06b7ec7a8acfb98?s=96&d=identicon&r=x","caption":"Charge"},"url":"https:\/\/sindromecharge.es\/index.php\/author\/admin\/"}]}},"_links":{"self":[{"href":"https:\/\/sindromecharge.es\/index.php\/wp-json\/wp\/v2\/posts\/10791","targetHints":{"allow":["GET"]}}],"collection":[{"href":"https:\/\/sindromecharge.es\/index.php\/wp-json\/wp\/v2\/posts"}],"about":[{"href":"https:\/\/sindromecharge.es\/index.php\/wp-json\/wp\/v2\/types\/post"}],"author":[{"embeddable":true,"href":"https:\/\/sindromecharge.es\/index.php\/wp-json\/wp\/v2\/users\/1"}],"replies":[{"embeddable":true,"href":"https:\/\/sindromecharge.es\/index.php\/wp-json\/wp\/v2\/comments?post=10791"}],"version-history":[{"count":0,"href":"https:\/\/sindromecharge.es\/index.php\/wp-json\/wp\/v2\/posts\/10791\/revisions"}],"wp:attachment":[{"href":"https:\/\/sindromecharge.es\/index.php\/wp-json\/wp\/v2\/media?parent=10791"}],"wp:term":[{"taxonomy":"category","embeddable":true,"href":"https:\/\/sindromecharge.es\/index.php\/wp-json\/wp\/v2\/categories?post=10791"},{"taxonomy":"post_tag","embeddable":true,"href":"https:\/\/sindromecharge.es\/index.php\/wp-json\/wp\/v2\/tags?post=10791"}],"curies":[{"name":"wp","href":"https:\/\/api.w.org\/{rel}","templated":true}]}}