{"id":10789,"date":"2025-02-03T08:48:44","date_gmt":"2025-02-03T08:48:44","guid":{"rendered":"https:\/\/sindromecharge.es\/index.php\/2025\/02\/03\/los-musicos-con-discapacidad-intelectual-rock-par-tocan-para-hacer-disfrutar-publico-pasarselo-bien\/"},"modified":"2025-02-03T08:48:44","modified_gmt":"2025-02-03T08:48:44","slug":"los-musicos-con-discapacidad-intelectual-rock-par-tocan-para-hacer-disfrutar-publico-pasarselo-bien","status":"publish","type":"post","link":"https:\/\/sindromecharge.es\/index.php\/2025\/02\/03\/los-musicos-con-discapacidad-intelectual-rock-par-tocan-para-hacer-disfrutar-publico-pasarselo-bien\/","title":{"rendered":"Los m\u00fasicos con discapacidad intelectual de &#8216;Rock A La Par&#8217; tocan para \u00abhacer disfrutar\u00bb al p\u00fablico y \u00abpas\u00e1rselo bien\u00bb"},"content":{"rendered":"<p>Leemos en Discapacidad la siguiente noticia que os reproducimos de forma \u00edntegra: <\/p>\n<div>\n<p><b>&#8216;Rock A La Par&#8217; es el primer grupo de rock <\/b>compuesto \u00edntegramente por personas con <a href=\"https:\/\/www.20minutos.es\/minuteca\/discapacidad-intelectual\/\" title=\"Discapacidad intelectual\" target=\"_blank\">discapacidad intelectual<\/a>. Pero esto no les fren\u00f3 hace pocas semanas para tocar el m\u00edtico &#8216;Sufre mam\u00f3n&#8217; de los<a href=\"https:\/\/www.20minutos.es\/minuteca\/hombres-g\/\" title=\"Hombres G\" target=\"_blank\"> Hombres G<\/a> y hacer vibrar a miles de asistentes en la Puerta de Sol de Madrid. Ahora, afinan voces e instrumentos para que todo salga perfecto en su pr\u00f3xima actuaci\u00f3n en <b>Madrid el 9 de febrero en el marco del &#8216;Spring Festival&#8217; <\/b>y la Carrera de la Primavera.<\/p>\n<p>Se llaman <b>Pablo, \u00c1lvaro C, Ignacio, Kike, Laura, Dani, \u00c1lvaro L, Daniel y Rodrigo<\/b> y son los ocho artistas con <a href=\"https:\/\/www.20minutos.es\/minuteca\/discapacidad\/\" title=\"Discapacidad\" target=\"_blank\">discapacidad <\/a>intelectual que han encontrado en la m\u00fasica el mejor lenguaje para expresar su mundo interior.<\/p>\n<p>&#8216;Rock A La Par&#8217; pretende transmitir un mensaje de <a href=\"https:\/\/www.20minutos.es\/minuteca\/inclusion\/\" title=\"Inclusi\u00f3n\" target=\"_blank\">inclusi\u00f3n<\/a> y respeto a trav\u00e9s de cada acorde. El proyecto demuestra que el talento no tiene barreras y que <b>la m\u00fasica puede transformar vidas<\/b>, como la de uno de sus cantantes, Kike Rom\u00e1n.<\/p>\n<p>\u00abSiempre so\u00f1\u00e9 con algo as\u00ed, pero hoy en d\u00eda es muy dif\u00edcil encontrar a m\u00fasicos como nosotros con ciertas limitaciones. Es un logro llegar a formar una gran banda como &#8216;Rock A La Par&#8217; en la que todos tenemos discapacidad intelectual. <b>Es una experiencia \u00fanica<\/b>\u00ab, reconoce con orgullo Kike en una entrevista a Servimedia.<\/p>\n<p>Este joven empez\u00f3 a tocar la guitarra con 13 a\u00f1os y posteriormente, a recibir clases de canto. Se siente un privilegiado de formar parte de esta aventura musical.<\/p>\n<p>\u00abNuestra idea, como m\u00fasicos y como personas, es trasladar la m\u00fasica que llevamos dentro a todos para que nos escuchen, para que<b> sepan que la gente con discapacidad podemos hacer muchas cosas<\/b> m\u00e1s y, sobre todo, hacer m\u00fasica\u00bb.<\/p>\n<p>Esta iniciativa de la <b>Fundaci\u00f3n A La Par,<\/b> que cuenta con el apoyo de Fundaci\u00f3n Telef\u00f3nica, la Comunidad de Madrid, Yamaha, la Fundaci\u00f3n Ferrer Dalmau y la Escuela The Core, ha estado tutelada en todo momento por David Summers (cantante y compositor de Hombres G) y Pedro Andrea, el director art\u00edstico de la banda.<\/p>\n<h2>Unidos por el rock<\/h2>\n<p><b>Daniel Summers<\/b> es otro de los componentes de la banda. Domina varios instrumentos musicales: el bajo, la bater\u00eda, el bajo, &#8216;algo&#8217; el piano, aunque en esta formaci\u00f3n musical destaca por sus solos de guitarra. A\u00fan recuerda el d\u00eda de la audici\u00f3n a la que se presentaron m\u00e1s de 100 aspirantes. \u00ab\u00a1Estaba como loco! En el jurado estaba mi padre, David Summers y la presidenta de la Fundaci\u00f3n A La Par. As\u00ed que me puse a tocar\u00bb, recuerda este joven m\u00fasico.<\/p>\n<p>El casting se celebr\u00f3 en las instalaciones de la entidad y se convirti\u00f3 en ese lugar de encuentro donde lo<b>s ocho integrantes de esta banda de rock<\/b> se conocieron. Tan solo han transcurrido unos meses y varios ensayos (se re\u00fanen dos veces por semana) y &#8216;Rock A La Par&#8217; funciona como un grupo consolidado.<\/p>\n<p>Lo sabe muy bien su director art\u00edstico, Pedro Andrea, quien en poco tiempo ha asistido a una evoluci\u00f3n de estos chicos. \u00abCuando lleg\u00f3 el primer d\u00eda algunos de ellos eran m\u00e1s t\u00edmidos y en cambio ahora son capaces de expresar sus emociones a trav\u00e9s de un instrumento o la voz\u00bb, explica.<\/p>\n<h1>Las personas con discapacidad podemos hacer muchas cosas m\u00e1s y, sobre todo, hacer m\u00fasica<\/h1>\n<p>Parad\u00f3jicamente, a lo que se pueda pensar la m\u00fasica rock no ha endurecido el car\u00e1cter de estos j\u00f3venes con discapacidad intelectual, sino todo lo contrario. \u00abA lo mejor en el terreno afectivo algunos de ellos eran m\u00e1s discretos o contenidos y ahora son m\u00e1s expresivos.<b> Ya aparecen los abrazos, las sonrisas y los besos<\/b>\u00ab. A medida que crecen los lazos de amistad lo hace la ilusi\u00f3n y los proyectos de esta banda.<\/p>\n<p>Tras haber tocado en la Puerta del Sol frente a numerosas autoridades, entre ellas la presidenta de la Comunidad de Madrid, Isabel D\u00edaz Ayuso, los integrantes de &#8216;Rock A La Par&#8217; se sienten \u00abfelices y llenos de ilusi\u00f3n y proyectos\u00bb.<\/p>\n<p>\u00abPara m\u00ed fue incre\u00edble poder tocar delante del p\u00fablico y en plena Puerta del Sol. Casi nadie toca la Puerta del Sol, eso son palabras mayores\u00bb, se\u00f1ala Kike rememorando su primer concierto. \u00abMe sorprend\u00ed cuando la gente se levant\u00f3.<b> Fue un reto incre\u00edble para m\u00ed<\/b> y para todos nosotros. Ojal\u00e1 se pudieran repetir m\u00e1s conciertos as\u00ed\u00bb.<\/p>\n<p>Parece que a este artista le han escuchado porque en breve volver\u00e1n a subirse a un escenario el 9 de febrero. Ser\u00e1 en la madrile\u00f1a Plaza de Col\u00f3n, en una actuaci\u00f3n enmarcada dentro del Spring Festival de Madrid.<\/p>\n<p>Estos j\u00f3venes que interpretan con maestr\u00eda un amplio repertorio de grandes temas de pop rock espa\u00f1ol no le temen a nada. Y pese a que est\u00e1n empezando a rodar ya se animan a escribir sus primeras rimas.<\/p>\n<p>\u00abEst\u00e1 muy bien tocar &#8216;covers&#8217; de canciones conocidas de otros grupos, pero el \u00e9xito est\u00e1 en<b> componer nuestros temas<\/b>\u00ab, apunta Dani esperanzado.<\/p>\n<p>Su compa\u00f1ero Kike tambi\u00e9n se muestra con ganas de escribir temas propios. A todos les gustar\u00eda en un fututo editar un disco contando lo que les sucede en su d\u00eda a d\u00eda. \u00abSer\u00edan letras que cuenten que<b> no hay ning\u00fan tipo de limitaci\u00f3n y que todo se pueda hacer<\/b>\u00ab, a\u00f1ade.<\/p>\n<p>Pero, como subraya Dani \u00abnuestro deber es hacer que la gente disfrute con la m\u00fasica y, sobre todo, pas\u00e1rnoslo bien\u00bb. Lo dice el guitarrista, con una sonrisa, parafraseando la archiconocida canci\u00f3n de los Hombres G &#8216;Voy a pas\u00e1rmelo bien&#8217;. Probablemente, esa sea la filosof\u00eda de &#8216;Rock A La Par&#8217;.<\/p>\n<\/div>\n<p>Fuente: Discapacidad https:\/\/www.20minutos.es\/noticia\/5678519\/0\/los-musicos-con-discapacidad-intelectual-rock-par-tocan-para-hacer-disfrutar-publico-pasarselo-bien\/<\/p>\n","protected":false},"excerpt":{"rendered":"<p>&#8216;Rock A La Par&#8217; es el primer grupo de rock compuesto \u00edntegramente por personas con discapacidad intelectual<\/p>\n","protected":false},"author":1,"featured_media":0,"comment_status":"closed","ping_status":"closed","sticky":false,"template":"","format":"standard","meta":{"footnotes":""},"categories":[8],"tags":[],"class_list":["post-10789","post","type-post","status-publish","format-standard","hentry","category-noticias"],"yoast_head":"<!-- This site is optimized with the Yoast SEO plugin v27.4 - https:\/\/yoast.com\/product\/yoast-seo-wordpress\/ -->\n<title>Los m\u00fasicos con discapacidad intelectual de &#039;Rock A La Par&#039; tocan para &quot;hacer disfrutar&quot; al p\u00fablico y &quot;pas\u00e1rselo bien&quot; - Asociaci\u00f3n Espa\u00f1ola S\u00edndrome de Charge<\/title>\n<meta name=\"robots\" content=\"index, follow, max-snippet:-1, max-image-preview:large, max-video-preview:-1\" \/>\n<link rel=\"canonical\" href=\"https:\/\/sindromecharge.es\/index.php\/2025\/02\/03\/los-musicos-con-discapacidad-intelectual-rock-par-tocan-para-hacer-disfrutar-publico-pasarselo-bien\/\" \/>\n<meta property=\"og:locale\" content=\"es_ES\" \/>\n<meta property=\"og:type\" content=\"article\" \/>\n<meta property=\"og:title\" content=\"Los m\u00fasicos con discapacidad intelectual de &#039;Rock A La Par&#039; tocan para &quot;hacer disfrutar&quot; al p\u00fablico y &quot;pas\u00e1rselo bien&quot; - Asociaci\u00f3n Espa\u00f1ola S\u00edndrome de Charge\" \/>\n<meta property=\"og:description\" content=\"&#8216;Rock A La Par&#8217; es el primer grupo de rock compuesto \u00edntegramente por personas con discapacidad intelectual\" \/>\n<meta property=\"og:url\" content=\"https:\/\/sindromecharge.es\/index.php\/2025\/02\/03\/los-musicos-con-discapacidad-intelectual-rock-par-tocan-para-hacer-disfrutar-publico-pasarselo-bien\/\" \/>\n<meta property=\"og:site_name\" content=\"Asociaci\u00f3n Espa\u00f1ola S\u00edndrome de Charge\" \/>\n<meta property=\"article:publisher\" content=\"https:\/\/www.facebook.com\/asociacionsindromecharge\" \/>\n<meta property=\"article:published_time\" content=\"2025-02-03T08:48:44+00:00\" \/>\n<meta property=\"og:image\" content=\"https:\/\/sindromecharge.es\/wp-content\/uploads\/2013\/09\/logodecharge300x98.png\" \/>\n\t<meta property=\"og:image:width\" content=\"300\" \/>\n\t<meta property=\"og:image:height\" content=\"98\" \/>\n\t<meta property=\"og:image:type\" content=\"image\/png\" \/>\n<meta name=\"author\" content=\"Charge\" \/>\n<meta name=\"twitter:card\" content=\"summary_large_image\" \/>\n<meta name=\"twitter:creator\" content=\"@sindromecharge\" \/>\n<meta name=\"twitter:site\" content=\"@sindromecharge\" \/>\n<meta name=\"twitter:label1\" content=\"Escrito por\" \/>\n\t<meta name=\"twitter:data1\" content=\"Charge\" \/>\n\t<meta name=\"twitter:label2\" content=\"Tiempo de lectura\" \/>\n\t<meta name=\"twitter:data2\" content=\"5 minutos\" \/>\n<script type=\"application\/ld+json\" class=\"yoast-schema-graph\">{\"@context\":\"https:\\\/\\\/schema.org\",\"@graph\":[{\"@type\":\"Article\",\"@id\":\"https:\\\/\\\/sindromecharge.es\\\/index.php\\\/2025\\\/02\\\/03\\\/los-musicos-con-discapacidad-intelectual-rock-par-tocan-para-hacer-disfrutar-publico-pasarselo-bien\\\/#article\",\"isPartOf\":{\"@id\":\"https:\\\/\\\/sindromecharge.es\\\/index.php\\\/2025\\\/02\\\/03\\\/los-musicos-con-discapacidad-intelectual-rock-par-tocan-para-hacer-disfrutar-publico-pasarselo-bien\\\/\"},\"author\":{\"name\":\"Charge\",\"@id\":\"https:\\\/\\\/sindromecharge.es\\\/#\\\/schema\\\/person\\\/39a60ebe0a2b4d5a11179701e336b039\"},\"headline\":\"Los m\u00fasicos con discapacidad intelectual de &#8216;Rock A La Par&#8217; tocan para \u00abhacer disfrutar\u00bb al p\u00fablico y \u00abpas\u00e1rselo bien\u00bb\",\"datePublished\":\"2025-02-03T08:48:44+00:00\",\"mainEntityOfPage\":{\"@id\":\"https:\\\/\\\/sindromecharge.es\\\/index.php\\\/2025\\\/02\\\/03\\\/los-musicos-con-discapacidad-intelectual-rock-par-tocan-para-hacer-disfrutar-publico-pasarselo-bien\\\/\"},\"wordCount\":1013,\"articleSection\":[\"noticias\"],\"inLanguage\":\"es\"},{\"@type\":\"WebPage\",\"@id\":\"https:\\\/\\\/sindromecharge.es\\\/index.php\\\/2025\\\/02\\\/03\\\/los-musicos-con-discapacidad-intelectual-rock-par-tocan-para-hacer-disfrutar-publico-pasarselo-bien\\\/\",\"url\":\"https:\\\/\\\/sindromecharge.es\\\/index.php\\\/2025\\\/02\\\/03\\\/los-musicos-con-discapacidad-intelectual-rock-par-tocan-para-hacer-disfrutar-publico-pasarselo-bien\\\/\",\"name\":\"Los m\u00fasicos con discapacidad intelectual de 'Rock A La Par' tocan para \\\"hacer disfrutar\\\" al p\u00fablico y \\\"pas\u00e1rselo bien\\\" - Asociaci\u00f3n Espa\u00f1ola S\u00edndrome de Charge\",\"isPartOf\":{\"@id\":\"https:\\\/\\\/sindromecharge.es\\\/#website\"},\"datePublished\":\"2025-02-03T08:48:44+00:00\",\"author\":{\"@id\":\"https:\\\/\\\/sindromecharge.es\\\/#\\\/schema\\\/person\\\/39a60ebe0a2b4d5a11179701e336b039\"},\"breadcrumb\":{\"@id\":\"https:\\\/\\\/sindromecharge.es\\\/index.php\\\/2025\\\/02\\\/03\\\/los-musicos-con-discapacidad-intelectual-rock-par-tocan-para-hacer-disfrutar-publico-pasarselo-bien\\\/#breadcrumb\"},\"inLanguage\":\"es\",\"potentialAction\":[{\"@type\":\"ReadAction\",\"target\":[\"https:\\\/\\\/sindromecharge.es\\\/index.php\\\/2025\\\/02\\\/03\\\/los-musicos-con-discapacidad-intelectual-rock-par-tocan-para-hacer-disfrutar-publico-pasarselo-bien\\\/\"]}]},{\"@type\":\"BreadcrumbList\",\"@id\":\"https:\\\/\\\/sindromecharge.es\\\/index.php\\\/2025\\\/02\\\/03\\\/los-musicos-con-discapacidad-intelectual-rock-par-tocan-para-hacer-disfrutar-publico-pasarselo-bien\\\/#breadcrumb\",\"itemListElement\":[{\"@type\":\"ListItem\",\"position\":1,\"name\":\"Portada\",\"item\":\"https:\\\/\\\/sindromecharge.es\\\/\"},{\"@type\":\"ListItem\",\"position\":2,\"name\":\"Los m\u00fasicos con discapacidad intelectual de &#8216;Rock A La Par&#8217; tocan para &#8220;hacer disfrutar&#8221; al p\u00fablico y &#8220;pas\u00e1rselo bien&#8221;\"}]},{\"@type\":\"WebSite\",\"@id\":\"https:\\\/\\\/sindromecharge.es\\\/#website\",\"url\":\"https:\\\/\\\/sindromecharge.es\\\/\",\"name\":\"Asociaci\u00f3n Espa\u00f1ola S\u00edndrome de Charge\",\"description\":\"\",\"potentialAction\":[{\"@type\":\"SearchAction\",\"target\":{\"@type\":\"EntryPoint\",\"urlTemplate\":\"https:\\\/\\\/sindromecharge.es\\\/?s={search_term_string}\"},\"query-input\":{\"@type\":\"PropertyValueSpecification\",\"valueRequired\":true,\"valueName\":\"search_term_string\"}}],\"inLanguage\":\"es\"},{\"@type\":\"Person\",\"@id\":\"https:\\\/\\\/sindromecharge.es\\\/#\\\/schema\\\/person\\\/39a60ebe0a2b4d5a11179701e336b039\",\"name\":\"Charge\",\"image\":{\"@type\":\"ImageObject\",\"inLanguage\":\"es\",\"@id\":\"https:\\\/\\\/secure.gravatar.com\\\/avatar\\\/c3b46e32a0fc3b093a0873fb767bf3293de856293065e84ef06b7ec7a8acfb98?s=96&d=identicon&r=x\",\"url\":\"https:\\\/\\\/secure.gravatar.com\\\/avatar\\\/c3b46e32a0fc3b093a0873fb767bf3293de856293065e84ef06b7ec7a8acfb98?s=96&d=identicon&r=x\",\"contentUrl\":\"https:\\\/\\\/secure.gravatar.com\\\/avatar\\\/c3b46e32a0fc3b093a0873fb767bf3293de856293065e84ef06b7ec7a8acfb98?s=96&d=identicon&r=x\",\"caption\":\"Charge\"},\"url\":\"https:\\\/\\\/sindromecharge.es\\\/index.php\\\/author\\\/admin\\\/\"}]}<\/script>\n<!-- \/ Yoast SEO plugin. -->","yoast_head_json":{"title":"Los m\u00fasicos con discapacidad intelectual de 'Rock A La Par' tocan para \"hacer disfrutar\" al p\u00fablico y \"pas\u00e1rselo bien\" - Asociaci\u00f3n Espa\u00f1ola S\u00edndrome de Charge","robots":{"index":"index","follow":"follow","max-snippet":"max-snippet:-1","max-image-preview":"max-image-preview:large","max-video-preview":"max-video-preview:-1"},"canonical":"https:\/\/sindromecharge.es\/index.php\/2025\/02\/03\/los-musicos-con-discapacidad-intelectual-rock-par-tocan-para-hacer-disfrutar-publico-pasarselo-bien\/","og_locale":"es_ES","og_type":"article","og_title":"Los m\u00fasicos con discapacidad intelectual de 'Rock A La Par' tocan para \"hacer disfrutar\" al p\u00fablico y \"pas\u00e1rselo bien\" - Asociaci\u00f3n Espa\u00f1ola S\u00edndrome de Charge","og_description":"&#8216;Rock A La Par&#8217; es el primer grupo de rock compuesto \u00edntegramente por personas con discapacidad intelectual","og_url":"https:\/\/sindromecharge.es\/index.php\/2025\/02\/03\/los-musicos-con-discapacidad-intelectual-rock-par-tocan-para-hacer-disfrutar-publico-pasarselo-bien\/","og_site_name":"Asociaci\u00f3n Espa\u00f1ola S\u00edndrome de Charge","article_publisher":"https:\/\/www.facebook.com\/asociacionsindromecharge","article_published_time":"2025-02-03T08:48:44+00:00","og_image":[{"width":300,"height":98,"url":"https:\/\/sindromecharge.es\/wp-content\/uploads\/2013\/09\/logodecharge300x98.png","type":"image\/png"}],"author":"Charge","twitter_card":"summary_large_image","twitter_creator":"@sindromecharge","twitter_site":"@sindromecharge","twitter_misc":{"Escrito por":"Charge","Tiempo de lectura":"5 minutos"},"schema":{"@context":"https:\/\/schema.org","@graph":[{"@type":"Article","@id":"https:\/\/sindromecharge.es\/index.php\/2025\/02\/03\/los-musicos-con-discapacidad-intelectual-rock-par-tocan-para-hacer-disfrutar-publico-pasarselo-bien\/#article","isPartOf":{"@id":"https:\/\/sindromecharge.es\/index.php\/2025\/02\/03\/los-musicos-con-discapacidad-intelectual-rock-par-tocan-para-hacer-disfrutar-publico-pasarselo-bien\/"},"author":{"name":"Charge","@id":"https:\/\/sindromecharge.es\/#\/schema\/person\/39a60ebe0a2b4d5a11179701e336b039"},"headline":"Los m\u00fasicos con discapacidad intelectual de &#8216;Rock A La Par&#8217; tocan para \u00abhacer disfrutar\u00bb al p\u00fablico y \u00abpas\u00e1rselo bien\u00bb","datePublished":"2025-02-03T08:48:44+00:00","mainEntityOfPage":{"@id":"https:\/\/sindromecharge.es\/index.php\/2025\/02\/03\/los-musicos-con-discapacidad-intelectual-rock-par-tocan-para-hacer-disfrutar-publico-pasarselo-bien\/"},"wordCount":1013,"articleSection":["noticias"],"inLanguage":"es"},{"@type":"WebPage","@id":"https:\/\/sindromecharge.es\/index.php\/2025\/02\/03\/los-musicos-con-discapacidad-intelectual-rock-par-tocan-para-hacer-disfrutar-publico-pasarselo-bien\/","url":"https:\/\/sindromecharge.es\/index.php\/2025\/02\/03\/los-musicos-con-discapacidad-intelectual-rock-par-tocan-para-hacer-disfrutar-publico-pasarselo-bien\/","name":"Los m\u00fasicos con discapacidad intelectual de 'Rock A La Par' tocan para \"hacer disfrutar\" al p\u00fablico y \"pas\u00e1rselo bien\" - Asociaci\u00f3n Espa\u00f1ola S\u00edndrome de Charge","isPartOf":{"@id":"https:\/\/sindromecharge.es\/#website"},"datePublished":"2025-02-03T08:48:44+00:00","author":{"@id":"https:\/\/sindromecharge.es\/#\/schema\/person\/39a60ebe0a2b4d5a11179701e336b039"},"breadcrumb":{"@id":"https:\/\/sindromecharge.es\/index.php\/2025\/02\/03\/los-musicos-con-discapacidad-intelectual-rock-par-tocan-para-hacer-disfrutar-publico-pasarselo-bien\/#breadcrumb"},"inLanguage":"es","potentialAction":[{"@type":"ReadAction","target":["https:\/\/sindromecharge.es\/index.php\/2025\/02\/03\/los-musicos-con-discapacidad-intelectual-rock-par-tocan-para-hacer-disfrutar-publico-pasarselo-bien\/"]}]},{"@type":"BreadcrumbList","@id":"https:\/\/sindromecharge.es\/index.php\/2025\/02\/03\/los-musicos-con-discapacidad-intelectual-rock-par-tocan-para-hacer-disfrutar-publico-pasarselo-bien\/#breadcrumb","itemListElement":[{"@type":"ListItem","position":1,"name":"Portada","item":"https:\/\/sindromecharge.es\/"},{"@type":"ListItem","position":2,"name":"Los m\u00fasicos con discapacidad intelectual de &#8216;Rock A La Par&#8217; tocan para &#8220;hacer disfrutar&#8221; al p\u00fablico y &#8220;pas\u00e1rselo bien&#8221;"}]},{"@type":"WebSite","@id":"https:\/\/sindromecharge.es\/#website","url":"https:\/\/sindromecharge.es\/","name":"Asociaci\u00f3n Espa\u00f1ola S\u00edndrome de Charge","description":"","potentialAction":[{"@type":"SearchAction","target":{"@type":"EntryPoint","urlTemplate":"https:\/\/sindromecharge.es\/?s={search_term_string}"},"query-input":{"@type":"PropertyValueSpecification","valueRequired":true,"valueName":"search_term_string"}}],"inLanguage":"es"},{"@type":"Person","@id":"https:\/\/sindromecharge.es\/#\/schema\/person\/39a60ebe0a2b4d5a11179701e336b039","name":"Charge","image":{"@type":"ImageObject","inLanguage":"es","@id":"https:\/\/secure.gravatar.com\/avatar\/c3b46e32a0fc3b093a0873fb767bf3293de856293065e84ef06b7ec7a8acfb98?s=96&d=identicon&r=x","url":"https:\/\/secure.gravatar.com\/avatar\/c3b46e32a0fc3b093a0873fb767bf3293de856293065e84ef06b7ec7a8acfb98?s=96&d=identicon&r=x","contentUrl":"https:\/\/secure.gravatar.com\/avatar\/c3b46e32a0fc3b093a0873fb767bf3293de856293065e84ef06b7ec7a8acfb98?s=96&d=identicon&r=x","caption":"Charge"},"url":"https:\/\/sindromecharge.es\/index.php\/author\/admin\/"}]}},"_links":{"self":[{"href":"https:\/\/sindromecharge.es\/index.php\/wp-json\/wp\/v2\/posts\/10789","targetHints":{"allow":["GET"]}}],"collection":[{"href":"https:\/\/sindromecharge.es\/index.php\/wp-json\/wp\/v2\/posts"}],"about":[{"href":"https:\/\/sindromecharge.es\/index.php\/wp-json\/wp\/v2\/types\/post"}],"author":[{"embeddable":true,"href":"https:\/\/sindromecharge.es\/index.php\/wp-json\/wp\/v2\/users\/1"}],"replies":[{"embeddable":true,"href":"https:\/\/sindromecharge.es\/index.php\/wp-json\/wp\/v2\/comments?post=10789"}],"version-history":[{"count":0,"href":"https:\/\/sindromecharge.es\/index.php\/wp-json\/wp\/v2\/posts\/10789\/revisions"}],"wp:attachment":[{"href":"https:\/\/sindromecharge.es\/index.php\/wp-json\/wp\/v2\/media?parent=10789"}],"wp:term":[{"taxonomy":"category","embeddable":true,"href":"https:\/\/sindromecharge.es\/index.php\/wp-json\/wp\/v2\/categories?post=10789"},{"taxonomy":"post_tag","embeddable":true,"href":"https:\/\/sindromecharge.es\/index.php\/wp-json\/wp\/v2\/tags?post=10789"}],"curies":[{"name":"wp","href":"https:\/\/api.w.org\/{rel}","templated":true}]}}