{"id":10788,"date":"2025-02-03T07:02:24","date_gmt":"2025-02-03T07:02:24","guid":{"rendered":"https:\/\/sindromecharge.es\/index.php\/2025\/02\/03\/plena-inclusion-valora-acuerdo-sobre-atencion-temprana-pero-se-debe-avanzar-mas\/"},"modified":"2025-02-03T07:02:24","modified_gmt":"2025-02-03T07:02:24","slug":"plena-inclusion-valora-acuerdo-sobre-atencion-temprana-pero-se-debe-avanzar-mas","status":"publish","type":"post","link":"https:\/\/sindromecharge.es\/index.php\/2025\/02\/03\/plena-inclusion-valora-acuerdo-sobre-atencion-temprana-pero-se-debe-avanzar-mas\/","title":{"rendered":"Plena inclusi\u00f3n sobre el acuerdo para mejorar la atenci\u00f3n temprana: es \u00abun logro\u00bb, pero \u00abse debe avanzar m\u00e1s\u00bb"},"content":{"rendered":"<p>Leemos en Discapacidad la siguiente noticia que os reproducimos de forma \u00edntegra: <\/p>\n<div>\n<p>Plena inclusi\u00f3n Espa\u00f1a valor\u00f3 este viernes de forma positiva e<b>l consenso estatal para la mejora de la Atenci\u00f3n Temprana (AT) <\/b>alcanzado en la conferencia multisectorial entre los ministerios de Sanidad y Derechos Sociales y las comunidades aut\u00f3nomas, aunque consider\u00f3 que <b>\u00abtodav\u00eda se debe avanzar m\u00e1s\u00bb.<\/b><\/p>\n<p>A su juicio, el documento con l\u00edneas de actuaci\u00f3n e indicadores para mejorar la AT en todo el pa\u00eds acordado hoy \u00abes<b> un logro fruto del di\u00e1logo<\/b> territorial y de la implicaci\u00f3n de administraciones estatales y auton\u00f3micas competentes y la sociedad civil del \u00e1mbito de la infancia, la discapacidad y otros grupos de profesionales\u00bb.<\/p>\n<p>Con todo, defendi\u00f3 que este \u00abdebe ser s\u00f3lo el<b> primer paso hacia la garant\u00eda efectiva del derecho a la Atenci\u00f3n Temprana<\/b>\u00ab.<\/p>\n<p>Tal y como recoge el &#8216;Informe sobre la situaci\u00f3n de los centros y servicios de Atenci\u00f3n Temprana&#8217; publicado por Plena inclusi\u00f3n en 2024, urge armonizar los servicios de AT entre las comunidades aut\u00f3nomas y dentro de estas para <b>evitar situaciones de desigualdad<\/b> entre ni\u00f1os que, con condiciones de desarrollo similares, pueden no recibir los mismos apoyos.<\/p>\n<p>Para Plena inclusi\u00f3n, el documento acordado hoy \u00abdebe ser un punto de inflexi\u00f3n que marque la diferencia y<b> contribuya decisivamente a la homogeneizaci\u00f3n de los servicios de AT <\/b>y a la mejora de su calidad\u00bb. \u00abSer\u00e1 en cualquier caso imprescindible realizar un seguimiento del desarrollo del acuerdo y de su plasmaci\u00f3n sobre la actividad de los servicios de AT\u00bb, resalt\u00f3.<\/p>\n<p>\u00abEstos deben estar armonizados y ser de calidad como garant\u00eda de los derechos de los ni\u00f1os y ni\u00f1as con<a href=\"https:\/\/www.20minutos.es\/minuteca\/discapacidad-intelectual\/\" title=\"Discapacidad intelectual\" target=\"_blank\"> discapacidad intelectual <\/a>y sus familias\u00bb, Afirm\u00f3 In\u00e9s Guerrero, responsable de Atenci\u00f3n Temprana de Plena inclusi\u00f3n Espa\u00f1a.<\/p>\n<p>Como propuestas de mejora, Plena inclusi\u00f3n defendi\u00f3 <b>garantizar la <a href=\"https:\/\/www.20minutos.es\/minuteca\/accesibilidad\/\" title=\"Accesibilidad\" target=\"_blank\">accesibilidad<\/a>, universalidad y gratuidad de la AT<\/b>, no s\u00f3lo en el plano normativo, sino tambi\u00e9n con el<b> despliegue real de estas normas<\/b>; establecer una visi\u00f3n compartida de la Atenci\u00f3n Temprana y un marco conceptual com\u00fan a nivel estatal, alineado con la evidencia cient\u00edfica; dise\u00f1ar sistemas de<b> financiaci\u00f3n de los recursos flexibles<\/b> que permitan apoyos en el entorno y aseguren la sostenibilidad de los servicios; y seguir desarrollando directrices y procedimientos claros y compartidos por todas las comunidades aut\u00f3nomas en torno a cuestiones como criterios de elegibilidad, calidad de los servicios, est\u00e1ndares de desarrollo de competencias de los profesionales, etc.<\/p>\n<\/div>\n<p>Fuente: Discapacidad https:\/\/www.20minutos.es\/noticia\/5678521\/0\/plena-inclusion-valora-acuerdo-sobre-atencion-temprana-pero-se-debe-avanzar-mas\/<\/p>\n","protected":false},"excerpt":{"rendered":"<p>Plena inclusi\u00f3n pide armonizar los servicios entre las comunidades aut\u00f3nomas para evitar desigualdades.<\/p>\n","protected":false},"author":1,"featured_media":0,"comment_status":"closed","ping_status":"closed","sticky":false,"template":"","format":"standard","meta":{"footnotes":""},"categories":[8],"tags":[],"class_list":["post-10788","post","type-post","status-publish","format-standard","hentry","category-noticias"],"yoast_head":"<!-- This site is optimized with the Yoast SEO plugin v27.4 - https:\/\/yoast.com\/product\/yoast-seo-wordpress\/ -->\n<title>Plena inclusi\u00f3n sobre el acuerdo para mejorar la atenci\u00f3n temprana: es &quot;un logro&quot;, pero &quot;se debe avanzar m\u00e1s&quot; - Asociaci\u00f3n Espa\u00f1ola S\u00edndrome de Charge<\/title>\n<meta name=\"robots\" content=\"index, follow, max-snippet:-1, max-image-preview:large, max-video-preview:-1\" \/>\n<link rel=\"canonical\" href=\"https:\/\/sindromecharge.es\/index.php\/2025\/02\/03\/plena-inclusion-valora-acuerdo-sobre-atencion-temprana-pero-se-debe-avanzar-mas\/\" \/>\n<meta property=\"og:locale\" content=\"es_ES\" \/>\n<meta property=\"og:type\" content=\"article\" \/>\n<meta property=\"og:title\" content=\"Plena inclusi\u00f3n sobre el acuerdo para mejorar la atenci\u00f3n temprana: es &quot;un logro&quot;, pero &quot;se debe avanzar m\u00e1s&quot; - Asociaci\u00f3n Espa\u00f1ola S\u00edndrome de Charge\" \/>\n<meta property=\"og:description\" content=\"Plena inclusi\u00f3n pide armonizar los servicios entre las comunidades aut\u00f3nomas para evitar desigualdades.\" \/>\n<meta property=\"og:url\" content=\"https:\/\/sindromecharge.es\/index.php\/2025\/02\/03\/plena-inclusion-valora-acuerdo-sobre-atencion-temprana-pero-se-debe-avanzar-mas\/\" \/>\n<meta property=\"og:site_name\" content=\"Asociaci\u00f3n Espa\u00f1ola S\u00edndrome de Charge\" \/>\n<meta property=\"article:publisher\" content=\"https:\/\/www.facebook.com\/asociacionsindromecharge\" \/>\n<meta property=\"article:published_time\" content=\"2025-02-03T07:02:24+00:00\" \/>\n<meta property=\"og:image\" content=\"https:\/\/sindromecharge.es\/wp-content\/uploads\/2013\/09\/logodecharge300x98.png\" \/>\n\t<meta property=\"og:image:width\" content=\"300\" \/>\n\t<meta property=\"og:image:height\" content=\"98\" \/>\n\t<meta property=\"og:image:type\" content=\"image\/png\" \/>\n<meta name=\"author\" content=\"Charge\" \/>\n<meta name=\"twitter:card\" content=\"summary_large_image\" \/>\n<meta name=\"twitter:creator\" content=\"@sindromecharge\" \/>\n<meta name=\"twitter:site\" content=\"@sindromecharge\" \/>\n<meta name=\"twitter:label1\" content=\"Escrito por\" \/>\n\t<meta name=\"twitter:data1\" content=\"Charge\" \/>\n\t<meta name=\"twitter:label2\" content=\"Tiempo de lectura\" \/>\n\t<meta name=\"twitter:data2\" content=\"2 minutos\" \/>\n<script type=\"application\/ld+json\" class=\"yoast-schema-graph\">{\"@context\":\"https:\\\/\\\/schema.org\",\"@graph\":[{\"@type\":\"Article\",\"@id\":\"https:\\\/\\\/sindromecharge.es\\\/index.php\\\/2025\\\/02\\\/03\\\/plena-inclusion-valora-acuerdo-sobre-atencion-temprana-pero-se-debe-avanzar-mas\\\/#article\",\"isPartOf\":{\"@id\":\"https:\\\/\\\/sindromecharge.es\\\/index.php\\\/2025\\\/02\\\/03\\\/plena-inclusion-valora-acuerdo-sobre-atencion-temprana-pero-se-debe-avanzar-mas\\\/\"},\"author\":{\"name\":\"Charge\",\"@id\":\"https:\\\/\\\/sindromecharge.es\\\/#\\\/schema\\\/person\\\/39a60ebe0a2b4d5a11179701e336b039\"},\"headline\":\"Plena inclusi\u00f3n sobre el acuerdo para mejorar la atenci\u00f3n temprana: es \u00abun logro\u00bb, pero \u00abse debe avanzar m\u00e1s\u00bb\",\"datePublished\":\"2025-02-03T07:02:24+00:00\",\"mainEntityOfPage\":{\"@id\":\"https:\\\/\\\/sindromecharge.es\\\/index.php\\\/2025\\\/02\\\/03\\\/plena-inclusion-valora-acuerdo-sobre-atencion-temprana-pero-se-debe-avanzar-mas\\\/\"},\"wordCount\":461,\"articleSection\":[\"noticias\"],\"inLanguage\":\"es\"},{\"@type\":\"WebPage\",\"@id\":\"https:\\\/\\\/sindromecharge.es\\\/index.php\\\/2025\\\/02\\\/03\\\/plena-inclusion-valora-acuerdo-sobre-atencion-temprana-pero-se-debe-avanzar-mas\\\/\",\"url\":\"https:\\\/\\\/sindromecharge.es\\\/index.php\\\/2025\\\/02\\\/03\\\/plena-inclusion-valora-acuerdo-sobre-atencion-temprana-pero-se-debe-avanzar-mas\\\/\",\"name\":\"Plena inclusi\u00f3n sobre el acuerdo para mejorar la atenci\u00f3n temprana: es \\\"un logro\\\", pero \\\"se debe avanzar m\u00e1s\\\" - Asociaci\u00f3n Espa\u00f1ola S\u00edndrome de Charge\",\"isPartOf\":{\"@id\":\"https:\\\/\\\/sindromecharge.es\\\/#website\"},\"datePublished\":\"2025-02-03T07:02:24+00:00\",\"author\":{\"@id\":\"https:\\\/\\\/sindromecharge.es\\\/#\\\/schema\\\/person\\\/39a60ebe0a2b4d5a11179701e336b039\"},\"breadcrumb\":{\"@id\":\"https:\\\/\\\/sindromecharge.es\\\/index.php\\\/2025\\\/02\\\/03\\\/plena-inclusion-valora-acuerdo-sobre-atencion-temprana-pero-se-debe-avanzar-mas\\\/#breadcrumb\"},\"inLanguage\":\"es\",\"potentialAction\":[{\"@type\":\"ReadAction\",\"target\":[\"https:\\\/\\\/sindromecharge.es\\\/index.php\\\/2025\\\/02\\\/03\\\/plena-inclusion-valora-acuerdo-sobre-atencion-temprana-pero-se-debe-avanzar-mas\\\/\"]}]},{\"@type\":\"BreadcrumbList\",\"@id\":\"https:\\\/\\\/sindromecharge.es\\\/index.php\\\/2025\\\/02\\\/03\\\/plena-inclusion-valora-acuerdo-sobre-atencion-temprana-pero-se-debe-avanzar-mas\\\/#breadcrumb\",\"itemListElement\":[{\"@type\":\"ListItem\",\"position\":1,\"name\":\"Portada\",\"item\":\"https:\\\/\\\/sindromecharge.es\\\/\"},{\"@type\":\"ListItem\",\"position\":2,\"name\":\"Plena inclusi\u00f3n sobre el acuerdo para mejorar la atenci\u00f3n temprana: es &#8220;un logro&#8221;, pero &#8220;se debe avanzar m\u00e1s&#8221;\"}]},{\"@type\":\"WebSite\",\"@id\":\"https:\\\/\\\/sindromecharge.es\\\/#website\",\"url\":\"https:\\\/\\\/sindromecharge.es\\\/\",\"name\":\"Asociaci\u00f3n Espa\u00f1ola S\u00edndrome de Charge\",\"description\":\"\",\"potentialAction\":[{\"@type\":\"SearchAction\",\"target\":{\"@type\":\"EntryPoint\",\"urlTemplate\":\"https:\\\/\\\/sindromecharge.es\\\/?s={search_term_string}\"},\"query-input\":{\"@type\":\"PropertyValueSpecification\",\"valueRequired\":true,\"valueName\":\"search_term_string\"}}],\"inLanguage\":\"es\"},{\"@type\":\"Person\",\"@id\":\"https:\\\/\\\/sindromecharge.es\\\/#\\\/schema\\\/person\\\/39a60ebe0a2b4d5a11179701e336b039\",\"name\":\"Charge\",\"image\":{\"@type\":\"ImageObject\",\"inLanguage\":\"es\",\"@id\":\"https:\\\/\\\/secure.gravatar.com\\\/avatar\\\/c3b46e32a0fc3b093a0873fb767bf3293de856293065e84ef06b7ec7a8acfb98?s=96&d=identicon&r=x\",\"url\":\"https:\\\/\\\/secure.gravatar.com\\\/avatar\\\/c3b46e32a0fc3b093a0873fb767bf3293de856293065e84ef06b7ec7a8acfb98?s=96&d=identicon&r=x\",\"contentUrl\":\"https:\\\/\\\/secure.gravatar.com\\\/avatar\\\/c3b46e32a0fc3b093a0873fb767bf3293de856293065e84ef06b7ec7a8acfb98?s=96&d=identicon&r=x\",\"caption\":\"Charge\"},\"url\":\"https:\\\/\\\/sindromecharge.es\\\/index.php\\\/author\\\/admin\\\/\"}]}<\/script>\n<!-- \/ Yoast SEO plugin. -->","yoast_head_json":{"title":"Plena inclusi\u00f3n sobre el acuerdo para mejorar la atenci\u00f3n temprana: es \"un logro\", pero \"se debe avanzar m\u00e1s\" - Asociaci\u00f3n Espa\u00f1ola S\u00edndrome de Charge","robots":{"index":"index","follow":"follow","max-snippet":"max-snippet:-1","max-image-preview":"max-image-preview:large","max-video-preview":"max-video-preview:-1"},"canonical":"https:\/\/sindromecharge.es\/index.php\/2025\/02\/03\/plena-inclusion-valora-acuerdo-sobre-atencion-temprana-pero-se-debe-avanzar-mas\/","og_locale":"es_ES","og_type":"article","og_title":"Plena inclusi\u00f3n sobre el acuerdo para mejorar la atenci\u00f3n temprana: es \"un logro\", pero \"se debe avanzar m\u00e1s\" - Asociaci\u00f3n Espa\u00f1ola S\u00edndrome de Charge","og_description":"Plena inclusi\u00f3n pide armonizar los servicios entre las comunidades aut\u00f3nomas para evitar desigualdades.","og_url":"https:\/\/sindromecharge.es\/index.php\/2025\/02\/03\/plena-inclusion-valora-acuerdo-sobre-atencion-temprana-pero-se-debe-avanzar-mas\/","og_site_name":"Asociaci\u00f3n Espa\u00f1ola S\u00edndrome de Charge","article_publisher":"https:\/\/www.facebook.com\/asociacionsindromecharge","article_published_time":"2025-02-03T07:02:24+00:00","og_image":[{"width":300,"height":98,"url":"https:\/\/sindromecharge.es\/wp-content\/uploads\/2013\/09\/logodecharge300x98.png","type":"image\/png"}],"author":"Charge","twitter_card":"summary_large_image","twitter_creator":"@sindromecharge","twitter_site":"@sindromecharge","twitter_misc":{"Escrito por":"Charge","Tiempo de lectura":"2 minutos"},"schema":{"@context":"https:\/\/schema.org","@graph":[{"@type":"Article","@id":"https:\/\/sindromecharge.es\/index.php\/2025\/02\/03\/plena-inclusion-valora-acuerdo-sobre-atencion-temprana-pero-se-debe-avanzar-mas\/#article","isPartOf":{"@id":"https:\/\/sindromecharge.es\/index.php\/2025\/02\/03\/plena-inclusion-valora-acuerdo-sobre-atencion-temprana-pero-se-debe-avanzar-mas\/"},"author":{"name":"Charge","@id":"https:\/\/sindromecharge.es\/#\/schema\/person\/39a60ebe0a2b4d5a11179701e336b039"},"headline":"Plena inclusi\u00f3n sobre el acuerdo para mejorar la atenci\u00f3n temprana: es \u00abun logro\u00bb, pero \u00abse debe avanzar m\u00e1s\u00bb","datePublished":"2025-02-03T07:02:24+00:00","mainEntityOfPage":{"@id":"https:\/\/sindromecharge.es\/index.php\/2025\/02\/03\/plena-inclusion-valora-acuerdo-sobre-atencion-temprana-pero-se-debe-avanzar-mas\/"},"wordCount":461,"articleSection":["noticias"],"inLanguage":"es"},{"@type":"WebPage","@id":"https:\/\/sindromecharge.es\/index.php\/2025\/02\/03\/plena-inclusion-valora-acuerdo-sobre-atencion-temprana-pero-se-debe-avanzar-mas\/","url":"https:\/\/sindromecharge.es\/index.php\/2025\/02\/03\/plena-inclusion-valora-acuerdo-sobre-atencion-temprana-pero-se-debe-avanzar-mas\/","name":"Plena inclusi\u00f3n sobre el acuerdo para mejorar la atenci\u00f3n temprana: es \"un logro\", pero \"se debe avanzar m\u00e1s\" - Asociaci\u00f3n Espa\u00f1ola S\u00edndrome de Charge","isPartOf":{"@id":"https:\/\/sindromecharge.es\/#website"},"datePublished":"2025-02-03T07:02:24+00:00","author":{"@id":"https:\/\/sindromecharge.es\/#\/schema\/person\/39a60ebe0a2b4d5a11179701e336b039"},"breadcrumb":{"@id":"https:\/\/sindromecharge.es\/index.php\/2025\/02\/03\/plena-inclusion-valora-acuerdo-sobre-atencion-temprana-pero-se-debe-avanzar-mas\/#breadcrumb"},"inLanguage":"es","potentialAction":[{"@type":"ReadAction","target":["https:\/\/sindromecharge.es\/index.php\/2025\/02\/03\/plena-inclusion-valora-acuerdo-sobre-atencion-temprana-pero-se-debe-avanzar-mas\/"]}]},{"@type":"BreadcrumbList","@id":"https:\/\/sindromecharge.es\/index.php\/2025\/02\/03\/plena-inclusion-valora-acuerdo-sobre-atencion-temprana-pero-se-debe-avanzar-mas\/#breadcrumb","itemListElement":[{"@type":"ListItem","position":1,"name":"Portada","item":"https:\/\/sindromecharge.es\/"},{"@type":"ListItem","position":2,"name":"Plena inclusi\u00f3n sobre el acuerdo para mejorar la atenci\u00f3n temprana: es &#8220;un logro&#8221;, pero &#8220;se debe avanzar m\u00e1s&#8221;"}]},{"@type":"WebSite","@id":"https:\/\/sindromecharge.es\/#website","url":"https:\/\/sindromecharge.es\/","name":"Asociaci\u00f3n Espa\u00f1ola S\u00edndrome de Charge","description":"","potentialAction":[{"@type":"SearchAction","target":{"@type":"EntryPoint","urlTemplate":"https:\/\/sindromecharge.es\/?s={search_term_string}"},"query-input":{"@type":"PropertyValueSpecification","valueRequired":true,"valueName":"search_term_string"}}],"inLanguage":"es"},{"@type":"Person","@id":"https:\/\/sindromecharge.es\/#\/schema\/person\/39a60ebe0a2b4d5a11179701e336b039","name":"Charge","image":{"@type":"ImageObject","inLanguage":"es","@id":"https:\/\/secure.gravatar.com\/avatar\/c3b46e32a0fc3b093a0873fb767bf3293de856293065e84ef06b7ec7a8acfb98?s=96&d=identicon&r=x","url":"https:\/\/secure.gravatar.com\/avatar\/c3b46e32a0fc3b093a0873fb767bf3293de856293065e84ef06b7ec7a8acfb98?s=96&d=identicon&r=x","contentUrl":"https:\/\/secure.gravatar.com\/avatar\/c3b46e32a0fc3b093a0873fb767bf3293de856293065e84ef06b7ec7a8acfb98?s=96&d=identicon&r=x","caption":"Charge"},"url":"https:\/\/sindromecharge.es\/index.php\/author\/admin\/"}]}},"_links":{"self":[{"href":"https:\/\/sindromecharge.es\/index.php\/wp-json\/wp\/v2\/posts\/10788","targetHints":{"allow":["GET"]}}],"collection":[{"href":"https:\/\/sindromecharge.es\/index.php\/wp-json\/wp\/v2\/posts"}],"about":[{"href":"https:\/\/sindromecharge.es\/index.php\/wp-json\/wp\/v2\/types\/post"}],"author":[{"embeddable":true,"href":"https:\/\/sindromecharge.es\/index.php\/wp-json\/wp\/v2\/users\/1"}],"replies":[{"embeddable":true,"href":"https:\/\/sindromecharge.es\/index.php\/wp-json\/wp\/v2\/comments?post=10788"}],"version-history":[{"count":0,"href":"https:\/\/sindromecharge.es\/index.php\/wp-json\/wp\/v2\/posts\/10788\/revisions"}],"wp:attachment":[{"href":"https:\/\/sindromecharge.es\/index.php\/wp-json\/wp\/v2\/media?parent=10788"}],"wp:term":[{"taxonomy":"category","embeddable":true,"href":"https:\/\/sindromecharge.es\/index.php\/wp-json\/wp\/v2\/categories?post=10788"},{"taxonomy":"post_tag","embeddable":true,"href":"https:\/\/sindromecharge.es\/index.php\/wp-json\/wp\/v2\/tags?post=10788"}],"curies":[{"name":"wp","href":"https:\/\/api.w.org\/{rel}","templated":true}]}}