{"id":10783,"date":"2025-01-31T07:32:19","date_gmt":"2025-01-31T07:32:19","guid":{"rendered":"https:\/\/sindromecharge.es\/index.php\/2025\/01\/31\/pueden-variar-las-ayudas-funcion-tipo-discapacidad\/"},"modified":"2025-01-31T07:32:19","modified_gmt":"2025-01-31T07:32:19","slug":"pueden-variar-las-ayudas-funcion-tipo-discapacidad","status":"publish","type":"post","link":"https:\/\/sindromecharge.es\/index.php\/2025\/01\/31\/pueden-variar-las-ayudas-funcion-tipo-discapacidad\/","title":{"rendered":"\u00bfPueden variar las ayudas en funci\u00f3n del tipo de discapacidad?"},"content":{"rendered":"<p>Leemos en Discapacidad la siguiente noticia que os reproducimos de forma \u00edntegra: <\/p>\n<div>\n<p><b>\u00bfPuedes recibir m\u00e1s o menos ayudas en funci\u00f3n de su <a href=\"https:\/\/www.20minutos.es\/minuteca\/discapacidad\/\" title=\"Discapacidad\" target=\"_blank\">discapacidad<\/a><\/b>? Lo que prima, en casi todas las ocasiones es el porcentaje de discapacidad reconocido, pero, como explica <b>el abogado Pedro L\u00f3pez en Tododiscapacidad<\/b>, para determinadas ayudas o prestaciones, puede que se exija un porcentaje menor para recibirlas en funci\u00f3n de que se trate de una discapacidad u otra.<\/p>\n<p>En su v\u00eddeo explica, adem\u00e1s, los <a href=\"https:\/\/grupogarantia.es\/video\/tipos-de-discapacidad\/\" target=\"_blank\" rel=\"nofollow\">distintos tipos de discapacidades<\/a> que, \u00aben primer lugar tenemos las<b> discapacidades f\u00edsicas o motoras <\/b>que son aquellas cuya limitaci\u00f3n es en un brazo, una pierna, la espalda, etc. Por otro lado tenemos las<b> sensoriales<\/b>, que son aquellas que tienen que ver con los sentidos, como a ceguera o la sordera. Tambi\u00e9n tenemos las <a href=\"https:\/\/www.20minutos.es\/minuteca\/discapacidad-intelectual\/\" title=\"Discapacidad intelectual\" target=\"_blank\">intelectuales,<\/a> aquellas personas que tienen una limitaci\u00f3n a nivel ps\u00edquico&#8230; y, por \u00faltimo, existe la <b>mental o psicosocial<\/b>, que son fruto de enfermedades mentales como pueden ser una esquizofrenia\u00bb, explica. <\/p>\n<p>A la hora de solicitar algunas ayudas el tipo de discapacidad s\u00ed importa, pues como matiza Pedro L\u00f3pez, en algunas \u00abexiste un rango que diferencia al resto y es aquellas personas con una<b> discapacidad ps\u00edquica del 33% o f\u00edsica sensorial del 65% <\/b>que acceden a determinadas ayudas\u00bb.<\/p>\n<p>Si, por ejemplo, eres una persona que tienen <b>varios tipos de discapacidad<\/b>, recomienda que \u00abpongas primero esa discapacidad que te puede beneficiar, que como digo es la ps\u00edquica, pues para ella se exigen el 33% y en las sensoriales o f\u00edsicas el 65%, pues te ayudar\u00e1 a la hora de acceder a esas ayudas o becas\u00bb.<\/p>\n<p>Para enterarte de cuestiones como esta o para mostrar platear tus propias dudas, puedes visitar, <a href=\"https:\/\/www.instagram.com\/tododiscapacidad\/\" target=\"_blank\" rel=\"nofollow\">Tododiscapacidad<\/a>, el perfil que Pedro L\u00f3pez de Cerro ha creado en Instagram.<\/p>\n<\/div>\n<p>Fuente: Discapacidad https:\/\/www.20minutos.es\/noticia\/5677889\/0\/pueden-variar-las-ayudas-funcion-tipo-discapacidad\/<\/p>\n","protected":false},"excerpt":{"rendered":"<p>\u00bfPuedes recibir m\u00e1s o menos ayudas en funci\u00f3n de su discapacidad? Lo que prima, en casi todas las ocasiones es el porcentaje de discapacidad reconocido,&#8230;<\/p>\n","protected":false},"author":1,"featured_media":0,"comment_status":"closed","ping_status":"closed","sticky":false,"template":"","format":"standard","meta":{"footnotes":""},"categories":[8],"tags":[],"class_list":["post-10783","post","type-post","status-publish","format-standard","hentry","category-noticias"],"yoast_head":"<!-- This site is optimized with the Yoast SEO plugin v27.4 - https:\/\/yoast.com\/product\/yoast-seo-wordpress\/ -->\n<title>\u00bfPueden variar las ayudas en funci\u00f3n del tipo de discapacidad? - Asociaci\u00f3n Espa\u00f1ola S\u00edndrome de Charge<\/title>\n<meta name=\"robots\" content=\"index, follow, max-snippet:-1, max-image-preview:large, max-video-preview:-1\" \/>\n<link rel=\"canonical\" href=\"https:\/\/sindromecharge.es\/index.php\/2025\/01\/31\/pueden-variar-las-ayudas-funcion-tipo-discapacidad\/\" \/>\n<meta property=\"og:locale\" content=\"es_ES\" \/>\n<meta property=\"og:type\" content=\"article\" \/>\n<meta property=\"og:title\" content=\"\u00bfPueden variar las ayudas en funci\u00f3n del tipo de discapacidad? - Asociaci\u00f3n Espa\u00f1ola S\u00edndrome de Charge\" \/>\n<meta property=\"og:description\" content=\"\u00bfPuedes recibir m\u00e1s o menos ayudas en funci\u00f3n de su discapacidad? Lo que prima, en casi todas las ocasiones es el porcentaje de discapacidad reconocido,&#8230;\" \/>\n<meta property=\"og:url\" content=\"https:\/\/sindromecharge.es\/index.php\/2025\/01\/31\/pueden-variar-las-ayudas-funcion-tipo-discapacidad\/\" \/>\n<meta property=\"og:site_name\" content=\"Asociaci\u00f3n Espa\u00f1ola S\u00edndrome de Charge\" \/>\n<meta property=\"article:publisher\" content=\"https:\/\/www.facebook.com\/asociacionsindromecharge\" \/>\n<meta property=\"article:published_time\" content=\"2025-01-31T07:32:19+00:00\" \/>\n<meta property=\"og:image\" content=\"https:\/\/sindromecharge.es\/wp-content\/uploads\/2013\/09\/logodecharge300x98.png\" \/>\n\t<meta property=\"og:image:width\" content=\"300\" \/>\n\t<meta property=\"og:image:height\" content=\"98\" \/>\n\t<meta property=\"og:image:type\" content=\"image\/png\" \/>\n<meta name=\"author\" content=\"Charge\" \/>\n<meta name=\"twitter:card\" content=\"summary_large_image\" \/>\n<meta name=\"twitter:creator\" content=\"@sindromecharge\" \/>\n<meta name=\"twitter:site\" content=\"@sindromecharge\" \/>\n<meta name=\"twitter:label1\" content=\"Escrito por\" \/>\n\t<meta name=\"twitter:data1\" content=\"Charge\" \/>\n\t<meta name=\"twitter:label2\" content=\"Tiempo de lectura\" \/>\n\t<meta name=\"twitter:data2\" content=\"2 minutos\" \/>\n<script type=\"application\/ld+json\" class=\"yoast-schema-graph\">{\"@context\":\"https:\\\/\\\/schema.org\",\"@graph\":[{\"@type\":\"Article\",\"@id\":\"https:\\\/\\\/sindromecharge.es\\\/index.php\\\/2025\\\/01\\\/31\\\/pueden-variar-las-ayudas-funcion-tipo-discapacidad\\\/#article\",\"isPartOf\":{\"@id\":\"https:\\\/\\\/sindromecharge.es\\\/index.php\\\/2025\\\/01\\\/31\\\/pueden-variar-las-ayudas-funcion-tipo-discapacidad\\\/\"},\"author\":{\"name\":\"Charge\",\"@id\":\"https:\\\/\\\/sindromecharge.es\\\/#\\\/schema\\\/person\\\/39a60ebe0a2b4d5a11179701e336b039\"},\"headline\":\"\u00bfPueden variar las ayudas en funci\u00f3n del tipo de discapacidad?\",\"datePublished\":\"2025-01-31T07:32:19+00:00\",\"mainEntityOfPage\":{\"@id\":\"https:\\\/\\\/sindromecharge.es\\\/index.php\\\/2025\\\/01\\\/31\\\/pueden-variar-las-ayudas-funcion-tipo-discapacidad\\\/\"},\"wordCount\":322,\"articleSection\":[\"noticias\"],\"inLanguage\":\"es\"},{\"@type\":\"WebPage\",\"@id\":\"https:\\\/\\\/sindromecharge.es\\\/index.php\\\/2025\\\/01\\\/31\\\/pueden-variar-las-ayudas-funcion-tipo-discapacidad\\\/\",\"url\":\"https:\\\/\\\/sindromecharge.es\\\/index.php\\\/2025\\\/01\\\/31\\\/pueden-variar-las-ayudas-funcion-tipo-discapacidad\\\/\",\"name\":\"\u00bfPueden variar las ayudas en funci\u00f3n del tipo de discapacidad? - Asociaci\u00f3n Espa\u00f1ola S\u00edndrome de Charge\",\"isPartOf\":{\"@id\":\"https:\\\/\\\/sindromecharge.es\\\/#website\"},\"datePublished\":\"2025-01-31T07:32:19+00:00\",\"author\":{\"@id\":\"https:\\\/\\\/sindromecharge.es\\\/#\\\/schema\\\/person\\\/39a60ebe0a2b4d5a11179701e336b039\"},\"breadcrumb\":{\"@id\":\"https:\\\/\\\/sindromecharge.es\\\/index.php\\\/2025\\\/01\\\/31\\\/pueden-variar-las-ayudas-funcion-tipo-discapacidad\\\/#breadcrumb\"},\"inLanguage\":\"es\",\"potentialAction\":[{\"@type\":\"ReadAction\",\"target\":[\"https:\\\/\\\/sindromecharge.es\\\/index.php\\\/2025\\\/01\\\/31\\\/pueden-variar-las-ayudas-funcion-tipo-discapacidad\\\/\"]}]},{\"@type\":\"BreadcrumbList\",\"@id\":\"https:\\\/\\\/sindromecharge.es\\\/index.php\\\/2025\\\/01\\\/31\\\/pueden-variar-las-ayudas-funcion-tipo-discapacidad\\\/#breadcrumb\",\"itemListElement\":[{\"@type\":\"ListItem\",\"position\":1,\"name\":\"Portada\",\"item\":\"https:\\\/\\\/sindromecharge.es\\\/\"},{\"@type\":\"ListItem\",\"position\":2,\"name\":\"\u00bfPueden variar las ayudas en funci\u00f3n del tipo de discapacidad?\"}]},{\"@type\":\"WebSite\",\"@id\":\"https:\\\/\\\/sindromecharge.es\\\/#website\",\"url\":\"https:\\\/\\\/sindromecharge.es\\\/\",\"name\":\"Asociaci\u00f3n Espa\u00f1ola S\u00edndrome de Charge\",\"description\":\"\",\"potentialAction\":[{\"@type\":\"SearchAction\",\"target\":{\"@type\":\"EntryPoint\",\"urlTemplate\":\"https:\\\/\\\/sindromecharge.es\\\/?s={search_term_string}\"},\"query-input\":{\"@type\":\"PropertyValueSpecification\",\"valueRequired\":true,\"valueName\":\"search_term_string\"}}],\"inLanguage\":\"es\"},{\"@type\":\"Person\",\"@id\":\"https:\\\/\\\/sindromecharge.es\\\/#\\\/schema\\\/person\\\/39a60ebe0a2b4d5a11179701e336b039\",\"name\":\"Charge\",\"image\":{\"@type\":\"ImageObject\",\"inLanguage\":\"es\",\"@id\":\"https:\\\/\\\/secure.gravatar.com\\\/avatar\\\/c3b46e32a0fc3b093a0873fb767bf3293de856293065e84ef06b7ec7a8acfb98?s=96&d=identicon&r=x\",\"url\":\"https:\\\/\\\/secure.gravatar.com\\\/avatar\\\/c3b46e32a0fc3b093a0873fb767bf3293de856293065e84ef06b7ec7a8acfb98?s=96&d=identicon&r=x\",\"contentUrl\":\"https:\\\/\\\/secure.gravatar.com\\\/avatar\\\/c3b46e32a0fc3b093a0873fb767bf3293de856293065e84ef06b7ec7a8acfb98?s=96&d=identicon&r=x\",\"caption\":\"Charge\"},\"url\":\"https:\\\/\\\/sindromecharge.es\\\/index.php\\\/author\\\/admin\\\/\"}]}<\/script>\n<!-- \/ Yoast SEO plugin. -->","yoast_head_json":{"title":"\u00bfPueden variar las ayudas en funci\u00f3n del tipo de discapacidad? - Asociaci\u00f3n Espa\u00f1ola S\u00edndrome de Charge","robots":{"index":"index","follow":"follow","max-snippet":"max-snippet:-1","max-image-preview":"max-image-preview:large","max-video-preview":"max-video-preview:-1"},"canonical":"https:\/\/sindromecharge.es\/index.php\/2025\/01\/31\/pueden-variar-las-ayudas-funcion-tipo-discapacidad\/","og_locale":"es_ES","og_type":"article","og_title":"\u00bfPueden variar las ayudas en funci\u00f3n del tipo de discapacidad? - Asociaci\u00f3n Espa\u00f1ola S\u00edndrome de Charge","og_description":"\u00bfPuedes recibir m\u00e1s o menos ayudas en funci\u00f3n de su discapacidad? Lo que prima, en casi todas las ocasiones es el porcentaje de discapacidad reconocido,&#8230;","og_url":"https:\/\/sindromecharge.es\/index.php\/2025\/01\/31\/pueden-variar-las-ayudas-funcion-tipo-discapacidad\/","og_site_name":"Asociaci\u00f3n Espa\u00f1ola S\u00edndrome de Charge","article_publisher":"https:\/\/www.facebook.com\/asociacionsindromecharge","article_published_time":"2025-01-31T07:32:19+00:00","og_image":[{"width":300,"height":98,"url":"https:\/\/sindromecharge.es\/wp-content\/uploads\/2013\/09\/logodecharge300x98.png","type":"image\/png"}],"author":"Charge","twitter_card":"summary_large_image","twitter_creator":"@sindromecharge","twitter_site":"@sindromecharge","twitter_misc":{"Escrito por":"Charge","Tiempo de lectura":"2 minutos"},"schema":{"@context":"https:\/\/schema.org","@graph":[{"@type":"Article","@id":"https:\/\/sindromecharge.es\/index.php\/2025\/01\/31\/pueden-variar-las-ayudas-funcion-tipo-discapacidad\/#article","isPartOf":{"@id":"https:\/\/sindromecharge.es\/index.php\/2025\/01\/31\/pueden-variar-las-ayudas-funcion-tipo-discapacidad\/"},"author":{"name":"Charge","@id":"https:\/\/sindromecharge.es\/#\/schema\/person\/39a60ebe0a2b4d5a11179701e336b039"},"headline":"\u00bfPueden variar las ayudas en funci\u00f3n del tipo de discapacidad?","datePublished":"2025-01-31T07:32:19+00:00","mainEntityOfPage":{"@id":"https:\/\/sindromecharge.es\/index.php\/2025\/01\/31\/pueden-variar-las-ayudas-funcion-tipo-discapacidad\/"},"wordCount":322,"articleSection":["noticias"],"inLanguage":"es"},{"@type":"WebPage","@id":"https:\/\/sindromecharge.es\/index.php\/2025\/01\/31\/pueden-variar-las-ayudas-funcion-tipo-discapacidad\/","url":"https:\/\/sindromecharge.es\/index.php\/2025\/01\/31\/pueden-variar-las-ayudas-funcion-tipo-discapacidad\/","name":"\u00bfPueden variar las ayudas en funci\u00f3n del tipo de discapacidad? - Asociaci\u00f3n Espa\u00f1ola S\u00edndrome de Charge","isPartOf":{"@id":"https:\/\/sindromecharge.es\/#website"},"datePublished":"2025-01-31T07:32:19+00:00","author":{"@id":"https:\/\/sindromecharge.es\/#\/schema\/person\/39a60ebe0a2b4d5a11179701e336b039"},"breadcrumb":{"@id":"https:\/\/sindromecharge.es\/index.php\/2025\/01\/31\/pueden-variar-las-ayudas-funcion-tipo-discapacidad\/#breadcrumb"},"inLanguage":"es","potentialAction":[{"@type":"ReadAction","target":["https:\/\/sindromecharge.es\/index.php\/2025\/01\/31\/pueden-variar-las-ayudas-funcion-tipo-discapacidad\/"]}]},{"@type":"BreadcrumbList","@id":"https:\/\/sindromecharge.es\/index.php\/2025\/01\/31\/pueden-variar-las-ayudas-funcion-tipo-discapacidad\/#breadcrumb","itemListElement":[{"@type":"ListItem","position":1,"name":"Portada","item":"https:\/\/sindromecharge.es\/"},{"@type":"ListItem","position":2,"name":"\u00bfPueden variar las ayudas en funci\u00f3n del tipo de discapacidad?"}]},{"@type":"WebSite","@id":"https:\/\/sindromecharge.es\/#website","url":"https:\/\/sindromecharge.es\/","name":"Asociaci\u00f3n Espa\u00f1ola S\u00edndrome de Charge","description":"","potentialAction":[{"@type":"SearchAction","target":{"@type":"EntryPoint","urlTemplate":"https:\/\/sindromecharge.es\/?s={search_term_string}"},"query-input":{"@type":"PropertyValueSpecification","valueRequired":true,"valueName":"search_term_string"}}],"inLanguage":"es"},{"@type":"Person","@id":"https:\/\/sindromecharge.es\/#\/schema\/person\/39a60ebe0a2b4d5a11179701e336b039","name":"Charge","image":{"@type":"ImageObject","inLanguage":"es","@id":"https:\/\/secure.gravatar.com\/avatar\/c3b46e32a0fc3b093a0873fb767bf3293de856293065e84ef06b7ec7a8acfb98?s=96&d=identicon&r=x","url":"https:\/\/secure.gravatar.com\/avatar\/c3b46e32a0fc3b093a0873fb767bf3293de856293065e84ef06b7ec7a8acfb98?s=96&d=identicon&r=x","contentUrl":"https:\/\/secure.gravatar.com\/avatar\/c3b46e32a0fc3b093a0873fb767bf3293de856293065e84ef06b7ec7a8acfb98?s=96&d=identicon&r=x","caption":"Charge"},"url":"https:\/\/sindromecharge.es\/index.php\/author\/admin\/"}]}},"_links":{"self":[{"href":"https:\/\/sindromecharge.es\/index.php\/wp-json\/wp\/v2\/posts\/10783","targetHints":{"allow":["GET"]}}],"collection":[{"href":"https:\/\/sindromecharge.es\/index.php\/wp-json\/wp\/v2\/posts"}],"about":[{"href":"https:\/\/sindromecharge.es\/index.php\/wp-json\/wp\/v2\/types\/post"}],"author":[{"embeddable":true,"href":"https:\/\/sindromecharge.es\/index.php\/wp-json\/wp\/v2\/users\/1"}],"replies":[{"embeddable":true,"href":"https:\/\/sindromecharge.es\/index.php\/wp-json\/wp\/v2\/comments?post=10783"}],"version-history":[{"count":0,"href":"https:\/\/sindromecharge.es\/index.php\/wp-json\/wp\/v2\/posts\/10783\/revisions"}],"wp:attachment":[{"href":"https:\/\/sindromecharge.es\/index.php\/wp-json\/wp\/v2\/media?parent=10783"}],"wp:term":[{"taxonomy":"category","embeddable":true,"href":"https:\/\/sindromecharge.es\/index.php\/wp-json\/wp\/v2\/categories?post=10783"},{"taxonomy":"post_tag","embeddable":true,"href":"https:\/\/sindromecharge.es\/index.php\/wp-json\/wp\/v2\/tags?post=10783"}],"curies":[{"name":"wp","href":"https:\/\/api.w.org\/{rel}","templated":true}]}}