{"id":10782,"date":"2025-01-31T06:21:15","date_gmt":"2025-01-31T06:21:15","guid":{"rendered":"https:\/\/sindromecharge.es\/index.php\/2025\/01\/31\/alcoholismo-espana-una-epidemia-silenciosa-que-afecta-millones-familias\/"},"modified":"2025-01-31T06:21:15","modified_gmt":"2025-01-31T06:21:15","slug":"alcoholismo-espana-una-epidemia-silenciosa-que-afecta-millones-familias","status":"publish","type":"post","link":"https:\/\/sindromecharge.es\/index.php\/2025\/01\/31\/alcoholismo-espana-una-epidemia-silenciosa-que-afecta-millones-familias\/","title":{"rendered":"Alcoholismo y salud mental: \u00abEs un problema que afecta a toda la sociedad, sin importar su estatus\u00bb"},"content":{"rendered":"<p>Leemos en Discapacidad la siguiente noticia que os reproducimos de forma \u00edntegra: <\/p>\n<div>\n<p>El Consejo Espa\u00f1ol para la Defensa de la Discapacidad y la Dependencia (CEDDD) organiz\u00f3 esta semana una jornada para abordar <b>el impacto de las adicciones en la salud mental<\/b>. Bajo el t\u00edtulo &#8216;Adicci\u00f3n, \u00bfun tema de salud mental?&#8217;, el evento reuni\u00f3 a expertos del sector y testimonios en primera persona para analizar el alcoholismo y otras adicciones desde una perspectiva integral.<\/p>\n<p>El consumo de alcohol en Espa\u00f1a sigue siendo <b>una de las principales preocupaciones de salud p\u00fablica<\/b>. Seg\u00fan la<a href=\"https:\/\/www.20minutos.es\/noticia\/5542195\/0\/9-por-ciento-espanoles-consume-alcohol-a-diario-ultimo-mes-sanidad\/\"> Encuesta sobre Alcohol y Drogas en Espa\u00f1a (EDADES 2022)<\/a>, nuestro pa\u00eds ocupa el segundo puesto en consumo de alcohol a nivel europeo, <b>con una media de 11 litros por persona al a\u00f1o<\/b>. Adem\u00e1s, el 67% de la poblaci\u00f3n adulta se considera bebedora habitual, y el 13,3% consume alcohol diariamente. Estos datos evidencian la necesidad de un abordaje que incluya tanto la salud f\u00edsica como la mental.<\/p>\n<p>Durante la jornada, Yolanda Salamanca, presidenta de InRecovery, enfatiz\u00f3 la importancia de cambiar la percepci\u00f3n social del alcoholismo: \u00abA\u00fan persiste la imagen del alcoh\u00f3lico como una persona sin hogar, cuando en realidad <b>es un problema que afecta a toda la sociedad<\/b>, independientemente de su estatus o profesi\u00f3n\u00bb, explic\u00f3 Salamanca.<\/p>\n<h2>Un enfoque integral de la recuperaci\u00f3n<\/h2>\n<p>Uno de los aspectos clave del evento fue el concepto de recuperaci\u00f3n. Gabriel Rubio, psiquiatra y catedr\u00e1tico de la Universidad Complutense de Madrid, destac\u00f3 que la rehabilitaci\u00f3n de una persona con adicci\u00f3n no se basa \u00fanicamente en abandonar el consumo, sino <b>en un proceso de transformaci\u00f3n social y emocional<\/b>.<\/p>\n<p>\u00abLa recuperaci\u00f3n no es solo dejar de beber. <b>Es construir un nuevo proyecto de vida<\/b>, desarrollar herramientas emocionales y contar con una red de apoyo\u00bb, afirm\u00f3 Rubio.<\/p>\n<p>En este sentido, InRecovery ha impulsado iniciativas como <b>el primer Consenso Nacional sobre Alcoholismo y Recuperaci\u00f3n<\/b>. Esta investigaci\u00f3n busca establecer un marco com\u00fan sobre lo que significa recuperarse de una adicci\u00f3n y c\u00f3mo la sociedad debe facilitar este proceso.<\/p>\n<p>Uno de los momentos m\u00e1s emotivos del encuentro fue el testimonio de Borja Fuentes, quien <b>comparti\u00f3 su experiencia como familiar de una persona con adicci\u00f3n<\/b>.<\/p>\n<p>\u00ab<b>El enfermo no es el \u00fanico que sufre<\/b>. Las familias quedan atrapadas en una espiral de mentiras, ansiedad y desgaste emocional. Necesitan ayuda tanto como la persona adicta\u00bb, relat\u00f3.<\/p>\n<p>Para abordar esta realidad, se present\u00f3 <b>el proyecto InRecovery Familias<\/b>, una plataforma que <b>ofrecer\u00e1 apoyo y orientaci\u00f3n a los allegados<\/b> de personas con adicci\u00f3n. A trav\u00e9s de un cuestionario an\u00f3nimo, se podr\u00e1n detectar indicadores de desgaste emocional y recibir recomendaciones personalizadas.<\/p>\n<p>El acceso al empleo es otro de los grandes retos en la recuperaci\u00f3n de las personas con adicciones. Albert Campabadal, empresario y presidente de CEDDD, subray\u00f3<b> la importancia de la integraci\u00f3n laboral como parte del proceso de rehabilitaci\u00f3n<\/b>: \u00abEl trabajo no solo aporta independencia econ\u00f3mica, sino que tambi\u00e9n refuerza la autoestima y ayuda a establecer una rutina saludable. Sin oportunidades laborales, la recuperaci\u00f3n es mucho m\u00e1s dif\u00edcil\u00bb.<\/p>\n<p>En este sentido, se destac\u00f3 la necesidad de que las empresas <b>cuenten con herramientas para identificar signos de consumo problem\u00e1tico<\/b> y ofrezcan apoyo a sus empleados antes de que la situaci\u00f3n se agrave.<\/p>\n<h2>Un llamamiento a la acci\u00f3n<\/h2>\n<p>El evento concluy\u00f3 con un llamamiento a la implicaci\u00f3n de toda la sociedad en la lucha contra las adicciones. Como enfatiz\u00f3 Gabriel Rubio:<\/p>\n<p>\u00abNo podemos dejar este problema solo en manos de los profesionales sanitarios. <b>La recuperaci\u00f3n es una tarea de todos: empresas, familias, medios de comunicaci\u00f3n y administraciones deben sumar esfuerzos<\/b> para cambiar la realidad del alcoholismo en Espa\u00f1a\u00bb.<\/p>\n<p>Con iniciativas como InRecovery Familias y el curso Luis Vives, que <b>formar\u00e1 a voluntarios en el apoyo a personas con adicciones<\/b>, el CEDDD y sus entidades asociadas buscan seguir avanzando en la concienciaci\u00f3n y el tratamiento de las adicciones desde una perspectiva m\u00e1s humana y social.<\/p>\n<\/div>\n<p>Fuente: Discapacidad https:\/\/www.20minutos.es\/noticia\/5677731\/0\/alcoholismo-espana-una-epidemia-silenciosa-que-afecta-millones-familias\/<\/p>\n","protected":false},"excerpt":{"rendered":"<p>Expertos alertan de la normalizaci\u00f3n del consumo y piden un enfoque integral para la recuperaci\u00f3n.<\/p>\n","protected":false},"author":1,"featured_media":0,"comment_status":"closed","ping_status":"closed","sticky":false,"template":"","format":"standard","meta":{"footnotes":""},"categories":[8],"tags":[],"class_list":["post-10782","post","type-post","status-publish","format-standard","hentry","category-noticias"],"yoast_head":"<!-- This site is optimized with the Yoast SEO plugin v27.4 - https:\/\/yoast.com\/product\/yoast-seo-wordpress\/ -->\n<title>Alcoholismo y salud mental: &quot;Es un problema que afecta a toda la sociedad, sin importar su estatus&quot; - Asociaci\u00f3n Espa\u00f1ola S\u00edndrome de Charge<\/title>\n<meta name=\"robots\" content=\"index, follow, max-snippet:-1, max-image-preview:large, max-video-preview:-1\" \/>\n<link rel=\"canonical\" href=\"https:\/\/sindromecharge.es\/index.php\/2025\/01\/31\/alcoholismo-espana-una-epidemia-silenciosa-que-afecta-millones-familias\/\" \/>\n<meta property=\"og:locale\" content=\"es_ES\" \/>\n<meta property=\"og:type\" content=\"article\" \/>\n<meta property=\"og:title\" content=\"Alcoholismo y salud mental: &quot;Es un problema que afecta a toda la sociedad, sin importar su estatus&quot; - Asociaci\u00f3n Espa\u00f1ola S\u00edndrome de Charge\" \/>\n<meta property=\"og:description\" content=\"Expertos alertan de la normalizaci\u00f3n del consumo y piden un enfoque integral para la recuperaci\u00f3n.\" \/>\n<meta property=\"og:url\" content=\"https:\/\/sindromecharge.es\/index.php\/2025\/01\/31\/alcoholismo-espana-una-epidemia-silenciosa-que-afecta-millones-familias\/\" \/>\n<meta property=\"og:site_name\" content=\"Asociaci\u00f3n Espa\u00f1ola S\u00edndrome de Charge\" \/>\n<meta property=\"article:publisher\" content=\"https:\/\/www.facebook.com\/asociacionsindromecharge\" \/>\n<meta property=\"article:published_time\" content=\"2025-01-31T06:21:15+00:00\" \/>\n<meta property=\"og:image\" content=\"https:\/\/sindromecharge.es\/wp-content\/uploads\/2013\/09\/logodecharge300x98.png\" \/>\n\t<meta property=\"og:image:width\" content=\"300\" \/>\n\t<meta property=\"og:image:height\" content=\"98\" \/>\n\t<meta property=\"og:image:type\" content=\"image\/png\" \/>\n<meta name=\"author\" content=\"Charge\" \/>\n<meta name=\"twitter:card\" content=\"summary_large_image\" \/>\n<meta name=\"twitter:creator\" content=\"@sindromecharge\" \/>\n<meta name=\"twitter:site\" content=\"@sindromecharge\" \/>\n<meta name=\"twitter:label1\" content=\"Escrito por\" \/>\n\t<meta name=\"twitter:data1\" content=\"Charge\" \/>\n\t<meta name=\"twitter:label2\" content=\"Tiempo de lectura\" \/>\n\t<meta name=\"twitter:data2\" content=\"3 minutos\" \/>\n<script type=\"application\/ld+json\" class=\"yoast-schema-graph\">{\"@context\":\"https:\\\/\\\/schema.org\",\"@graph\":[{\"@type\":\"Article\",\"@id\":\"https:\\\/\\\/sindromecharge.es\\\/index.php\\\/2025\\\/01\\\/31\\\/alcoholismo-espana-una-epidemia-silenciosa-que-afecta-millones-familias\\\/#article\",\"isPartOf\":{\"@id\":\"https:\\\/\\\/sindromecharge.es\\\/index.php\\\/2025\\\/01\\\/31\\\/alcoholismo-espana-una-epidemia-silenciosa-que-afecta-millones-familias\\\/\"},\"author\":{\"name\":\"Charge\",\"@id\":\"https:\\\/\\\/sindromecharge.es\\\/#\\\/schema\\\/person\\\/39a60ebe0a2b4d5a11179701e336b039\"},\"headline\":\"Alcoholismo y salud mental: \u00abEs un problema que afecta a toda la sociedad, sin importar su estatus\u00bb\",\"datePublished\":\"2025-01-31T06:21:15+00:00\",\"mainEntityOfPage\":{\"@id\":\"https:\\\/\\\/sindromecharge.es\\\/index.php\\\/2025\\\/01\\\/31\\\/alcoholismo-espana-una-epidemia-silenciosa-que-afecta-millones-familias\\\/\"},\"wordCount\":707,\"articleSection\":[\"noticias\"],\"inLanguage\":\"es\"},{\"@type\":\"WebPage\",\"@id\":\"https:\\\/\\\/sindromecharge.es\\\/index.php\\\/2025\\\/01\\\/31\\\/alcoholismo-espana-una-epidemia-silenciosa-que-afecta-millones-familias\\\/\",\"url\":\"https:\\\/\\\/sindromecharge.es\\\/index.php\\\/2025\\\/01\\\/31\\\/alcoholismo-espana-una-epidemia-silenciosa-que-afecta-millones-familias\\\/\",\"name\":\"Alcoholismo y salud mental: \\\"Es un problema que afecta a toda la sociedad, sin importar su estatus\\\" - Asociaci\u00f3n Espa\u00f1ola S\u00edndrome de Charge\",\"isPartOf\":{\"@id\":\"https:\\\/\\\/sindromecharge.es\\\/#website\"},\"datePublished\":\"2025-01-31T06:21:15+00:00\",\"author\":{\"@id\":\"https:\\\/\\\/sindromecharge.es\\\/#\\\/schema\\\/person\\\/39a60ebe0a2b4d5a11179701e336b039\"},\"breadcrumb\":{\"@id\":\"https:\\\/\\\/sindromecharge.es\\\/index.php\\\/2025\\\/01\\\/31\\\/alcoholismo-espana-una-epidemia-silenciosa-que-afecta-millones-familias\\\/#breadcrumb\"},\"inLanguage\":\"es\",\"potentialAction\":[{\"@type\":\"ReadAction\",\"target\":[\"https:\\\/\\\/sindromecharge.es\\\/index.php\\\/2025\\\/01\\\/31\\\/alcoholismo-espana-una-epidemia-silenciosa-que-afecta-millones-familias\\\/\"]}]},{\"@type\":\"BreadcrumbList\",\"@id\":\"https:\\\/\\\/sindromecharge.es\\\/index.php\\\/2025\\\/01\\\/31\\\/alcoholismo-espana-una-epidemia-silenciosa-que-afecta-millones-familias\\\/#breadcrumb\",\"itemListElement\":[{\"@type\":\"ListItem\",\"position\":1,\"name\":\"Portada\",\"item\":\"https:\\\/\\\/sindromecharge.es\\\/\"},{\"@type\":\"ListItem\",\"position\":2,\"name\":\"Alcoholismo y salud mental: &#8220;Es un problema que afecta a toda la sociedad, sin importar su estatus&#8221;\"}]},{\"@type\":\"WebSite\",\"@id\":\"https:\\\/\\\/sindromecharge.es\\\/#website\",\"url\":\"https:\\\/\\\/sindromecharge.es\\\/\",\"name\":\"Asociaci\u00f3n Espa\u00f1ola S\u00edndrome de Charge\",\"description\":\"\",\"potentialAction\":[{\"@type\":\"SearchAction\",\"target\":{\"@type\":\"EntryPoint\",\"urlTemplate\":\"https:\\\/\\\/sindromecharge.es\\\/?s={search_term_string}\"},\"query-input\":{\"@type\":\"PropertyValueSpecification\",\"valueRequired\":true,\"valueName\":\"search_term_string\"}}],\"inLanguage\":\"es\"},{\"@type\":\"Person\",\"@id\":\"https:\\\/\\\/sindromecharge.es\\\/#\\\/schema\\\/person\\\/39a60ebe0a2b4d5a11179701e336b039\",\"name\":\"Charge\",\"image\":{\"@type\":\"ImageObject\",\"inLanguage\":\"es\",\"@id\":\"https:\\\/\\\/secure.gravatar.com\\\/avatar\\\/c3b46e32a0fc3b093a0873fb767bf3293de856293065e84ef06b7ec7a8acfb98?s=96&d=identicon&r=x\",\"url\":\"https:\\\/\\\/secure.gravatar.com\\\/avatar\\\/c3b46e32a0fc3b093a0873fb767bf3293de856293065e84ef06b7ec7a8acfb98?s=96&d=identicon&r=x\",\"contentUrl\":\"https:\\\/\\\/secure.gravatar.com\\\/avatar\\\/c3b46e32a0fc3b093a0873fb767bf3293de856293065e84ef06b7ec7a8acfb98?s=96&d=identicon&r=x\",\"caption\":\"Charge\"},\"url\":\"https:\\\/\\\/sindromecharge.es\\\/index.php\\\/author\\\/admin\\\/\"}]}<\/script>\n<!-- \/ Yoast SEO plugin. -->","yoast_head_json":{"title":"Alcoholismo y salud mental: \"Es un problema que afecta a toda la sociedad, sin importar su estatus\" - Asociaci\u00f3n Espa\u00f1ola S\u00edndrome de Charge","robots":{"index":"index","follow":"follow","max-snippet":"max-snippet:-1","max-image-preview":"max-image-preview:large","max-video-preview":"max-video-preview:-1"},"canonical":"https:\/\/sindromecharge.es\/index.php\/2025\/01\/31\/alcoholismo-espana-una-epidemia-silenciosa-que-afecta-millones-familias\/","og_locale":"es_ES","og_type":"article","og_title":"Alcoholismo y salud mental: \"Es un problema que afecta a toda la sociedad, sin importar su estatus\" - Asociaci\u00f3n Espa\u00f1ola S\u00edndrome de Charge","og_description":"Expertos alertan de la normalizaci\u00f3n del consumo y piden un enfoque integral para la recuperaci\u00f3n.","og_url":"https:\/\/sindromecharge.es\/index.php\/2025\/01\/31\/alcoholismo-espana-una-epidemia-silenciosa-que-afecta-millones-familias\/","og_site_name":"Asociaci\u00f3n Espa\u00f1ola S\u00edndrome de Charge","article_publisher":"https:\/\/www.facebook.com\/asociacionsindromecharge","article_published_time":"2025-01-31T06:21:15+00:00","og_image":[{"width":300,"height":98,"url":"https:\/\/sindromecharge.es\/wp-content\/uploads\/2013\/09\/logodecharge300x98.png","type":"image\/png"}],"author":"Charge","twitter_card":"summary_large_image","twitter_creator":"@sindromecharge","twitter_site":"@sindromecharge","twitter_misc":{"Escrito por":"Charge","Tiempo de lectura":"3 minutos"},"schema":{"@context":"https:\/\/schema.org","@graph":[{"@type":"Article","@id":"https:\/\/sindromecharge.es\/index.php\/2025\/01\/31\/alcoholismo-espana-una-epidemia-silenciosa-que-afecta-millones-familias\/#article","isPartOf":{"@id":"https:\/\/sindromecharge.es\/index.php\/2025\/01\/31\/alcoholismo-espana-una-epidemia-silenciosa-que-afecta-millones-familias\/"},"author":{"name":"Charge","@id":"https:\/\/sindromecharge.es\/#\/schema\/person\/39a60ebe0a2b4d5a11179701e336b039"},"headline":"Alcoholismo y salud mental: \u00abEs un problema que afecta a toda la sociedad, sin importar su estatus\u00bb","datePublished":"2025-01-31T06:21:15+00:00","mainEntityOfPage":{"@id":"https:\/\/sindromecharge.es\/index.php\/2025\/01\/31\/alcoholismo-espana-una-epidemia-silenciosa-que-afecta-millones-familias\/"},"wordCount":707,"articleSection":["noticias"],"inLanguage":"es"},{"@type":"WebPage","@id":"https:\/\/sindromecharge.es\/index.php\/2025\/01\/31\/alcoholismo-espana-una-epidemia-silenciosa-que-afecta-millones-familias\/","url":"https:\/\/sindromecharge.es\/index.php\/2025\/01\/31\/alcoholismo-espana-una-epidemia-silenciosa-que-afecta-millones-familias\/","name":"Alcoholismo y salud mental: \"Es un problema que afecta a toda la sociedad, sin importar su estatus\" - Asociaci\u00f3n Espa\u00f1ola S\u00edndrome de Charge","isPartOf":{"@id":"https:\/\/sindromecharge.es\/#website"},"datePublished":"2025-01-31T06:21:15+00:00","author":{"@id":"https:\/\/sindromecharge.es\/#\/schema\/person\/39a60ebe0a2b4d5a11179701e336b039"},"breadcrumb":{"@id":"https:\/\/sindromecharge.es\/index.php\/2025\/01\/31\/alcoholismo-espana-una-epidemia-silenciosa-que-afecta-millones-familias\/#breadcrumb"},"inLanguage":"es","potentialAction":[{"@type":"ReadAction","target":["https:\/\/sindromecharge.es\/index.php\/2025\/01\/31\/alcoholismo-espana-una-epidemia-silenciosa-que-afecta-millones-familias\/"]}]},{"@type":"BreadcrumbList","@id":"https:\/\/sindromecharge.es\/index.php\/2025\/01\/31\/alcoholismo-espana-una-epidemia-silenciosa-que-afecta-millones-familias\/#breadcrumb","itemListElement":[{"@type":"ListItem","position":1,"name":"Portada","item":"https:\/\/sindromecharge.es\/"},{"@type":"ListItem","position":2,"name":"Alcoholismo y salud mental: &#8220;Es un problema que afecta a toda la sociedad, sin importar su estatus&#8221;"}]},{"@type":"WebSite","@id":"https:\/\/sindromecharge.es\/#website","url":"https:\/\/sindromecharge.es\/","name":"Asociaci\u00f3n Espa\u00f1ola S\u00edndrome de Charge","description":"","potentialAction":[{"@type":"SearchAction","target":{"@type":"EntryPoint","urlTemplate":"https:\/\/sindromecharge.es\/?s={search_term_string}"},"query-input":{"@type":"PropertyValueSpecification","valueRequired":true,"valueName":"search_term_string"}}],"inLanguage":"es"},{"@type":"Person","@id":"https:\/\/sindromecharge.es\/#\/schema\/person\/39a60ebe0a2b4d5a11179701e336b039","name":"Charge","image":{"@type":"ImageObject","inLanguage":"es","@id":"https:\/\/secure.gravatar.com\/avatar\/c3b46e32a0fc3b093a0873fb767bf3293de856293065e84ef06b7ec7a8acfb98?s=96&d=identicon&r=x","url":"https:\/\/secure.gravatar.com\/avatar\/c3b46e32a0fc3b093a0873fb767bf3293de856293065e84ef06b7ec7a8acfb98?s=96&d=identicon&r=x","contentUrl":"https:\/\/secure.gravatar.com\/avatar\/c3b46e32a0fc3b093a0873fb767bf3293de856293065e84ef06b7ec7a8acfb98?s=96&d=identicon&r=x","caption":"Charge"},"url":"https:\/\/sindromecharge.es\/index.php\/author\/admin\/"}]}},"_links":{"self":[{"href":"https:\/\/sindromecharge.es\/index.php\/wp-json\/wp\/v2\/posts\/10782","targetHints":{"allow":["GET"]}}],"collection":[{"href":"https:\/\/sindromecharge.es\/index.php\/wp-json\/wp\/v2\/posts"}],"about":[{"href":"https:\/\/sindromecharge.es\/index.php\/wp-json\/wp\/v2\/types\/post"}],"author":[{"embeddable":true,"href":"https:\/\/sindromecharge.es\/index.php\/wp-json\/wp\/v2\/users\/1"}],"replies":[{"embeddable":true,"href":"https:\/\/sindromecharge.es\/index.php\/wp-json\/wp\/v2\/comments?post=10782"}],"version-history":[{"count":0,"href":"https:\/\/sindromecharge.es\/index.php\/wp-json\/wp\/v2\/posts\/10782\/revisions"}],"wp:attachment":[{"href":"https:\/\/sindromecharge.es\/index.php\/wp-json\/wp\/v2\/media?parent=10782"}],"wp:term":[{"taxonomy":"category","embeddable":true,"href":"https:\/\/sindromecharge.es\/index.php\/wp-json\/wp\/v2\/categories?post=10782"},{"taxonomy":"post_tag","embeddable":true,"href":"https:\/\/sindromecharge.es\/index.php\/wp-json\/wp\/v2\/tags?post=10782"}],"curies":[{"name":"wp","href":"https:\/\/api.w.org\/{rel}","templated":true}]}}