{"id":10780,"date":"2025-01-30T13:10:59","date_gmt":"2025-01-30T13:10:59","guid":{"rendered":"https:\/\/sindromecharge.es\/index.php\/2025\/01\/30\/unete-a-nuestro-reto-solidario-para-colegios\/"},"modified":"2025-01-30T13:10:59","modified_gmt":"2025-01-30T13:10:59","slug":"unete-a-nuestro-reto-solidario-para-colegios","status":"publish","type":"post","link":"https:\/\/sindromecharge.es\/index.php\/2025\/01\/30\/unete-a-nuestro-reto-solidario-para-colegios\/","title":{"rendered":"\u00danete a nuestro reto solidario para colegios"},"content":{"rendered":"<p>Leemos en Menudos Corazones la siguiente noticia que os reproducimos de forma \u00edntegra: <\/p>\n<div>\n<p>Este 14 de febrero queremos hacer historia:\u00a0<strong>crear la cadena de corazones solidarios m\u00e1s larga posible, \u00bfnos ayud\u00e1is?<\/strong><\/p>\n<p>El\u00a0<strong>14 de febrero se celebra el <a href=\"https:\/\/www.menudoscorazones.org\/agenda\/eventos\/14-de-febrero-dia-internacional-de-las-cardiopatias-congenitas-2024\/\" target=\"_blank\" rel=\"noopener\">D\u00eda Internacional de las Cardiopat\u00edas Cong\u00e9nitas<\/a><\/strong> y queremos invitar a todos los colegios y centros educativos de Espa\u00f1a a formar parte de este<strong> reto solidario<\/strong>\u00a0para dar visibilidad a esta enfermedad que afecta a <a href=\"https:\/\/www.menudoscorazones.org\/quienes\/que-es-una-cardiopatia-congenita\/\" target=\"_blank\" rel=\"noopener\">4.000 ni\u00f1os cada a\u00f1o en nuestro pa\u00eds.<\/a><\/p>\n<p>\u00a0<\/p>\n<p><img fetchpriority=\"high\" decoding=\"async\" class=\"alignnone size-full wp-image-41165\" src=\"https:\/\/www.menudoscorazones.org\/wp-content\/uploads\/2025\/01\/cadena-solidaria-menudos-corazones.jpg\" alt=\"\" width=\"1280\" height=\"720\" srcset=\"https:\/\/www.menudoscorazones.org\/wp-content\/uploads\/2025\/01\/cadena-solidaria-menudos-corazones.jpg 1280w, https:\/\/www.menudoscorazones.org\/wp-content\/uploads\/2025\/01\/cadena-solidaria-menudos-corazones-300x169.jpg 300w, https:\/\/www.menudoscorazones.org\/wp-content\/uploads\/2025\/01\/cadena-solidaria-menudos-corazones-1024x576.jpg 1024w, https:\/\/www.menudoscorazones.org\/wp-content\/uploads\/2025\/01\/cadena-solidaria-menudos-corazones-768x432.jpg 768w, https:\/\/www.menudoscorazones.org\/wp-content\/uploads\/2025\/01\/cadena-solidaria-menudos-corazones-655x368.jpg 655w\" sizes=\"(max-width: 1280px) 100vw, 1280px\"><\/p>\n<h2><strong>\u00bfEn qu\u00e9 consiste?<\/strong><\/h2>\n<p>La campa\u00f1a\u00a0<strong>\u00abCadena de Corazones Solidarios\u00bb<\/strong> tiene como objetivo crear la cadena de corazones de papel m\u00e1s posible entre todos los colegios de Espa\u00f1a,<strong> \u00a1Necesitamos vuestra ayuda para lograrlo!\u00a0<\/strong><\/p>\n<h2><strong>\u00bfC\u00f3mo pod\u00e9is participar?<\/strong><\/h2>\n<p>Los alumnos de cada colegio participar\u00e1n creando corazones de papel que luego ser\u00e1n unidos para formar una cadena solidaria. Pod\u00e9is\u00a0<strong><a href=\"https:\/\/www.menudoscorazones.org\/wp-content\/uploads\/2025\/01\/plantilla-corazones-scaled.jpg\" target=\"_blank\" rel=\"noopener\" data-link-id=\"CNBlMHUYQses8u-e6tEPWA\">descargaros la plantilla<\/a><\/strong>\u00a0que hemos hecho para recortar cada coraz\u00f3n, o que cada persona que participe cree su propio coraz\u00f3n.<\/p>\n<p><span style=\"color: #d50032;\"><strong>1 coraz\u00f3n = 1 euro<\/strong><\/span><\/p>\n<p>Por cada coraz\u00f3n que se a\u00f1ada a la cadena, recomendamos hacer un donativo m\u00ednimo de 1 euro. De esta manera,\u00a0<strong>\u00a1Cu\u00e1nto m\u00e1s larga sea la cadena, m\u00e1s grande ser\u00e1 la ayuda!<\/strong><\/p>\n<p><img loading=\"lazy\" decoding=\"async\" class=\"alignnone size-full wp-image-41166\" src=\"https:\/\/www.menudoscorazones.org\/wp-content\/uploads\/2025\/01\/reto-solidario-colegios-menudos-14-febrero.jpg\" alt=\"\" width=\"1280\" height=\"720\" srcset=\"https:\/\/www.menudoscorazones.org\/wp-content\/uploads\/2025\/01\/reto-solidario-colegios-menudos-14-febrero.jpg 1280w, https:\/\/www.menudoscorazones.org\/wp-content\/uploads\/2025\/01\/reto-solidario-colegios-menudos-14-febrero-300x169.jpg 300w, https:\/\/www.menudoscorazones.org\/wp-content\/uploads\/2025\/01\/reto-solidario-colegios-menudos-14-febrero-1024x576.jpg 1024w, https:\/\/www.menudoscorazones.org\/wp-content\/uploads\/2025\/01\/reto-solidario-colegios-menudos-14-febrero-768x432.jpg 768w, https:\/\/www.menudoscorazones.org\/wp-content\/uploads\/2025\/01\/reto-solidario-colegios-menudos-14-febrero-655x368.jpg 655w\" sizes=\"auto, (max-width: 1280px) 100vw, 1280px\"><\/p>\n<p><span style=\"color: #333333;\"><strong>Diplomas para todos los coles<\/strong><\/span><\/p>\n<p>Al finalizar la campa\u00f1a,\u00a0<strong>entregaremos diplomas para todos los colegios participantes<\/strong>\u00a0y tres menciones especiales:<\/p>\n<ul>\n<li>\u00abEl colegio con m\u00e1s metros solidarios\u00bb<\/li>\n<li>\u00abLa decoraci\u00f3n m\u00e1s creativa\u00bb<\/li>\n<li>\u201cEl colegio con m\u00e1s recaudaci\u00f3n\u201d<\/li>\n<\/ul>\n<p>\u00bfSer\u00e1 vuestro colegio uno de los ganadores? <img decoding=\"async\" src=\"https:\/\/s.w.org\/images\/core\/emoji\/15.0.3\/72x72\/1f642.png\" alt=\"\ud83d\ude42\" class=\"wp-smiley\" style=\"height: 1em; max-height: 1em;\"><\/p>\n<p>\u00danete a este reto y ay\u00fadanos a dar visibilidad a las cardiopat\u00edas cong\u00e9nitas el pr\u00f3ximo 14 de Febrero.<\/p>\n<p><a href=\"https:\/\/www.menudoscorazones.org\/wp-content\/uploads\/2025\/01\/dossier-colegios-cadena-corazones-solidarios.pdf\" target=\"_blank\" rel=\"noopener\"><img loading=\"lazy\" decoding=\"async\" class=\"alignnone wp-image-41167\" src=\"https:\/\/www.menudoscorazones.org\/wp-content\/uploads\/2025\/01\/BOTON-RETO.png\" alt=\"\" width=\"224\" height=\"42\" srcset=\"https:\/\/www.menudoscorazones.org\/wp-content\/uploads\/2025\/01\/BOTON-RETO.png 576w, https:\/\/www.menudoscorazones.org\/wp-content\/uploads\/2025\/01\/BOTON-RETO-300x56.png 300w\" sizes=\"auto, (max-width: 224px) 100vw, 224px\"><\/a><\/p>\n<p><strong>Contamos con vuestro latido solidario el pr\u00f3ximo 14 de febrero.<\/strong>\u00a0Si necesitas m\u00e1s informaci\u00f3n, puedes escribirnos a\u00a0<a href=\"mailto:captaciondefondos@menudoscorazones.org\" target=\"_blank\" rel=\"noopener\" data-link-id=\"qYN2Vr4iTeqI0SZsUGABxA\">captaciondefondos@menudoscorazones.org<\/a><\/p>\n<p>\u00a1Gracias por vuestro apoyo!<\/p>\n<p>La entrada <a href=\"https:\/\/www.menudoscorazones.org\/2025\/unete-a-nuestro-reto-solidario-para-colegios\/\">\u00danete a nuestro reto solidario para colegios<\/a> aparece primero en <a href=\"https:\/\/www.menudoscorazones.org\/\">Menudos Corazones<\/a>.<\/p>\n<\/div>\n<p>Fuente: Menudos Corazones https:\/\/www.menudoscorazones.org\/2025\/unete-a-nuestro-reto-solidario-para-colegios\/<\/p>\n","protected":false},"excerpt":{"rendered":"<p>Este 14 de febrero queremos hacer historia:\u00a0crear la cadena de corazones solidarios m\u00e1s larga posible, \u00bfnos ayud\u00e1is? El\u00a014 de febrero se celebra el D\u00eda Internacional de las Cardiopat\u00edas Cong\u00e9nitas y queremos invitar a todos los colegios y centros educativos de Espa\u00f1a a formar parte de este reto solidario\u00a0para dar visibilidad a esta enfermedad que afecta [&hellip;]<\/p>\n","protected":false},"author":1,"featured_media":0,"comment_status":"closed","ping_status":"closed","sticky":false,"template":"","format":"standard","meta":{"footnotes":""},"categories":[8],"tags":[],"class_list":["post-10780","post","type-post","status-publish","format-standard","hentry","category-noticias"],"yoast_head":"<!-- This site is optimized with the Yoast SEO plugin v27.4 - https:\/\/yoast.com\/product\/yoast-seo-wordpress\/ -->\n<title>\u00danete a nuestro reto solidario para colegios - Asociaci\u00f3n Espa\u00f1ola S\u00edndrome de Charge<\/title>\n<meta name=\"robots\" content=\"index, follow, max-snippet:-1, max-image-preview:large, max-video-preview:-1\" \/>\n<link rel=\"canonical\" href=\"https:\/\/sindromecharge.es\/index.php\/2025\/01\/30\/unete-a-nuestro-reto-solidario-para-colegios\/\" \/>\n<meta property=\"og:locale\" content=\"es_ES\" \/>\n<meta property=\"og:type\" content=\"article\" \/>\n<meta property=\"og:title\" content=\"\u00danete a nuestro reto solidario para colegios - Asociaci\u00f3n Espa\u00f1ola S\u00edndrome de Charge\" \/>\n<meta property=\"og:description\" content=\"Este 14 de febrero queremos hacer historia:\u00a0crear la cadena de corazones solidarios m\u00e1s larga posible, \u00bfnos ayud\u00e1is? El\u00a014 de febrero se celebra el D\u00eda Internacional de las Cardiopat\u00edas Cong\u00e9nitas y queremos invitar a todos los colegios y centros educativos de Espa\u00f1a a formar parte de este reto solidario\u00a0para dar visibilidad a esta enfermedad que afecta [&hellip;]\" \/>\n<meta property=\"og:url\" content=\"https:\/\/sindromecharge.es\/index.php\/2025\/01\/30\/unete-a-nuestro-reto-solidario-para-colegios\/\" \/>\n<meta property=\"og:site_name\" content=\"Asociaci\u00f3n Espa\u00f1ola S\u00edndrome de Charge\" \/>\n<meta property=\"article:publisher\" content=\"https:\/\/www.facebook.com\/asociacionsindromecharge\" \/>\n<meta property=\"article:published_time\" content=\"2025-01-30T13:10:59+00:00\" \/>\n<meta property=\"og:image\" content=\"https:\/\/sindromecharge.es\/wp-content\/uploads\/2013\/09\/logodecharge300x98.png\" \/>\n\t<meta property=\"og:image:width\" content=\"300\" \/>\n\t<meta property=\"og:image:height\" content=\"98\" \/>\n\t<meta property=\"og:image:type\" content=\"image\/png\" \/>\n<meta name=\"author\" content=\"Charge\" \/>\n<meta name=\"twitter:card\" content=\"summary_large_image\" \/>\n<meta name=\"twitter:creator\" content=\"@sindromecharge\" \/>\n<meta name=\"twitter:site\" content=\"@sindromecharge\" \/>\n<meta name=\"twitter:label1\" content=\"Escrito por\" \/>\n\t<meta name=\"twitter:data1\" content=\"Charge\" \/>\n\t<meta name=\"twitter:label2\" content=\"Tiempo de lectura\" \/>\n\t<meta name=\"twitter:data2\" content=\"2 minutos\" \/>\n<script type=\"application\/ld+json\" class=\"yoast-schema-graph\">{\"@context\":\"https:\\\/\\\/schema.org\",\"@graph\":[{\"@type\":\"Article\",\"@id\":\"https:\\\/\\\/sindromecharge.es\\\/index.php\\\/2025\\\/01\\\/30\\\/unete-a-nuestro-reto-solidario-para-colegios\\\/#article\",\"isPartOf\":{\"@id\":\"https:\\\/\\\/sindromecharge.es\\\/index.php\\\/2025\\\/01\\\/30\\\/unete-a-nuestro-reto-solidario-para-colegios\\\/\"},\"author\":{\"name\":\"Charge\",\"@id\":\"https:\\\/\\\/sindromecharge.es\\\/#\\\/schema\\\/person\\\/39a60ebe0a2b4d5a11179701e336b039\"},\"headline\":\"\u00danete a nuestro reto solidario para colegios\",\"datePublished\":\"2025-01-30T13:10:59+00:00\",\"mainEntityOfPage\":{\"@id\":\"https:\\\/\\\/sindromecharge.es\\\/index.php\\\/2025\\\/01\\\/30\\\/unete-a-nuestro-reto-solidario-para-colegios\\\/\"},\"wordCount\":333,\"image\":{\"@id\":\"https:\\\/\\\/sindromecharge.es\\\/index.php\\\/2025\\\/01\\\/30\\\/unete-a-nuestro-reto-solidario-para-colegios\\\/#primaryimage\"},\"thumbnailUrl\":\"https:\\\/\\\/www.menudoscorazones.org\\\/wp-content\\\/uploads\\\/2025\\\/01\\\/cadena-solidaria-menudos-corazones.jpg\",\"articleSection\":[\"noticias\"],\"inLanguage\":\"es\"},{\"@type\":\"WebPage\",\"@id\":\"https:\\\/\\\/sindromecharge.es\\\/index.php\\\/2025\\\/01\\\/30\\\/unete-a-nuestro-reto-solidario-para-colegios\\\/\",\"url\":\"https:\\\/\\\/sindromecharge.es\\\/index.php\\\/2025\\\/01\\\/30\\\/unete-a-nuestro-reto-solidario-para-colegios\\\/\",\"name\":\"\u00danete a nuestro reto solidario para colegios - Asociaci\u00f3n Espa\u00f1ola S\u00edndrome de Charge\",\"isPartOf\":{\"@id\":\"https:\\\/\\\/sindromecharge.es\\\/#website\"},\"primaryImageOfPage\":{\"@id\":\"https:\\\/\\\/sindromecharge.es\\\/index.php\\\/2025\\\/01\\\/30\\\/unete-a-nuestro-reto-solidario-para-colegios\\\/#primaryimage\"},\"image\":{\"@id\":\"https:\\\/\\\/sindromecharge.es\\\/index.php\\\/2025\\\/01\\\/30\\\/unete-a-nuestro-reto-solidario-para-colegios\\\/#primaryimage\"},\"thumbnailUrl\":\"https:\\\/\\\/www.menudoscorazones.org\\\/wp-content\\\/uploads\\\/2025\\\/01\\\/cadena-solidaria-menudos-corazones.jpg\",\"datePublished\":\"2025-01-30T13:10:59+00:00\",\"author\":{\"@id\":\"https:\\\/\\\/sindromecharge.es\\\/#\\\/schema\\\/person\\\/39a60ebe0a2b4d5a11179701e336b039\"},\"breadcrumb\":{\"@id\":\"https:\\\/\\\/sindromecharge.es\\\/index.php\\\/2025\\\/01\\\/30\\\/unete-a-nuestro-reto-solidario-para-colegios\\\/#breadcrumb\"},\"inLanguage\":\"es\",\"potentialAction\":[{\"@type\":\"ReadAction\",\"target\":[\"https:\\\/\\\/sindromecharge.es\\\/index.php\\\/2025\\\/01\\\/30\\\/unete-a-nuestro-reto-solidario-para-colegios\\\/\"]}]},{\"@type\":\"ImageObject\",\"inLanguage\":\"es\",\"@id\":\"https:\\\/\\\/sindromecharge.es\\\/index.php\\\/2025\\\/01\\\/30\\\/unete-a-nuestro-reto-solidario-para-colegios\\\/#primaryimage\",\"url\":\"https:\\\/\\\/www.menudoscorazones.org\\\/wp-content\\\/uploads\\\/2025\\\/01\\\/cadena-solidaria-menudos-corazones.jpg\",\"contentUrl\":\"https:\\\/\\\/www.menudoscorazones.org\\\/wp-content\\\/uploads\\\/2025\\\/01\\\/cadena-solidaria-menudos-corazones.jpg\"},{\"@type\":\"BreadcrumbList\",\"@id\":\"https:\\\/\\\/sindromecharge.es\\\/index.php\\\/2025\\\/01\\\/30\\\/unete-a-nuestro-reto-solidario-para-colegios\\\/#breadcrumb\",\"itemListElement\":[{\"@type\":\"ListItem\",\"position\":1,\"name\":\"Portada\",\"item\":\"https:\\\/\\\/sindromecharge.es\\\/\"},{\"@type\":\"ListItem\",\"position\":2,\"name\":\"\u00danete a nuestro reto solidario para colegios\"}]},{\"@type\":\"WebSite\",\"@id\":\"https:\\\/\\\/sindromecharge.es\\\/#website\",\"url\":\"https:\\\/\\\/sindromecharge.es\\\/\",\"name\":\"Asociaci\u00f3n Espa\u00f1ola S\u00edndrome de Charge\",\"description\":\"\",\"potentialAction\":[{\"@type\":\"SearchAction\",\"target\":{\"@type\":\"EntryPoint\",\"urlTemplate\":\"https:\\\/\\\/sindromecharge.es\\\/?s={search_term_string}\"},\"query-input\":{\"@type\":\"PropertyValueSpecification\",\"valueRequired\":true,\"valueName\":\"search_term_string\"}}],\"inLanguage\":\"es\"},{\"@type\":\"Person\",\"@id\":\"https:\\\/\\\/sindromecharge.es\\\/#\\\/schema\\\/person\\\/39a60ebe0a2b4d5a11179701e336b039\",\"name\":\"Charge\",\"image\":{\"@type\":\"ImageObject\",\"inLanguage\":\"es\",\"@id\":\"https:\\\/\\\/secure.gravatar.com\\\/avatar\\\/c3b46e32a0fc3b093a0873fb767bf3293de856293065e84ef06b7ec7a8acfb98?s=96&d=identicon&r=x\",\"url\":\"https:\\\/\\\/secure.gravatar.com\\\/avatar\\\/c3b46e32a0fc3b093a0873fb767bf3293de856293065e84ef06b7ec7a8acfb98?s=96&d=identicon&r=x\",\"contentUrl\":\"https:\\\/\\\/secure.gravatar.com\\\/avatar\\\/c3b46e32a0fc3b093a0873fb767bf3293de856293065e84ef06b7ec7a8acfb98?s=96&d=identicon&r=x\",\"caption\":\"Charge\"},\"url\":\"https:\\\/\\\/sindromecharge.es\\\/index.php\\\/author\\\/admin\\\/\"}]}<\/script>\n<!-- \/ Yoast SEO plugin. -->","yoast_head_json":{"title":"\u00danete a nuestro reto solidario para colegios - Asociaci\u00f3n Espa\u00f1ola S\u00edndrome de Charge","robots":{"index":"index","follow":"follow","max-snippet":"max-snippet:-1","max-image-preview":"max-image-preview:large","max-video-preview":"max-video-preview:-1"},"canonical":"https:\/\/sindromecharge.es\/index.php\/2025\/01\/30\/unete-a-nuestro-reto-solidario-para-colegios\/","og_locale":"es_ES","og_type":"article","og_title":"\u00danete a nuestro reto solidario para colegios - Asociaci\u00f3n Espa\u00f1ola S\u00edndrome de Charge","og_description":"Este 14 de febrero queremos hacer historia:\u00a0crear la cadena de corazones solidarios m\u00e1s larga posible, \u00bfnos ayud\u00e1is? El\u00a014 de febrero se celebra el D\u00eda Internacional de las Cardiopat\u00edas Cong\u00e9nitas y queremos invitar a todos los colegios y centros educativos de Espa\u00f1a a formar parte de este reto solidario\u00a0para dar visibilidad a esta enfermedad que afecta [&hellip;]","og_url":"https:\/\/sindromecharge.es\/index.php\/2025\/01\/30\/unete-a-nuestro-reto-solidario-para-colegios\/","og_site_name":"Asociaci\u00f3n Espa\u00f1ola S\u00edndrome de Charge","article_publisher":"https:\/\/www.facebook.com\/asociacionsindromecharge","article_published_time":"2025-01-30T13:10:59+00:00","og_image":[{"width":300,"height":98,"url":"https:\/\/sindromecharge.es\/wp-content\/uploads\/2013\/09\/logodecharge300x98.png","type":"image\/png"}],"author":"Charge","twitter_card":"summary_large_image","twitter_creator":"@sindromecharge","twitter_site":"@sindromecharge","twitter_misc":{"Escrito por":"Charge","Tiempo de lectura":"2 minutos"},"schema":{"@context":"https:\/\/schema.org","@graph":[{"@type":"Article","@id":"https:\/\/sindromecharge.es\/index.php\/2025\/01\/30\/unete-a-nuestro-reto-solidario-para-colegios\/#article","isPartOf":{"@id":"https:\/\/sindromecharge.es\/index.php\/2025\/01\/30\/unete-a-nuestro-reto-solidario-para-colegios\/"},"author":{"name":"Charge","@id":"https:\/\/sindromecharge.es\/#\/schema\/person\/39a60ebe0a2b4d5a11179701e336b039"},"headline":"\u00danete a nuestro reto solidario para colegios","datePublished":"2025-01-30T13:10:59+00:00","mainEntityOfPage":{"@id":"https:\/\/sindromecharge.es\/index.php\/2025\/01\/30\/unete-a-nuestro-reto-solidario-para-colegios\/"},"wordCount":333,"image":{"@id":"https:\/\/sindromecharge.es\/index.php\/2025\/01\/30\/unete-a-nuestro-reto-solidario-para-colegios\/#primaryimage"},"thumbnailUrl":"https:\/\/www.menudoscorazones.org\/wp-content\/uploads\/2025\/01\/cadena-solidaria-menudos-corazones.jpg","articleSection":["noticias"],"inLanguage":"es"},{"@type":"WebPage","@id":"https:\/\/sindromecharge.es\/index.php\/2025\/01\/30\/unete-a-nuestro-reto-solidario-para-colegios\/","url":"https:\/\/sindromecharge.es\/index.php\/2025\/01\/30\/unete-a-nuestro-reto-solidario-para-colegios\/","name":"\u00danete a nuestro reto solidario para colegios - Asociaci\u00f3n Espa\u00f1ola S\u00edndrome de Charge","isPartOf":{"@id":"https:\/\/sindromecharge.es\/#website"},"primaryImageOfPage":{"@id":"https:\/\/sindromecharge.es\/index.php\/2025\/01\/30\/unete-a-nuestro-reto-solidario-para-colegios\/#primaryimage"},"image":{"@id":"https:\/\/sindromecharge.es\/index.php\/2025\/01\/30\/unete-a-nuestro-reto-solidario-para-colegios\/#primaryimage"},"thumbnailUrl":"https:\/\/www.menudoscorazones.org\/wp-content\/uploads\/2025\/01\/cadena-solidaria-menudos-corazones.jpg","datePublished":"2025-01-30T13:10:59+00:00","author":{"@id":"https:\/\/sindromecharge.es\/#\/schema\/person\/39a60ebe0a2b4d5a11179701e336b039"},"breadcrumb":{"@id":"https:\/\/sindromecharge.es\/index.php\/2025\/01\/30\/unete-a-nuestro-reto-solidario-para-colegios\/#breadcrumb"},"inLanguage":"es","potentialAction":[{"@type":"ReadAction","target":["https:\/\/sindromecharge.es\/index.php\/2025\/01\/30\/unete-a-nuestro-reto-solidario-para-colegios\/"]}]},{"@type":"ImageObject","inLanguage":"es","@id":"https:\/\/sindromecharge.es\/index.php\/2025\/01\/30\/unete-a-nuestro-reto-solidario-para-colegios\/#primaryimage","url":"https:\/\/www.menudoscorazones.org\/wp-content\/uploads\/2025\/01\/cadena-solidaria-menudos-corazones.jpg","contentUrl":"https:\/\/www.menudoscorazones.org\/wp-content\/uploads\/2025\/01\/cadena-solidaria-menudos-corazones.jpg"},{"@type":"BreadcrumbList","@id":"https:\/\/sindromecharge.es\/index.php\/2025\/01\/30\/unete-a-nuestro-reto-solidario-para-colegios\/#breadcrumb","itemListElement":[{"@type":"ListItem","position":1,"name":"Portada","item":"https:\/\/sindromecharge.es\/"},{"@type":"ListItem","position":2,"name":"\u00danete a nuestro reto solidario para colegios"}]},{"@type":"WebSite","@id":"https:\/\/sindromecharge.es\/#website","url":"https:\/\/sindromecharge.es\/","name":"Asociaci\u00f3n Espa\u00f1ola S\u00edndrome de Charge","description":"","potentialAction":[{"@type":"SearchAction","target":{"@type":"EntryPoint","urlTemplate":"https:\/\/sindromecharge.es\/?s={search_term_string}"},"query-input":{"@type":"PropertyValueSpecification","valueRequired":true,"valueName":"search_term_string"}}],"inLanguage":"es"},{"@type":"Person","@id":"https:\/\/sindromecharge.es\/#\/schema\/person\/39a60ebe0a2b4d5a11179701e336b039","name":"Charge","image":{"@type":"ImageObject","inLanguage":"es","@id":"https:\/\/secure.gravatar.com\/avatar\/c3b46e32a0fc3b093a0873fb767bf3293de856293065e84ef06b7ec7a8acfb98?s=96&d=identicon&r=x","url":"https:\/\/secure.gravatar.com\/avatar\/c3b46e32a0fc3b093a0873fb767bf3293de856293065e84ef06b7ec7a8acfb98?s=96&d=identicon&r=x","contentUrl":"https:\/\/secure.gravatar.com\/avatar\/c3b46e32a0fc3b093a0873fb767bf3293de856293065e84ef06b7ec7a8acfb98?s=96&d=identicon&r=x","caption":"Charge"},"url":"https:\/\/sindromecharge.es\/index.php\/author\/admin\/"}]}},"_links":{"self":[{"href":"https:\/\/sindromecharge.es\/index.php\/wp-json\/wp\/v2\/posts\/10780","targetHints":{"allow":["GET"]}}],"collection":[{"href":"https:\/\/sindromecharge.es\/index.php\/wp-json\/wp\/v2\/posts"}],"about":[{"href":"https:\/\/sindromecharge.es\/index.php\/wp-json\/wp\/v2\/types\/post"}],"author":[{"embeddable":true,"href":"https:\/\/sindromecharge.es\/index.php\/wp-json\/wp\/v2\/users\/1"}],"replies":[{"embeddable":true,"href":"https:\/\/sindromecharge.es\/index.php\/wp-json\/wp\/v2\/comments?post=10780"}],"version-history":[{"count":0,"href":"https:\/\/sindromecharge.es\/index.php\/wp-json\/wp\/v2\/posts\/10780\/revisions"}],"wp:attachment":[{"href":"https:\/\/sindromecharge.es\/index.php\/wp-json\/wp\/v2\/media?parent=10780"}],"wp:term":[{"taxonomy":"category","embeddable":true,"href":"https:\/\/sindromecharge.es\/index.php\/wp-json\/wp\/v2\/categories?post=10780"},{"taxonomy":"post_tag","embeddable":true,"href":"https:\/\/sindromecharge.es\/index.php\/wp-json\/wp\/v2\/tags?post=10780"}],"curies":[{"name":"wp","href":"https:\/\/api.w.org\/{rel}","templated":true}]}}