{"id":10779,"date":"2025-01-30T07:14:37","date_gmt":"2025-01-30T07:14:37","guid":{"rendered":"https:\/\/sindromecharge.es\/index.php\/2025\/01\/30\/llega-tercera-edicion-x-talento-challenge-iniciativa-que-busca-jovenes-emprendedores-con-sin-discapacidad\/"},"modified":"2025-01-30T07:14:37","modified_gmt":"2025-01-30T07:14:37","slug":"llega-tercera-edicion-x-talento-challenge-iniciativa-que-busca-jovenes-emprendedores-con-sin-discapacidad","status":"publish","type":"post","link":"https:\/\/sindromecharge.es\/index.php\/2025\/01\/30\/llega-tercera-edicion-x-talento-challenge-iniciativa-que-busca-jovenes-emprendedores-con-sin-discapacidad\/","title":{"rendered":"Llega la tercera edici\u00f3n del X Talento Challenge, la iniciativa que busca j\u00f3venes emprendedores con y sin discapacidad"},"content":{"rendered":"<p>Leemos en Discapacidad la siguiente noticia que os reproducimos de forma \u00edntegra: <\/p>\n<div>\n<p><a href=\"https:\/\/www.20minutos.es\/minuteca\/fundacion-once\/\" title=\"Fundaci\u00f3n Once\" target=\"_blank\">Fundaci\u00f3n ONCE <\/a>ya ha lanzado la tercera edici\u00f3n de \u2018<b>X Talento Challenge<\/b>\u2019, un concurso social con el que se busca que los j\u00f3venes que desarrollen proyectos que puedan tener impacto positivo en sus entornos.<\/p>\n<p>Tras el \u00e9xito de las ediciones anteriores, que reunieron a m\u00e1s de 1.000 <b>j\u00f3venes con y sin discapacidad<\/b>, la tercera ya est\u00e1 en marcha y permitir\u00e1 que un grupo de j\u00f3venes con un proyecto de emprendimiento social reciban 5.000 euros para llevarlo a cabo, adem\u00e1s de un asesoramiento y acompa\u00f1amiento durante todo el proceso.<\/p>\n<p>Para presentarse, adem\u00e1s de<b> tener entre 14 y 21 a\u00f1os<\/b>, deber\u00e1n estar cursando ESO, Bachillerato o FP, ser miembros de entidades juveniles de tipo educacional o formativo, formar un grupo de entre <b>5 y 10 personas<\/b> y que entre el 25% y 75% de los <b>participantes tengan <a href=\"https:\/\/www.20minutos.es\/minuteca\/discapacidad\/\" title=\"Discapacidad\" target=\"_blank\">discapacidad<\/a><\/b>. Adem\u00e1s, el proyecto que presenten tiene que buscar un impacto positivo en su entorno.<\/p>\n<p>El a\u00f1o pasado, el ganador fue el <b>proyecto \u2018Ponte las gafas\u2019,<\/b> con el que un grupo de j\u00f3venes del Concello de A Estrada (Pontevedra), a trav\u00e9s de su asociaci\u00f3n,<b> Imaxina e Axuda<\/b>, ayudan a personas mayores de una residencia a recibir<b> estimulaci\u00f3n a trav\u00e9s de la realidad virtual,<\/b> \u00absomos una asociaci\u00f3n juvenil sin \u00e1nimo de lucro y nacimos en el a\u00f1o 2019 ante la necesidad de los j\u00f3venes de buscar actividades que nos gustaran. Desde entonces, hacemos actividades como limpieza de los montes, de playas, actividades intergeneracionales de ocio y tambi\u00e9n estamos en proyectos europeos de Erasmus. Somos unos 20, pero a la convocatoria nos presentamos cinco\u00bb, cuenta Laura Piso, una de las componentes del equipo.<\/p>\n<p>El proyecto en concreto que presentaron a X Talento Challenge naci\u00f3 por un inter\u00e9s personal de la propia Laura, \u00abmi abuela tiene <a href=\"https:\/\/www.20minutos.es\/minuteca\/parkinson\/\" title=\"P\u00e1rkinson\" target=\"_blank\">p\u00e1rkinson<\/a> y, cuando ya estuvo peor, que no se pod\u00eda casi mover, no quer\u00eda salir de casa porque le daba verg\u00fcenza, as\u00ed que empec\u00e9 a pensar que, ya que no pod\u00eda salir, ten\u00eda que pensar una manera de traer a casa los est\u00edmulos externos\u00bb.<\/p>\n<p>Y pens\u00f3 en unas gafas de<b> realidad virtual<\/b>, \u00abcomo estudio integraci\u00f3n social y tengo trato con personas mayores, se me ocurri\u00f3 probar con el tema de la <a href=\"https:\/\/www.20minutos.es\/minuteca\/realidad-virtual\/\" title=\"Realidad Virtual\" target=\"_blank\">realidad virtual<\/a>, porque habia le\u00eddo algunos estudios sobre el tema. Hablamos con el ayuntamiento para hacer una especie de prueba piloto y probarlo en la residencia de aqu\u00ed. Sali\u00f3 tan bien que quisimos ampliar el proyecto, as\u00ed que empezamos a buscar financiaci\u00f3n, encontramos la convocatoria de<b> Fundaci\u00f3n ONCE<\/b> y nos presentamos. Pasamos a la siguiente fase, y en la segunda fase nos ayudaron tres maravillosos tutores\u00bb. <\/p>\n<h1>Queremos ir haciendo &#8216;cantera&#8217; entre los j\u00f3venes con discapacidad, promover la cultura del emprendimiento<\/h1>\n<p>Su proyecto gan\u00f3 e invirtieron el dinero en comprar <a href=\"https:\/\/www.20minutos.es\/minuteca\/gafas-de-realidad-virtual\/\" title=\"Gafas de realidad virtual\" target=\"_blank\">gafas de realidad virtual <\/a>y todo el material que necesitaban para ampliar el proyecto, \u00abhicimos varias sesiones en el centro sociocomunitario de A Estrada. Nos sobr\u00f3 un poco de presupuesto, y vamos a invertirlo en ampliar un poco el proyecto y hacerlo tambi\u00f1en en una asociaci\u00f3n de personas con <a href=\"https:\/\/www.20minutos.es\/minuteca\/alzheimer\/\" title=\"Alzh\u00e9imer\" target=\"_blank\">alzh\u00e9imer<\/a>\u00ab.<\/p>\n<p>Ha sido tal el \u00e9xito, que desde <b>Imaxina e Axuda <\/b>solo piensan en hacerlo m\u00e1s grande, \u00abahora estamos pensando en c\u00f3mo reenfocar el proyecto, o bien ampliarlo a otros colectivos o por toda Espa\u00f1a\u00bb, nos contaba ilusionada Laura.<\/p>\n<h2>Emprendimiento e inclusi\u00f3n<\/h2>\n<p>En el proyecto de Imaxina e Axuda contaban con un chico con discapacidad que, como quiere destacar Laura, sum\u00f3 en el proyecto tanto como todos, que es precisamente uno de los objetivos de X Talento Challenge, \u00abpor un lado, nuestro objetivo es favorecer entre los j\u00f3venes el aprendizaje de ciertas competencias las denominadas del siglo XXI, como son la <b>digitalizaci\u00f3n, el liderazgo, el emprendimiento<\/b>, la toma de decisiones y el trabajo en equipo, y por otro,<b> fomentar la<a href=\"https:\/\/www.20minutos.es\/minuteca\/inclusion\/\" title=\"Inclusi\u00f3n\" target=\"_blank\"> inclusi\u00f3n<\/a><\/b>, ya que los equipos tienen que estar compuestos por personas con y sin discapacidad. Adem\u00e1s, buscamos generar un impacto social positivo\u00bb, explica <b>Ana Juvi\u00f1o, T\u00e9cnica Direcci\u00f3n de Formaci\u00f3n y Empleo, Operaciones y Estudios<\/b> de Fundaci\u00f3n ONCE. <\/p>\n<p>As\u00ed, con iniciativas como esta, no solo se fomenta el emprendimiento entre los j\u00f3venes, sino que se haga desde la inclusi\u00f3n y lo social, !queremos ir promoviendo ese perfil emprendedor entre los j\u00f3venes y haci\u00e9ndolo adem\u00e1s<b> de manera inclusiva<\/b>, porque los j\u00f3venes de hoy son el futuro, y si rompemos esas barreras y esos prejuicios desde la base el futuro ser\u00e1 m\u00e1s inclusivo para todos. Adem\u00e1s, queremos ir haciendo \u2018cantera\u2019 entre los<b> j\u00f3venes con discapacidad<\/b>, promover la cultura del emprendimiento entre el colectivo\u00bb.<\/p>\n<p>Tambi\u00e9n, demostrar a la sociedad, por un lado, que<b> las personas con discapacidad son tan v\u00e1lidas<\/b> como cualquier para emprender proyectos y, por otra, que las nuevas generaciones vienen pisando fuerte en lo social, como quiere recalcar Ana Juvi\u00f1o, \u00ablos j\u00f3venes tienen una creatividad enorme y muchas preocupaciones sociales. Adem\u00e1s, que son nativos digitales y eso se demuestra en los proyectos que nos presentan y que adem\u00e1s lo hacen con mucha facilidad y naturalidad\u00bb. <\/p>\n<p>Proyectos como el de &#8216;Ponte las gafas&#8217; demuestra, adem\u00e1s, no solo que tienen ideas sino<b> ganas de crear un impacto en su entorno m\u00e1s cercano<\/b>, \u00abmuchos son j\u00f3venes que quieren ayudar a otros j\u00f3venes, sobre todo los que tienen m\u00e1s cerca, y eso es un aprendizaje para nosotros\u00bb, asegura.<\/p>\n<p>Para que ideas como la de Laura salgan adelante, Juvi\u00f1o, por un lado, invita a todos los j\u00f3venes que tengan una idea, a que se presenten, y por otro, a empresas y asociaciones a creer en ellos, \u00ables dir\u00eda que<b> den rienda suelta a su creatividad y a sus inquietudes<\/b> y que presenten proyectos, a los institutos que esto puede integrarse en el proyecto de un centro educativo, y a los profesionales de empresas, que sigan apoy\u00e1ndonos, porque es muy gratificante\u00bb. <\/p>\n<h1>Nos interesa que los j\u00f3venes con y sin discapacidad se impliquen en proyectos con impacto y lo hagan trabajando juntos<\/h1>\n<p>De la primera edici\u00f3n a la segunda subieron mucho las candidaturas y este a\u00f1o esperan volver a superarlo, \u00abnos interesa que los j\u00f3venes se impliquen en proyectos con impacto y que adem\u00e1s <b>lo hagan trabajando juntos j\u00f3venes con y sin discapacidad<\/b> para demostrar que tanto si se tiene o no discapacidad todo el mundo puede aportar en un proyecto\u00bb, destaca.<\/p>\n<p>Para Laura, desde luego, haber ganado el a\u00f1o pasado le ha dado alas para seguir emprendiendo, \u00abahora nos vamos a ir a una feria voluntariado que hay en Madrid donde poder promocionar el proyecto, porque desde que ganamos el concurso hemos tenido mucha m\u00e1s repercusi\u00f3n, y ha sido gracias a X Talento Challenge porque ya nos conocen como los que ganamos el premio de la ONCE, as\u00ed que <b>estamos muy agradecidos<\/b>\u00ab.<\/p>\n<p>Laura Piso animar\u00eda a todos los j\u00f3venes a presentarse, y no solo para ganar, tambi\u00e9n porque \u00abconoces otros proyectos y a gente de tu edad con tus mismas inquietudes\u2026 va a disfrutar mucho del proceso. A m\u00ed, desde luego, me ha cambado la vida y me ha hecho estar aun m\u00e1s orgullosa de nuestra asociaci\u00f3n\u00bb. <\/p>\n<p>Los j\u00f3venes interesados, pueden encontrar todas las bases en <a href=\"https:\/\/www.portalentochallenge.es\/\" target=\"_blank\" rel=\"nofollow\">www.portalentochallenge.es <\/a>y presentar su candidatura antes del 21 de febrero.<\/p>\n<\/div>\n<p>Fuente: Discapacidad https:\/\/www.20minutos.es\/noticia\/5677035\/0\/llega-tercera-edicion-x-talento-challenge-iniciativa-que-busca-jovenes-emprendedores-con-sin-discapacidad\/<\/p>\n","protected":false},"excerpt":{"rendered":"<p>La iniciativa X talento Challenge, de Fundaci\u00f3n ONCE, busca apoyar a j\u00f3venes con y sin discapacidad en sus proyectos de emprendimiento social.<\/p>\n","protected":false},"author":1,"featured_media":0,"comment_status":"closed","ping_status":"closed","sticky":false,"template":"","format":"standard","meta":{"footnotes":""},"categories":[8],"tags":[],"class_list":["post-10779","post","type-post","status-publish","format-standard","hentry","category-noticias"],"yoast_head":"<!-- This site is optimized with the Yoast SEO plugin v27.4 - https:\/\/yoast.com\/product\/yoast-seo-wordpress\/ -->\n<title>Llega la tercera edici\u00f3n del X Talento Challenge, la iniciativa que busca j\u00f3venes emprendedores con y sin discapacidad - Asociaci\u00f3n Espa\u00f1ola S\u00edndrome de Charge<\/title>\n<meta name=\"robots\" content=\"index, follow, max-snippet:-1, max-image-preview:large, max-video-preview:-1\" \/>\n<link rel=\"canonical\" href=\"https:\/\/sindromecharge.es\/index.php\/2025\/01\/30\/llega-tercera-edicion-x-talento-challenge-iniciativa-que-busca-jovenes-emprendedores-con-sin-discapacidad\/\" \/>\n<meta property=\"og:locale\" content=\"es_ES\" \/>\n<meta property=\"og:type\" content=\"article\" \/>\n<meta property=\"og:title\" content=\"Llega la tercera edici\u00f3n del X Talento Challenge, la iniciativa que busca j\u00f3venes emprendedores con y sin discapacidad - Asociaci\u00f3n Espa\u00f1ola S\u00edndrome de Charge\" \/>\n<meta property=\"og:description\" content=\"La iniciativa X talento Challenge, de Fundaci\u00f3n ONCE, busca apoyar a j\u00f3venes con y sin discapacidad en sus proyectos de emprendimiento social.\" \/>\n<meta property=\"og:url\" content=\"https:\/\/sindromecharge.es\/index.php\/2025\/01\/30\/llega-tercera-edicion-x-talento-challenge-iniciativa-que-busca-jovenes-emprendedores-con-sin-discapacidad\/\" \/>\n<meta property=\"og:site_name\" content=\"Asociaci\u00f3n Espa\u00f1ola S\u00edndrome de Charge\" \/>\n<meta property=\"article:publisher\" content=\"https:\/\/www.facebook.com\/asociacionsindromecharge\" \/>\n<meta property=\"article:published_time\" content=\"2025-01-30T07:14:37+00:00\" \/>\n<meta property=\"og:image\" content=\"https:\/\/sindromecharge.es\/wp-content\/uploads\/2013\/09\/logodecharge300x98.png\" \/>\n\t<meta property=\"og:image:width\" content=\"300\" \/>\n\t<meta property=\"og:image:height\" content=\"98\" \/>\n\t<meta property=\"og:image:type\" content=\"image\/png\" \/>\n<meta name=\"author\" content=\"Charge\" \/>\n<meta name=\"twitter:card\" content=\"summary_large_image\" \/>\n<meta name=\"twitter:creator\" content=\"@sindromecharge\" \/>\n<meta name=\"twitter:site\" content=\"@sindromecharge\" \/>\n<meta name=\"twitter:label1\" content=\"Escrito por\" \/>\n\t<meta name=\"twitter:data1\" content=\"Charge\" \/>\n\t<meta name=\"twitter:label2\" content=\"Tiempo de lectura\" \/>\n\t<meta name=\"twitter:data2\" content=\"6 minutos\" \/>\n<script type=\"application\/ld+json\" class=\"yoast-schema-graph\">{\"@context\":\"https:\\\/\\\/schema.org\",\"@graph\":[{\"@type\":\"Article\",\"@id\":\"https:\\\/\\\/sindromecharge.es\\\/index.php\\\/2025\\\/01\\\/30\\\/llega-tercera-edicion-x-talento-challenge-iniciativa-que-busca-jovenes-emprendedores-con-sin-discapacidad\\\/#article\",\"isPartOf\":{\"@id\":\"https:\\\/\\\/sindromecharge.es\\\/index.php\\\/2025\\\/01\\\/30\\\/llega-tercera-edicion-x-talento-challenge-iniciativa-que-busca-jovenes-emprendedores-con-sin-discapacidad\\\/\"},\"author\":{\"name\":\"Charge\",\"@id\":\"https:\\\/\\\/sindromecharge.es\\\/#\\\/schema\\\/person\\\/39a60ebe0a2b4d5a11179701e336b039\"},\"headline\":\"Llega la tercera edici\u00f3n del X Talento Challenge, la iniciativa que busca j\u00f3venes emprendedores con y sin discapacidad\",\"datePublished\":\"2025-01-30T07:14:37+00:00\",\"mainEntityOfPage\":{\"@id\":\"https:\\\/\\\/sindromecharge.es\\\/index.php\\\/2025\\\/01\\\/30\\\/llega-tercera-edicion-x-talento-challenge-iniciativa-que-busca-jovenes-emprendedores-con-sin-discapacidad\\\/\"},\"wordCount\":1287,\"articleSection\":[\"noticias\"],\"inLanguage\":\"es\"},{\"@type\":\"WebPage\",\"@id\":\"https:\\\/\\\/sindromecharge.es\\\/index.php\\\/2025\\\/01\\\/30\\\/llega-tercera-edicion-x-talento-challenge-iniciativa-que-busca-jovenes-emprendedores-con-sin-discapacidad\\\/\",\"url\":\"https:\\\/\\\/sindromecharge.es\\\/index.php\\\/2025\\\/01\\\/30\\\/llega-tercera-edicion-x-talento-challenge-iniciativa-que-busca-jovenes-emprendedores-con-sin-discapacidad\\\/\",\"name\":\"Llega la tercera edici\u00f3n del X Talento Challenge, la iniciativa que busca j\u00f3venes emprendedores con y sin discapacidad - Asociaci\u00f3n Espa\u00f1ola S\u00edndrome de Charge\",\"isPartOf\":{\"@id\":\"https:\\\/\\\/sindromecharge.es\\\/#website\"},\"datePublished\":\"2025-01-30T07:14:37+00:00\",\"author\":{\"@id\":\"https:\\\/\\\/sindromecharge.es\\\/#\\\/schema\\\/person\\\/39a60ebe0a2b4d5a11179701e336b039\"},\"breadcrumb\":{\"@id\":\"https:\\\/\\\/sindromecharge.es\\\/index.php\\\/2025\\\/01\\\/30\\\/llega-tercera-edicion-x-talento-challenge-iniciativa-que-busca-jovenes-emprendedores-con-sin-discapacidad\\\/#breadcrumb\"},\"inLanguage\":\"es\",\"potentialAction\":[{\"@type\":\"ReadAction\",\"target\":[\"https:\\\/\\\/sindromecharge.es\\\/index.php\\\/2025\\\/01\\\/30\\\/llega-tercera-edicion-x-talento-challenge-iniciativa-que-busca-jovenes-emprendedores-con-sin-discapacidad\\\/\"]}]},{\"@type\":\"BreadcrumbList\",\"@id\":\"https:\\\/\\\/sindromecharge.es\\\/index.php\\\/2025\\\/01\\\/30\\\/llega-tercera-edicion-x-talento-challenge-iniciativa-que-busca-jovenes-emprendedores-con-sin-discapacidad\\\/#breadcrumb\",\"itemListElement\":[{\"@type\":\"ListItem\",\"position\":1,\"name\":\"Portada\",\"item\":\"https:\\\/\\\/sindromecharge.es\\\/\"},{\"@type\":\"ListItem\",\"position\":2,\"name\":\"Llega la tercera edici\u00f3n del X Talento Challenge, la iniciativa que busca j\u00f3venes emprendedores con y sin discapacidad\"}]},{\"@type\":\"WebSite\",\"@id\":\"https:\\\/\\\/sindromecharge.es\\\/#website\",\"url\":\"https:\\\/\\\/sindromecharge.es\\\/\",\"name\":\"Asociaci\u00f3n Espa\u00f1ola S\u00edndrome de Charge\",\"description\":\"\",\"potentialAction\":[{\"@type\":\"SearchAction\",\"target\":{\"@type\":\"EntryPoint\",\"urlTemplate\":\"https:\\\/\\\/sindromecharge.es\\\/?s={search_term_string}\"},\"query-input\":{\"@type\":\"PropertyValueSpecification\",\"valueRequired\":true,\"valueName\":\"search_term_string\"}}],\"inLanguage\":\"es\"},{\"@type\":\"Person\",\"@id\":\"https:\\\/\\\/sindromecharge.es\\\/#\\\/schema\\\/person\\\/39a60ebe0a2b4d5a11179701e336b039\",\"name\":\"Charge\",\"image\":{\"@type\":\"ImageObject\",\"inLanguage\":\"es\",\"@id\":\"https:\\\/\\\/secure.gravatar.com\\\/avatar\\\/c3b46e32a0fc3b093a0873fb767bf3293de856293065e84ef06b7ec7a8acfb98?s=96&d=identicon&r=x\",\"url\":\"https:\\\/\\\/secure.gravatar.com\\\/avatar\\\/c3b46e32a0fc3b093a0873fb767bf3293de856293065e84ef06b7ec7a8acfb98?s=96&d=identicon&r=x\",\"contentUrl\":\"https:\\\/\\\/secure.gravatar.com\\\/avatar\\\/c3b46e32a0fc3b093a0873fb767bf3293de856293065e84ef06b7ec7a8acfb98?s=96&d=identicon&r=x\",\"caption\":\"Charge\"},\"url\":\"https:\\\/\\\/sindromecharge.es\\\/index.php\\\/author\\\/admin\\\/\"}]}<\/script>\n<!-- \/ Yoast SEO plugin. -->","yoast_head_json":{"title":"Llega la tercera edici\u00f3n del X Talento Challenge, la iniciativa que busca j\u00f3venes emprendedores con y sin discapacidad - Asociaci\u00f3n Espa\u00f1ola S\u00edndrome de Charge","robots":{"index":"index","follow":"follow","max-snippet":"max-snippet:-1","max-image-preview":"max-image-preview:large","max-video-preview":"max-video-preview:-1"},"canonical":"https:\/\/sindromecharge.es\/index.php\/2025\/01\/30\/llega-tercera-edicion-x-talento-challenge-iniciativa-que-busca-jovenes-emprendedores-con-sin-discapacidad\/","og_locale":"es_ES","og_type":"article","og_title":"Llega la tercera edici\u00f3n del X Talento Challenge, la iniciativa que busca j\u00f3venes emprendedores con y sin discapacidad - Asociaci\u00f3n Espa\u00f1ola S\u00edndrome de Charge","og_description":"La iniciativa X talento Challenge, de Fundaci\u00f3n ONCE, busca apoyar a j\u00f3venes con y sin discapacidad en sus proyectos de emprendimiento social.","og_url":"https:\/\/sindromecharge.es\/index.php\/2025\/01\/30\/llega-tercera-edicion-x-talento-challenge-iniciativa-que-busca-jovenes-emprendedores-con-sin-discapacidad\/","og_site_name":"Asociaci\u00f3n Espa\u00f1ola S\u00edndrome de Charge","article_publisher":"https:\/\/www.facebook.com\/asociacionsindromecharge","article_published_time":"2025-01-30T07:14:37+00:00","og_image":[{"width":300,"height":98,"url":"https:\/\/sindromecharge.es\/wp-content\/uploads\/2013\/09\/logodecharge300x98.png","type":"image\/png"}],"author":"Charge","twitter_card":"summary_large_image","twitter_creator":"@sindromecharge","twitter_site":"@sindromecharge","twitter_misc":{"Escrito por":"Charge","Tiempo de lectura":"6 minutos"},"schema":{"@context":"https:\/\/schema.org","@graph":[{"@type":"Article","@id":"https:\/\/sindromecharge.es\/index.php\/2025\/01\/30\/llega-tercera-edicion-x-talento-challenge-iniciativa-que-busca-jovenes-emprendedores-con-sin-discapacidad\/#article","isPartOf":{"@id":"https:\/\/sindromecharge.es\/index.php\/2025\/01\/30\/llega-tercera-edicion-x-talento-challenge-iniciativa-que-busca-jovenes-emprendedores-con-sin-discapacidad\/"},"author":{"name":"Charge","@id":"https:\/\/sindromecharge.es\/#\/schema\/person\/39a60ebe0a2b4d5a11179701e336b039"},"headline":"Llega la tercera edici\u00f3n del X Talento Challenge, la iniciativa que busca j\u00f3venes emprendedores con y sin discapacidad","datePublished":"2025-01-30T07:14:37+00:00","mainEntityOfPage":{"@id":"https:\/\/sindromecharge.es\/index.php\/2025\/01\/30\/llega-tercera-edicion-x-talento-challenge-iniciativa-que-busca-jovenes-emprendedores-con-sin-discapacidad\/"},"wordCount":1287,"articleSection":["noticias"],"inLanguage":"es"},{"@type":"WebPage","@id":"https:\/\/sindromecharge.es\/index.php\/2025\/01\/30\/llega-tercera-edicion-x-talento-challenge-iniciativa-que-busca-jovenes-emprendedores-con-sin-discapacidad\/","url":"https:\/\/sindromecharge.es\/index.php\/2025\/01\/30\/llega-tercera-edicion-x-talento-challenge-iniciativa-que-busca-jovenes-emprendedores-con-sin-discapacidad\/","name":"Llega la tercera edici\u00f3n del X Talento Challenge, la iniciativa que busca j\u00f3venes emprendedores con y sin discapacidad - Asociaci\u00f3n Espa\u00f1ola S\u00edndrome de Charge","isPartOf":{"@id":"https:\/\/sindromecharge.es\/#website"},"datePublished":"2025-01-30T07:14:37+00:00","author":{"@id":"https:\/\/sindromecharge.es\/#\/schema\/person\/39a60ebe0a2b4d5a11179701e336b039"},"breadcrumb":{"@id":"https:\/\/sindromecharge.es\/index.php\/2025\/01\/30\/llega-tercera-edicion-x-talento-challenge-iniciativa-que-busca-jovenes-emprendedores-con-sin-discapacidad\/#breadcrumb"},"inLanguage":"es","potentialAction":[{"@type":"ReadAction","target":["https:\/\/sindromecharge.es\/index.php\/2025\/01\/30\/llega-tercera-edicion-x-talento-challenge-iniciativa-que-busca-jovenes-emprendedores-con-sin-discapacidad\/"]}]},{"@type":"BreadcrumbList","@id":"https:\/\/sindromecharge.es\/index.php\/2025\/01\/30\/llega-tercera-edicion-x-talento-challenge-iniciativa-que-busca-jovenes-emprendedores-con-sin-discapacidad\/#breadcrumb","itemListElement":[{"@type":"ListItem","position":1,"name":"Portada","item":"https:\/\/sindromecharge.es\/"},{"@type":"ListItem","position":2,"name":"Llega la tercera edici\u00f3n del X Talento Challenge, la iniciativa que busca j\u00f3venes emprendedores con y sin discapacidad"}]},{"@type":"WebSite","@id":"https:\/\/sindromecharge.es\/#website","url":"https:\/\/sindromecharge.es\/","name":"Asociaci\u00f3n Espa\u00f1ola S\u00edndrome de Charge","description":"","potentialAction":[{"@type":"SearchAction","target":{"@type":"EntryPoint","urlTemplate":"https:\/\/sindromecharge.es\/?s={search_term_string}"},"query-input":{"@type":"PropertyValueSpecification","valueRequired":true,"valueName":"search_term_string"}}],"inLanguage":"es"},{"@type":"Person","@id":"https:\/\/sindromecharge.es\/#\/schema\/person\/39a60ebe0a2b4d5a11179701e336b039","name":"Charge","image":{"@type":"ImageObject","inLanguage":"es","@id":"https:\/\/secure.gravatar.com\/avatar\/c3b46e32a0fc3b093a0873fb767bf3293de856293065e84ef06b7ec7a8acfb98?s=96&d=identicon&r=x","url":"https:\/\/secure.gravatar.com\/avatar\/c3b46e32a0fc3b093a0873fb767bf3293de856293065e84ef06b7ec7a8acfb98?s=96&d=identicon&r=x","contentUrl":"https:\/\/secure.gravatar.com\/avatar\/c3b46e32a0fc3b093a0873fb767bf3293de856293065e84ef06b7ec7a8acfb98?s=96&d=identicon&r=x","caption":"Charge"},"url":"https:\/\/sindromecharge.es\/index.php\/author\/admin\/"}]}},"_links":{"self":[{"href":"https:\/\/sindromecharge.es\/index.php\/wp-json\/wp\/v2\/posts\/10779","targetHints":{"allow":["GET"]}}],"collection":[{"href":"https:\/\/sindromecharge.es\/index.php\/wp-json\/wp\/v2\/posts"}],"about":[{"href":"https:\/\/sindromecharge.es\/index.php\/wp-json\/wp\/v2\/types\/post"}],"author":[{"embeddable":true,"href":"https:\/\/sindromecharge.es\/index.php\/wp-json\/wp\/v2\/users\/1"}],"replies":[{"embeddable":true,"href":"https:\/\/sindromecharge.es\/index.php\/wp-json\/wp\/v2\/comments?post=10779"}],"version-history":[{"count":0,"href":"https:\/\/sindromecharge.es\/index.php\/wp-json\/wp\/v2\/posts\/10779\/revisions"}],"wp:attachment":[{"href":"https:\/\/sindromecharge.es\/index.php\/wp-json\/wp\/v2\/media?parent=10779"}],"wp:term":[{"taxonomy":"category","embeddable":true,"href":"https:\/\/sindromecharge.es\/index.php\/wp-json\/wp\/v2\/categories?post=10779"},{"taxonomy":"post_tag","embeddable":true,"href":"https:\/\/sindromecharge.es\/index.php\/wp-json\/wp\/v2\/tags?post=10779"}],"curies":[{"name":"wp","href":"https:\/\/api.w.org\/{rel}","templated":true}]}}