{"id":10777,"date":"2025-01-30T07:01:52","date_gmt":"2025-01-30T07:01:52","guid":{"rendered":"https:\/\/sindromecharge.es\/index.php\/2025\/01\/30\/gobierno-esta-ultimando-borrador-texto-proyecto-sobre-etiquetado-accesible\/"},"modified":"2025-01-30T07:01:52","modified_gmt":"2025-01-30T07:01:52","slug":"gobierno-esta-ultimando-borrador-texto-proyecto-sobre-etiquetado-accesible","status":"publish","type":"post","link":"https:\/\/sindromecharge.es\/index.php\/2025\/01\/30\/gobierno-esta-ultimando-borrador-texto-proyecto-sobre-etiquetado-accesible\/","title":{"rendered":"Bustinduy ultima la ley de etiquetado accesible: \u00abHacer la compra no deber\u00eda ser una barrera\u00bb"},"content":{"rendered":"<p>Leemos en Discapacidad la siguiente noticia que os reproducimos de forma \u00edntegra: <\/p>\n<div>\n<p>El Ministerio de Derechos Sociales, Consumo y Agenda 2030 est\u00e1 \u00abultimando\u00bb el borrador de texto del proyecto de real decreto por el que se regula el <b>etiquetado accesible de productos de consumo<\/b>.<\/p>\n<p>As\u00ed lo confirmaron a Servimedia fuentes de la Direcci\u00f3n General de Consumo, que subrayaron que, una vez \u00absustanciado\u00bb <b>el tr\u00e1mite de audiencia e informaci\u00f3n p\u00fablica, que concluy\u00f3 en septiembre<\/b>, en la actualidad los equipos de Consumo y Derechos de las Personas con Discapacidad del gabinete que dirige <a href=\"https:\/\/www.20minutos.es\/minuteca\/pablo-bustinduy\/\" title=\"Pablo Bustinduy\" target=\"_blank\">Pablo Bustinduy<\/a> est\u00e1n \u00abultimando\u00bb el borrador de texto que ser\u00e1 sometido a consulta de las comunidades aut\u00f3nomas y \u00abresto de tr\u00e1mites preceptivos\u00bb de forma \u00abprevia a su aprobaci\u00f3n definitiva\u00bb.<\/p>\n<p>Seg\u00fan precis\u00f3 en su momento el departamento de Bustinduy, el proyecto de real decreto tiene por objeto<b> regular reglamentariamente un etiquetado en alfabeto braille, as\u00ed como en otros formatos que \u00abgaranticen la <a href=\"https:\/\/www.20minutos.es\/minuteca\/accesibilidad\/\" title=\"Accesibilidad\" target=\"_blank\">accesibilidad<\/a> universal\u00bb <\/b>de aquellos bienes y productos de consumo de \u00abespecial relevancia\u00bb para la \u00abprotecci\u00f3n de la seguridad, integridad y calidad de vida, <b>especialmente de las personas ciegas y con discapacidad visual<\/b>, as\u00ed como de las personas consumidoras vulnerables\u00bb.<\/p>\n<p>Consumo record\u00f3 que la norma<b> establecer\u00e1 la obligaci\u00f3n del braille<\/b> en este tipo de productos para<b> hacer accesible la informaci\u00f3n m\u00e1s b\u00e1sica<\/b>, tal como las denominaciones de los mismos, sus categor\u00edas y las advertencias de peligro.<\/p>\n<p>Los<b> productos que pueden ser catalogados como \u00abde especial relevancia<\/b> para la protecci\u00f3n de la seguridad, integridad y calidad de vida\u00bb vienen determinados por los criterios de la UE, que hacen referencia a la presencia de sustancias peligrosas, tales como carcin\u00f3genas, mut\u00e1genas o t\u00f3xicas para la reproducci\u00f3n, sensibilizantes respiratorios, biocidas o productos fitosanitarios.<\/p>\n<p>Asimismo, tal y como detall\u00f3 Consumo, tambi\u00e9n se incluyen en este tipo de productos <b>informaci\u00f3n sobre al\u00e9rgenos o intolerancias<\/b> y, adem\u00e1s, productos cosm\u00e9ticos y de cuidado personal y explic\u00f3 que actualmente esta informaci\u00f3n \u00absuele estar reflejada de manera visual\u00bb y que, tras la aprobaci\u00f3n de este real decreto, tambi\u00e9n deber\u00e1 ser accesible para las personas ciegas y con discapacidad visual.<\/p>\n<h1>Actividades tan cotidianas como hacer la compra no deber\u00edan una barrera para cientos de miles de personas<\/h1>\n<h2>Un nuevo campo de posibilidades<\/h2>\n<p>En paralelo, la iniciativa busca abrir \u00abun nuevo campo de posibilidades\u00bb a trav\u00e9s del <b>desarrollo de tecnolog\u00edas o diversas aplicaciones que faciliten el acceso a la informaci\u00f3n <\/b>de productos de consumo y el proyecto de real decreto no limita el tipo de formatos que se pueden utilizar como complemento al alfabeto braille.<\/p>\n<p>El objetivo, tal y como explicit\u00f3 la cartera de Bustinduy, es \u00abdar cabida\u00bb a <b>cualquier tecnolog\u00eda que se pueda desarrollar en este \u00e1mbito<\/b> y que \u00abofrezca posibilidades de <a href=\"https:\/\/www.20minutos.es\/minuteca\/accesibilidad\/\" title=\"Accesibilidad\" target=\"_blank\">accesibilidad <\/a>a las personas ciegas y con discapacidad visual, as\u00ed como a <b>personas consumidoras vulnerables<\/b>\u00ab.<\/p>\n<p>Para el Ministerio, la transformaci\u00f3n digital \u00abofrece un enorme potencial para el <b>consumo accesible<\/b>\u00bb y, seg\u00fan su criterio, \u00abun ejemplo de estas nuevas oportunidades\u00bb es el caso de la<b> utilizaci\u00f3n de c\u00f3digos de respuesta r\u00e1pida<\/b> (QR) en el etiquetado de bienes y productos de consumo, as\u00ed como otros aplicativos derivados de la tecnolog\u00eda.<\/p>\n<h2>R\u00e9gimen transitorio de aplicaci\u00f3n<\/h2>\n<p>La norma fue impulsada durante la pasada legislatura por el Ministerio de Consumo dirigido por Alberto Garz\u00f3n y su aprobaci\u00f3n qued\u00f3 frustrada por el adelanto electoral del 23-J.<\/p>\n<p>Esta regulaci\u00f3n tambi\u00e9n aborda el<b> r\u00e9gimen transitorio de aplicaci\u00f3n,<\/b> seg\u00fan el cual los bienes y productos de consumo ya etiquetados que, en la fecha de entrada en vigor de este real decreto, no cumplan los requisitos establecidos en \u00e9l, podr\u00e1n seguir comercializ\u00e1ndose. Esto ser\u00e1 posible siempre que se hayan puesto a disposici\u00f3n de las personas consumidoras antes de la mencionada fecha y hasta m\u00e1ximo seis meses despu\u00e9s de la entrada en vigor de la normativa.<\/p>\n<p>\u00abCon posterioridad a dicha fecha, en el caso de tener que utilizar envases de productos previamente fabricados que no se adapten a los requisitos establecidos en este real decreto, el operador o empresa<b> deber\u00e1 a\u00f1adir una etiqueta adhesiva<\/b>, chorro de tinta o sistema equivalente que facilita la accesibilidad de la informaci\u00f3n prevista en esta norma\u00bb, abund\u00f3 Consumo, consciente de que, \u00aben numerosas ocasiones, el mercado de bienes y productos carece de condiciones de<b> accesibilidad universal<\/b>\u00ab.<\/p>\n<h1>En numerosas ocasiones, el mercado de bienes y productos carece de condiciones de accesibilidad universal<\/h1>\n<p>Por lo que respecta al <b>r\u00e9gimen sancionador<\/b>, el texto se\u00f1ala que el incumplimiento de las obligaciones de accesibilidad contenidas en el mismo ser\u00e1 considerado <b>una infracci\u00f3n<\/b>. Esto aplica especialmente en aquellos casos en los que la informaci\u00f3n proporcionada por medios accesibles \u00abno sea fiel reflejo de la que se proporcione en el etiquetado por otros medios\u00bb.<\/p>\n<p>Estas infracciones se enmarcan en e<b>l \u00e1mbito de la igualdad de oportunidades, no discriminaci\u00f3n y accesibilidad universal <\/b>de las personas con <a href=\"https:\/\/www.20minutos.es\/minuteca\/discapacidad\/\" title=\"Discapacidad\" target=\"_blank\">discapacidad<\/a>. Todo ello, de acuerdo con lo previsto en el Texto Refundido de la Ley General de derechos de las personas con discapacidad y de su inclusi\u00f3n social.<\/p>\n<h2>Entornos seguros<\/h2>\n<p>Cuando el incumplimiento se deba a la traslaci\u00f3n a la parte accesible del etiquetado de \u00abdefectos, incorrecciones u omisiones\u00bb que consten en el etiquetado no accesible del producto, este tendr\u00e1 la consideraci\u00f3n de infracci\u00f3n en materia de defensa de los consumidores y usuarios o de defensa de la calidad alimentaria.<\/p>\n<p>Esta consideraci\u00f3n se establece de acuerdo con lo previsto en el Texto Refundido de la Ley General para la Defensa de los Consumidores y Usuarios y otras leyes complementarias. Tambi\u00e9n se basa en la Ley 28\/2015, de 30 de julio, para la <b>defensa de la calidad alimentaria<\/b>, respectivamente.<\/p>\n<p>En el inicio del nuevo curso pol\u00edtico, el ministro de Derechos Sociales, Consumo y Agenda 2030, Pablo Bustinduy, puntualiz\u00f3 que la acci\u00f3n de su gabinete se \u00abenfoca\u00bb, entre otras cuestiones, tambi\u00e9n en<b> \u00abpaliar desigualdades y crear entornos seguros\u00bb<\/b> y manifest\u00f3 que ese es el \u00abobjetivo\u00bb de este real decreto, cuyo prop\u00f3sito es, a su entender, que actividades \u00abtan cotidianas\u00bb como <b>hacer la compra \u00abno supongan una barrera estructural<\/b> para cientos de miles de compatriotas\u00bb.<\/p>\n<p>El titular de Consumo reivindic\u00f3 en distintas ocasiones durante su primer a\u00f1o de mandato la \u00aburgencia\u00bb de aprobar una normativa que juzga \u00abclave\u00bb para garantizar la accesibilidad universal a bienes y productos de consumo de especial relevancia y cuyo af\u00e1n es velar por el <b>\u00abderecho a una autonom\u00eda plena\u00bb <\/b>de toda la ciudadan\u00eda.<\/p>\n<p>A su juicio, \u00abno es tolerable que una actividad cotidiana habitual, necesaria, se convierta en algo que pueda comprometer la autonom\u00eda y la seguridad\u00bb de los consumidores vulnerables.<\/p>\n<\/div>\n<p>Fuente: Discapacidad https:\/\/www.20minutos.es\/noticia\/5677495\/0\/gobierno-esta-ultimando-borrador-texto-proyecto-sobre-etiquetado-accesible\/<\/p>\n","protected":false},"excerpt":{"rendered":"<p>Esta ley regular\u00e1 regular\u00e1 un etiquetado braille y otros formatos que \u00abgaranticen la accesibilidad universal\u00bb.<\/p>\n","protected":false},"author":1,"featured_media":0,"comment_status":"closed","ping_status":"closed","sticky":false,"template":"","format":"standard","meta":{"footnotes":""},"categories":[8],"tags":[],"class_list":["post-10777","post","type-post","status-publish","format-standard","hentry","category-noticias"],"yoast_head":"<!-- This site is optimized with the Yoast SEO plugin v27.4 - https:\/\/yoast.com\/product\/yoast-seo-wordpress\/ -->\n<title>Bustinduy ultima la ley de etiquetado accesible: &quot;Hacer la compra no deber\u00eda ser una barrera&quot; - Asociaci\u00f3n Espa\u00f1ola S\u00edndrome de Charge<\/title>\n<meta name=\"robots\" content=\"index, follow, max-snippet:-1, max-image-preview:large, max-video-preview:-1\" \/>\n<link rel=\"canonical\" href=\"https:\/\/sindromecharge.es\/index.php\/2025\/01\/30\/gobierno-esta-ultimando-borrador-texto-proyecto-sobre-etiquetado-accesible\/\" \/>\n<meta property=\"og:locale\" content=\"es_ES\" \/>\n<meta property=\"og:type\" content=\"article\" \/>\n<meta property=\"og:title\" content=\"Bustinduy ultima la ley de etiquetado accesible: &quot;Hacer la compra no deber\u00eda ser una barrera&quot; - Asociaci\u00f3n Espa\u00f1ola S\u00edndrome de Charge\" \/>\n<meta property=\"og:description\" content=\"Esta ley regular\u00e1 regular\u00e1 un etiquetado braille y otros formatos que \u00abgaranticen la accesibilidad universal\u00bb.\" \/>\n<meta property=\"og:url\" content=\"https:\/\/sindromecharge.es\/index.php\/2025\/01\/30\/gobierno-esta-ultimando-borrador-texto-proyecto-sobre-etiquetado-accesible\/\" \/>\n<meta property=\"og:site_name\" content=\"Asociaci\u00f3n Espa\u00f1ola S\u00edndrome de Charge\" \/>\n<meta property=\"article:publisher\" content=\"https:\/\/www.facebook.com\/asociacionsindromecharge\" \/>\n<meta property=\"article:published_time\" content=\"2025-01-30T07:01:52+00:00\" \/>\n<meta property=\"og:image\" content=\"https:\/\/sindromecharge.es\/wp-content\/uploads\/2013\/09\/logodecharge300x98.png\" \/>\n\t<meta property=\"og:image:width\" content=\"300\" \/>\n\t<meta property=\"og:image:height\" content=\"98\" \/>\n\t<meta property=\"og:image:type\" content=\"image\/png\" \/>\n<meta name=\"author\" content=\"Charge\" \/>\n<meta name=\"twitter:card\" content=\"summary_large_image\" \/>\n<meta name=\"twitter:creator\" content=\"@sindromecharge\" \/>\n<meta name=\"twitter:site\" content=\"@sindromecharge\" \/>\n<meta name=\"twitter:label1\" content=\"Escrito por\" \/>\n\t<meta name=\"twitter:data1\" content=\"Charge\" \/>\n\t<meta name=\"twitter:label2\" content=\"Tiempo de lectura\" \/>\n\t<meta name=\"twitter:data2\" content=\"6 minutos\" \/>\n<script type=\"application\/ld+json\" class=\"yoast-schema-graph\">{\"@context\":\"https:\\\/\\\/schema.org\",\"@graph\":[{\"@type\":\"Article\",\"@id\":\"https:\\\/\\\/sindromecharge.es\\\/index.php\\\/2025\\\/01\\\/30\\\/gobierno-esta-ultimando-borrador-texto-proyecto-sobre-etiquetado-accesible\\\/#article\",\"isPartOf\":{\"@id\":\"https:\\\/\\\/sindromecharge.es\\\/index.php\\\/2025\\\/01\\\/30\\\/gobierno-esta-ultimando-borrador-texto-proyecto-sobre-etiquetado-accesible\\\/\"},\"author\":{\"name\":\"Charge\",\"@id\":\"https:\\\/\\\/sindromecharge.es\\\/#\\\/schema\\\/person\\\/39a60ebe0a2b4d5a11179701e336b039\"},\"headline\":\"Bustinduy ultima la ley de etiquetado accesible: \u00abHacer la compra no deber\u00eda ser una barrera\u00bb\",\"datePublished\":\"2025-01-30T07:01:52+00:00\",\"mainEntityOfPage\":{\"@id\":\"https:\\\/\\\/sindromecharge.es\\\/index.php\\\/2025\\\/01\\\/30\\\/gobierno-esta-ultimando-borrador-texto-proyecto-sobre-etiquetado-accesible\\\/\"},\"wordCount\":1162,\"articleSection\":[\"noticias\"],\"inLanguage\":\"es\"},{\"@type\":\"WebPage\",\"@id\":\"https:\\\/\\\/sindromecharge.es\\\/index.php\\\/2025\\\/01\\\/30\\\/gobierno-esta-ultimando-borrador-texto-proyecto-sobre-etiquetado-accesible\\\/\",\"url\":\"https:\\\/\\\/sindromecharge.es\\\/index.php\\\/2025\\\/01\\\/30\\\/gobierno-esta-ultimando-borrador-texto-proyecto-sobre-etiquetado-accesible\\\/\",\"name\":\"Bustinduy ultima la ley de etiquetado accesible: \\\"Hacer la compra no deber\u00eda ser una barrera\\\" - Asociaci\u00f3n Espa\u00f1ola S\u00edndrome de Charge\",\"isPartOf\":{\"@id\":\"https:\\\/\\\/sindromecharge.es\\\/#website\"},\"datePublished\":\"2025-01-30T07:01:52+00:00\",\"author\":{\"@id\":\"https:\\\/\\\/sindromecharge.es\\\/#\\\/schema\\\/person\\\/39a60ebe0a2b4d5a11179701e336b039\"},\"breadcrumb\":{\"@id\":\"https:\\\/\\\/sindromecharge.es\\\/index.php\\\/2025\\\/01\\\/30\\\/gobierno-esta-ultimando-borrador-texto-proyecto-sobre-etiquetado-accesible\\\/#breadcrumb\"},\"inLanguage\":\"es\",\"potentialAction\":[{\"@type\":\"ReadAction\",\"target\":[\"https:\\\/\\\/sindromecharge.es\\\/index.php\\\/2025\\\/01\\\/30\\\/gobierno-esta-ultimando-borrador-texto-proyecto-sobre-etiquetado-accesible\\\/\"]}]},{\"@type\":\"BreadcrumbList\",\"@id\":\"https:\\\/\\\/sindromecharge.es\\\/index.php\\\/2025\\\/01\\\/30\\\/gobierno-esta-ultimando-borrador-texto-proyecto-sobre-etiquetado-accesible\\\/#breadcrumb\",\"itemListElement\":[{\"@type\":\"ListItem\",\"position\":1,\"name\":\"Portada\",\"item\":\"https:\\\/\\\/sindromecharge.es\\\/\"},{\"@type\":\"ListItem\",\"position\":2,\"name\":\"Bustinduy ultima la ley de etiquetado accesible: &#8220;Hacer la compra no deber\u00eda ser una barrera&#8221;\"}]},{\"@type\":\"WebSite\",\"@id\":\"https:\\\/\\\/sindromecharge.es\\\/#website\",\"url\":\"https:\\\/\\\/sindromecharge.es\\\/\",\"name\":\"Asociaci\u00f3n Espa\u00f1ola S\u00edndrome de Charge\",\"description\":\"\",\"potentialAction\":[{\"@type\":\"SearchAction\",\"target\":{\"@type\":\"EntryPoint\",\"urlTemplate\":\"https:\\\/\\\/sindromecharge.es\\\/?s={search_term_string}\"},\"query-input\":{\"@type\":\"PropertyValueSpecification\",\"valueRequired\":true,\"valueName\":\"search_term_string\"}}],\"inLanguage\":\"es\"},{\"@type\":\"Person\",\"@id\":\"https:\\\/\\\/sindromecharge.es\\\/#\\\/schema\\\/person\\\/39a60ebe0a2b4d5a11179701e336b039\",\"name\":\"Charge\",\"image\":{\"@type\":\"ImageObject\",\"inLanguage\":\"es\",\"@id\":\"https:\\\/\\\/secure.gravatar.com\\\/avatar\\\/c3b46e32a0fc3b093a0873fb767bf3293de856293065e84ef06b7ec7a8acfb98?s=96&d=identicon&r=x\",\"url\":\"https:\\\/\\\/secure.gravatar.com\\\/avatar\\\/c3b46e32a0fc3b093a0873fb767bf3293de856293065e84ef06b7ec7a8acfb98?s=96&d=identicon&r=x\",\"contentUrl\":\"https:\\\/\\\/secure.gravatar.com\\\/avatar\\\/c3b46e32a0fc3b093a0873fb767bf3293de856293065e84ef06b7ec7a8acfb98?s=96&d=identicon&r=x\",\"caption\":\"Charge\"},\"url\":\"https:\\\/\\\/sindromecharge.es\\\/index.php\\\/author\\\/admin\\\/\"}]}<\/script>\n<!-- \/ Yoast SEO plugin. -->","yoast_head_json":{"title":"Bustinduy ultima la ley de etiquetado accesible: \"Hacer la compra no deber\u00eda ser una barrera\" - Asociaci\u00f3n Espa\u00f1ola S\u00edndrome de Charge","robots":{"index":"index","follow":"follow","max-snippet":"max-snippet:-1","max-image-preview":"max-image-preview:large","max-video-preview":"max-video-preview:-1"},"canonical":"https:\/\/sindromecharge.es\/index.php\/2025\/01\/30\/gobierno-esta-ultimando-borrador-texto-proyecto-sobre-etiquetado-accesible\/","og_locale":"es_ES","og_type":"article","og_title":"Bustinduy ultima la ley de etiquetado accesible: \"Hacer la compra no deber\u00eda ser una barrera\" - Asociaci\u00f3n Espa\u00f1ola S\u00edndrome de Charge","og_description":"Esta ley regular\u00e1 regular\u00e1 un etiquetado braille y otros formatos que \u00abgaranticen la accesibilidad universal\u00bb.","og_url":"https:\/\/sindromecharge.es\/index.php\/2025\/01\/30\/gobierno-esta-ultimando-borrador-texto-proyecto-sobre-etiquetado-accesible\/","og_site_name":"Asociaci\u00f3n Espa\u00f1ola S\u00edndrome de Charge","article_publisher":"https:\/\/www.facebook.com\/asociacionsindromecharge","article_published_time":"2025-01-30T07:01:52+00:00","og_image":[{"width":300,"height":98,"url":"https:\/\/sindromecharge.es\/wp-content\/uploads\/2013\/09\/logodecharge300x98.png","type":"image\/png"}],"author":"Charge","twitter_card":"summary_large_image","twitter_creator":"@sindromecharge","twitter_site":"@sindromecharge","twitter_misc":{"Escrito por":"Charge","Tiempo de lectura":"6 minutos"},"schema":{"@context":"https:\/\/schema.org","@graph":[{"@type":"Article","@id":"https:\/\/sindromecharge.es\/index.php\/2025\/01\/30\/gobierno-esta-ultimando-borrador-texto-proyecto-sobre-etiquetado-accesible\/#article","isPartOf":{"@id":"https:\/\/sindromecharge.es\/index.php\/2025\/01\/30\/gobierno-esta-ultimando-borrador-texto-proyecto-sobre-etiquetado-accesible\/"},"author":{"name":"Charge","@id":"https:\/\/sindromecharge.es\/#\/schema\/person\/39a60ebe0a2b4d5a11179701e336b039"},"headline":"Bustinduy ultima la ley de etiquetado accesible: \u00abHacer la compra no deber\u00eda ser una barrera\u00bb","datePublished":"2025-01-30T07:01:52+00:00","mainEntityOfPage":{"@id":"https:\/\/sindromecharge.es\/index.php\/2025\/01\/30\/gobierno-esta-ultimando-borrador-texto-proyecto-sobre-etiquetado-accesible\/"},"wordCount":1162,"articleSection":["noticias"],"inLanguage":"es"},{"@type":"WebPage","@id":"https:\/\/sindromecharge.es\/index.php\/2025\/01\/30\/gobierno-esta-ultimando-borrador-texto-proyecto-sobre-etiquetado-accesible\/","url":"https:\/\/sindromecharge.es\/index.php\/2025\/01\/30\/gobierno-esta-ultimando-borrador-texto-proyecto-sobre-etiquetado-accesible\/","name":"Bustinduy ultima la ley de etiquetado accesible: \"Hacer la compra no deber\u00eda ser una barrera\" - Asociaci\u00f3n Espa\u00f1ola S\u00edndrome de Charge","isPartOf":{"@id":"https:\/\/sindromecharge.es\/#website"},"datePublished":"2025-01-30T07:01:52+00:00","author":{"@id":"https:\/\/sindromecharge.es\/#\/schema\/person\/39a60ebe0a2b4d5a11179701e336b039"},"breadcrumb":{"@id":"https:\/\/sindromecharge.es\/index.php\/2025\/01\/30\/gobierno-esta-ultimando-borrador-texto-proyecto-sobre-etiquetado-accesible\/#breadcrumb"},"inLanguage":"es","potentialAction":[{"@type":"ReadAction","target":["https:\/\/sindromecharge.es\/index.php\/2025\/01\/30\/gobierno-esta-ultimando-borrador-texto-proyecto-sobre-etiquetado-accesible\/"]}]},{"@type":"BreadcrumbList","@id":"https:\/\/sindromecharge.es\/index.php\/2025\/01\/30\/gobierno-esta-ultimando-borrador-texto-proyecto-sobre-etiquetado-accesible\/#breadcrumb","itemListElement":[{"@type":"ListItem","position":1,"name":"Portada","item":"https:\/\/sindromecharge.es\/"},{"@type":"ListItem","position":2,"name":"Bustinduy ultima la ley de etiquetado accesible: &#8220;Hacer la compra no deber\u00eda ser una barrera&#8221;"}]},{"@type":"WebSite","@id":"https:\/\/sindromecharge.es\/#website","url":"https:\/\/sindromecharge.es\/","name":"Asociaci\u00f3n Espa\u00f1ola S\u00edndrome de Charge","description":"","potentialAction":[{"@type":"SearchAction","target":{"@type":"EntryPoint","urlTemplate":"https:\/\/sindromecharge.es\/?s={search_term_string}"},"query-input":{"@type":"PropertyValueSpecification","valueRequired":true,"valueName":"search_term_string"}}],"inLanguage":"es"},{"@type":"Person","@id":"https:\/\/sindromecharge.es\/#\/schema\/person\/39a60ebe0a2b4d5a11179701e336b039","name":"Charge","image":{"@type":"ImageObject","inLanguage":"es","@id":"https:\/\/secure.gravatar.com\/avatar\/c3b46e32a0fc3b093a0873fb767bf3293de856293065e84ef06b7ec7a8acfb98?s=96&d=identicon&r=x","url":"https:\/\/secure.gravatar.com\/avatar\/c3b46e32a0fc3b093a0873fb767bf3293de856293065e84ef06b7ec7a8acfb98?s=96&d=identicon&r=x","contentUrl":"https:\/\/secure.gravatar.com\/avatar\/c3b46e32a0fc3b093a0873fb767bf3293de856293065e84ef06b7ec7a8acfb98?s=96&d=identicon&r=x","caption":"Charge"},"url":"https:\/\/sindromecharge.es\/index.php\/author\/admin\/"}]}},"_links":{"self":[{"href":"https:\/\/sindromecharge.es\/index.php\/wp-json\/wp\/v2\/posts\/10777","targetHints":{"allow":["GET"]}}],"collection":[{"href":"https:\/\/sindromecharge.es\/index.php\/wp-json\/wp\/v2\/posts"}],"about":[{"href":"https:\/\/sindromecharge.es\/index.php\/wp-json\/wp\/v2\/types\/post"}],"author":[{"embeddable":true,"href":"https:\/\/sindromecharge.es\/index.php\/wp-json\/wp\/v2\/users\/1"}],"replies":[{"embeddable":true,"href":"https:\/\/sindromecharge.es\/index.php\/wp-json\/wp\/v2\/comments?post=10777"}],"version-history":[{"count":0,"href":"https:\/\/sindromecharge.es\/index.php\/wp-json\/wp\/v2\/posts\/10777\/revisions"}],"wp:attachment":[{"href":"https:\/\/sindromecharge.es\/index.php\/wp-json\/wp\/v2\/media?parent=10777"}],"wp:term":[{"taxonomy":"category","embeddable":true,"href":"https:\/\/sindromecharge.es\/index.php\/wp-json\/wp\/v2\/categories?post=10777"},{"taxonomy":"post_tag","embeddable":true,"href":"https:\/\/sindromecharge.es\/index.php\/wp-json\/wp\/v2\/tags?post=10777"}],"curies":[{"name":"wp","href":"https:\/\/api.w.org\/{rel}","templated":true}]}}