{"id":10776,"date":"2025-01-30T06:44:29","date_gmt":"2025-01-30T06:44:29","guid":{"rendered":"https:\/\/sindromecharge.es\/index.php\/2025\/01\/30\/gobierno-aprobara-11-febrero-anteproyecto-reforma-ley-discapacidad-dependencia\/"},"modified":"2025-01-30T06:44:29","modified_gmt":"2025-01-30T06:44:29","slug":"gobierno-aprobara-11-febrero-anteproyecto-reforma-ley-discapacidad-dependencia","status":"publish","type":"post","link":"https:\/\/sindromecharge.es\/index.php\/2025\/01\/30\/gobierno-aprobara-11-febrero-anteproyecto-reforma-ley-discapacidad-dependencia\/","title":{"rendered":"El Gobierno aprobar\u00e1 el 11 de febrero el anteproyecto de reforma de la Ley de Discapacidad y la de Dependencia"},"content":{"rendered":"<p>Leemos en Discapacidad la siguiente noticia que os reproducimos de forma \u00edntegra: <\/p>\n<div>\n<p>El <a href=\"https:\/\/www.20minutos.es\/minuteca\/consejo-de-ministros\/\" title=\"Consejo de Ministros\" target=\"_blank\">Consejo de Ministros<\/a> prev\u00e9 aprobar en su reuni\u00f3n del 11 de febrero el <b>Anteproyecto de Ley de reforma de la Ley General de<a href=\"https:\/\/www.20minutos.es\/minuteca\/discapacidad\/\" title=\"Discapacidad\" target=\"_blank\"> Discapacidad<\/a><\/b> y de la Ley de Autonom\u00eda Personal y Atenci\u00f3n a la <b><a href=\"https:\/\/www.20minutos.es\/minuteca\/dependencia\/\" title=\"Dependencia\" target=\"_blank\">Dependencia<\/a><\/b> para adaptarlas al<b> nuevo art\u00edculo 49 de la Constituci\u00f3n.<\/b><\/p>\n<p>Seg\u00fan informaron fuentes del Gobierno, a continuaci\u00f3n este anteproyecto, impulsado por el Ministerio de Derechos Sociales, Consumo y Agenda 2030,<b> saldr\u00e1 a tr\u00e1mite de audiencia p\u00fablica y consulta<\/b> de \u00f3rganos preceptivos.<\/p>\n<p>Con ello, la primera lectura de esta norma se producir\u00e1 en la semana en la que se cumplir\u00e1 un a\u00f1o de la reforma del art\u00edculo 49 de la Constituci\u00f3n, como plante\u00f3 el Comit\u00e9 Espa\u00f1ol de Representantes de Personas con Discapacidad (<a href=\"https:\/\/www.20minutos.es\/minuteca\/cermi\/\" title=\"Cermi\" target=\"_blank\">Cermi<\/a>) a modo de celebraci\u00f3n de esta efem\u00e9ride.<\/p>\n<p>Adem\u00e1s, en esas fechas se celebrar\u00e1 un <b>acto oficial de conmemoraci\u00f3n de la reforma constitucional.<\/b><\/p>\n<\/div>\n<p>Fuente: Discapacidad https:\/\/www.20minutos.es\/noticia\/5677493\/0\/gobierno-aprobara-11-febrero-anteproyecto-reforma-ley-discapacidad-dependencia\/<\/p>\n","protected":false},"excerpt":{"rendered":"<p>Este anteproyecto tiene como objetivo adaptar las leyes de discapacidad y dependencia a la reforma del art\u00edculo 49 de la Constituci\u00f3n.<\/p>\n","protected":false},"author":1,"featured_media":0,"comment_status":"closed","ping_status":"closed","sticky":false,"template":"","format":"standard","meta":{"footnotes":""},"categories":[8],"tags":[],"class_list":["post-10776","post","type-post","status-publish","format-standard","hentry","category-noticias"],"yoast_head":"<!-- This site is optimized with the Yoast SEO plugin v27.4 - https:\/\/yoast.com\/product\/yoast-seo-wordpress\/ -->\n<title>El Gobierno aprobar\u00e1 el 11 de febrero el anteproyecto de reforma de la Ley de Discapacidad y la de Dependencia - Asociaci\u00f3n Espa\u00f1ola S\u00edndrome de Charge<\/title>\n<meta name=\"robots\" content=\"index, follow, max-snippet:-1, max-image-preview:large, max-video-preview:-1\" \/>\n<link rel=\"canonical\" href=\"https:\/\/sindromecharge.es\/index.php\/2025\/01\/30\/gobierno-aprobara-11-febrero-anteproyecto-reforma-ley-discapacidad-dependencia\/\" \/>\n<meta property=\"og:locale\" content=\"es_ES\" \/>\n<meta property=\"og:type\" content=\"article\" \/>\n<meta property=\"og:title\" content=\"El Gobierno aprobar\u00e1 el 11 de febrero el anteproyecto de reforma de la Ley de Discapacidad y la de Dependencia - Asociaci\u00f3n Espa\u00f1ola S\u00edndrome de Charge\" \/>\n<meta property=\"og:description\" content=\"Este anteproyecto tiene como objetivo adaptar las leyes de discapacidad y dependencia a la reforma del art\u00edculo 49 de la Constituci\u00f3n.\" \/>\n<meta property=\"og:url\" content=\"https:\/\/sindromecharge.es\/index.php\/2025\/01\/30\/gobierno-aprobara-11-febrero-anteproyecto-reforma-ley-discapacidad-dependencia\/\" \/>\n<meta property=\"og:site_name\" content=\"Asociaci\u00f3n Espa\u00f1ola S\u00edndrome de Charge\" \/>\n<meta property=\"article:publisher\" content=\"https:\/\/www.facebook.com\/asociacionsindromecharge\" \/>\n<meta property=\"article:published_time\" content=\"2025-01-30T06:44:29+00:00\" \/>\n<meta property=\"og:image\" content=\"https:\/\/sindromecharge.es\/wp-content\/uploads\/2013\/09\/logodecharge300x98.png\" \/>\n\t<meta property=\"og:image:width\" content=\"300\" \/>\n\t<meta property=\"og:image:height\" content=\"98\" \/>\n\t<meta property=\"og:image:type\" content=\"image\/png\" \/>\n<meta name=\"author\" content=\"Charge\" \/>\n<meta name=\"twitter:card\" content=\"summary_large_image\" \/>\n<meta name=\"twitter:creator\" content=\"@sindromecharge\" \/>\n<meta name=\"twitter:site\" content=\"@sindromecharge\" \/>\n<meta name=\"twitter:label1\" content=\"Escrito por\" \/>\n\t<meta name=\"twitter:data1\" content=\"Charge\" \/>\n\t<meta name=\"twitter:label2\" content=\"Tiempo de lectura\" \/>\n\t<meta name=\"twitter:data2\" content=\"1 minuto\" \/>\n<script type=\"application\/ld+json\" class=\"yoast-schema-graph\">{\"@context\":\"https:\\\/\\\/schema.org\",\"@graph\":[{\"@type\":\"Article\",\"@id\":\"https:\\\/\\\/sindromecharge.es\\\/index.php\\\/2025\\\/01\\\/30\\\/gobierno-aprobara-11-febrero-anteproyecto-reforma-ley-discapacidad-dependencia\\\/#article\",\"isPartOf\":{\"@id\":\"https:\\\/\\\/sindromecharge.es\\\/index.php\\\/2025\\\/01\\\/30\\\/gobierno-aprobara-11-febrero-anteproyecto-reforma-ley-discapacidad-dependencia\\\/\"},\"author\":{\"name\":\"Charge\",\"@id\":\"https:\\\/\\\/sindromecharge.es\\\/#\\\/schema\\\/person\\\/39a60ebe0a2b4d5a11179701e336b039\"},\"headline\":\"El Gobierno aprobar\u00e1 el 11 de febrero el anteproyecto de reforma de la Ley de Discapacidad y la de Dependencia\",\"datePublished\":\"2025-01-30T06:44:29+00:00\",\"mainEntityOfPage\":{\"@id\":\"https:\\\/\\\/sindromecharge.es\\\/index.php\\\/2025\\\/01\\\/30\\\/gobierno-aprobara-11-febrero-anteproyecto-reforma-ley-discapacidad-dependencia\\\/\"},\"wordCount\":193,\"articleSection\":[\"noticias\"],\"inLanguage\":\"es\"},{\"@type\":\"WebPage\",\"@id\":\"https:\\\/\\\/sindromecharge.es\\\/index.php\\\/2025\\\/01\\\/30\\\/gobierno-aprobara-11-febrero-anteproyecto-reforma-ley-discapacidad-dependencia\\\/\",\"url\":\"https:\\\/\\\/sindromecharge.es\\\/index.php\\\/2025\\\/01\\\/30\\\/gobierno-aprobara-11-febrero-anteproyecto-reforma-ley-discapacidad-dependencia\\\/\",\"name\":\"El Gobierno aprobar\u00e1 el 11 de febrero el anteproyecto de reforma de la Ley de Discapacidad y la de Dependencia - Asociaci\u00f3n Espa\u00f1ola S\u00edndrome de Charge\",\"isPartOf\":{\"@id\":\"https:\\\/\\\/sindromecharge.es\\\/#website\"},\"datePublished\":\"2025-01-30T06:44:29+00:00\",\"author\":{\"@id\":\"https:\\\/\\\/sindromecharge.es\\\/#\\\/schema\\\/person\\\/39a60ebe0a2b4d5a11179701e336b039\"},\"breadcrumb\":{\"@id\":\"https:\\\/\\\/sindromecharge.es\\\/index.php\\\/2025\\\/01\\\/30\\\/gobierno-aprobara-11-febrero-anteproyecto-reforma-ley-discapacidad-dependencia\\\/#breadcrumb\"},\"inLanguage\":\"es\",\"potentialAction\":[{\"@type\":\"ReadAction\",\"target\":[\"https:\\\/\\\/sindromecharge.es\\\/index.php\\\/2025\\\/01\\\/30\\\/gobierno-aprobara-11-febrero-anteproyecto-reforma-ley-discapacidad-dependencia\\\/\"]}]},{\"@type\":\"BreadcrumbList\",\"@id\":\"https:\\\/\\\/sindromecharge.es\\\/index.php\\\/2025\\\/01\\\/30\\\/gobierno-aprobara-11-febrero-anteproyecto-reforma-ley-discapacidad-dependencia\\\/#breadcrumb\",\"itemListElement\":[{\"@type\":\"ListItem\",\"position\":1,\"name\":\"Portada\",\"item\":\"https:\\\/\\\/sindromecharge.es\\\/\"},{\"@type\":\"ListItem\",\"position\":2,\"name\":\"El Gobierno aprobar\u00e1 el 11 de febrero el anteproyecto de reforma de la Ley de Discapacidad y la de Dependencia\"}]},{\"@type\":\"WebSite\",\"@id\":\"https:\\\/\\\/sindromecharge.es\\\/#website\",\"url\":\"https:\\\/\\\/sindromecharge.es\\\/\",\"name\":\"Asociaci\u00f3n Espa\u00f1ola S\u00edndrome de Charge\",\"description\":\"\",\"potentialAction\":[{\"@type\":\"SearchAction\",\"target\":{\"@type\":\"EntryPoint\",\"urlTemplate\":\"https:\\\/\\\/sindromecharge.es\\\/?s={search_term_string}\"},\"query-input\":{\"@type\":\"PropertyValueSpecification\",\"valueRequired\":true,\"valueName\":\"search_term_string\"}}],\"inLanguage\":\"es\"},{\"@type\":\"Person\",\"@id\":\"https:\\\/\\\/sindromecharge.es\\\/#\\\/schema\\\/person\\\/39a60ebe0a2b4d5a11179701e336b039\",\"name\":\"Charge\",\"image\":{\"@type\":\"ImageObject\",\"inLanguage\":\"es\",\"@id\":\"https:\\\/\\\/secure.gravatar.com\\\/avatar\\\/c3b46e32a0fc3b093a0873fb767bf3293de856293065e84ef06b7ec7a8acfb98?s=96&d=identicon&r=x\",\"url\":\"https:\\\/\\\/secure.gravatar.com\\\/avatar\\\/c3b46e32a0fc3b093a0873fb767bf3293de856293065e84ef06b7ec7a8acfb98?s=96&d=identicon&r=x\",\"contentUrl\":\"https:\\\/\\\/secure.gravatar.com\\\/avatar\\\/c3b46e32a0fc3b093a0873fb767bf3293de856293065e84ef06b7ec7a8acfb98?s=96&d=identicon&r=x\",\"caption\":\"Charge\"},\"url\":\"https:\\\/\\\/sindromecharge.es\\\/index.php\\\/author\\\/admin\\\/\"}]}<\/script>\n<!-- \/ Yoast SEO plugin. -->","yoast_head_json":{"title":"El Gobierno aprobar\u00e1 el 11 de febrero el anteproyecto de reforma de la Ley de Discapacidad y la de Dependencia - Asociaci\u00f3n Espa\u00f1ola S\u00edndrome de Charge","robots":{"index":"index","follow":"follow","max-snippet":"max-snippet:-1","max-image-preview":"max-image-preview:large","max-video-preview":"max-video-preview:-1"},"canonical":"https:\/\/sindromecharge.es\/index.php\/2025\/01\/30\/gobierno-aprobara-11-febrero-anteproyecto-reforma-ley-discapacidad-dependencia\/","og_locale":"es_ES","og_type":"article","og_title":"El Gobierno aprobar\u00e1 el 11 de febrero el anteproyecto de reforma de la Ley de Discapacidad y la de Dependencia - Asociaci\u00f3n Espa\u00f1ola S\u00edndrome de Charge","og_description":"Este anteproyecto tiene como objetivo adaptar las leyes de discapacidad y dependencia a la reforma del art\u00edculo 49 de la Constituci\u00f3n.","og_url":"https:\/\/sindromecharge.es\/index.php\/2025\/01\/30\/gobierno-aprobara-11-febrero-anteproyecto-reforma-ley-discapacidad-dependencia\/","og_site_name":"Asociaci\u00f3n Espa\u00f1ola S\u00edndrome de Charge","article_publisher":"https:\/\/www.facebook.com\/asociacionsindromecharge","article_published_time":"2025-01-30T06:44:29+00:00","og_image":[{"width":300,"height":98,"url":"https:\/\/sindromecharge.es\/wp-content\/uploads\/2013\/09\/logodecharge300x98.png","type":"image\/png"}],"author":"Charge","twitter_card":"summary_large_image","twitter_creator":"@sindromecharge","twitter_site":"@sindromecharge","twitter_misc":{"Escrito por":"Charge","Tiempo de lectura":"1 minuto"},"schema":{"@context":"https:\/\/schema.org","@graph":[{"@type":"Article","@id":"https:\/\/sindromecharge.es\/index.php\/2025\/01\/30\/gobierno-aprobara-11-febrero-anteproyecto-reforma-ley-discapacidad-dependencia\/#article","isPartOf":{"@id":"https:\/\/sindromecharge.es\/index.php\/2025\/01\/30\/gobierno-aprobara-11-febrero-anteproyecto-reforma-ley-discapacidad-dependencia\/"},"author":{"name":"Charge","@id":"https:\/\/sindromecharge.es\/#\/schema\/person\/39a60ebe0a2b4d5a11179701e336b039"},"headline":"El Gobierno aprobar\u00e1 el 11 de febrero el anteproyecto de reforma de la Ley de Discapacidad y la de Dependencia","datePublished":"2025-01-30T06:44:29+00:00","mainEntityOfPage":{"@id":"https:\/\/sindromecharge.es\/index.php\/2025\/01\/30\/gobierno-aprobara-11-febrero-anteproyecto-reforma-ley-discapacidad-dependencia\/"},"wordCount":193,"articleSection":["noticias"],"inLanguage":"es"},{"@type":"WebPage","@id":"https:\/\/sindromecharge.es\/index.php\/2025\/01\/30\/gobierno-aprobara-11-febrero-anteproyecto-reforma-ley-discapacidad-dependencia\/","url":"https:\/\/sindromecharge.es\/index.php\/2025\/01\/30\/gobierno-aprobara-11-febrero-anteproyecto-reforma-ley-discapacidad-dependencia\/","name":"El Gobierno aprobar\u00e1 el 11 de febrero el anteproyecto de reforma de la Ley de Discapacidad y la de Dependencia - Asociaci\u00f3n Espa\u00f1ola S\u00edndrome de Charge","isPartOf":{"@id":"https:\/\/sindromecharge.es\/#website"},"datePublished":"2025-01-30T06:44:29+00:00","author":{"@id":"https:\/\/sindromecharge.es\/#\/schema\/person\/39a60ebe0a2b4d5a11179701e336b039"},"breadcrumb":{"@id":"https:\/\/sindromecharge.es\/index.php\/2025\/01\/30\/gobierno-aprobara-11-febrero-anteproyecto-reforma-ley-discapacidad-dependencia\/#breadcrumb"},"inLanguage":"es","potentialAction":[{"@type":"ReadAction","target":["https:\/\/sindromecharge.es\/index.php\/2025\/01\/30\/gobierno-aprobara-11-febrero-anteproyecto-reforma-ley-discapacidad-dependencia\/"]}]},{"@type":"BreadcrumbList","@id":"https:\/\/sindromecharge.es\/index.php\/2025\/01\/30\/gobierno-aprobara-11-febrero-anteproyecto-reforma-ley-discapacidad-dependencia\/#breadcrumb","itemListElement":[{"@type":"ListItem","position":1,"name":"Portada","item":"https:\/\/sindromecharge.es\/"},{"@type":"ListItem","position":2,"name":"El Gobierno aprobar\u00e1 el 11 de febrero el anteproyecto de reforma de la Ley de Discapacidad y la de Dependencia"}]},{"@type":"WebSite","@id":"https:\/\/sindromecharge.es\/#website","url":"https:\/\/sindromecharge.es\/","name":"Asociaci\u00f3n Espa\u00f1ola S\u00edndrome de Charge","description":"","potentialAction":[{"@type":"SearchAction","target":{"@type":"EntryPoint","urlTemplate":"https:\/\/sindromecharge.es\/?s={search_term_string}"},"query-input":{"@type":"PropertyValueSpecification","valueRequired":true,"valueName":"search_term_string"}}],"inLanguage":"es"},{"@type":"Person","@id":"https:\/\/sindromecharge.es\/#\/schema\/person\/39a60ebe0a2b4d5a11179701e336b039","name":"Charge","image":{"@type":"ImageObject","inLanguage":"es","@id":"https:\/\/secure.gravatar.com\/avatar\/c3b46e32a0fc3b093a0873fb767bf3293de856293065e84ef06b7ec7a8acfb98?s=96&d=identicon&r=x","url":"https:\/\/secure.gravatar.com\/avatar\/c3b46e32a0fc3b093a0873fb767bf3293de856293065e84ef06b7ec7a8acfb98?s=96&d=identicon&r=x","contentUrl":"https:\/\/secure.gravatar.com\/avatar\/c3b46e32a0fc3b093a0873fb767bf3293de856293065e84ef06b7ec7a8acfb98?s=96&d=identicon&r=x","caption":"Charge"},"url":"https:\/\/sindromecharge.es\/index.php\/author\/admin\/"}]}},"_links":{"self":[{"href":"https:\/\/sindromecharge.es\/index.php\/wp-json\/wp\/v2\/posts\/10776","targetHints":{"allow":["GET"]}}],"collection":[{"href":"https:\/\/sindromecharge.es\/index.php\/wp-json\/wp\/v2\/posts"}],"about":[{"href":"https:\/\/sindromecharge.es\/index.php\/wp-json\/wp\/v2\/types\/post"}],"author":[{"embeddable":true,"href":"https:\/\/sindromecharge.es\/index.php\/wp-json\/wp\/v2\/users\/1"}],"replies":[{"embeddable":true,"href":"https:\/\/sindromecharge.es\/index.php\/wp-json\/wp\/v2\/comments?post=10776"}],"version-history":[{"count":0,"href":"https:\/\/sindromecharge.es\/index.php\/wp-json\/wp\/v2\/posts\/10776\/revisions"}],"wp:attachment":[{"href":"https:\/\/sindromecharge.es\/index.php\/wp-json\/wp\/v2\/media?parent=10776"}],"wp:term":[{"taxonomy":"category","embeddable":true,"href":"https:\/\/sindromecharge.es\/index.php\/wp-json\/wp\/v2\/categories?post=10776"},{"taxonomy":"post_tag","embeddable":true,"href":"https:\/\/sindromecharge.es\/index.php\/wp-json\/wp\/v2\/tags?post=10776"}],"curies":[{"name":"wp","href":"https:\/\/api.w.org\/{rel}","templated":true}]}}