{"id":10771,"date":"2025-01-28T06:21:23","date_gmt":"2025-01-28T06:21:23","guid":{"rendered":"https:\/\/sindromecharge.es\/index.php\/2025\/01\/28\/mari-mar-freijo-los-ictus-son-primera-causa-discapacidad-adquirida\/"},"modified":"2025-01-28T06:21:23","modified_gmt":"2025-01-28T06:21:23","slug":"mari-mar-freijo-los-ictus-son-primera-causa-discapacidad-adquirida","status":"publish","type":"post","link":"https:\/\/sindromecharge.es\/index.php\/2025\/01\/28\/mari-mar-freijo-los-ictus-son-primera-causa-discapacidad-adquirida\/","title":{"rendered":"Mari Mar Freijo, neur\u00f3loga: \u00abLos ictus son la primera causa de discapacidad adquirida\u00bb"},"content":{"rendered":"<p>Leemos en Discapacidad la siguiente noticia que os reproducimos de forma \u00edntegra: <\/p>\n<div>\n<p>En Espa\u00f1a, los <a href=\"https:\/\/www.20minutos.es\/minuteca\/ictus\/\" title=\"Ictus\">ictus<\/a> son la primera causa de <a href=\"https:\/\/www.20minutos.es\/minuteca\/discapacidad\/\" title=\"Discapacidad\">discapacidad<\/a> adquirida y una de las principales emergencias m\u00e9dicas que afectan a la poblaci\u00f3n. <b>Cada minuto cuenta para garantizar un tratamiento efectivo<\/b>, pero el desconocimiento de sus s\u00edntomas sigue siendo un desaf\u00edo. Mari Mar Freijo, Coordinadora del Grupo de Estudio de Enfermedades Cerebrovasculares de la Sociedad Espa\u00f1ola de Neurolog\u00eda, explica en detalle <b>las claves de estas patolog\u00edas<\/b>, los avances en su tratamiento, las se\u00f1ales de alerta que todos debemos conocer y c\u00f3mo la investigaci\u00f3n y la prevenci\u00f3n son pilares claves.<\/p>\n<h1>Ahora contamos con medicaci\u00f3n espec\u00edfica que se puede administrar mediante sueros o cateterismos para desobstruir los vasos<\/h1>\n<\/div>\n<p>Fuente: Discapacidad https:\/\/www.20minutos.es\/noticia\/5676404\/0\/mari-mar-freijo-los-ictus-son-primera-causa-discapacidad-adquirida\/<\/p>\n","protected":false},"excerpt":{"rendered":"<p>La especialista en enfermedades cerebrovasculares desgrana el impacto de estas patolog\u00edas en la poblaci\u00f3n.<\/p>\n","protected":false},"author":1,"featured_media":0,"comment_status":"closed","ping_status":"closed","sticky":false,"template":"","format":"standard","meta":{"footnotes":""},"categories":[8],"tags":[],"class_list":["post-10771","post","type-post","status-publish","format-standard","hentry","category-noticias"],"yoast_head":"<!-- This site is optimized with the Yoast SEO plugin v27.4 - https:\/\/yoast.com\/product\/yoast-seo-wordpress\/ -->\n<title>Mari Mar Freijo, neur\u00f3loga: &quot;Los ictus son la primera causa de discapacidad adquirida&quot; - Asociaci\u00f3n Espa\u00f1ola S\u00edndrome de Charge<\/title>\n<meta name=\"robots\" content=\"index, follow, max-snippet:-1, max-image-preview:large, max-video-preview:-1\" \/>\n<link rel=\"canonical\" href=\"https:\/\/sindromecharge.es\/index.php\/2025\/01\/28\/mari-mar-freijo-los-ictus-son-primera-causa-discapacidad-adquirida\/\" \/>\n<meta property=\"og:locale\" content=\"es_ES\" \/>\n<meta property=\"og:type\" content=\"article\" \/>\n<meta property=\"og:title\" content=\"Mari Mar Freijo, neur\u00f3loga: &quot;Los ictus son la primera causa de discapacidad adquirida&quot; - Asociaci\u00f3n Espa\u00f1ola S\u00edndrome de Charge\" \/>\n<meta property=\"og:description\" content=\"La especialista en enfermedades cerebrovasculares desgrana el impacto de estas patolog\u00edas en la poblaci\u00f3n.\" \/>\n<meta property=\"og:url\" content=\"https:\/\/sindromecharge.es\/index.php\/2025\/01\/28\/mari-mar-freijo-los-ictus-son-primera-causa-discapacidad-adquirida\/\" \/>\n<meta property=\"og:site_name\" content=\"Asociaci\u00f3n Espa\u00f1ola S\u00edndrome de Charge\" \/>\n<meta property=\"article:publisher\" content=\"https:\/\/www.facebook.com\/asociacionsindromecharge\" \/>\n<meta property=\"article:published_time\" content=\"2025-01-28T06:21:23+00:00\" \/>\n<meta property=\"og:image\" content=\"https:\/\/sindromecharge.es\/wp-content\/uploads\/2013\/09\/logodecharge300x98.png\" \/>\n\t<meta property=\"og:image:width\" content=\"300\" \/>\n\t<meta property=\"og:image:height\" content=\"98\" \/>\n\t<meta property=\"og:image:type\" content=\"image\/png\" \/>\n<meta name=\"author\" content=\"Charge\" \/>\n<meta name=\"twitter:card\" content=\"summary_large_image\" \/>\n<meta name=\"twitter:creator\" content=\"@sindromecharge\" \/>\n<meta name=\"twitter:site\" content=\"@sindromecharge\" \/>\n<meta name=\"twitter:label1\" content=\"Escrito por\" \/>\n\t<meta name=\"twitter:data1\" content=\"Charge\" \/>\n\t<meta name=\"twitter:label2\" content=\"Tiempo de lectura\" \/>\n\t<meta name=\"twitter:data2\" content=\"1 minuto\" \/>\n<script type=\"application\/ld+json\" class=\"yoast-schema-graph\">{\"@context\":\"https:\\\/\\\/schema.org\",\"@graph\":[{\"@type\":\"Article\",\"@id\":\"https:\\\/\\\/sindromecharge.es\\\/index.php\\\/2025\\\/01\\\/28\\\/mari-mar-freijo-los-ictus-son-primera-causa-discapacidad-adquirida\\\/#article\",\"isPartOf\":{\"@id\":\"https:\\\/\\\/sindromecharge.es\\\/index.php\\\/2025\\\/01\\\/28\\\/mari-mar-freijo-los-ictus-son-primera-causa-discapacidad-adquirida\\\/\"},\"author\":{\"name\":\"Charge\",\"@id\":\"https:\\\/\\\/sindromecharge.es\\\/#\\\/schema\\\/person\\\/39a60ebe0a2b4d5a11179701e336b039\"},\"headline\":\"Mari Mar Freijo, neur\u00f3loga: \u00abLos ictus son la primera causa de discapacidad adquirida\u00bb\",\"datePublished\":\"2025-01-28T06:21:23+00:00\",\"mainEntityOfPage\":{\"@id\":\"https:\\\/\\\/sindromecharge.es\\\/index.php\\\/2025\\\/01\\\/28\\\/mari-mar-freijo-los-ictus-son-primera-causa-discapacidad-adquirida\\\/\"},\"wordCount\":154,\"articleSection\":[\"noticias\"],\"inLanguage\":\"es\"},{\"@type\":\"WebPage\",\"@id\":\"https:\\\/\\\/sindromecharge.es\\\/index.php\\\/2025\\\/01\\\/28\\\/mari-mar-freijo-los-ictus-son-primera-causa-discapacidad-adquirida\\\/\",\"url\":\"https:\\\/\\\/sindromecharge.es\\\/index.php\\\/2025\\\/01\\\/28\\\/mari-mar-freijo-los-ictus-son-primera-causa-discapacidad-adquirida\\\/\",\"name\":\"Mari Mar Freijo, neur\u00f3loga: \\\"Los ictus son la primera causa de discapacidad adquirida\\\" - Asociaci\u00f3n Espa\u00f1ola S\u00edndrome de Charge\",\"isPartOf\":{\"@id\":\"https:\\\/\\\/sindromecharge.es\\\/#website\"},\"datePublished\":\"2025-01-28T06:21:23+00:00\",\"author\":{\"@id\":\"https:\\\/\\\/sindromecharge.es\\\/#\\\/schema\\\/person\\\/39a60ebe0a2b4d5a11179701e336b039\"},\"breadcrumb\":{\"@id\":\"https:\\\/\\\/sindromecharge.es\\\/index.php\\\/2025\\\/01\\\/28\\\/mari-mar-freijo-los-ictus-son-primera-causa-discapacidad-adquirida\\\/#breadcrumb\"},\"inLanguage\":\"es\",\"potentialAction\":[{\"@type\":\"ReadAction\",\"target\":[\"https:\\\/\\\/sindromecharge.es\\\/index.php\\\/2025\\\/01\\\/28\\\/mari-mar-freijo-los-ictus-son-primera-causa-discapacidad-adquirida\\\/\"]}]},{\"@type\":\"BreadcrumbList\",\"@id\":\"https:\\\/\\\/sindromecharge.es\\\/index.php\\\/2025\\\/01\\\/28\\\/mari-mar-freijo-los-ictus-son-primera-causa-discapacidad-adquirida\\\/#breadcrumb\",\"itemListElement\":[{\"@type\":\"ListItem\",\"position\":1,\"name\":\"Portada\",\"item\":\"https:\\\/\\\/sindromecharge.es\\\/\"},{\"@type\":\"ListItem\",\"position\":2,\"name\":\"Mari Mar Freijo, neur\u00f3loga: &#8220;Los ictus son la primera causa de discapacidad adquirida&#8221;\"}]},{\"@type\":\"WebSite\",\"@id\":\"https:\\\/\\\/sindromecharge.es\\\/#website\",\"url\":\"https:\\\/\\\/sindromecharge.es\\\/\",\"name\":\"Asociaci\u00f3n Espa\u00f1ola S\u00edndrome de Charge\",\"description\":\"\",\"potentialAction\":[{\"@type\":\"SearchAction\",\"target\":{\"@type\":\"EntryPoint\",\"urlTemplate\":\"https:\\\/\\\/sindromecharge.es\\\/?s={search_term_string}\"},\"query-input\":{\"@type\":\"PropertyValueSpecification\",\"valueRequired\":true,\"valueName\":\"search_term_string\"}}],\"inLanguage\":\"es\"},{\"@type\":\"Person\",\"@id\":\"https:\\\/\\\/sindromecharge.es\\\/#\\\/schema\\\/person\\\/39a60ebe0a2b4d5a11179701e336b039\",\"name\":\"Charge\",\"image\":{\"@type\":\"ImageObject\",\"inLanguage\":\"es\",\"@id\":\"https:\\\/\\\/secure.gravatar.com\\\/avatar\\\/c3b46e32a0fc3b093a0873fb767bf3293de856293065e84ef06b7ec7a8acfb98?s=96&d=identicon&r=x\",\"url\":\"https:\\\/\\\/secure.gravatar.com\\\/avatar\\\/c3b46e32a0fc3b093a0873fb767bf3293de856293065e84ef06b7ec7a8acfb98?s=96&d=identicon&r=x\",\"contentUrl\":\"https:\\\/\\\/secure.gravatar.com\\\/avatar\\\/c3b46e32a0fc3b093a0873fb767bf3293de856293065e84ef06b7ec7a8acfb98?s=96&d=identicon&r=x\",\"caption\":\"Charge\"},\"url\":\"https:\\\/\\\/sindromecharge.es\\\/index.php\\\/author\\\/admin\\\/\"}]}<\/script>\n<!-- \/ Yoast SEO plugin. -->","yoast_head_json":{"title":"Mari Mar Freijo, neur\u00f3loga: \"Los ictus son la primera causa de discapacidad adquirida\" - Asociaci\u00f3n Espa\u00f1ola S\u00edndrome de Charge","robots":{"index":"index","follow":"follow","max-snippet":"max-snippet:-1","max-image-preview":"max-image-preview:large","max-video-preview":"max-video-preview:-1"},"canonical":"https:\/\/sindromecharge.es\/index.php\/2025\/01\/28\/mari-mar-freijo-los-ictus-son-primera-causa-discapacidad-adquirida\/","og_locale":"es_ES","og_type":"article","og_title":"Mari Mar Freijo, neur\u00f3loga: \"Los ictus son la primera causa de discapacidad adquirida\" - Asociaci\u00f3n Espa\u00f1ola S\u00edndrome de Charge","og_description":"La especialista en enfermedades cerebrovasculares desgrana el impacto de estas patolog\u00edas en la poblaci\u00f3n.","og_url":"https:\/\/sindromecharge.es\/index.php\/2025\/01\/28\/mari-mar-freijo-los-ictus-son-primera-causa-discapacidad-adquirida\/","og_site_name":"Asociaci\u00f3n Espa\u00f1ola S\u00edndrome de Charge","article_publisher":"https:\/\/www.facebook.com\/asociacionsindromecharge","article_published_time":"2025-01-28T06:21:23+00:00","og_image":[{"width":300,"height":98,"url":"https:\/\/sindromecharge.es\/wp-content\/uploads\/2013\/09\/logodecharge300x98.png","type":"image\/png"}],"author":"Charge","twitter_card":"summary_large_image","twitter_creator":"@sindromecharge","twitter_site":"@sindromecharge","twitter_misc":{"Escrito por":"Charge","Tiempo de lectura":"1 minuto"},"schema":{"@context":"https:\/\/schema.org","@graph":[{"@type":"Article","@id":"https:\/\/sindromecharge.es\/index.php\/2025\/01\/28\/mari-mar-freijo-los-ictus-son-primera-causa-discapacidad-adquirida\/#article","isPartOf":{"@id":"https:\/\/sindromecharge.es\/index.php\/2025\/01\/28\/mari-mar-freijo-los-ictus-son-primera-causa-discapacidad-adquirida\/"},"author":{"name":"Charge","@id":"https:\/\/sindromecharge.es\/#\/schema\/person\/39a60ebe0a2b4d5a11179701e336b039"},"headline":"Mari Mar Freijo, neur\u00f3loga: \u00abLos ictus son la primera causa de discapacidad adquirida\u00bb","datePublished":"2025-01-28T06:21:23+00:00","mainEntityOfPage":{"@id":"https:\/\/sindromecharge.es\/index.php\/2025\/01\/28\/mari-mar-freijo-los-ictus-son-primera-causa-discapacidad-adquirida\/"},"wordCount":154,"articleSection":["noticias"],"inLanguage":"es"},{"@type":"WebPage","@id":"https:\/\/sindromecharge.es\/index.php\/2025\/01\/28\/mari-mar-freijo-los-ictus-son-primera-causa-discapacidad-adquirida\/","url":"https:\/\/sindromecharge.es\/index.php\/2025\/01\/28\/mari-mar-freijo-los-ictus-son-primera-causa-discapacidad-adquirida\/","name":"Mari Mar Freijo, neur\u00f3loga: \"Los ictus son la primera causa de discapacidad adquirida\" - Asociaci\u00f3n Espa\u00f1ola S\u00edndrome de Charge","isPartOf":{"@id":"https:\/\/sindromecharge.es\/#website"},"datePublished":"2025-01-28T06:21:23+00:00","author":{"@id":"https:\/\/sindromecharge.es\/#\/schema\/person\/39a60ebe0a2b4d5a11179701e336b039"},"breadcrumb":{"@id":"https:\/\/sindromecharge.es\/index.php\/2025\/01\/28\/mari-mar-freijo-los-ictus-son-primera-causa-discapacidad-adquirida\/#breadcrumb"},"inLanguage":"es","potentialAction":[{"@type":"ReadAction","target":["https:\/\/sindromecharge.es\/index.php\/2025\/01\/28\/mari-mar-freijo-los-ictus-son-primera-causa-discapacidad-adquirida\/"]}]},{"@type":"BreadcrumbList","@id":"https:\/\/sindromecharge.es\/index.php\/2025\/01\/28\/mari-mar-freijo-los-ictus-son-primera-causa-discapacidad-adquirida\/#breadcrumb","itemListElement":[{"@type":"ListItem","position":1,"name":"Portada","item":"https:\/\/sindromecharge.es\/"},{"@type":"ListItem","position":2,"name":"Mari Mar Freijo, neur\u00f3loga: &#8220;Los ictus son la primera causa de discapacidad adquirida&#8221;"}]},{"@type":"WebSite","@id":"https:\/\/sindromecharge.es\/#website","url":"https:\/\/sindromecharge.es\/","name":"Asociaci\u00f3n Espa\u00f1ola S\u00edndrome de Charge","description":"","potentialAction":[{"@type":"SearchAction","target":{"@type":"EntryPoint","urlTemplate":"https:\/\/sindromecharge.es\/?s={search_term_string}"},"query-input":{"@type":"PropertyValueSpecification","valueRequired":true,"valueName":"search_term_string"}}],"inLanguage":"es"},{"@type":"Person","@id":"https:\/\/sindromecharge.es\/#\/schema\/person\/39a60ebe0a2b4d5a11179701e336b039","name":"Charge","image":{"@type":"ImageObject","inLanguage":"es","@id":"https:\/\/secure.gravatar.com\/avatar\/c3b46e32a0fc3b093a0873fb767bf3293de856293065e84ef06b7ec7a8acfb98?s=96&d=identicon&r=x","url":"https:\/\/secure.gravatar.com\/avatar\/c3b46e32a0fc3b093a0873fb767bf3293de856293065e84ef06b7ec7a8acfb98?s=96&d=identicon&r=x","contentUrl":"https:\/\/secure.gravatar.com\/avatar\/c3b46e32a0fc3b093a0873fb767bf3293de856293065e84ef06b7ec7a8acfb98?s=96&d=identicon&r=x","caption":"Charge"},"url":"https:\/\/sindromecharge.es\/index.php\/author\/admin\/"}]}},"_links":{"self":[{"href":"https:\/\/sindromecharge.es\/index.php\/wp-json\/wp\/v2\/posts\/10771","targetHints":{"allow":["GET"]}}],"collection":[{"href":"https:\/\/sindromecharge.es\/index.php\/wp-json\/wp\/v2\/posts"}],"about":[{"href":"https:\/\/sindromecharge.es\/index.php\/wp-json\/wp\/v2\/types\/post"}],"author":[{"embeddable":true,"href":"https:\/\/sindromecharge.es\/index.php\/wp-json\/wp\/v2\/users\/1"}],"replies":[{"embeddable":true,"href":"https:\/\/sindromecharge.es\/index.php\/wp-json\/wp\/v2\/comments?post=10771"}],"version-history":[{"count":0,"href":"https:\/\/sindromecharge.es\/index.php\/wp-json\/wp\/v2\/posts\/10771\/revisions"}],"wp:attachment":[{"href":"https:\/\/sindromecharge.es\/index.php\/wp-json\/wp\/v2\/media?parent=10771"}],"wp:term":[{"taxonomy":"category","embeddable":true,"href":"https:\/\/sindromecharge.es\/index.php\/wp-json\/wp\/v2\/categories?post=10771"},{"taxonomy":"post_tag","embeddable":true,"href":"https:\/\/sindromecharge.es\/index.php\/wp-json\/wp\/v2\/tags?post=10771"}],"curies":[{"name":"wp","href":"https:\/\/api.w.org\/{rel}","templated":true}]}}