{"id":10770,"date":"2025-01-28T06:21:09","date_gmt":"2025-01-28T06:21:09","guid":{"rendered":"https:\/\/sindromecharge.es\/index.php\/2025\/01\/28\/carmen-flores-defensor-paciente-cuanto-haya-sospecha-negligencia-medica-hay-que-denunciar\/"},"modified":"2025-01-28T06:21:09","modified_gmt":"2025-01-28T06:21:09","slug":"carmen-flores-defensor-paciente-cuanto-haya-sospecha-negligencia-medica-hay-que-denunciar","status":"publish","type":"post","link":"https:\/\/sindromecharge.es\/index.php\/2025\/01\/28\/carmen-flores-defensor-paciente-cuanto-haya-sospecha-negligencia-medica-hay-que-denunciar\/","title":{"rendered":"Carmen Flores, del Defensor del Paciente: \u00abEn cuanto haya sospecha de negligencia m\u00e9dica, hay que denunciar\u00bb"},"content":{"rendered":"<p>Leemos en Discapacidad la siguiente noticia que os reproducimos de forma \u00edntegra: <\/p>\n<div>\n<p>Hace unos d\u00edas, se hizo p\u00fablico un nuevo <a href=\"https:\/\/www.negligenciasmedicas.com\/cache\/files\/documentos\/memoria-2024.pdf\" target=\"_blank\" rel=\"nofollow\">informe anual<\/a> de la asociaci\u00f3n <b>El Defensor del paciente<\/b> que pon\u00eda de manifiesto, no solo el aumento del n\u00famero de denuncias por negligencias m\u00e9dicas, sino tambi\u00e9n por casos que<b> terminaron en <a href=\"https:\/\/www.20minutos.es\/minuteca\/discapacidad\/\" title=\"Discapacidad\" target=\"_blank\">discapacidad<\/a><\/b>.<\/p>\n<p>Concretamente, en 2024, <b>recibieron 134 denuncias de personas que hab\u00edan adquirido una discapacidad<\/b> a causa de una <a href=\"https:\/\/www.20minutos.es\/minuteca\/negligencias-medicas\/\" title=\"Negligencias m\u00e9dicas\" target=\"_blank\">negligencia m\u00e9dica<\/a> despu\u00e9s de una intervenci\u00f3n quir\u00fargica, (33 casos -un 30%- m\u00e1s que el a\u00f1o anterior) y 108 denuncias -3 m\u00e1s que en 2023- por <b>beb\u00e9s que nacieron con alguna discapacidad tras partos <\/b>llevados de forma inadecuada o con f\u00f3rceps, causando secuelas como sufrimiento fetal o par\u00e1lisis cerebral o braquial.<\/p>\n<p>Se trata de algo m\u00e1s habitual de lo que parece, a pesar de que no suele ocupar tantos titulares como los fallecimientos por esta raz\u00f3n, que tambi\u00e9n van en aumento, \u00aben cada entrevista que me hacen siempre pongo de manifiesto esta realidad, y es que<b> muchas personas adquieren una discapacidad debido a una negligencia m\u00e9dica<\/b>, incluso discapacidades muy graves como paraplejias, tetraplejias, p\u00e9rdida de miembros, discapacidades ps\u00edquicas\u2026 y no solo por operaciones, <b>tambi\u00e9n por las listas de espera,<\/b> como un c\u00e1ncer que no se ha detectado a tiempo\u00bb, asegura Carmen Flores, presidenta de la asociaci\u00f3n.<\/p>\n<h2>Falta de medios: causa principal de las negligencias<\/h2>\n<p>Los motivos que, desde la asociaci\u00f3n, apuntan como los m\u00e1s frecuentes de las negligencias que dejan secuelas incapacitantes son los mismos que causan el resto de negligencias, principalmente, \u00abla falta de medios, la falta de personal\u2026 que provocan que <b>la atenci\u00f3n sea tard\u00eda<\/b>, que las urgencias est\u00e9n saturadas o que las altas sea precipitadas. Es decir, que <b>la atenci\u00f3n no sea la adecuada<\/b>, lo que eleva las probabilidades de que haya un fallo y, por tanto, que los pacientes terminen con una discapacidad\u00bb.<\/p>\n<p>Las operaciones cuyas negligencias causan m\u00e1s n\u00famero de secuelas con discapacidad seg\u00fan Flores son las de <b>traumatolog\u00eda<\/b>, que suelen ser sobre todo f\u00edsicas. Sin embargo, desde la asociaci\u00f3n quieren destacar que son las cirug\u00edas que <b>tiene que ver con el sistema nervioso, especialmente el cerebro<\/b>, las que provocan <b>discapacidades m\u00e1s graves<\/b>.<\/p>\n<p>En cuanto a los casos que nacen con una discapacidad tras el parto, desde la asociaci\u00f3n apuntan, sobre todo, a la tardanza en actuar, \u00ab<b>el empecinamiento en que el parto sea natural<\/b>, que est\u00e1 bien en general, pero las mujeres en Espa\u00f1a tienen los hijos a una edad tard\u00eda y, obviamente, m\u00e1s dificultad para parir. Otros casos pueden ser una patolog\u00eda no detectada y que,<b> como consecuencia de la tardanza, el ni\u00f1o termina con una discapacidad\u00bb<\/b>, apunta Carmen Flores.<\/p>\n<h1>Cuando ocurre una negligencia m\u00e9dica, hay mucho sufrimiento y muy pocas ayudas<\/h1>\n<h2>Qu\u00e9 hacer ante la sospecha de una negligencia m\u00e9dica<\/h2>\n<p>Una negligencia m\u00e9dica que termina en una discapacidad de por vida, como toda discapacidad, no s\u00f3lo afecta a la persona en s\u00ed, sino tambi\u00e9n a su entorno, que tiene que recomponer su vida en torno a la discapacidad de su familiar. Carmen Flores lo vivi\u00f3 en sus propias carnes hace m\u00e1s de 20 a\u00f1os, cuando <b>su hijo Miguel \u00c1ngel qued\u00f3 tetrapl\u00e9jico tras una operaci\u00f3n de columna<\/b>, \u00abcuando esto ocurre, hay mucho sufrimiento y muy pocas ayudas y, en nuestro caso, muchas visitas al hospital durante toda su vida. Yo me tuve que hacer un master en las pocas ayudas que existen para, por ejemplo, sillas de ruedas o para habilitar la casa. Gracias a unos amigos de mi marido que nos ayudaron, le compramos una gr\u00faa para ba\u00f1arle, tuvimos que comprar y adaptar una furgoneta para llevarle, una<a href=\"https:\/\/www.20minutos.es\/minuteca\/silla-de-ruedas\/\" title=\"Silla de ruedas\" target=\"_blank\"> silla de ruedas<\/a> que llevaba \u00e9l mismo con la \u00fanica mano que pod\u00eda mover\u2026 Esto no te lo digo para dar lastima, sino para que se vea a lo que nos enfrentamos las familias despu\u00e9s de una negligencia como la de mi hijo\u00bb. <\/p>\n<p>Todos estos gastos extra, adem\u00e1s, tienen que sufragarlos la familia, porque<b> las indemnizaciones, si llegan, pueden tardar a\u00f1os<\/b>, e incluso, si se tarda en denunciar, ya es tarde. Por eso, en caso de sospecha de negligencia, desde la asociaci\u00f3n El defensor del paciente invitar a denunciar cuanto antes, \u00abmuchas veces acuden a nosotros cuando ya se ha pasado el plazo, que es de un a\u00f1o desde que se conoce la negligencia en la sanidad p\u00fablica y de cinco en la privada. Pero el sufrimiento no para en un a\u00f1o ni en cinco\u00bb, asegura Carmen con indignaci\u00f3n, \u00abadem\u00e1s de que es algo totalmente injusto y discriminatorio que haya esa distinci\u00f3n entre la p\u00fablica y la privada\u00bb. <\/p>\n<h1>Muchas veces acuden a nosotros cuando se ha pasado el plazo<\/h1>\n<p>\u00abAnte cualquier sospecha de negligencia hay que denunciar\u00bb, insiste, y con la ayuda de un abogado especialista, \u00abque sea experto en derecho sanitario para que lo estudie, y tambi\u00e9n recomendamos que miren su seguro de casa, pues suelen tener una cantidad para justicia, y as\u00ed les ayude a sufragar el coste. De hecho, <b>muchos abandonan por no tener medios para costear los procesos judiciales<\/b>, que es Espa\u00f1a son muy caros\u00bb, advierte. Adem\u00e1s, aun en el caso de que sean favorables, los procesos judiciales se pueden alargar, de media, tres o cuatro a\u00f1os.<\/p>\n<p>Pero, en caso de que se decida denunciar, \u00bfsuele ser la sentencia favorable al paciente? Esta es, seg\u00fan Carmen Flores, &#8216;la pregunta del mill\u00f3n&#8217;, \u00abhasta que llega al juez de turno no lo sabremos, porque <b>hay jueces muy benevolentes con las negligencias<\/b>, tan benevolentes que la tetraplejia de mi hijo para una juez fueron 12.000 euros y, por protestar, dos condenas en costas. Mi hijo falleci\u00f3 tambi\u00e9n con el dolor de c\u00f3mo valoraron su vida\u00bb. <\/p>\n<p>Sin embargo, desde la asociaci\u00f3n invita a que no se desanimen por casos como el suyo, pues, \u00abel caso de Miguel \u00c1ngel es casi una excepci\u00f3n, pues, afortunadamente, cada vez hay m\u00e1s sentencias favorables\u00bb. Sin embargo, como reconoce la presidenta de la asociaci\u00f3n El Defensor del paciente, \u00ab<b>no hay dinero que pueda pagar el da\u00f1o\u00bb<\/b>. <\/p>\n<\/div>\n<p>Fuente: Discapacidad https:\/\/www.20minutos.es\/noticia\/5676375\/0\/carmen-flores-defensor-paciente-cuanto-haya-sospecha-negligencia-medica-hay-que-denunciar\/<\/p>\n","protected":false},"excerpt":{"rendered":"<p>Los casos de discapacidad por un negligencia m\u00e9dica subieron m\u00e1s un 30% de 2023 a 2024.<\/p>\n","protected":false},"author":1,"featured_media":0,"comment_status":"closed","ping_status":"closed","sticky":false,"template":"","format":"standard","meta":{"footnotes":""},"categories":[8],"tags":[],"class_list":["post-10770","post","type-post","status-publish","format-standard","hentry","category-noticias"],"yoast_head":"<!-- This site is optimized with the Yoast SEO plugin v27.4 - https:\/\/yoast.com\/product\/yoast-seo-wordpress\/ -->\n<title>Carmen Flores, del Defensor del Paciente: &quot;En cuanto haya sospecha de negligencia m\u00e9dica, hay que denunciar&quot; - Asociaci\u00f3n Espa\u00f1ola S\u00edndrome de Charge<\/title>\n<meta name=\"robots\" content=\"index, follow, max-snippet:-1, max-image-preview:large, max-video-preview:-1\" \/>\n<link rel=\"canonical\" href=\"https:\/\/sindromecharge.es\/index.php\/2025\/01\/28\/carmen-flores-defensor-paciente-cuanto-haya-sospecha-negligencia-medica-hay-que-denunciar\/\" \/>\n<meta property=\"og:locale\" content=\"es_ES\" \/>\n<meta property=\"og:type\" content=\"article\" \/>\n<meta property=\"og:title\" content=\"Carmen Flores, del Defensor del Paciente: &quot;En cuanto haya sospecha de negligencia m\u00e9dica, hay que denunciar&quot; - Asociaci\u00f3n Espa\u00f1ola S\u00edndrome de Charge\" \/>\n<meta property=\"og:description\" content=\"Los casos de discapacidad por un negligencia m\u00e9dica subieron m\u00e1s un 30% de 2023 a 2024.\" \/>\n<meta property=\"og:url\" content=\"https:\/\/sindromecharge.es\/index.php\/2025\/01\/28\/carmen-flores-defensor-paciente-cuanto-haya-sospecha-negligencia-medica-hay-que-denunciar\/\" \/>\n<meta property=\"og:site_name\" content=\"Asociaci\u00f3n Espa\u00f1ola S\u00edndrome de Charge\" \/>\n<meta property=\"article:publisher\" content=\"https:\/\/www.facebook.com\/asociacionsindromecharge\" \/>\n<meta property=\"article:published_time\" content=\"2025-01-28T06:21:09+00:00\" \/>\n<meta property=\"og:image\" content=\"https:\/\/sindromecharge.es\/wp-content\/uploads\/2013\/09\/logodecharge300x98.png\" \/>\n\t<meta property=\"og:image:width\" content=\"300\" \/>\n\t<meta property=\"og:image:height\" content=\"98\" \/>\n\t<meta property=\"og:image:type\" content=\"image\/png\" \/>\n<meta name=\"author\" content=\"Charge\" \/>\n<meta name=\"twitter:card\" content=\"summary_large_image\" \/>\n<meta name=\"twitter:creator\" content=\"@sindromecharge\" \/>\n<meta name=\"twitter:site\" content=\"@sindromecharge\" \/>\n<meta name=\"twitter:label1\" content=\"Escrito por\" \/>\n\t<meta name=\"twitter:data1\" content=\"Charge\" \/>\n\t<meta name=\"twitter:label2\" content=\"Tiempo de lectura\" \/>\n\t<meta name=\"twitter:data2\" content=\"5 minutos\" \/>\n<script type=\"application\/ld+json\" class=\"yoast-schema-graph\">{\"@context\":\"https:\\\/\\\/schema.org\",\"@graph\":[{\"@type\":\"Article\",\"@id\":\"https:\\\/\\\/sindromecharge.es\\\/index.php\\\/2025\\\/01\\\/28\\\/carmen-flores-defensor-paciente-cuanto-haya-sospecha-negligencia-medica-hay-que-denunciar\\\/#article\",\"isPartOf\":{\"@id\":\"https:\\\/\\\/sindromecharge.es\\\/index.php\\\/2025\\\/01\\\/28\\\/carmen-flores-defensor-paciente-cuanto-haya-sospecha-negligencia-medica-hay-que-denunciar\\\/\"},\"author\":{\"name\":\"Charge\",\"@id\":\"https:\\\/\\\/sindromecharge.es\\\/#\\\/schema\\\/person\\\/39a60ebe0a2b4d5a11179701e336b039\"},\"headline\":\"Carmen Flores, del Defensor del Paciente: \u00abEn cuanto haya sospecha de negligencia m\u00e9dica, hay que denunciar\u00bb\",\"datePublished\":\"2025-01-28T06:21:09+00:00\",\"mainEntityOfPage\":{\"@id\":\"https:\\\/\\\/sindromecharge.es\\\/index.php\\\/2025\\\/01\\\/28\\\/carmen-flores-defensor-paciente-cuanto-haya-sospecha-negligencia-medica-hay-que-denunciar\\\/\"},\"wordCount\":1087,\"articleSection\":[\"noticias\"],\"inLanguage\":\"es\"},{\"@type\":\"WebPage\",\"@id\":\"https:\\\/\\\/sindromecharge.es\\\/index.php\\\/2025\\\/01\\\/28\\\/carmen-flores-defensor-paciente-cuanto-haya-sospecha-negligencia-medica-hay-que-denunciar\\\/\",\"url\":\"https:\\\/\\\/sindromecharge.es\\\/index.php\\\/2025\\\/01\\\/28\\\/carmen-flores-defensor-paciente-cuanto-haya-sospecha-negligencia-medica-hay-que-denunciar\\\/\",\"name\":\"Carmen Flores, del Defensor del Paciente: \\\"En cuanto haya sospecha de negligencia m\u00e9dica, hay que denunciar\\\" - Asociaci\u00f3n Espa\u00f1ola S\u00edndrome de Charge\",\"isPartOf\":{\"@id\":\"https:\\\/\\\/sindromecharge.es\\\/#website\"},\"datePublished\":\"2025-01-28T06:21:09+00:00\",\"author\":{\"@id\":\"https:\\\/\\\/sindromecharge.es\\\/#\\\/schema\\\/person\\\/39a60ebe0a2b4d5a11179701e336b039\"},\"breadcrumb\":{\"@id\":\"https:\\\/\\\/sindromecharge.es\\\/index.php\\\/2025\\\/01\\\/28\\\/carmen-flores-defensor-paciente-cuanto-haya-sospecha-negligencia-medica-hay-que-denunciar\\\/#breadcrumb\"},\"inLanguage\":\"es\",\"potentialAction\":[{\"@type\":\"ReadAction\",\"target\":[\"https:\\\/\\\/sindromecharge.es\\\/index.php\\\/2025\\\/01\\\/28\\\/carmen-flores-defensor-paciente-cuanto-haya-sospecha-negligencia-medica-hay-que-denunciar\\\/\"]}]},{\"@type\":\"BreadcrumbList\",\"@id\":\"https:\\\/\\\/sindromecharge.es\\\/index.php\\\/2025\\\/01\\\/28\\\/carmen-flores-defensor-paciente-cuanto-haya-sospecha-negligencia-medica-hay-que-denunciar\\\/#breadcrumb\",\"itemListElement\":[{\"@type\":\"ListItem\",\"position\":1,\"name\":\"Portada\",\"item\":\"https:\\\/\\\/sindromecharge.es\\\/\"},{\"@type\":\"ListItem\",\"position\":2,\"name\":\"Carmen Flores, del Defensor del Paciente: &#8220;En cuanto haya sospecha de negligencia m\u00e9dica, hay que denunciar&#8221;\"}]},{\"@type\":\"WebSite\",\"@id\":\"https:\\\/\\\/sindromecharge.es\\\/#website\",\"url\":\"https:\\\/\\\/sindromecharge.es\\\/\",\"name\":\"Asociaci\u00f3n Espa\u00f1ola S\u00edndrome de Charge\",\"description\":\"\",\"potentialAction\":[{\"@type\":\"SearchAction\",\"target\":{\"@type\":\"EntryPoint\",\"urlTemplate\":\"https:\\\/\\\/sindromecharge.es\\\/?s={search_term_string}\"},\"query-input\":{\"@type\":\"PropertyValueSpecification\",\"valueRequired\":true,\"valueName\":\"search_term_string\"}}],\"inLanguage\":\"es\"},{\"@type\":\"Person\",\"@id\":\"https:\\\/\\\/sindromecharge.es\\\/#\\\/schema\\\/person\\\/39a60ebe0a2b4d5a11179701e336b039\",\"name\":\"Charge\",\"image\":{\"@type\":\"ImageObject\",\"inLanguage\":\"es\",\"@id\":\"https:\\\/\\\/secure.gravatar.com\\\/avatar\\\/c3b46e32a0fc3b093a0873fb767bf3293de856293065e84ef06b7ec7a8acfb98?s=96&d=identicon&r=x\",\"url\":\"https:\\\/\\\/secure.gravatar.com\\\/avatar\\\/c3b46e32a0fc3b093a0873fb767bf3293de856293065e84ef06b7ec7a8acfb98?s=96&d=identicon&r=x\",\"contentUrl\":\"https:\\\/\\\/secure.gravatar.com\\\/avatar\\\/c3b46e32a0fc3b093a0873fb767bf3293de856293065e84ef06b7ec7a8acfb98?s=96&d=identicon&r=x\",\"caption\":\"Charge\"},\"url\":\"https:\\\/\\\/sindromecharge.es\\\/index.php\\\/author\\\/admin\\\/\"}]}<\/script>\n<!-- \/ Yoast SEO plugin. -->","yoast_head_json":{"title":"Carmen Flores, del Defensor del Paciente: \"En cuanto haya sospecha de negligencia m\u00e9dica, hay que denunciar\" - Asociaci\u00f3n Espa\u00f1ola S\u00edndrome de Charge","robots":{"index":"index","follow":"follow","max-snippet":"max-snippet:-1","max-image-preview":"max-image-preview:large","max-video-preview":"max-video-preview:-1"},"canonical":"https:\/\/sindromecharge.es\/index.php\/2025\/01\/28\/carmen-flores-defensor-paciente-cuanto-haya-sospecha-negligencia-medica-hay-que-denunciar\/","og_locale":"es_ES","og_type":"article","og_title":"Carmen Flores, del Defensor del Paciente: \"En cuanto haya sospecha de negligencia m\u00e9dica, hay que denunciar\" - Asociaci\u00f3n Espa\u00f1ola S\u00edndrome de Charge","og_description":"Los casos de discapacidad por un negligencia m\u00e9dica subieron m\u00e1s un 30% de 2023 a 2024.","og_url":"https:\/\/sindromecharge.es\/index.php\/2025\/01\/28\/carmen-flores-defensor-paciente-cuanto-haya-sospecha-negligencia-medica-hay-que-denunciar\/","og_site_name":"Asociaci\u00f3n Espa\u00f1ola S\u00edndrome de Charge","article_publisher":"https:\/\/www.facebook.com\/asociacionsindromecharge","article_published_time":"2025-01-28T06:21:09+00:00","og_image":[{"width":300,"height":98,"url":"https:\/\/sindromecharge.es\/wp-content\/uploads\/2013\/09\/logodecharge300x98.png","type":"image\/png"}],"author":"Charge","twitter_card":"summary_large_image","twitter_creator":"@sindromecharge","twitter_site":"@sindromecharge","twitter_misc":{"Escrito por":"Charge","Tiempo de lectura":"5 minutos"},"schema":{"@context":"https:\/\/schema.org","@graph":[{"@type":"Article","@id":"https:\/\/sindromecharge.es\/index.php\/2025\/01\/28\/carmen-flores-defensor-paciente-cuanto-haya-sospecha-negligencia-medica-hay-que-denunciar\/#article","isPartOf":{"@id":"https:\/\/sindromecharge.es\/index.php\/2025\/01\/28\/carmen-flores-defensor-paciente-cuanto-haya-sospecha-negligencia-medica-hay-que-denunciar\/"},"author":{"name":"Charge","@id":"https:\/\/sindromecharge.es\/#\/schema\/person\/39a60ebe0a2b4d5a11179701e336b039"},"headline":"Carmen Flores, del Defensor del Paciente: \u00abEn cuanto haya sospecha de negligencia m\u00e9dica, hay que denunciar\u00bb","datePublished":"2025-01-28T06:21:09+00:00","mainEntityOfPage":{"@id":"https:\/\/sindromecharge.es\/index.php\/2025\/01\/28\/carmen-flores-defensor-paciente-cuanto-haya-sospecha-negligencia-medica-hay-que-denunciar\/"},"wordCount":1087,"articleSection":["noticias"],"inLanguage":"es"},{"@type":"WebPage","@id":"https:\/\/sindromecharge.es\/index.php\/2025\/01\/28\/carmen-flores-defensor-paciente-cuanto-haya-sospecha-negligencia-medica-hay-que-denunciar\/","url":"https:\/\/sindromecharge.es\/index.php\/2025\/01\/28\/carmen-flores-defensor-paciente-cuanto-haya-sospecha-negligencia-medica-hay-que-denunciar\/","name":"Carmen Flores, del Defensor del Paciente: \"En cuanto haya sospecha de negligencia m\u00e9dica, hay que denunciar\" - Asociaci\u00f3n Espa\u00f1ola S\u00edndrome de Charge","isPartOf":{"@id":"https:\/\/sindromecharge.es\/#website"},"datePublished":"2025-01-28T06:21:09+00:00","author":{"@id":"https:\/\/sindromecharge.es\/#\/schema\/person\/39a60ebe0a2b4d5a11179701e336b039"},"breadcrumb":{"@id":"https:\/\/sindromecharge.es\/index.php\/2025\/01\/28\/carmen-flores-defensor-paciente-cuanto-haya-sospecha-negligencia-medica-hay-que-denunciar\/#breadcrumb"},"inLanguage":"es","potentialAction":[{"@type":"ReadAction","target":["https:\/\/sindromecharge.es\/index.php\/2025\/01\/28\/carmen-flores-defensor-paciente-cuanto-haya-sospecha-negligencia-medica-hay-que-denunciar\/"]}]},{"@type":"BreadcrumbList","@id":"https:\/\/sindromecharge.es\/index.php\/2025\/01\/28\/carmen-flores-defensor-paciente-cuanto-haya-sospecha-negligencia-medica-hay-que-denunciar\/#breadcrumb","itemListElement":[{"@type":"ListItem","position":1,"name":"Portada","item":"https:\/\/sindromecharge.es\/"},{"@type":"ListItem","position":2,"name":"Carmen Flores, del Defensor del Paciente: &#8220;En cuanto haya sospecha de negligencia m\u00e9dica, hay que denunciar&#8221;"}]},{"@type":"WebSite","@id":"https:\/\/sindromecharge.es\/#website","url":"https:\/\/sindromecharge.es\/","name":"Asociaci\u00f3n Espa\u00f1ola S\u00edndrome de Charge","description":"","potentialAction":[{"@type":"SearchAction","target":{"@type":"EntryPoint","urlTemplate":"https:\/\/sindromecharge.es\/?s={search_term_string}"},"query-input":{"@type":"PropertyValueSpecification","valueRequired":true,"valueName":"search_term_string"}}],"inLanguage":"es"},{"@type":"Person","@id":"https:\/\/sindromecharge.es\/#\/schema\/person\/39a60ebe0a2b4d5a11179701e336b039","name":"Charge","image":{"@type":"ImageObject","inLanguage":"es","@id":"https:\/\/secure.gravatar.com\/avatar\/c3b46e32a0fc3b093a0873fb767bf3293de856293065e84ef06b7ec7a8acfb98?s=96&d=identicon&r=x","url":"https:\/\/secure.gravatar.com\/avatar\/c3b46e32a0fc3b093a0873fb767bf3293de856293065e84ef06b7ec7a8acfb98?s=96&d=identicon&r=x","contentUrl":"https:\/\/secure.gravatar.com\/avatar\/c3b46e32a0fc3b093a0873fb767bf3293de856293065e84ef06b7ec7a8acfb98?s=96&d=identicon&r=x","caption":"Charge"},"url":"https:\/\/sindromecharge.es\/index.php\/author\/admin\/"}]}},"_links":{"self":[{"href":"https:\/\/sindromecharge.es\/index.php\/wp-json\/wp\/v2\/posts\/10770","targetHints":{"allow":["GET"]}}],"collection":[{"href":"https:\/\/sindromecharge.es\/index.php\/wp-json\/wp\/v2\/posts"}],"about":[{"href":"https:\/\/sindromecharge.es\/index.php\/wp-json\/wp\/v2\/types\/post"}],"author":[{"embeddable":true,"href":"https:\/\/sindromecharge.es\/index.php\/wp-json\/wp\/v2\/users\/1"}],"replies":[{"embeddable":true,"href":"https:\/\/sindromecharge.es\/index.php\/wp-json\/wp\/v2\/comments?post=10770"}],"version-history":[{"count":0,"href":"https:\/\/sindromecharge.es\/index.php\/wp-json\/wp\/v2\/posts\/10770\/revisions"}],"wp:attachment":[{"href":"https:\/\/sindromecharge.es\/index.php\/wp-json\/wp\/v2\/media?parent=10770"}],"wp:term":[{"taxonomy":"category","embeddable":true,"href":"https:\/\/sindromecharge.es\/index.php\/wp-json\/wp\/v2\/categories?post=10770"},{"taxonomy":"post_tag","embeddable":true,"href":"https:\/\/sindromecharge.es\/index.php\/wp-json\/wp\/v2\/tags?post=10770"}],"curies":[{"name":"wp","href":"https:\/\/api.w.org\/{rel}","templated":true}]}}