{"id":10769,"date":"2025-01-27T13:03:12","date_gmt":"2025-01-27T13:03:12","guid":{"rendered":"https:\/\/sindromecharge.es\/index.php\/2025\/01\/27\/78-las-personas-lgtbi-con-discapacidad-sufre-discriminacion-ambito-escolar-26-por-los-docentes\/"},"modified":"2025-01-27T13:03:12","modified_gmt":"2025-01-27T13:03:12","slug":"78-las-personas-lgtbi-con-discapacidad-sufre-discriminacion-ambito-escolar-26-por-los-docentes","status":"publish","type":"post","link":"https:\/\/sindromecharge.es\/index.php\/2025\/01\/27\/78-las-personas-lgtbi-con-discapacidad-sufre-discriminacion-ambito-escolar-26-por-los-docentes\/","title":{"rendered":"El 78% de discapacitados LGTBI+ denuncia discriminaci\u00f3n en el \u00e1mbito escolar y uno de cada cuatro casos procede de los docentes"},"content":{"rendered":"<p>Leemos en Discapacidad la siguiente noticia que os reproducimos de forma \u00edntegra: <\/p>\n<div>\n<p>\u00abNo estamos presentes. Somos muy pocas personas <a href=\"https:\/\/www.20minutos.es\/minuteca\/lgtbi\/\" title=\"LGTBI\"><b>LGTBI<\/b><\/a> con <a href=\"https:\/\/www.20minutos.es\/minuteca\/discapacidad\/\" title=\"Discapacidad\"><b>discapacidad<\/b><\/a> las que damos la cara. <b>Es una realidad que no se tiene en cuenta suficientemente<\/b> ni en el sector de las organizaciones de la discapacidad ni en las organizaciones LGTBI\u00bb. As\u00ed ha resumido la abogada \u00c1ngeles Blanco, activista por los derechos de las mujeres lesbianas con discapacidad, la realidad de esta parte de la sociedad que lucha contra la \u00abinvisibilizaci\u00f3n\u00bb y que, desde este lunes, cuenta con los datos de la discriminaci\u00f3n que sufren en Espa\u00f1a en diferentes \u00e1mbitos. Un estudio presentado por el <b><a href=\"https:\/\/www.20minutos.es\/minuteca\/ministerio-de-igualdad\/\" title=\"Ministerio de Igualdad\">Ministerio de Igualdad<\/a><\/b> revela que el 78% de las personas LGTBI+ con discapacidad dice haber experimentado alg\u00fan tipo de discriminaci\u00f3n en el sistema educativo, siendo este el \u00e1mbito de mayor incidencia de situaciones de discriminaci\u00f3n, rechazo y\/o acoso. De estos casos, el 54% afirm\u00f3 que proced\u00eda de los compa\u00f1eros y el 26%, desde el profesorado.<\/p>\n<p>El <a href=\"https:\/\/www.igualdad.gob.es\/ministerio\/dglgtbi\/resumen-ejecutivo-traduccion-al-ingles-adaptacion-a-lectura-facil-e-infografias\/\" target=\"_blank\">informe<\/a> -realizado con 420 encuestas, m\u00e1s de 70 entrevistas en profundidad, un grupo de discusi\u00f3n y un seminario, entre otras metodolog\u00edas- desgrana que, <b>en el \u00e1mbito laboral, el 41% de los encuestados refiri\u00f3 haber sufrido discriminaci\u00f3n<\/b>, rechazo o acoso por su discapacidad (43%) o por orientaci\u00f3n sexual (27%), mientras un 39% afirm\u00f3 sentirse rechazada, discriminada o acosada durante la b\u00fasqueda de empleo. En este \u00e1mbito, el trato desigual proven\u00eda en un 36% de los casos de los compa\u00f1eros y en un 31%, de los supervisores, seg\u00fan los encuestados.<\/p>\n<p>La ministra de Igualdad, <b><a href=\"https:\/\/www.20minutos.es\/minuteca\/ana-redondo\/\" title=\"Ana Redondo\">Ana Redondo<\/a><\/b>, ha afirmado que con este informe se busca <b>\u00ababrir el armario que faltaba por abrir\u00bb<\/b>. Al inicio de la presentaci\u00f3n en la sede del Ministerio, en Madrid, Redondo ha denunciado que <b>\u00abhay una aut\u00e9ntica invisibilidad\u00bb de este colectivo, que adem\u00e1s sufre \u00abun tab\u00fa en relaci\u00f3n con la sexualidad\u00bb<\/b>. \u00abEste informe pone cifras a una realidad a veces dura, a veces de gran desigualdad, pero necesaria para precisamente dise\u00f1ar aquellas pol\u00edticas p\u00fablicas encaminadas a remover todos los obst\u00e1culos que todav\u00eda impiden la igualdad real y efectiva de las personas. La interseccionalidad es la asignatura pendiente que todav\u00eda tiene esta sociedad para seguir avanzando en igualdad de derechos y en reconocimiento de esas libertades necesarias y b\u00e1sicas de todas las personas con independencia de su condici\u00f3n o de su situaci\u00f3n\u00bb, ha declarado Redondo.<\/p>\n<p>El estudio tambi\u00e9n aborda el <b>\u00e1mbito familiar<\/b>, que se describe por los autores como un \u00abpunto de apoyo fundamental\u00bb, pero tambi\u00e9n como un \u00abobst\u00e1culo para el desarrollo de la personalidad con impacto psicol\u00f3gico a largo plazo\u00bb cuando presentan dificultades de aceptaci\u00f3n. En este caso, los investigadores describen que \u00abes com\u00fan que las respuestas de las familias puedan ser contradictorias. A veces, aceptan una de las realidades, por ejemplo, la discapacidad, pero al mismo tiempo se oponen a aceptar la identidad o la orientaci\u00f3n sexual de su familiar o viceversa\u00bb. Adem\u00e1s, la discriminaci\u00f3n dentro del propio hogar lleva a \u00ab<b>la infantilizaci\u00f3n, la asexualizaci\u00f3n y la heterosexualizaci\u00f3n<\/b>, que niegan la posibilidad de que las personas con discapacidad tengan una vida sexual plena y elegida\u00bb.<\/p>\n<p>Al acudir a los <b>servicios sanitarios<\/b>, <b>el 46%<\/b> de las personas encuestadas afirmaron haberse sentido discriminadas en alg\u00fan momento. \u00abEsta discriminaci\u00f3n, adem\u00e1s, se da en m\u00faltiples espacios del \u00e1mbito sanitario y no diferencia entre pr\u00e1cticas m\u00e9dicas especializadas en los \u00e1mbitos de la atenci\u00f3n sexual y reproductiva, donde la dimensi\u00f3n sexual importa, o no\u00bb, reza el trabajo. Las consecuencias de la discriminaci\u00f3n en el \u00e1mbito sanitario \u00abson profundas, destacando los efectos psicol\u00f3gicos (36%), la sensaci\u00f3n de culpabilidad (24%) y la p\u00e9rdida de autonom\u00eda y libertad (18%)\u00bb, prosigue.<\/p>\n<p>La ministra Redondo ha subrayado que este trabajo es \u00abpionero\u00bb y \u00abnecesario\u00bb para aprender, entre otras cosas, que existe un \u00ab<b>paternalismo<\/b> en relaci\u00f3n con las personas con <b><a href=\"https:\/\/www.20minutos.es\/minuteca\/discapacidad\/\" title=\"Discapacidad\">discapacidad<\/a><\/b>\u00bb y que \u00abmuchas veces esa discriminaci\u00f3n es fruto del desconocimiento o es fruto de un rechazo social a la identidad de cada uno y de cada una. La sociedad necesita esa diversidad, ese enriquecimiento, precisamente para profundizar democr\u00e1ticamente\u00bb, ha dicho la titular de Igualdad, al tiempo que ha abogado por una democracia que siga ampliando los derechos y las libertades de las personas, con independencia de sus circunstancias.<\/p>\n<p>En su <b>relaci\u00f3n con las administraciones p\u00fablicas<\/b>, \u00e1mbito tambi\u00e9n abordado en el estudio, las personas LGTBI+ con discapacidad tambi\u00e9n se\u00f1alan diversas barreras y experiencias de discriminaci\u00f3n,  especialmente en las <b>instituciones judiciales<\/b> -donde dicen sufrir \u00abrevictimizaci\u00f3n y la imposibilidad de resarcimiento\u00bb- y <b>en centros residenciales o pisos tutelados<\/b> -en los que el 55% refiri\u00f3 haber experimentado discriminaci\u00f3n, rechazo o acoso y sus consecuencias psicol\u00f3gicas-. \u00abEl 40% de las personas encuestadas se\u00f1alaron haber tenido dificultades para acceder a servicios p\u00fablicos, desde la seguridad social hasta los servicios de empleo y vivienda. Estas barreras no solo son f\u00edsicas o estructurales, sino tambi\u00e9n actitudinales\u00bb, afirman los investigadores, que recogen un relato vital en el que el sistema judicial \u00abno provey\u00f3 de justicia y reparaci\u00f3n a una persona LGTBI+ con discapacidad psicosocial y v\u00edctima de violencia sexual bajo los <b>prejuicios de locura y un deseo sexual incontrolable<\/b>\u00ab.<\/p>\n<p>En cuanto a la participaci\u00f3n social, las personas LGTBI+ con discapacidad aseguran que tienen que hacer un \u00ab<b>sobreesfuerzo<\/b> por participar que genera experiencias que van desde la autoexclusi\u00f3n hasta el rechazo expl\u00edcito en los espacios sociales\u00bb. En todas las dimensiones de la participaci\u00f3n social sobre las que se ha preguntado a los participantes (<b>ocio, deporte, formaci\u00f3n y actividades pol\u00edticas<\/b>), m\u00e1s del 50% dijo haberse sentido discriminadas, con especial incidencia en el \u00e1mbito del ocio (casi el 70%). En este caso, Jes\u00fas Gonz\u00e1lez, presente en nombre del Comit\u00e9 Espa\u00f1ol de Representantes de Personas con Discapacidad (Cermi), durante un coloquio moderado por la comunicadora  Nerea P\u00e9rez de las Heras, ha puesto de ejemplo un local gay que se encuentra en un s\u00f3tano al que se accede \u00fanicamente bajando por unas escaleras.<\/p>\n<h2>La sexualidad<\/h2>\n<p>Las personas m\u00e1s mayores reportan una <b>completa ausencia de educaci\u00f3n sexual<\/b>, mientras que las m\u00e1s j\u00f3venes reciben informaci\u00f3n incompleta o distorsionada, que se enfoca principalmente en la prevenci\u00f3n de embarazos e infecciones de transmisi\u00f3n sexual, seg\u00fan este estudio, que denuncia que en el \u00e1mbito de la sexualidad \u00ab<b>predomina una mirada basada en la l\u00e1stima y en la sobreprotecci\u00f3n<\/b> hacia estas  personas LGTBI+ con discapacidad <b>perpetuando el mito de que no son deseables ni deseantes<\/b>, neg\u00e1ndoles el reconocimiento de sus necesidades sexuales y afectivas y limitando su acceso a una sexualidad plena y satisfactoria\u00bb.<\/p>\n<p>Puede escuchar la presentaci\u00f3n y el coloquio completo aqu\u00ed:<\/p>\n<div class=\"video-responsive\"><iframe loading=\"lazy\" width=\"560\" height=\"315\" src=\"https:\/\/www.youtube.com\/embed\/hBVQSTbyQrk?si=gGW17ktIphm-PWgw\" title=\"YouTube video player\" frameborder=\"0\" allow=\"accelerometer; autoplay; clipboard-write; encrypted-media; gyroscope; picture-in-picture; web-share\" referrerpolicy=\"strict-origin-when-cross-origin\" allowfullscreen><\/iframe><\/div>\n<\/div>\n<p>Fuente: Discapacidad https:\/\/www.20minutos.es\/noticia\/5676458\/0\/78-las-personas-lgtbi-con-discapacidad-sufre-discriminacion-ambito-escolar-26-por-los-docentes\/<\/p>\n","protected":false},"excerpt":{"rendered":"<p>As\u00ed lo revela una investigaci\u00f3n \u00abpionera\u00bb en Espa\u00f1a presentada este lunes por el Ministerio de Igualdad.<\/p>\n","protected":false},"author":1,"featured_media":0,"comment_status":"closed","ping_status":"closed","sticky":false,"template":"","format":"standard","meta":{"footnotes":""},"categories":[8],"tags":[],"class_list":["post-10769","post","type-post","status-publish","format-standard","hentry","category-noticias"],"yoast_head":"<!-- This site is optimized with the Yoast SEO plugin v27.4 - https:\/\/yoast.com\/product\/yoast-seo-wordpress\/ -->\n<title>El 78% de discapacitados LGTBI+ denuncia discriminaci\u00f3n en el \u00e1mbito escolar y uno de cada cuatro casos procede de los docentes - Asociaci\u00f3n Espa\u00f1ola S\u00edndrome de Charge<\/title>\n<meta name=\"robots\" content=\"index, follow, max-snippet:-1, max-image-preview:large, max-video-preview:-1\" \/>\n<link rel=\"canonical\" href=\"https:\/\/sindromecharge.es\/index.php\/2025\/01\/27\/78-las-personas-lgtbi-con-discapacidad-sufre-discriminacion-ambito-escolar-26-por-los-docentes\/\" \/>\n<meta property=\"og:locale\" content=\"es_ES\" \/>\n<meta property=\"og:type\" content=\"article\" \/>\n<meta property=\"og:title\" content=\"El 78% de discapacitados LGTBI+ denuncia discriminaci\u00f3n en el \u00e1mbito escolar y uno de cada cuatro casos procede de los docentes - Asociaci\u00f3n Espa\u00f1ola S\u00edndrome de Charge\" \/>\n<meta property=\"og:description\" content=\"As\u00ed lo revela una investigaci\u00f3n \u00abpionera\u00bb en Espa\u00f1a presentada este lunes por el Ministerio de Igualdad.\" \/>\n<meta property=\"og:url\" content=\"https:\/\/sindromecharge.es\/index.php\/2025\/01\/27\/78-las-personas-lgtbi-con-discapacidad-sufre-discriminacion-ambito-escolar-26-por-los-docentes\/\" \/>\n<meta property=\"og:site_name\" content=\"Asociaci\u00f3n Espa\u00f1ola S\u00edndrome de Charge\" \/>\n<meta property=\"article:publisher\" content=\"https:\/\/www.facebook.com\/asociacionsindromecharge\" \/>\n<meta property=\"article:published_time\" content=\"2025-01-27T13:03:12+00:00\" \/>\n<meta property=\"og:image\" content=\"https:\/\/sindromecharge.es\/wp-content\/uploads\/2013\/09\/logodecharge300x98.png\" \/>\n\t<meta property=\"og:image:width\" content=\"300\" \/>\n\t<meta property=\"og:image:height\" content=\"98\" \/>\n\t<meta property=\"og:image:type\" content=\"image\/png\" \/>\n<meta name=\"author\" content=\"Charge\" \/>\n<meta name=\"twitter:card\" content=\"summary_large_image\" \/>\n<meta name=\"twitter:creator\" content=\"@sindromecharge\" \/>\n<meta name=\"twitter:site\" content=\"@sindromecharge\" \/>\n<meta name=\"twitter:label1\" content=\"Escrito por\" \/>\n\t<meta name=\"twitter:data1\" content=\"Charge\" \/>\n\t<meta name=\"twitter:label2\" content=\"Tiempo de lectura\" \/>\n\t<meta name=\"twitter:data2\" content=\"6 minutos\" \/>\n<script type=\"application\/ld+json\" class=\"yoast-schema-graph\">{\"@context\":\"https:\\\/\\\/schema.org\",\"@graph\":[{\"@type\":\"Article\",\"@id\":\"https:\\\/\\\/sindromecharge.es\\\/index.php\\\/2025\\\/01\\\/27\\\/78-las-personas-lgtbi-con-discapacidad-sufre-discriminacion-ambito-escolar-26-por-los-docentes\\\/#article\",\"isPartOf\":{\"@id\":\"https:\\\/\\\/sindromecharge.es\\\/index.php\\\/2025\\\/01\\\/27\\\/78-las-personas-lgtbi-con-discapacidad-sufre-discriminacion-ambito-escolar-26-por-los-docentes\\\/\"},\"author\":{\"name\":\"Charge\",\"@id\":\"https:\\\/\\\/sindromecharge.es\\\/#\\\/schema\\\/person\\\/39a60ebe0a2b4d5a11179701e336b039\"},\"headline\":\"El 78% de discapacitados LGTBI+ denuncia discriminaci\u00f3n en el \u00e1mbito escolar y uno de cada cuatro casos procede de los docentes\",\"datePublished\":\"2025-01-27T13:03:12+00:00\",\"mainEntityOfPage\":{\"@id\":\"https:\\\/\\\/sindromecharge.es\\\/index.php\\\/2025\\\/01\\\/27\\\/78-las-personas-lgtbi-con-discapacidad-sufre-discriminacion-ambito-escolar-26-por-los-docentes\\\/\"},\"wordCount\":1176,\"articleSection\":[\"noticias\"],\"inLanguage\":\"es\"},{\"@type\":\"WebPage\",\"@id\":\"https:\\\/\\\/sindromecharge.es\\\/index.php\\\/2025\\\/01\\\/27\\\/78-las-personas-lgtbi-con-discapacidad-sufre-discriminacion-ambito-escolar-26-por-los-docentes\\\/\",\"url\":\"https:\\\/\\\/sindromecharge.es\\\/index.php\\\/2025\\\/01\\\/27\\\/78-las-personas-lgtbi-con-discapacidad-sufre-discriminacion-ambito-escolar-26-por-los-docentes\\\/\",\"name\":\"El 78% de discapacitados LGTBI+ denuncia discriminaci\u00f3n en el \u00e1mbito escolar y uno de cada cuatro casos procede de los docentes - Asociaci\u00f3n Espa\u00f1ola S\u00edndrome de Charge\",\"isPartOf\":{\"@id\":\"https:\\\/\\\/sindromecharge.es\\\/#website\"},\"datePublished\":\"2025-01-27T13:03:12+00:00\",\"author\":{\"@id\":\"https:\\\/\\\/sindromecharge.es\\\/#\\\/schema\\\/person\\\/39a60ebe0a2b4d5a11179701e336b039\"},\"breadcrumb\":{\"@id\":\"https:\\\/\\\/sindromecharge.es\\\/index.php\\\/2025\\\/01\\\/27\\\/78-las-personas-lgtbi-con-discapacidad-sufre-discriminacion-ambito-escolar-26-por-los-docentes\\\/#breadcrumb\"},\"inLanguage\":\"es\",\"potentialAction\":[{\"@type\":\"ReadAction\",\"target\":[\"https:\\\/\\\/sindromecharge.es\\\/index.php\\\/2025\\\/01\\\/27\\\/78-las-personas-lgtbi-con-discapacidad-sufre-discriminacion-ambito-escolar-26-por-los-docentes\\\/\"]}]},{\"@type\":\"BreadcrumbList\",\"@id\":\"https:\\\/\\\/sindromecharge.es\\\/index.php\\\/2025\\\/01\\\/27\\\/78-las-personas-lgtbi-con-discapacidad-sufre-discriminacion-ambito-escolar-26-por-los-docentes\\\/#breadcrumb\",\"itemListElement\":[{\"@type\":\"ListItem\",\"position\":1,\"name\":\"Portada\",\"item\":\"https:\\\/\\\/sindromecharge.es\\\/\"},{\"@type\":\"ListItem\",\"position\":2,\"name\":\"El 78% de discapacitados LGTBI+ denuncia discriminaci\u00f3n en el \u00e1mbito escolar y uno de cada cuatro casos procede de los docentes\"}]},{\"@type\":\"WebSite\",\"@id\":\"https:\\\/\\\/sindromecharge.es\\\/#website\",\"url\":\"https:\\\/\\\/sindromecharge.es\\\/\",\"name\":\"Asociaci\u00f3n Espa\u00f1ola S\u00edndrome de Charge\",\"description\":\"\",\"potentialAction\":[{\"@type\":\"SearchAction\",\"target\":{\"@type\":\"EntryPoint\",\"urlTemplate\":\"https:\\\/\\\/sindromecharge.es\\\/?s={search_term_string}\"},\"query-input\":{\"@type\":\"PropertyValueSpecification\",\"valueRequired\":true,\"valueName\":\"search_term_string\"}}],\"inLanguage\":\"es\"},{\"@type\":\"Person\",\"@id\":\"https:\\\/\\\/sindromecharge.es\\\/#\\\/schema\\\/person\\\/39a60ebe0a2b4d5a11179701e336b039\",\"name\":\"Charge\",\"image\":{\"@type\":\"ImageObject\",\"inLanguage\":\"es\",\"@id\":\"https:\\\/\\\/secure.gravatar.com\\\/avatar\\\/c3b46e32a0fc3b093a0873fb767bf3293de856293065e84ef06b7ec7a8acfb98?s=96&d=identicon&r=x\",\"url\":\"https:\\\/\\\/secure.gravatar.com\\\/avatar\\\/c3b46e32a0fc3b093a0873fb767bf3293de856293065e84ef06b7ec7a8acfb98?s=96&d=identicon&r=x\",\"contentUrl\":\"https:\\\/\\\/secure.gravatar.com\\\/avatar\\\/c3b46e32a0fc3b093a0873fb767bf3293de856293065e84ef06b7ec7a8acfb98?s=96&d=identicon&r=x\",\"caption\":\"Charge\"},\"url\":\"https:\\\/\\\/sindromecharge.es\\\/index.php\\\/author\\\/admin\\\/\"}]}<\/script>\n<!-- \/ Yoast SEO plugin. -->","yoast_head_json":{"title":"El 78% de discapacitados LGTBI+ denuncia discriminaci\u00f3n en el \u00e1mbito escolar y uno de cada cuatro casos procede de los docentes - Asociaci\u00f3n Espa\u00f1ola S\u00edndrome de Charge","robots":{"index":"index","follow":"follow","max-snippet":"max-snippet:-1","max-image-preview":"max-image-preview:large","max-video-preview":"max-video-preview:-1"},"canonical":"https:\/\/sindromecharge.es\/index.php\/2025\/01\/27\/78-las-personas-lgtbi-con-discapacidad-sufre-discriminacion-ambito-escolar-26-por-los-docentes\/","og_locale":"es_ES","og_type":"article","og_title":"El 78% de discapacitados LGTBI+ denuncia discriminaci\u00f3n en el \u00e1mbito escolar y uno de cada cuatro casos procede de los docentes - Asociaci\u00f3n Espa\u00f1ola S\u00edndrome de Charge","og_description":"As\u00ed lo revela una investigaci\u00f3n \u00abpionera\u00bb en Espa\u00f1a presentada este lunes por el Ministerio de Igualdad.","og_url":"https:\/\/sindromecharge.es\/index.php\/2025\/01\/27\/78-las-personas-lgtbi-con-discapacidad-sufre-discriminacion-ambito-escolar-26-por-los-docentes\/","og_site_name":"Asociaci\u00f3n Espa\u00f1ola S\u00edndrome de Charge","article_publisher":"https:\/\/www.facebook.com\/asociacionsindromecharge","article_published_time":"2025-01-27T13:03:12+00:00","og_image":[{"width":300,"height":98,"url":"https:\/\/sindromecharge.es\/wp-content\/uploads\/2013\/09\/logodecharge300x98.png","type":"image\/png"}],"author":"Charge","twitter_card":"summary_large_image","twitter_creator":"@sindromecharge","twitter_site":"@sindromecharge","twitter_misc":{"Escrito por":"Charge","Tiempo de lectura":"6 minutos"},"schema":{"@context":"https:\/\/schema.org","@graph":[{"@type":"Article","@id":"https:\/\/sindromecharge.es\/index.php\/2025\/01\/27\/78-las-personas-lgtbi-con-discapacidad-sufre-discriminacion-ambito-escolar-26-por-los-docentes\/#article","isPartOf":{"@id":"https:\/\/sindromecharge.es\/index.php\/2025\/01\/27\/78-las-personas-lgtbi-con-discapacidad-sufre-discriminacion-ambito-escolar-26-por-los-docentes\/"},"author":{"name":"Charge","@id":"https:\/\/sindromecharge.es\/#\/schema\/person\/39a60ebe0a2b4d5a11179701e336b039"},"headline":"El 78% de discapacitados LGTBI+ denuncia discriminaci\u00f3n en el \u00e1mbito escolar y uno de cada cuatro casos procede de los docentes","datePublished":"2025-01-27T13:03:12+00:00","mainEntityOfPage":{"@id":"https:\/\/sindromecharge.es\/index.php\/2025\/01\/27\/78-las-personas-lgtbi-con-discapacidad-sufre-discriminacion-ambito-escolar-26-por-los-docentes\/"},"wordCount":1176,"articleSection":["noticias"],"inLanguage":"es"},{"@type":"WebPage","@id":"https:\/\/sindromecharge.es\/index.php\/2025\/01\/27\/78-las-personas-lgtbi-con-discapacidad-sufre-discriminacion-ambito-escolar-26-por-los-docentes\/","url":"https:\/\/sindromecharge.es\/index.php\/2025\/01\/27\/78-las-personas-lgtbi-con-discapacidad-sufre-discriminacion-ambito-escolar-26-por-los-docentes\/","name":"El 78% de discapacitados LGTBI+ denuncia discriminaci\u00f3n en el \u00e1mbito escolar y uno de cada cuatro casos procede de los docentes - Asociaci\u00f3n Espa\u00f1ola S\u00edndrome de Charge","isPartOf":{"@id":"https:\/\/sindromecharge.es\/#website"},"datePublished":"2025-01-27T13:03:12+00:00","author":{"@id":"https:\/\/sindromecharge.es\/#\/schema\/person\/39a60ebe0a2b4d5a11179701e336b039"},"breadcrumb":{"@id":"https:\/\/sindromecharge.es\/index.php\/2025\/01\/27\/78-las-personas-lgtbi-con-discapacidad-sufre-discriminacion-ambito-escolar-26-por-los-docentes\/#breadcrumb"},"inLanguage":"es","potentialAction":[{"@type":"ReadAction","target":["https:\/\/sindromecharge.es\/index.php\/2025\/01\/27\/78-las-personas-lgtbi-con-discapacidad-sufre-discriminacion-ambito-escolar-26-por-los-docentes\/"]}]},{"@type":"BreadcrumbList","@id":"https:\/\/sindromecharge.es\/index.php\/2025\/01\/27\/78-las-personas-lgtbi-con-discapacidad-sufre-discriminacion-ambito-escolar-26-por-los-docentes\/#breadcrumb","itemListElement":[{"@type":"ListItem","position":1,"name":"Portada","item":"https:\/\/sindromecharge.es\/"},{"@type":"ListItem","position":2,"name":"El 78% de discapacitados LGTBI+ denuncia discriminaci\u00f3n en el \u00e1mbito escolar y uno de cada cuatro casos procede de los docentes"}]},{"@type":"WebSite","@id":"https:\/\/sindromecharge.es\/#website","url":"https:\/\/sindromecharge.es\/","name":"Asociaci\u00f3n Espa\u00f1ola S\u00edndrome de Charge","description":"","potentialAction":[{"@type":"SearchAction","target":{"@type":"EntryPoint","urlTemplate":"https:\/\/sindromecharge.es\/?s={search_term_string}"},"query-input":{"@type":"PropertyValueSpecification","valueRequired":true,"valueName":"search_term_string"}}],"inLanguage":"es"},{"@type":"Person","@id":"https:\/\/sindromecharge.es\/#\/schema\/person\/39a60ebe0a2b4d5a11179701e336b039","name":"Charge","image":{"@type":"ImageObject","inLanguage":"es","@id":"https:\/\/secure.gravatar.com\/avatar\/c3b46e32a0fc3b093a0873fb767bf3293de856293065e84ef06b7ec7a8acfb98?s=96&d=identicon&r=x","url":"https:\/\/secure.gravatar.com\/avatar\/c3b46e32a0fc3b093a0873fb767bf3293de856293065e84ef06b7ec7a8acfb98?s=96&d=identicon&r=x","contentUrl":"https:\/\/secure.gravatar.com\/avatar\/c3b46e32a0fc3b093a0873fb767bf3293de856293065e84ef06b7ec7a8acfb98?s=96&d=identicon&r=x","caption":"Charge"},"url":"https:\/\/sindromecharge.es\/index.php\/author\/admin\/"}]}},"_links":{"self":[{"href":"https:\/\/sindromecharge.es\/index.php\/wp-json\/wp\/v2\/posts\/10769","targetHints":{"allow":["GET"]}}],"collection":[{"href":"https:\/\/sindromecharge.es\/index.php\/wp-json\/wp\/v2\/posts"}],"about":[{"href":"https:\/\/sindromecharge.es\/index.php\/wp-json\/wp\/v2\/types\/post"}],"author":[{"embeddable":true,"href":"https:\/\/sindromecharge.es\/index.php\/wp-json\/wp\/v2\/users\/1"}],"replies":[{"embeddable":true,"href":"https:\/\/sindromecharge.es\/index.php\/wp-json\/wp\/v2\/comments?post=10769"}],"version-history":[{"count":0,"href":"https:\/\/sindromecharge.es\/index.php\/wp-json\/wp\/v2\/posts\/10769\/revisions"}],"wp:attachment":[{"href":"https:\/\/sindromecharge.es\/index.php\/wp-json\/wp\/v2\/media?parent=10769"}],"wp:term":[{"taxonomy":"category","embeddable":true,"href":"https:\/\/sindromecharge.es\/index.php\/wp-json\/wp\/v2\/categories?post=10769"},{"taxonomy":"post_tag","embeddable":true,"href":"https:\/\/sindromecharge.es\/index.php\/wp-json\/wp\/v2\/tags?post=10769"}],"curies":[{"name":"wp","href":"https:\/\/api.w.org\/{rel}","templated":true}]}}