{"id":10768,"date":"2025-01-27T06:40:45","date_gmt":"2025-01-27T06:40:45","guid":{"rendered":"https:\/\/sindromecharge.es\/index.php\/2025\/01\/27\/margara-cuidadora-dos-ninos-con-necesidades-especiales-sistema-se-basa-cuidado-gratuitos-mayoria-mujeres\/"},"modified":"2025-01-27T06:40:45","modified_gmt":"2025-01-27T06:40:45","slug":"margara-cuidadora-dos-ninos-con-necesidades-especiales-sistema-se-basa-cuidado-gratuitos-mayoria-mujeres","status":"publish","type":"post","link":"https:\/\/sindromecharge.es\/index.php\/2025\/01\/27\/margara-cuidadora-dos-ninos-con-necesidades-especiales-sistema-se-basa-cuidado-gratuitos-mayoria-mujeres\/","title":{"rendered":"M\u00e1rgara, con dos ni\u00f1os con necesidades especiales: \u00abEl sistema se sustenta en que las mujeres cuidemos gratis\u00bb"},"content":{"rendered":"<p>Leemos en Discapacidad la siguiente noticia que os reproducimos de forma \u00edntegra: <\/p>\n<div>\n<p>Mexicana de nacimiento,<b> M\u00e1rgara Sede\u00f1o<\/b> vino a Espa\u00f1a hace 23 a\u00f1os con la mochila cargada de sue\u00f1os. Profesional del marketing y la comunicaci\u00f3n, se desarroll\u00f3 profesionalmente hasta que tuvo a su primer hijo. Pero lo que iba a ser una excedencia de un a\u00f1o para cuidarlo se convirtieron en 10 cuando a su hijo mayor le diagnosticaron <a href=\"https:\/\/www.20minutos.es\/minuteca\/autismo\/\" title=\"Autismo\" target=\"_blank\">autismo<\/a>, \u00abla discapacidad de mi hijo implic\u00f3 que yo<b> tuve que dejar de trabajar para hacerme 100% cargo de \u00e9l<\/b>. Mi hijo ten\u00eda muchas necesidades de apoyo y, adem\u00e1s no sab\u00edamos nada, necesit\u00e1bamos formarnos\u2026 y un acompa\u00f1amiento que no nos brind\u00f3 la administraci\u00f3n, tuvimos que buscarnos por nuestra cuenta\u00bb, se queja. <\/p>\n<p>Dej\u00f3 de trabajar porque su hijo lo requer\u00eda y porque, como ocurre en la inmensa mayor\u00eda de los casos, ella ganaba menos, \u00abal shock inicial, tienes que sumar que<b> te tienes que formar porque no sabes nada de autismo.<\/b> Te tienes que capacitar, porque si ya para ser madre no se nace aprendida, menos a\u00fan con un <b>ni\u00f1o con unas necesidades especiales<\/b>, y, no somos consciente, pero todos somos susceptibles de que nos toque la discapacidad de un modo u otro\u00bb, asegura.<\/p>\n<p>Pocos a\u00f1os despu\u00e9s descubrieron que, aunque con menos afectaci\u00f3n<b>, su hijo peque\u00f1o tambi\u00e9n en neurodivergente<\/b>, as\u00ed que los dos tienen <a href=\"https:\/\/www.20minutos.es\/minuteca\/discapacidad\/\" title=\"Discapacidad\" target=\"_blank\">discapacidad<\/a>, con todo lo que ello implica, \u00abel mayor tiene 12 a\u00f1os y el peque\u00f1o 9. Los dos tienen una discapacidad, pero solo uno la tiene reconocida oficialmente porque con el peque\u00f1o, que se le manifest\u00f3 m\u00e1s tarde, todav\u00eda estamos esperando a que nos llamen para hacerle la evaluaci\u00f3n\u00bb. <\/p>\n<p>M\u00e1rgara ha notado c\u00f3mo <b>se ha ido deteriorando el sistema de reconocimiento en estos a\u00f1os<\/b>, \u00abcon el mayor no tardamos tanto, en pocos meses la ten\u00edamos, pero con el peque\u00f1o llevamos m\u00e1s de un a\u00f1o esperando. <b>Tiene diagn\u00f3stico, pero no la discapacidad<\/b>. Y sin el reconocimiento de la discapacidad, no puedes avanzar en todo lo dem\u00e1s. Es cierto que sus necesidades son menores que las de su hermano, pero tiene muchas, porque, por ejemplo, necesita muchas terapias. No es que tengas much\u00edsimas ayudas, pero son<b> ayudas que te niegan por no tener oficialmente reconocida la discapacidad<\/b>\u00ab, se queja.<\/p>\n<p>Mientras tanto, toca asumir todo el gasto extra que supone tener a dos ni\u00f1os con discapacidad, y con un sueldo menos, \u00abhemos hecho cuentas y <b>nos gastamos unos 3.000 euros entre los dos<\/b>. Es un esfuerzo tremendo, pero a\u00fan estamos agradecidos porque nos lo podemos permitir\u00bb, dice con resignaci\u00f3n, \u00abtienes que acomodar todo para que tus hijos est\u00e9n bien, tienes que dejar de trabajar, los ingresos bajan y los gastos suben mucho. Nosotros a\u00fan podemos soportarlo, pero en detrimento de muchas cosas\u00bb. <\/p>\n<h1>Dejas de trabajar, los ingresos bajan y los gastos suben. Podemos soportarlo, pero en detrimento de muchas cosas<\/h1>\n<h2>Una d\u00e9cada de activismo y de formaci\u00f3n<\/h2>\n<p>Seg\u00fan datos del <a href=\"https:\/\/www.20minutos.es\/minuteca\/imserso\/\" title=\"Imserso\" target=\"_blank\">IMSERSO<\/a>, m\u00e1s del<b> 80% de los cuidados los asumen las mujeres<\/b>, y detr\u00e1s hay tanto motivos culturales como econ\u00f3micos, \u00abpor el modelo de sociedad, se decide que seamos nosotras las que cuidemos, que dejemos de trabajar. Yo, con 46 a\u00f1os, y 10 sin trabajar, no s\u00e9 si voy a llegar con todo cotizado cuando me tenga que jubilar y ha sido por cuidar\u00bb, asegura.<\/p>\n<p>Para M\u00e1rgara no han sido, ni mucho menos, a\u00f1os perdidos. Por un lado, porque ha estado con sus hijos cuando la necesitaban, y por otro, porque <b>ha aprovechado para encontrar otra vocaci\u00f3n<\/b> y convertirse, adem\u00e1s, en una activista por los derechos de las personas con discapacidad y sus cuidadoras, \u00abme he formado en otras cosas, y decid\u00ed aprovechar las horas que ellos estaban en el colegio para dar un giro en mi carrera. Ahora me dedico al mundo social, estudi\u00e9 educaci\u00f3n social\u00bb, cuenta, \u00abcuando est\u00e1s tan perdida, buscas ayuda en asociaciones, y nosotros buscamos ayuda en una asociaci\u00f3n que trabaja con ni\u00f1os con autismo. Despu\u00e9s empec\u00e9 a participar en grupos de ayuda, luego a dinamizar\u2026 <b>descubr\u00ed con una vocaci\u00f3n nueva<\/b>, y ahora trabajo en esa asociaci\u00f3n. Estoy a media jornada, y el resto del tiempo lo sigo dedicando a ellos\u00bb.<\/p>\n<p>En estos a\u00f1os, adem\u00e1s reconoce que la actividad tambi\u00e9n ha bajado, pues con el mayor empezaron teniendo 10 horas de terapia a la semana y ahora solo tiene dos, m\u00e1s las que recibe en el colegio, <b>unas horas que tiene que costear ellos<\/b>, \u00abest\u00e1 escolarizado de manera ordinaria, pero el colegio, que es concertado, nos ha dado la opci\u00f3n de poner el apoyo nosotros\u00bb.<\/p>\n<p>As\u00ed, aparte del apoyo que tiene all\u00ed, que consideran que es un poco, tiene una psicopedagoga especializada que van unas horas m\u00e1s a apoyarlo, \u00abunas horas que pagamos nosotros y que tiene desde los cuatro a\u00f1os porque el <b>necesita mucha adaptaci\u00f3n curricular<\/b>\u00ab. <\/p>\n<p>Reconocen que su caso no es usual, pero han visto que es la mejor manera de ayudar a su hijo, \u00aben el autismo es muy importante que tenga un acompa\u00f1amiento constante para que generalice los aprendizajes. Yo s\u00e9 que nuestro caso es particular e injusto por muchos motivos, primero porque<b> deber\u00eda tener todo el apoyo que necesita<\/b>, y por otro, porque, con mucho esfuerzo, pero podemos pagarlo, no todo el mundo puede\u00bb, reconoce M\u00e1rgara.<\/p>\n<h1>Cuando se vulneran los derechos de las personas con discapacidad, se vulneran los  de las cuidadoras<\/h1>\n<p>Todos estos gastos extra lo pagan en parte con las ayudas que reciben por <a href=\"https:\/\/www.20minutos.es\/minuteca\/dependencia\/\" title=\"Dependencia\" target=\"_blank\">dependencia<\/a>, pero son muy escasas, y m\u00e1s teniendo en cuenta que no reciben nada para las terapias de su hijo peque\u00f1o, que a\u00fan no tiene reconocida la discapacidad. Por este y muchos otros motivos, desde hace 10 a\u00f1os M\u00e1rgara es tambi\u00e9n una activista por los derechos de las personas con discapacidad y sus cuidadoras, y forma parte del<b> Sindicat de Mares en la Diversitad Funcional<\/b>, un grupo de madres que se ha organizado en Catalu\u00f1a para<b> reivindicar derechos como el reconocimiento de los cuidados no profesionales<\/b>, \u00abse tienen que reconocer y pagar, y se tiene que <b>garantizar que las cuidadoras tengan relevos<\/b>, porque tambi\u00e9n necesitan cuidados\u2026 y eso ocurre porque directamente se vulneran los derechos de las personas con discapacidad, su derecho a la <a href=\"https:\/\/www.20minutos.es\/minuteca\/accesibilidad\/\" title=\"Accesibilidad\" target=\"_blank\">accesibilidad<\/a>, a un trabajo, o <b>a tener una vida independiente<\/b>\u2026 si tu familiar no est\u00e1 bien cuidado, si no hay garant\u00edas de que vaya a estarlo, prefieres cuidarlo t\u00fa\u00bb, asegura.<\/p>\n<h1>Cuidar no son ocho horas, son 24, y agota f\u00edsica y mentalmente <\/h1>\n<p>Su objetivo es, adem\u00e1s, <b>hacer pedagog\u00eda<\/b> para que la sociedad les entienda y comparta sus reivindicaciones, \u00abllega un momento en el que te das cuenta de que no basta con pedir o hacer lo que sea para que tus hijos tengan herramientas, hay que hacer pedagog\u00eda, porque si no,<b> al final dependes de que el gobierno de turno decida poner o no recursos<\/b>. Van a ser adultos, y yo <b>no quiero que sean dependiente del estado<\/b>. Yo me estoy gastando todo el dinero que puedo ahora porque quiero que sean unos adultos lo m\u00e1s aut\u00f3nomos posibles precisamente por eso, porque sus derechos no est\u00e1n garantizados\u00bb. <\/p>\n<p>Son, como lamenta M\u00e1rgara, <b>\u00absusceptibles de que se vulneren sus derechos<\/b>, y es una pena, porque como decimos en el Sindicat, <b>son derechos, no favores<\/b>\u00ab.<\/p>\n<p><b>Cuando se vulneran los derechos de las personas con discapacidad se vulneran las de sus cuidadoras<\/b>, \u00abcuidar no son ocho horas, son 24, y m\u00e1s cuando, como en nuestro caso, el autismo se presenta con problemas de sue\u00f1o y alimentaci\u00f3n. Todo eso te agota f\u00edsica y mentalmente, y toda esa carga pasa factura, porque los cuidados los asumimos nosotras. <b>El sistema se basa en cuidados gratuitos y la mayor\u00eda de mujeres<\/b>, y en el caso de la discapacidad, asumido en la mayor\u00eda por madres o hermanas. El estado no se hace cargo\u00bb. <\/p>\n<\/div>\n<p>Fuente: Discapacidad https:\/\/www.20minutos.es\/noticia\/5675903\/0\/margara-cuidadora-dos-ninos-con-necesidades-especiales-sistema-se-basa-cuidado-gratuitos-mayoria-mujeres\/<\/p>\n","protected":false},"excerpt":{"rendered":"<p>M\u00e1rgara Sede\u00f1o, madre de dos ni\u00f1os neurodivergentes, tuvo que abandonar su profesi\u00f3n para cuidarlos.<\/p>\n","protected":false},"author":1,"featured_media":0,"comment_status":"closed","ping_status":"closed","sticky":false,"template":"","format":"standard","meta":{"footnotes":""},"categories":[8],"tags":[],"class_list":["post-10768","post","type-post","status-publish","format-standard","hentry","category-noticias"],"yoast_head":"<!-- This site is optimized with the Yoast SEO plugin v27.4 - https:\/\/yoast.com\/product\/yoast-seo-wordpress\/ -->\n<title>M\u00e1rgara, con dos ni\u00f1os con necesidades especiales: &quot;El sistema se sustenta en que las mujeres cuidemos gratis&quot; - Asociaci\u00f3n Espa\u00f1ola S\u00edndrome de Charge<\/title>\n<meta name=\"robots\" content=\"index, follow, max-snippet:-1, max-image-preview:large, max-video-preview:-1\" \/>\n<link rel=\"canonical\" href=\"https:\/\/sindromecharge.es\/index.php\/2025\/01\/27\/margara-cuidadora-dos-ninos-con-necesidades-especiales-sistema-se-basa-cuidado-gratuitos-mayoria-mujeres\/\" \/>\n<meta property=\"og:locale\" content=\"es_ES\" \/>\n<meta property=\"og:type\" content=\"article\" \/>\n<meta property=\"og:title\" content=\"M\u00e1rgara, con dos ni\u00f1os con necesidades especiales: &quot;El sistema se sustenta en que las mujeres cuidemos gratis&quot; - Asociaci\u00f3n Espa\u00f1ola S\u00edndrome de Charge\" \/>\n<meta property=\"og:description\" content=\"M\u00e1rgara Sede\u00f1o, madre de dos ni\u00f1os neurodivergentes, tuvo que abandonar su profesi\u00f3n para cuidarlos.\" \/>\n<meta property=\"og:url\" content=\"https:\/\/sindromecharge.es\/index.php\/2025\/01\/27\/margara-cuidadora-dos-ninos-con-necesidades-especiales-sistema-se-basa-cuidado-gratuitos-mayoria-mujeres\/\" \/>\n<meta property=\"og:site_name\" content=\"Asociaci\u00f3n Espa\u00f1ola S\u00edndrome de Charge\" \/>\n<meta property=\"article:publisher\" content=\"https:\/\/www.facebook.com\/asociacionsindromecharge\" \/>\n<meta property=\"article:published_time\" content=\"2025-01-27T06:40:45+00:00\" \/>\n<meta property=\"og:image\" content=\"https:\/\/sindromecharge.es\/wp-content\/uploads\/2013\/09\/logodecharge300x98.png\" \/>\n\t<meta property=\"og:image:width\" content=\"300\" \/>\n\t<meta property=\"og:image:height\" content=\"98\" \/>\n\t<meta property=\"og:image:type\" content=\"image\/png\" \/>\n<meta name=\"author\" content=\"Charge\" \/>\n<meta name=\"twitter:card\" content=\"summary_large_image\" \/>\n<meta name=\"twitter:creator\" content=\"@sindromecharge\" \/>\n<meta name=\"twitter:site\" content=\"@sindromecharge\" \/>\n<meta name=\"twitter:label1\" content=\"Escrito por\" \/>\n\t<meta name=\"twitter:data1\" content=\"Charge\" \/>\n\t<meta name=\"twitter:label2\" content=\"Tiempo de lectura\" \/>\n\t<meta name=\"twitter:data2\" content=\"7 minutos\" \/>\n<script type=\"application\/ld+json\" class=\"yoast-schema-graph\">{\"@context\":\"https:\\\/\\\/schema.org\",\"@graph\":[{\"@type\":\"Article\",\"@id\":\"https:\\\/\\\/sindromecharge.es\\\/index.php\\\/2025\\\/01\\\/27\\\/margara-cuidadora-dos-ninos-con-necesidades-especiales-sistema-se-basa-cuidado-gratuitos-mayoria-mujeres\\\/#article\",\"isPartOf\":{\"@id\":\"https:\\\/\\\/sindromecharge.es\\\/index.php\\\/2025\\\/01\\\/27\\\/margara-cuidadora-dos-ninos-con-necesidades-especiales-sistema-se-basa-cuidado-gratuitos-mayoria-mujeres\\\/\"},\"author\":{\"name\":\"Charge\",\"@id\":\"https:\\\/\\\/sindromecharge.es\\\/#\\\/schema\\\/person\\\/39a60ebe0a2b4d5a11179701e336b039\"},\"headline\":\"M\u00e1rgara, con dos ni\u00f1os con necesidades especiales: \u00abEl sistema se sustenta en que las mujeres cuidemos gratis\u00bb\",\"datePublished\":\"2025-01-27T06:40:45+00:00\",\"mainEntityOfPage\":{\"@id\":\"https:\\\/\\\/sindromecharge.es\\\/index.php\\\/2025\\\/01\\\/27\\\/margara-cuidadora-dos-ninos-con-necesidades-especiales-sistema-se-basa-cuidado-gratuitos-mayoria-mujeres\\\/\"},\"wordCount\":1390,\"articleSection\":[\"noticias\"],\"inLanguage\":\"es\"},{\"@type\":\"WebPage\",\"@id\":\"https:\\\/\\\/sindromecharge.es\\\/index.php\\\/2025\\\/01\\\/27\\\/margara-cuidadora-dos-ninos-con-necesidades-especiales-sistema-se-basa-cuidado-gratuitos-mayoria-mujeres\\\/\",\"url\":\"https:\\\/\\\/sindromecharge.es\\\/index.php\\\/2025\\\/01\\\/27\\\/margara-cuidadora-dos-ninos-con-necesidades-especiales-sistema-se-basa-cuidado-gratuitos-mayoria-mujeres\\\/\",\"name\":\"M\u00e1rgara, con dos ni\u00f1os con necesidades especiales: \\\"El sistema se sustenta en que las mujeres cuidemos gratis\\\" - Asociaci\u00f3n Espa\u00f1ola S\u00edndrome de Charge\",\"isPartOf\":{\"@id\":\"https:\\\/\\\/sindromecharge.es\\\/#website\"},\"datePublished\":\"2025-01-27T06:40:45+00:00\",\"author\":{\"@id\":\"https:\\\/\\\/sindromecharge.es\\\/#\\\/schema\\\/person\\\/39a60ebe0a2b4d5a11179701e336b039\"},\"breadcrumb\":{\"@id\":\"https:\\\/\\\/sindromecharge.es\\\/index.php\\\/2025\\\/01\\\/27\\\/margara-cuidadora-dos-ninos-con-necesidades-especiales-sistema-se-basa-cuidado-gratuitos-mayoria-mujeres\\\/#breadcrumb\"},\"inLanguage\":\"es\",\"potentialAction\":[{\"@type\":\"ReadAction\",\"target\":[\"https:\\\/\\\/sindromecharge.es\\\/index.php\\\/2025\\\/01\\\/27\\\/margara-cuidadora-dos-ninos-con-necesidades-especiales-sistema-se-basa-cuidado-gratuitos-mayoria-mujeres\\\/\"]}]},{\"@type\":\"BreadcrumbList\",\"@id\":\"https:\\\/\\\/sindromecharge.es\\\/index.php\\\/2025\\\/01\\\/27\\\/margara-cuidadora-dos-ninos-con-necesidades-especiales-sistema-se-basa-cuidado-gratuitos-mayoria-mujeres\\\/#breadcrumb\",\"itemListElement\":[{\"@type\":\"ListItem\",\"position\":1,\"name\":\"Portada\",\"item\":\"https:\\\/\\\/sindromecharge.es\\\/\"},{\"@type\":\"ListItem\",\"position\":2,\"name\":\"M\u00e1rgara, con dos ni\u00f1os con necesidades especiales: &#8220;El sistema se sustenta en que las mujeres cuidemos gratis&#8221;\"}]},{\"@type\":\"WebSite\",\"@id\":\"https:\\\/\\\/sindromecharge.es\\\/#website\",\"url\":\"https:\\\/\\\/sindromecharge.es\\\/\",\"name\":\"Asociaci\u00f3n Espa\u00f1ola S\u00edndrome de Charge\",\"description\":\"\",\"potentialAction\":[{\"@type\":\"SearchAction\",\"target\":{\"@type\":\"EntryPoint\",\"urlTemplate\":\"https:\\\/\\\/sindromecharge.es\\\/?s={search_term_string}\"},\"query-input\":{\"@type\":\"PropertyValueSpecification\",\"valueRequired\":true,\"valueName\":\"search_term_string\"}}],\"inLanguage\":\"es\"},{\"@type\":\"Person\",\"@id\":\"https:\\\/\\\/sindromecharge.es\\\/#\\\/schema\\\/person\\\/39a60ebe0a2b4d5a11179701e336b039\",\"name\":\"Charge\",\"image\":{\"@type\":\"ImageObject\",\"inLanguage\":\"es\",\"@id\":\"https:\\\/\\\/secure.gravatar.com\\\/avatar\\\/c3b46e32a0fc3b093a0873fb767bf3293de856293065e84ef06b7ec7a8acfb98?s=96&d=identicon&r=x\",\"url\":\"https:\\\/\\\/secure.gravatar.com\\\/avatar\\\/c3b46e32a0fc3b093a0873fb767bf3293de856293065e84ef06b7ec7a8acfb98?s=96&d=identicon&r=x\",\"contentUrl\":\"https:\\\/\\\/secure.gravatar.com\\\/avatar\\\/c3b46e32a0fc3b093a0873fb767bf3293de856293065e84ef06b7ec7a8acfb98?s=96&d=identicon&r=x\",\"caption\":\"Charge\"},\"url\":\"https:\\\/\\\/sindromecharge.es\\\/index.php\\\/author\\\/admin\\\/\"}]}<\/script>\n<!-- \/ Yoast SEO plugin. -->","yoast_head_json":{"title":"M\u00e1rgara, con dos ni\u00f1os con necesidades especiales: \"El sistema se sustenta en que las mujeres cuidemos gratis\" - Asociaci\u00f3n Espa\u00f1ola S\u00edndrome de Charge","robots":{"index":"index","follow":"follow","max-snippet":"max-snippet:-1","max-image-preview":"max-image-preview:large","max-video-preview":"max-video-preview:-1"},"canonical":"https:\/\/sindromecharge.es\/index.php\/2025\/01\/27\/margara-cuidadora-dos-ninos-con-necesidades-especiales-sistema-se-basa-cuidado-gratuitos-mayoria-mujeres\/","og_locale":"es_ES","og_type":"article","og_title":"M\u00e1rgara, con dos ni\u00f1os con necesidades especiales: \"El sistema se sustenta en que las mujeres cuidemos gratis\" - Asociaci\u00f3n Espa\u00f1ola S\u00edndrome de Charge","og_description":"M\u00e1rgara Sede\u00f1o, madre de dos ni\u00f1os neurodivergentes, tuvo que abandonar su profesi\u00f3n para cuidarlos.","og_url":"https:\/\/sindromecharge.es\/index.php\/2025\/01\/27\/margara-cuidadora-dos-ninos-con-necesidades-especiales-sistema-se-basa-cuidado-gratuitos-mayoria-mujeres\/","og_site_name":"Asociaci\u00f3n Espa\u00f1ola S\u00edndrome de Charge","article_publisher":"https:\/\/www.facebook.com\/asociacionsindromecharge","article_published_time":"2025-01-27T06:40:45+00:00","og_image":[{"width":300,"height":98,"url":"https:\/\/sindromecharge.es\/wp-content\/uploads\/2013\/09\/logodecharge300x98.png","type":"image\/png"}],"author":"Charge","twitter_card":"summary_large_image","twitter_creator":"@sindromecharge","twitter_site":"@sindromecharge","twitter_misc":{"Escrito por":"Charge","Tiempo de lectura":"7 minutos"},"schema":{"@context":"https:\/\/schema.org","@graph":[{"@type":"Article","@id":"https:\/\/sindromecharge.es\/index.php\/2025\/01\/27\/margara-cuidadora-dos-ninos-con-necesidades-especiales-sistema-se-basa-cuidado-gratuitos-mayoria-mujeres\/#article","isPartOf":{"@id":"https:\/\/sindromecharge.es\/index.php\/2025\/01\/27\/margara-cuidadora-dos-ninos-con-necesidades-especiales-sistema-se-basa-cuidado-gratuitos-mayoria-mujeres\/"},"author":{"name":"Charge","@id":"https:\/\/sindromecharge.es\/#\/schema\/person\/39a60ebe0a2b4d5a11179701e336b039"},"headline":"M\u00e1rgara, con dos ni\u00f1os con necesidades especiales: \u00abEl sistema se sustenta en que las mujeres cuidemos gratis\u00bb","datePublished":"2025-01-27T06:40:45+00:00","mainEntityOfPage":{"@id":"https:\/\/sindromecharge.es\/index.php\/2025\/01\/27\/margara-cuidadora-dos-ninos-con-necesidades-especiales-sistema-se-basa-cuidado-gratuitos-mayoria-mujeres\/"},"wordCount":1390,"articleSection":["noticias"],"inLanguage":"es"},{"@type":"WebPage","@id":"https:\/\/sindromecharge.es\/index.php\/2025\/01\/27\/margara-cuidadora-dos-ninos-con-necesidades-especiales-sistema-se-basa-cuidado-gratuitos-mayoria-mujeres\/","url":"https:\/\/sindromecharge.es\/index.php\/2025\/01\/27\/margara-cuidadora-dos-ninos-con-necesidades-especiales-sistema-se-basa-cuidado-gratuitos-mayoria-mujeres\/","name":"M\u00e1rgara, con dos ni\u00f1os con necesidades especiales: \"El sistema se sustenta en que las mujeres cuidemos gratis\" - Asociaci\u00f3n Espa\u00f1ola S\u00edndrome de Charge","isPartOf":{"@id":"https:\/\/sindromecharge.es\/#website"},"datePublished":"2025-01-27T06:40:45+00:00","author":{"@id":"https:\/\/sindromecharge.es\/#\/schema\/person\/39a60ebe0a2b4d5a11179701e336b039"},"breadcrumb":{"@id":"https:\/\/sindromecharge.es\/index.php\/2025\/01\/27\/margara-cuidadora-dos-ninos-con-necesidades-especiales-sistema-se-basa-cuidado-gratuitos-mayoria-mujeres\/#breadcrumb"},"inLanguage":"es","potentialAction":[{"@type":"ReadAction","target":["https:\/\/sindromecharge.es\/index.php\/2025\/01\/27\/margara-cuidadora-dos-ninos-con-necesidades-especiales-sistema-se-basa-cuidado-gratuitos-mayoria-mujeres\/"]}]},{"@type":"BreadcrumbList","@id":"https:\/\/sindromecharge.es\/index.php\/2025\/01\/27\/margara-cuidadora-dos-ninos-con-necesidades-especiales-sistema-se-basa-cuidado-gratuitos-mayoria-mujeres\/#breadcrumb","itemListElement":[{"@type":"ListItem","position":1,"name":"Portada","item":"https:\/\/sindromecharge.es\/"},{"@type":"ListItem","position":2,"name":"M\u00e1rgara, con dos ni\u00f1os con necesidades especiales: &#8220;El sistema se sustenta en que las mujeres cuidemos gratis&#8221;"}]},{"@type":"WebSite","@id":"https:\/\/sindromecharge.es\/#website","url":"https:\/\/sindromecharge.es\/","name":"Asociaci\u00f3n Espa\u00f1ola S\u00edndrome de Charge","description":"","potentialAction":[{"@type":"SearchAction","target":{"@type":"EntryPoint","urlTemplate":"https:\/\/sindromecharge.es\/?s={search_term_string}"},"query-input":{"@type":"PropertyValueSpecification","valueRequired":true,"valueName":"search_term_string"}}],"inLanguage":"es"},{"@type":"Person","@id":"https:\/\/sindromecharge.es\/#\/schema\/person\/39a60ebe0a2b4d5a11179701e336b039","name":"Charge","image":{"@type":"ImageObject","inLanguage":"es","@id":"https:\/\/secure.gravatar.com\/avatar\/c3b46e32a0fc3b093a0873fb767bf3293de856293065e84ef06b7ec7a8acfb98?s=96&d=identicon&r=x","url":"https:\/\/secure.gravatar.com\/avatar\/c3b46e32a0fc3b093a0873fb767bf3293de856293065e84ef06b7ec7a8acfb98?s=96&d=identicon&r=x","contentUrl":"https:\/\/secure.gravatar.com\/avatar\/c3b46e32a0fc3b093a0873fb767bf3293de856293065e84ef06b7ec7a8acfb98?s=96&d=identicon&r=x","caption":"Charge"},"url":"https:\/\/sindromecharge.es\/index.php\/author\/admin\/"}]}},"_links":{"self":[{"href":"https:\/\/sindromecharge.es\/index.php\/wp-json\/wp\/v2\/posts\/10768","targetHints":{"allow":["GET"]}}],"collection":[{"href":"https:\/\/sindromecharge.es\/index.php\/wp-json\/wp\/v2\/posts"}],"about":[{"href":"https:\/\/sindromecharge.es\/index.php\/wp-json\/wp\/v2\/types\/post"}],"author":[{"embeddable":true,"href":"https:\/\/sindromecharge.es\/index.php\/wp-json\/wp\/v2\/users\/1"}],"replies":[{"embeddable":true,"href":"https:\/\/sindromecharge.es\/index.php\/wp-json\/wp\/v2\/comments?post=10768"}],"version-history":[{"count":0,"href":"https:\/\/sindromecharge.es\/index.php\/wp-json\/wp\/v2\/posts\/10768\/revisions"}],"wp:attachment":[{"href":"https:\/\/sindromecharge.es\/index.php\/wp-json\/wp\/v2\/media?parent=10768"}],"wp:term":[{"taxonomy":"category","embeddable":true,"href":"https:\/\/sindromecharge.es\/index.php\/wp-json\/wp\/v2\/categories?post=10768"},{"taxonomy":"post_tag","embeddable":true,"href":"https:\/\/sindromecharge.es\/index.php\/wp-json\/wp\/v2\/tags?post=10768"}],"curies":[{"name":"wp","href":"https:\/\/api.w.org\/{rel}","templated":true}]}}