{"id":10766,"date":"2025-01-25T07:34:17","date_gmt":"2025-01-25T07:34:17","guid":{"rendered":"https:\/\/sindromecharge.es\/index.php\/2025\/01\/25\/una-vida-duelos-documental-que-visibiliza-como-es-convivir-con-sindrome-rett\/"},"modified":"2025-01-25T07:34:17","modified_gmt":"2025-01-25T07:34:17","slug":"una-vida-duelos-documental-que-visibiliza-como-es-convivir-con-sindrome-rett","status":"publish","type":"post","link":"https:\/\/sindromecharge.es\/index.php\/2025\/01\/25\/una-vida-duelos-documental-que-visibiliza-como-es-convivir-con-sindrome-rett\/","title":{"rendered":"&#8216;Una vida de duelos&#8217;, el documental que visibiliza c\u00f3mo es convivir con S\u00edndrome de Rett: \u00abEs duro, pero quer\u00edamos que se viera\u00bb"},"content":{"rendered":"<p>Leemos en Discapacidad la siguiente noticia que os reproducimos de forma \u00edntegra: <\/p>\n<div>\n<p>Cuando la<a href=\"https:\/\/www.20minutos.es\/minuteca\/discapacidad\/\" title=\"Discapacidad\" target=\"_blank\"> discapacidad<\/a>, sobre todo la pluridiscapacidad, entra en una familia, especialmente si es la de un hijo, todo se da la vuelta. Empieza una nueva vida para que ning\u00fan miembro de la familia estaba preparado, empieza, una \u2018vida de duelos\u2019. Un duelo por el hijo que pensabas que tendr\u00edas, por las cosas que pensabas que har\u00eda con \u00e9l, por una paternidad que no se parece nada a la que te ha tocado vivir\u2026 No solo eso, sino que adem\u00e1s tu vida se convierte en un <b>desaf\u00edo continuo<\/b>, una vida llena de obst\u00e1culos que nadie -o casi- te ayuda a sortear.<\/p>\n<p>Para visibilizar la realidad de estas familias, la Asociacion Espa\u00f1ola de s\u00edndrome de Rett ha publicado el documental <i>Una vida de duelos<\/i>, un corto de media hora de duraci\u00f3n que da voz a las familias que enfrentan el desaf\u00edo cotidiano que supone tener una hija con <a href=\"https:\/\/www.20minutos.es\/minuteca\/sindrome-de-rett\/\" title=\"S\u00edndrome de Rett\" target=\"_blank\">S\u00edndrome de Rett<\/a>. A <b>trav\u00e9s de testimonios en primera persona<\/b>, el documental nos sumerge en la <b>vida de padres y madres<\/b> que comparten c\u00f3mo afrontan el diagn\u00f3stico de la enfermedad de sus hijas y que cambi\u00f3 sus mundos para siempre.<\/p>\n<p>Este documental busca, no solo reflejar una realidad de la que mucha gente no es consciente, sino que lo hace sin tapujos. Para ello, seleccionaron a una serie de familias que se sometieron, en grupo, a una serie de preguntas de la psic\u00f3loga <b>Isabel Guti\u00e9rrez Salegui<\/b>, preguntas que suelen hacerse a s\u00ed mismos, pero que rara vez se atreven a hacerse en voz alta o compartir con otros, \u00abse cre\u00f3 un ambiente de confianza y dijimos cosas que solo se pueden decir de puertas adentro, en la intimidad, porque son preguntas muy duras\u00bb, cuenta <b>Pedro Rocha<\/b>, que convive con dos ni\u00f1as con s\u00edndrome de Rett, una suya y otra de su pareja.<\/p>\n<p>Tanto \u00e9l como el director del documental, <b>David Gim\u00e9nez Teira<\/b>, quieren destacar que, con este formato quer\u00edan huir de la imagen edulcorada que a veces se transmite sobre estas enfermedades, <b>\u00abest\u00e1bamos cansados de dar esa imagen de \u2018mundo de Yupi\u2019, de guerreras, de lucha<\/b>\u2026 que por un lado es as\u00ed, porque todos los que salimos en el documental somos gente que ha hecho algo por la comunidad e intenta vivir una vida completa, pero <b>nuestra realidad es dura y quer\u00edamos que se viera<\/b>\u00ab.<\/p>\n<p>Gim\u00e9nez, que conoci\u00f3 el s\u00edndrome de Rett por una compa\u00f1era de trabajo, quiso reflejar la realidad tal cual es \u00abporque cuando yo mismo acced\u00ed a esta historia y comprob\u00e9 en primera persona c\u00f3mo era la vida de estas familias, vi lo duro que era. Es algo que no se queda solo en la enfermedad de una ni\u00f1a, sino que <b>afecta de lleno a sus padres<\/b>, que tienen que afrontarlo y convivir con ello, por eso me parec\u00eda una historia que requer\u00eda contarse en este formato\u00bb, el de una especie de terapia de grupo en el que padres con una situaci\u00f3n parecida hablan de sus miedos y de sus anhelos, \u00aben otros spots o documentales<b> se da una visi\u00f3n un poco edulcorada <\/b>de la realidad de estas enfermedades, llam\u00e1ndolas princesas, campeonas\u2026 calificativos que quitan hierro al asunto, quer\u00edamos huir de eso\u00bb. <\/p>\n<h2>No mirar para otro lado<\/h2>\n<p>\u00abYo siempre he pensado que los padres no estamos preparados para sufrir tanto\u00bb, confiesa el director, cuyo principal objetivo era que la gente no mirara para otro lado, \u00abtodos, de alguna manera, <b>huimos del dolor ajeno, y yo quiero lo contrario<\/b>, que la gente que vea el documental no aparte la mirada y que piense qu\u00e9 puede hacer para ayudar, porque por poco que uno pueda hacer, si se tiene esa voluntad de ayudar, lo har\u00e1\u00bb.<\/p>\n<p>Y es que, la ayuda que necesitan estas familias es mucha, \u00abla presi\u00f3n que existe sobre nuestras familias es inmensa, hay much\u00edsimas parejas que no lo aguantan y se separan, y en parte es porque no tenemos ayudas, <b>estamos muy solos<\/b> y a menudo uno tiene que dejar de trabajar. Todo eso pasa factura\u00bb, una factura que, adem\u00e1s, pagan ellos solos, porque no se atreven a compartir con nadie, \u00abtras ver el documental hay muchos padres que nos dicen que es justo lo que piensan y no se atreven a decir, y que eso les aportaba cierto alivio no sentirse solo en esos pensamientos\u00bb, cuenta Pedro.<\/p>\n<p>A otros, en cambio, les parece que son demasiado pesimistas, y les han llegado a criticar por no mostrar la cara &#8216;m\u00e1s bonita&#8217; del Rett, \u00abyo lo he aceptado y puedo decir que mis hijas son felices, que hemos aprendido a vivir con esta situaci\u00f3n, pero me gustar\u00eda que la gente fuera consciente de que <b>hay padres que lo pasan muy mal y de que necesitamos ayuda<\/b>. No lo hacemos por dar pena, sino para reclamar ayuda, sobre todo por parte de las instituciones, porque en un pa\u00eds como Espa\u00f1a, muy avanzado en comparaci\u00f3n con otros pa\u00edses, se necesita todav\u00eda mucho soporte para las familias, quedan muchas deudas por saldar\u00bb, reivindica.<\/p>\n<p>David Gim\u00e9nez, por su parte, est\u00e1 dispuesto a seguir poniendo su granito de arena para despertar conciencias, \u00abmi idea era que fueran capaces de decir en voz alta aquellos pensamientos dolorosos que no han sido capaces de decir ni a su pareja, padres, amigos\u2026 quer\u00eda que expresaran todo lo que llevan dentro, y creo que lo hemos conseguido, por eso <b>es el trabajo del que m\u00e1s orgulloso me siento<\/b>, porque s\u00e9 que con este documental he podido ayudar a muchas personas, y esa es la mayor recompensa de toda mi carrera. Algunas familias me han dicho que se ha puesto voz a lo que ellos sienten, que se han sentido aliviado, identificados\u2026 y solo con eso ya es suficiente para m\u00ed, y seguir\u00e9 ayudando\u00bb. <\/p>\n<p>Pedro, por su parte, ya tiene en la cabeza c\u00f3mo le gustar\u00eda que fuera su siguiente documental, \u00abvolver a juntar a las mismas familias y mostrar el otro lado: que somos familias que hemos conseguido normalizarlo y que intentamos llevar una vida completa, como todo el mundo\u00bb. <\/p>\n<p>El documental completo est\u00e1 disponible en el <a href=\"https:\/\/www.youtube.com\/watch?v=jmXgve-TfSA\" target=\"_blank\" rel=\"nofollow\">canal de Youtube de la Asociaci\u00f3n Espa\u00f1ola de S\u00edndrome de Rett<\/a>.<\/p>\n<\/div>\n<p>Fuente: Discapacidad https:\/\/www.20minutos.es\/noticia\/5675416\/0\/una-vida-duelos-documental-que-visibiliza-como-es-convivir-con-sindrome-rett\/<\/p>\n","protected":false},"excerpt":{"rendered":"<p>&#8216;Una vida de duelos&#8217; es un cortometraje con el que la Asociaci\u00f3n Espa\u00f1ola de S\u00edndrome de Rett quiere mostrar la realidad de las familia con esta enfermedad rara.<\/p>\n","protected":false},"author":1,"featured_media":0,"comment_status":"closed","ping_status":"closed","sticky":false,"template":"","format":"standard","meta":{"footnotes":""},"categories":[8],"tags":[],"class_list":["post-10766","post","type-post","status-publish","format-standard","hentry","category-noticias"],"yoast_head":"<!-- This site is optimized with the Yoast SEO plugin v27.4 - https:\/\/yoast.com\/product\/yoast-seo-wordpress\/ -->\n<title>&#039;Una vida de duelos&#039;, el documental que visibiliza c\u00f3mo es convivir con S\u00edndrome de Rett: &quot;Es duro, pero quer\u00edamos que se viera&quot; - Asociaci\u00f3n Espa\u00f1ola S\u00edndrome de Charge<\/title>\n<meta name=\"robots\" content=\"index, follow, max-snippet:-1, max-image-preview:large, max-video-preview:-1\" \/>\n<link rel=\"canonical\" href=\"https:\/\/sindromecharge.es\/index.php\/2025\/01\/25\/una-vida-duelos-documental-que-visibiliza-como-es-convivir-con-sindrome-rett\/\" \/>\n<meta property=\"og:locale\" content=\"es_ES\" \/>\n<meta property=\"og:type\" content=\"article\" \/>\n<meta property=\"og:title\" content=\"&#039;Una vida de duelos&#039;, el documental que visibiliza c\u00f3mo es convivir con S\u00edndrome de Rett: &quot;Es duro, pero quer\u00edamos que se viera&quot; - Asociaci\u00f3n Espa\u00f1ola S\u00edndrome de Charge\" \/>\n<meta property=\"og:description\" content=\"&#8216;Una vida de duelos&#8217; es un cortometraje con el que la Asociaci\u00f3n Espa\u00f1ola de S\u00edndrome de Rett quiere mostrar la realidad de las familia con esta enfermedad rara.\" \/>\n<meta property=\"og:url\" content=\"https:\/\/sindromecharge.es\/index.php\/2025\/01\/25\/una-vida-duelos-documental-que-visibiliza-como-es-convivir-con-sindrome-rett\/\" \/>\n<meta property=\"og:site_name\" content=\"Asociaci\u00f3n Espa\u00f1ola S\u00edndrome de Charge\" \/>\n<meta property=\"article:publisher\" content=\"https:\/\/www.facebook.com\/asociacionsindromecharge\" \/>\n<meta property=\"article:published_time\" content=\"2025-01-25T07:34:17+00:00\" \/>\n<meta property=\"og:image\" content=\"https:\/\/sindromecharge.es\/wp-content\/uploads\/2013\/09\/logodecharge300x98.png\" \/>\n\t<meta property=\"og:image:width\" content=\"300\" \/>\n\t<meta property=\"og:image:height\" content=\"98\" \/>\n\t<meta property=\"og:image:type\" content=\"image\/png\" \/>\n<meta name=\"author\" content=\"Charge\" \/>\n<meta name=\"twitter:card\" content=\"summary_large_image\" \/>\n<meta name=\"twitter:creator\" content=\"@sindromecharge\" \/>\n<meta name=\"twitter:site\" content=\"@sindromecharge\" \/>\n<meta name=\"twitter:label1\" content=\"Escrito por\" \/>\n\t<meta name=\"twitter:data1\" content=\"Charge\" \/>\n\t<meta name=\"twitter:label2\" content=\"Tiempo de lectura\" \/>\n\t<meta name=\"twitter:data2\" content=\"5 minutos\" \/>\n<script type=\"application\/ld+json\" class=\"yoast-schema-graph\">{\"@context\":\"https:\\\/\\\/schema.org\",\"@graph\":[{\"@type\":\"Article\",\"@id\":\"https:\\\/\\\/sindromecharge.es\\\/index.php\\\/2025\\\/01\\\/25\\\/una-vida-duelos-documental-que-visibiliza-como-es-convivir-con-sindrome-rett\\\/#article\",\"isPartOf\":{\"@id\":\"https:\\\/\\\/sindromecharge.es\\\/index.php\\\/2025\\\/01\\\/25\\\/una-vida-duelos-documental-que-visibiliza-como-es-convivir-con-sindrome-rett\\\/\"},\"author\":{\"name\":\"Charge\",\"@id\":\"https:\\\/\\\/sindromecharge.es\\\/#\\\/schema\\\/person\\\/39a60ebe0a2b4d5a11179701e336b039\"},\"headline\":\"&#8216;Una vida de duelos&#8217;, el documental que visibiliza c\u00f3mo es convivir con S\u00edndrome de Rett: \u00abEs duro, pero quer\u00edamos que se viera\u00bb\",\"datePublished\":\"2025-01-25T07:34:17+00:00\",\"mainEntityOfPage\":{\"@id\":\"https:\\\/\\\/sindromecharge.es\\\/index.php\\\/2025\\\/01\\\/25\\\/una-vida-duelos-documental-que-visibiliza-como-es-convivir-con-sindrome-rett\\\/\"},\"wordCount\":1106,\"articleSection\":[\"noticias\"],\"inLanguage\":\"es\"},{\"@type\":\"WebPage\",\"@id\":\"https:\\\/\\\/sindromecharge.es\\\/index.php\\\/2025\\\/01\\\/25\\\/una-vida-duelos-documental-que-visibiliza-como-es-convivir-con-sindrome-rett\\\/\",\"url\":\"https:\\\/\\\/sindromecharge.es\\\/index.php\\\/2025\\\/01\\\/25\\\/una-vida-duelos-documental-que-visibiliza-como-es-convivir-con-sindrome-rett\\\/\",\"name\":\"'Una vida de duelos', el documental que visibiliza c\u00f3mo es convivir con S\u00edndrome de Rett: \\\"Es duro, pero quer\u00edamos que se viera\\\" - Asociaci\u00f3n Espa\u00f1ola S\u00edndrome de Charge\",\"isPartOf\":{\"@id\":\"https:\\\/\\\/sindromecharge.es\\\/#website\"},\"datePublished\":\"2025-01-25T07:34:17+00:00\",\"author\":{\"@id\":\"https:\\\/\\\/sindromecharge.es\\\/#\\\/schema\\\/person\\\/39a60ebe0a2b4d5a11179701e336b039\"},\"breadcrumb\":{\"@id\":\"https:\\\/\\\/sindromecharge.es\\\/index.php\\\/2025\\\/01\\\/25\\\/una-vida-duelos-documental-que-visibiliza-como-es-convivir-con-sindrome-rett\\\/#breadcrumb\"},\"inLanguage\":\"es\",\"potentialAction\":[{\"@type\":\"ReadAction\",\"target\":[\"https:\\\/\\\/sindromecharge.es\\\/index.php\\\/2025\\\/01\\\/25\\\/una-vida-duelos-documental-que-visibiliza-como-es-convivir-con-sindrome-rett\\\/\"]}]},{\"@type\":\"BreadcrumbList\",\"@id\":\"https:\\\/\\\/sindromecharge.es\\\/index.php\\\/2025\\\/01\\\/25\\\/una-vida-duelos-documental-que-visibiliza-como-es-convivir-con-sindrome-rett\\\/#breadcrumb\",\"itemListElement\":[{\"@type\":\"ListItem\",\"position\":1,\"name\":\"Portada\",\"item\":\"https:\\\/\\\/sindromecharge.es\\\/\"},{\"@type\":\"ListItem\",\"position\":2,\"name\":\"&#8216;Una vida de duelos&#8217;, el documental que visibiliza c\u00f3mo es convivir con S\u00edndrome de Rett: &#8220;Es duro, pero quer\u00edamos que se viera&#8221;\"}]},{\"@type\":\"WebSite\",\"@id\":\"https:\\\/\\\/sindromecharge.es\\\/#website\",\"url\":\"https:\\\/\\\/sindromecharge.es\\\/\",\"name\":\"Asociaci\u00f3n Espa\u00f1ola S\u00edndrome de Charge\",\"description\":\"\",\"potentialAction\":[{\"@type\":\"SearchAction\",\"target\":{\"@type\":\"EntryPoint\",\"urlTemplate\":\"https:\\\/\\\/sindromecharge.es\\\/?s={search_term_string}\"},\"query-input\":{\"@type\":\"PropertyValueSpecification\",\"valueRequired\":true,\"valueName\":\"search_term_string\"}}],\"inLanguage\":\"es\"},{\"@type\":\"Person\",\"@id\":\"https:\\\/\\\/sindromecharge.es\\\/#\\\/schema\\\/person\\\/39a60ebe0a2b4d5a11179701e336b039\",\"name\":\"Charge\",\"image\":{\"@type\":\"ImageObject\",\"inLanguage\":\"es\",\"@id\":\"https:\\\/\\\/secure.gravatar.com\\\/avatar\\\/c3b46e32a0fc3b093a0873fb767bf3293de856293065e84ef06b7ec7a8acfb98?s=96&d=identicon&r=x\",\"url\":\"https:\\\/\\\/secure.gravatar.com\\\/avatar\\\/c3b46e32a0fc3b093a0873fb767bf3293de856293065e84ef06b7ec7a8acfb98?s=96&d=identicon&r=x\",\"contentUrl\":\"https:\\\/\\\/secure.gravatar.com\\\/avatar\\\/c3b46e32a0fc3b093a0873fb767bf3293de856293065e84ef06b7ec7a8acfb98?s=96&d=identicon&r=x\",\"caption\":\"Charge\"},\"url\":\"https:\\\/\\\/sindromecharge.es\\\/index.php\\\/author\\\/admin\\\/\"}]}<\/script>\n<!-- \/ Yoast SEO plugin. -->","yoast_head_json":{"title":"'Una vida de duelos', el documental que visibiliza c\u00f3mo es convivir con S\u00edndrome de Rett: \"Es duro, pero quer\u00edamos que se viera\" - Asociaci\u00f3n Espa\u00f1ola S\u00edndrome de Charge","robots":{"index":"index","follow":"follow","max-snippet":"max-snippet:-1","max-image-preview":"max-image-preview:large","max-video-preview":"max-video-preview:-1"},"canonical":"https:\/\/sindromecharge.es\/index.php\/2025\/01\/25\/una-vida-duelos-documental-que-visibiliza-como-es-convivir-con-sindrome-rett\/","og_locale":"es_ES","og_type":"article","og_title":"'Una vida de duelos', el documental que visibiliza c\u00f3mo es convivir con S\u00edndrome de Rett: \"Es duro, pero quer\u00edamos que se viera\" - Asociaci\u00f3n Espa\u00f1ola S\u00edndrome de Charge","og_description":"&#8216;Una vida de duelos&#8217; es un cortometraje con el que la Asociaci\u00f3n Espa\u00f1ola de S\u00edndrome de Rett quiere mostrar la realidad de las familia con esta enfermedad rara.","og_url":"https:\/\/sindromecharge.es\/index.php\/2025\/01\/25\/una-vida-duelos-documental-que-visibiliza-como-es-convivir-con-sindrome-rett\/","og_site_name":"Asociaci\u00f3n Espa\u00f1ola S\u00edndrome de Charge","article_publisher":"https:\/\/www.facebook.com\/asociacionsindromecharge","article_published_time":"2025-01-25T07:34:17+00:00","og_image":[{"width":300,"height":98,"url":"https:\/\/sindromecharge.es\/wp-content\/uploads\/2013\/09\/logodecharge300x98.png","type":"image\/png"}],"author":"Charge","twitter_card":"summary_large_image","twitter_creator":"@sindromecharge","twitter_site":"@sindromecharge","twitter_misc":{"Escrito por":"Charge","Tiempo de lectura":"5 minutos"},"schema":{"@context":"https:\/\/schema.org","@graph":[{"@type":"Article","@id":"https:\/\/sindromecharge.es\/index.php\/2025\/01\/25\/una-vida-duelos-documental-que-visibiliza-como-es-convivir-con-sindrome-rett\/#article","isPartOf":{"@id":"https:\/\/sindromecharge.es\/index.php\/2025\/01\/25\/una-vida-duelos-documental-que-visibiliza-como-es-convivir-con-sindrome-rett\/"},"author":{"name":"Charge","@id":"https:\/\/sindromecharge.es\/#\/schema\/person\/39a60ebe0a2b4d5a11179701e336b039"},"headline":"&#8216;Una vida de duelos&#8217;, el documental que visibiliza c\u00f3mo es convivir con S\u00edndrome de Rett: \u00abEs duro, pero quer\u00edamos que se viera\u00bb","datePublished":"2025-01-25T07:34:17+00:00","mainEntityOfPage":{"@id":"https:\/\/sindromecharge.es\/index.php\/2025\/01\/25\/una-vida-duelos-documental-que-visibiliza-como-es-convivir-con-sindrome-rett\/"},"wordCount":1106,"articleSection":["noticias"],"inLanguage":"es"},{"@type":"WebPage","@id":"https:\/\/sindromecharge.es\/index.php\/2025\/01\/25\/una-vida-duelos-documental-que-visibiliza-como-es-convivir-con-sindrome-rett\/","url":"https:\/\/sindromecharge.es\/index.php\/2025\/01\/25\/una-vida-duelos-documental-que-visibiliza-como-es-convivir-con-sindrome-rett\/","name":"'Una vida de duelos', el documental que visibiliza c\u00f3mo es convivir con S\u00edndrome de Rett: \"Es duro, pero quer\u00edamos que se viera\" - Asociaci\u00f3n Espa\u00f1ola S\u00edndrome de Charge","isPartOf":{"@id":"https:\/\/sindromecharge.es\/#website"},"datePublished":"2025-01-25T07:34:17+00:00","author":{"@id":"https:\/\/sindromecharge.es\/#\/schema\/person\/39a60ebe0a2b4d5a11179701e336b039"},"breadcrumb":{"@id":"https:\/\/sindromecharge.es\/index.php\/2025\/01\/25\/una-vida-duelos-documental-que-visibiliza-como-es-convivir-con-sindrome-rett\/#breadcrumb"},"inLanguage":"es","potentialAction":[{"@type":"ReadAction","target":["https:\/\/sindromecharge.es\/index.php\/2025\/01\/25\/una-vida-duelos-documental-que-visibiliza-como-es-convivir-con-sindrome-rett\/"]}]},{"@type":"BreadcrumbList","@id":"https:\/\/sindromecharge.es\/index.php\/2025\/01\/25\/una-vida-duelos-documental-que-visibiliza-como-es-convivir-con-sindrome-rett\/#breadcrumb","itemListElement":[{"@type":"ListItem","position":1,"name":"Portada","item":"https:\/\/sindromecharge.es\/"},{"@type":"ListItem","position":2,"name":"&#8216;Una vida de duelos&#8217;, el documental que visibiliza c\u00f3mo es convivir con S\u00edndrome de Rett: &#8220;Es duro, pero quer\u00edamos que se viera&#8221;"}]},{"@type":"WebSite","@id":"https:\/\/sindromecharge.es\/#website","url":"https:\/\/sindromecharge.es\/","name":"Asociaci\u00f3n Espa\u00f1ola S\u00edndrome de Charge","description":"","potentialAction":[{"@type":"SearchAction","target":{"@type":"EntryPoint","urlTemplate":"https:\/\/sindromecharge.es\/?s={search_term_string}"},"query-input":{"@type":"PropertyValueSpecification","valueRequired":true,"valueName":"search_term_string"}}],"inLanguage":"es"},{"@type":"Person","@id":"https:\/\/sindromecharge.es\/#\/schema\/person\/39a60ebe0a2b4d5a11179701e336b039","name":"Charge","image":{"@type":"ImageObject","inLanguage":"es","@id":"https:\/\/secure.gravatar.com\/avatar\/c3b46e32a0fc3b093a0873fb767bf3293de856293065e84ef06b7ec7a8acfb98?s=96&d=identicon&r=x","url":"https:\/\/secure.gravatar.com\/avatar\/c3b46e32a0fc3b093a0873fb767bf3293de856293065e84ef06b7ec7a8acfb98?s=96&d=identicon&r=x","contentUrl":"https:\/\/secure.gravatar.com\/avatar\/c3b46e32a0fc3b093a0873fb767bf3293de856293065e84ef06b7ec7a8acfb98?s=96&d=identicon&r=x","caption":"Charge"},"url":"https:\/\/sindromecharge.es\/index.php\/author\/admin\/"}]}},"_links":{"self":[{"href":"https:\/\/sindromecharge.es\/index.php\/wp-json\/wp\/v2\/posts\/10766","targetHints":{"allow":["GET"]}}],"collection":[{"href":"https:\/\/sindromecharge.es\/index.php\/wp-json\/wp\/v2\/posts"}],"about":[{"href":"https:\/\/sindromecharge.es\/index.php\/wp-json\/wp\/v2\/types\/post"}],"author":[{"embeddable":true,"href":"https:\/\/sindromecharge.es\/index.php\/wp-json\/wp\/v2\/users\/1"}],"replies":[{"embeddable":true,"href":"https:\/\/sindromecharge.es\/index.php\/wp-json\/wp\/v2\/comments?post=10766"}],"version-history":[{"count":0,"href":"https:\/\/sindromecharge.es\/index.php\/wp-json\/wp\/v2\/posts\/10766\/revisions"}],"wp:attachment":[{"href":"https:\/\/sindromecharge.es\/index.php\/wp-json\/wp\/v2\/media?parent=10766"}],"wp:term":[{"taxonomy":"category","embeddable":true,"href":"https:\/\/sindromecharge.es\/index.php\/wp-json\/wp\/v2\/categories?post=10766"},{"taxonomy":"post_tag","embeddable":true,"href":"https:\/\/sindromecharge.es\/index.php\/wp-json\/wp\/v2\/tags?post=10766"}],"curies":[{"name":"wp","href":"https:\/\/api.w.org\/{rel}","templated":true}]}}