{"id":10765,"date":"2025-01-25T07:33:55","date_gmt":"2025-01-25T07:33:55","guid":{"rendered":"https:\/\/sindromecharge.es\/index.php\/2025\/01\/25\/facilito-tv-estrena-pizza-fortuna-primer-concurso-protagonizado-por-persona-con-discapacidad-intelectual\/"},"modified":"2025-01-25T07:33:55","modified_gmt":"2025-01-25T07:33:55","slug":"facilito-tv-estrena-pizza-fortuna-primer-concurso-protagonizado-por-persona-con-discapacidad-intelectual","status":"publish","type":"post","link":"https:\/\/sindromecharge.es\/index.php\/2025\/01\/25\/facilito-tv-estrena-pizza-fortuna-primer-concurso-protagonizado-por-persona-con-discapacidad-intelectual\/","title":{"rendered":"Facilito TV estrena \u00abLa pizza de la fortuna\u00bb, el primer concurso protagonizado por personas con discapacidad intelectual"},"content":{"rendered":"<p>Leemos en Discapacidad la siguiente noticia que os reproducimos de forma \u00edntegra: <\/p>\n<div>\n<p>Desde este s\u00e1bado 25 de enero, est\u00e1 listo <i>La pizza de la fortuna<\/i>, el nuevo programa de <a href=\"https:\/\/www.facilito.eu\/\" target=\"_blank\" rel=\"nofollow\">Facilito TV<\/a>. Disponible ya tanto en sus plataformas como en Visi\u00f3n6, Mijas TV y Grupo Cadena Media -con sus 52 canales de TNT- este nuevo programa se inspira en el cl\u00e1sico formato de Antena 3, pero <b>protagonizado por personas con discapacidad intelectual<\/b>, \u00ables hacemos preguntas, pero no solo sobre la pizza, sino de cultura general, hacemos rondas de preguntas\u2026 es s\u00faper divertido, se lo pasan muy bien\u00bb, cuenta Susana Gallego, fundadora de Facilito TV.<\/p>\n<p>Como todos los programas de la cadena, especializada en crear contenido enfocado en personas con <a href=\"https:\/\/www.20minutos.es\/minuteca\/discapacidad-intelectual\/\" title=\"Discapacidad intelectual\" target=\"_blank\">discapacidad intelectual<\/a>, el objetivo de <i>La pizza de la fortuna<\/i> es romper estereotipos, sensibilizar y normalizar la discapacidad, de manera fresca y divertida, \u00abla idea es sensibilizar y normalizar la discapacidad intelectual en nuestras vidas, demostrar, una vez m\u00e1s, que las personas con discapacidad intelectual tienen muchas capacidades\u00bb. <\/p>\n<p>Por eso, entre pregunta y pregunta, Susana aprovechaba para hablar con los concursantes sobre su vida y sus aficiones, \u00abhan participado 4 personas en cada programa, 3 contestando y dando a la ruleta. Durante el programa, <b>hemos descubierto sus talentos, sus inquietudes\u2026 <\/b>que no son muy diferentes a las que podemos tener cualquier otra persona que no tenemos discapacidad\u00bb, insiste Susana, que quiere dejar claro que la experiencia, tanto para ellos como para los concursantes ha sido de lo m\u00e1s enriquecedora y divertida, \u00absu objetivo no era ganar, sino pasarlo bien y participar. Nos han demostrado, adem\u00e1s, el precioso <b>compa\u00f1erismo <\/b>que hay entre ellos, una bondad tremenda. Cuando alguno de ellos se atascaba en la pregunta o no contestaba correctamente, se apoyaban\u2026 y ninguno se interes\u00f3 al final en saber la puntuaci\u00f3n que ten\u00eda\u00bb, recuerda Susana.<\/p>\n<p><i>La pizza de la fortuna consta<\/i> de ocho programas, que se estrenar\u00e1n cada semana y que se han grabado en un estudio creado especialmente para la ocasi\u00f3n en la Fundaci\u00f3n Astier &#8211; Centro San Jos\u00e9, en Alcal\u00e1 de Henares (Madrid). Los concursantes proced\u00edan de distintos centros como <a href=\"https:\/\/www.20minutos.es\/noticia\/5649636\/0\/ana-arroyo-gerente-fundacion-oxiria\/\" title='Ana Arroyo, Fundaci\u00f3n Oxiria: \"Tras la educaci\u00f3n obligatoria, los padres no saben qu\u00e9 hacer con sus hijos con discapacidad\"' target=\"_blank\">Fundaci\u00f3n Oxiria<\/a>, Centro Ocupacional Ponce de Le\u00f3n, Centro Ocupacional Municipal El Molino y la propia Fundaci\u00f3n Astier.<\/p>\n<p>Desde Facilito TV nos invitan a verlo, ya no solo para pasar un rato superdivertidos, sobre todo para \u00ab<b>romper con barreras, estereotipos\u2026<\/b> que esta sociedad tiene todav\u00eda con aquellos que son diferentes. Ser\u00eda maravilloso que cosas as\u00ed se vieran en otras televisiones o plataformas, que la diversidad estuviera a\u00fan m\u00e1s presente\u00bb, aseguran. <\/p>\n<\/div>\n<p>Fuente: Discapacidad https:\/\/www.20minutos.es\/noticia\/5675003\/0\/facilito-tv-estrena-pizza-fortuna-primer-concurso-protagonizado-por-persona-con-discapacidad-intelectual\/<\/p>\n","protected":false},"excerpt":{"rendered":"<p>&#8216;La pizza de la fortuna&#8217; es un programa-concurso destinado a visibilizar y normalizar la discapacidad intelectal a trav\u00e9s del entretenimiento.<\/p>\n","protected":false},"author":1,"featured_media":0,"comment_status":"closed","ping_status":"closed","sticky":false,"template":"","format":"standard","meta":{"footnotes":""},"categories":[8],"tags":[],"class_list":["post-10765","post","type-post","status-publish","format-standard","hentry","category-noticias"],"yoast_head":"<!-- This site is optimized with the Yoast SEO plugin v27.4 - https:\/\/yoast.com\/product\/yoast-seo-wordpress\/ -->\n<title>Facilito TV estrena &quot;La pizza de la fortuna&quot;, el primer concurso protagonizado por personas con discapacidad intelectual - Asociaci\u00f3n Espa\u00f1ola S\u00edndrome de Charge<\/title>\n<meta name=\"robots\" content=\"index, follow, max-snippet:-1, max-image-preview:large, max-video-preview:-1\" \/>\n<link rel=\"canonical\" href=\"https:\/\/sindromecharge.es\/index.php\/2025\/01\/25\/facilito-tv-estrena-pizza-fortuna-primer-concurso-protagonizado-por-persona-con-discapacidad-intelectual\/\" \/>\n<meta property=\"og:locale\" content=\"es_ES\" \/>\n<meta property=\"og:type\" content=\"article\" \/>\n<meta property=\"og:title\" content=\"Facilito TV estrena &quot;La pizza de la fortuna&quot;, el primer concurso protagonizado por personas con discapacidad intelectual - Asociaci\u00f3n Espa\u00f1ola S\u00edndrome de Charge\" \/>\n<meta property=\"og:description\" content=\"&#8216;La pizza de la fortuna&#8217; es un programa-concurso destinado a visibilizar y normalizar la discapacidad intelectal a trav\u00e9s del entretenimiento.\" \/>\n<meta property=\"og:url\" content=\"https:\/\/sindromecharge.es\/index.php\/2025\/01\/25\/facilito-tv-estrena-pizza-fortuna-primer-concurso-protagonizado-por-persona-con-discapacidad-intelectual\/\" \/>\n<meta property=\"og:site_name\" content=\"Asociaci\u00f3n Espa\u00f1ola S\u00edndrome de Charge\" \/>\n<meta property=\"article:publisher\" content=\"https:\/\/www.facebook.com\/asociacionsindromecharge\" \/>\n<meta property=\"article:published_time\" content=\"2025-01-25T07:33:55+00:00\" \/>\n<meta property=\"og:image\" content=\"https:\/\/sindromecharge.es\/wp-content\/uploads\/2013\/09\/logodecharge300x98.png\" \/>\n\t<meta property=\"og:image:width\" content=\"300\" \/>\n\t<meta property=\"og:image:height\" content=\"98\" \/>\n\t<meta property=\"og:image:type\" content=\"image\/png\" \/>\n<meta name=\"author\" content=\"Charge\" \/>\n<meta name=\"twitter:card\" content=\"summary_large_image\" \/>\n<meta name=\"twitter:creator\" content=\"@sindromecharge\" \/>\n<meta name=\"twitter:site\" content=\"@sindromecharge\" \/>\n<meta name=\"twitter:label1\" content=\"Escrito por\" \/>\n\t<meta name=\"twitter:data1\" content=\"Charge\" \/>\n\t<meta name=\"twitter:label2\" content=\"Tiempo de lectura\" \/>\n\t<meta name=\"twitter:data2\" content=\"2 minutos\" \/>\n<script type=\"application\/ld+json\" class=\"yoast-schema-graph\">{\"@context\":\"https:\\\/\\\/schema.org\",\"@graph\":[{\"@type\":\"Article\",\"@id\":\"https:\\\/\\\/sindromecharge.es\\\/index.php\\\/2025\\\/01\\\/25\\\/facilito-tv-estrena-pizza-fortuna-primer-concurso-protagonizado-por-persona-con-discapacidad-intelectual\\\/#article\",\"isPartOf\":{\"@id\":\"https:\\\/\\\/sindromecharge.es\\\/index.php\\\/2025\\\/01\\\/25\\\/facilito-tv-estrena-pizza-fortuna-primer-concurso-protagonizado-por-persona-con-discapacidad-intelectual\\\/\"},\"author\":{\"name\":\"Charge\",\"@id\":\"https:\\\/\\\/sindromecharge.es\\\/#\\\/schema\\\/person\\\/39a60ebe0a2b4d5a11179701e336b039\"},\"headline\":\"Facilito TV estrena \u00abLa pizza de la fortuna\u00bb, el primer concurso protagonizado por personas con discapacidad intelectual\",\"datePublished\":\"2025-01-25T07:33:55+00:00\",\"mainEntityOfPage\":{\"@id\":\"https:\\\/\\\/sindromecharge.es\\\/index.php\\\/2025\\\/01\\\/25\\\/facilito-tv-estrena-pizza-fortuna-primer-concurso-protagonizado-por-persona-con-discapacidad-intelectual\\\/\"},\"wordCount\":459,\"articleSection\":[\"noticias\"],\"inLanguage\":\"es\"},{\"@type\":\"WebPage\",\"@id\":\"https:\\\/\\\/sindromecharge.es\\\/index.php\\\/2025\\\/01\\\/25\\\/facilito-tv-estrena-pizza-fortuna-primer-concurso-protagonizado-por-persona-con-discapacidad-intelectual\\\/\",\"url\":\"https:\\\/\\\/sindromecharge.es\\\/index.php\\\/2025\\\/01\\\/25\\\/facilito-tv-estrena-pizza-fortuna-primer-concurso-protagonizado-por-persona-con-discapacidad-intelectual\\\/\",\"name\":\"Facilito TV estrena \\\"La pizza de la fortuna\\\", el primer concurso protagonizado por personas con discapacidad intelectual - Asociaci\u00f3n Espa\u00f1ola S\u00edndrome de Charge\",\"isPartOf\":{\"@id\":\"https:\\\/\\\/sindromecharge.es\\\/#website\"},\"datePublished\":\"2025-01-25T07:33:55+00:00\",\"author\":{\"@id\":\"https:\\\/\\\/sindromecharge.es\\\/#\\\/schema\\\/person\\\/39a60ebe0a2b4d5a11179701e336b039\"},\"breadcrumb\":{\"@id\":\"https:\\\/\\\/sindromecharge.es\\\/index.php\\\/2025\\\/01\\\/25\\\/facilito-tv-estrena-pizza-fortuna-primer-concurso-protagonizado-por-persona-con-discapacidad-intelectual\\\/#breadcrumb\"},\"inLanguage\":\"es\",\"potentialAction\":[{\"@type\":\"ReadAction\",\"target\":[\"https:\\\/\\\/sindromecharge.es\\\/index.php\\\/2025\\\/01\\\/25\\\/facilito-tv-estrena-pizza-fortuna-primer-concurso-protagonizado-por-persona-con-discapacidad-intelectual\\\/\"]}]},{\"@type\":\"BreadcrumbList\",\"@id\":\"https:\\\/\\\/sindromecharge.es\\\/index.php\\\/2025\\\/01\\\/25\\\/facilito-tv-estrena-pizza-fortuna-primer-concurso-protagonizado-por-persona-con-discapacidad-intelectual\\\/#breadcrumb\",\"itemListElement\":[{\"@type\":\"ListItem\",\"position\":1,\"name\":\"Portada\",\"item\":\"https:\\\/\\\/sindromecharge.es\\\/\"},{\"@type\":\"ListItem\",\"position\":2,\"name\":\"Facilito TV estrena &#8220;La pizza de la fortuna&#8221;, el primer concurso protagonizado por personas con discapacidad intelectual\"}]},{\"@type\":\"WebSite\",\"@id\":\"https:\\\/\\\/sindromecharge.es\\\/#website\",\"url\":\"https:\\\/\\\/sindromecharge.es\\\/\",\"name\":\"Asociaci\u00f3n Espa\u00f1ola S\u00edndrome de Charge\",\"description\":\"\",\"potentialAction\":[{\"@type\":\"SearchAction\",\"target\":{\"@type\":\"EntryPoint\",\"urlTemplate\":\"https:\\\/\\\/sindromecharge.es\\\/?s={search_term_string}\"},\"query-input\":{\"@type\":\"PropertyValueSpecification\",\"valueRequired\":true,\"valueName\":\"search_term_string\"}}],\"inLanguage\":\"es\"},{\"@type\":\"Person\",\"@id\":\"https:\\\/\\\/sindromecharge.es\\\/#\\\/schema\\\/person\\\/39a60ebe0a2b4d5a11179701e336b039\",\"name\":\"Charge\",\"image\":{\"@type\":\"ImageObject\",\"inLanguage\":\"es\",\"@id\":\"https:\\\/\\\/secure.gravatar.com\\\/avatar\\\/c3b46e32a0fc3b093a0873fb767bf3293de856293065e84ef06b7ec7a8acfb98?s=96&d=identicon&r=x\",\"url\":\"https:\\\/\\\/secure.gravatar.com\\\/avatar\\\/c3b46e32a0fc3b093a0873fb767bf3293de856293065e84ef06b7ec7a8acfb98?s=96&d=identicon&r=x\",\"contentUrl\":\"https:\\\/\\\/secure.gravatar.com\\\/avatar\\\/c3b46e32a0fc3b093a0873fb767bf3293de856293065e84ef06b7ec7a8acfb98?s=96&d=identicon&r=x\",\"caption\":\"Charge\"},\"url\":\"https:\\\/\\\/sindromecharge.es\\\/index.php\\\/author\\\/admin\\\/\"}]}<\/script>\n<!-- \/ Yoast SEO plugin. -->","yoast_head_json":{"title":"Facilito TV estrena \"La pizza de la fortuna\", el primer concurso protagonizado por personas con discapacidad intelectual - Asociaci\u00f3n Espa\u00f1ola S\u00edndrome de Charge","robots":{"index":"index","follow":"follow","max-snippet":"max-snippet:-1","max-image-preview":"max-image-preview:large","max-video-preview":"max-video-preview:-1"},"canonical":"https:\/\/sindromecharge.es\/index.php\/2025\/01\/25\/facilito-tv-estrena-pizza-fortuna-primer-concurso-protagonizado-por-persona-con-discapacidad-intelectual\/","og_locale":"es_ES","og_type":"article","og_title":"Facilito TV estrena \"La pizza de la fortuna\", el primer concurso protagonizado por personas con discapacidad intelectual - Asociaci\u00f3n Espa\u00f1ola S\u00edndrome de Charge","og_description":"&#8216;La pizza de la fortuna&#8217; es un programa-concurso destinado a visibilizar y normalizar la discapacidad intelectal a trav\u00e9s del entretenimiento.","og_url":"https:\/\/sindromecharge.es\/index.php\/2025\/01\/25\/facilito-tv-estrena-pizza-fortuna-primer-concurso-protagonizado-por-persona-con-discapacidad-intelectual\/","og_site_name":"Asociaci\u00f3n Espa\u00f1ola S\u00edndrome de Charge","article_publisher":"https:\/\/www.facebook.com\/asociacionsindromecharge","article_published_time":"2025-01-25T07:33:55+00:00","og_image":[{"width":300,"height":98,"url":"https:\/\/sindromecharge.es\/wp-content\/uploads\/2013\/09\/logodecharge300x98.png","type":"image\/png"}],"author":"Charge","twitter_card":"summary_large_image","twitter_creator":"@sindromecharge","twitter_site":"@sindromecharge","twitter_misc":{"Escrito por":"Charge","Tiempo de lectura":"2 minutos"},"schema":{"@context":"https:\/\/schema.org","@graph":[{"@type":"Article","@id":"https:\/\/sindromecharge.es\/index.php\/2025\/01\/25\/facilito-tv-estrena-pizza-fortuna-primer-concurso-protagonizado-por-persona-con-discapacidad-intelectual\/#article","isPartOf":{"@id":"https:\/\/sindromecharge.es\/index.php\/2025\/01\/25\/facilito-tv-estrena-pizza-fortuna-primer-concurso-protagonizado-por-persona-con-discapacidad-intelectual\/"},"author":{"name":"Charge","@id":"https:\/\/sindromecharge.es\/#\/schema\/person\/39a60ebe0a2b4d5a11179701e336b039"},"headline":"Facilito TV estrena \u00abLa pizza de la fortuna\u00bb, el primer concurso protagonizado por personas con discapacidad intelectual","datePublished":"2025-01-25T07:33:55+00:00","mainEntityOfPage":{"@id":"https:\/\/sindromecharge.es\/index.php\/2025\/01\/25\/facilito-tv-estrena-pizza-fortuna-primer-concurso-protagonizado-por-persona-con-discapacidad-intelectual\/"},"wordCount":459,"articleSection":["noticias"],"inLanguage":"es"},{"@type":"WebPage","@id":"https:\/\/sindromecharge.es\/index.php\/2025\/01\/25\/facilito-tv-estrena-pizza-fortuna-primer-concurso-protagonizado-por-persona-con-discapacidad-intelectual\/","url":"https:\/\/sindromecharge.es\/index.php\/2025\/01\/25\/facilito-tv-estrena-pizza-fortuna-primer-concurso-protagonizado-por-persona-con-discapacidad-intelectual\/","name":"Facilito TV estrena \"La pizza de la fortuna\", el primer concurso protagonizado por personas con discapacidad intelectual - Asociaci\u00f3n Espa\u00f1ola S\u00edndrome de Charge","isPartOf":{"@id":"https:\/\/sindromecharge.es\/#website"},"datePublished":"2025-01-25T07:33:55+00:00","author":{"@id":"https:\/\/sindromecharge.es\/#\/schema\/person\/39a60ebe0a2b4d5a11179701e336b039"},"breadcrumb":{"@id":"https:\/\/sindromecharge.es\/index.php\/2025\/01\/25\/facilito-tv-estrena-pizza-fortuna-primer-concurso-protagonizado-por-persona-con-discapacidad-intelectual\/#breadcrumb"},"inLanguage":"es","potentialAction":[{"@type":"ReadAction","target":["https:\/\/sindromecharge.es\/index.php\/2025\/01\/25\/facilito-tv-estrena-pizza-fortuna-primer-concurso-protagonizado-por-persona-con-discapacidad-intelectual\/"]}]},{"@type":"BreadcrumbList","@id":"https:\/\/sindromecharge.es\/index.php\/2025\/01\/25\/facilito-tv-estrena-pizza-fortuna-primer-concurso-protagonizado-por-persona-con-discapacidad-intelectual\/#breadcrumb","itemListElement":[{"@type":"ListItem","position":1,"name":"Portada","item":"https:\/\/sindromecharge.es\/"},{"@type":"ListItem","position":2,"name":"Facilito TV estrena &#8220;La pizza de la fortuna&#8221;, el primer concurso protagonizado por personas con discapacidad intelectual"}]},{"@type":"WebSite","@id":"https:\/\/sindromecharge.es\/#website","url":"https:\/\/sindromecharge.es\/","name":"Asociaci\u00f3n Espa\u00f1ola S\u00edndrome de Charge","description":"","potentialAction":[{"@type":"SearchAction","target":{"@type":"EntryPoint","urlTemplate":"https:\/\/sindromecharge.es\/?s={search_term_string}"},"query-input":{"@type":"PropertyValueSpecification","valueRequired":true,"valueName":"search_term_string"}}],"inLanguage":"es"},{"@type":"Person","@id":"https:\/\/sindromecharge.es\/#\/schema\/person\/39a60ebe0a2b4d5a11179701e336b039","name":"Charge","image":{"@type":"ImageObject","inLanguage":"es","@id":"https:\/\/secure.gravatar.com\/avatar\/c3b46e32a0fc3b093a0873fb767bf3293de856293065e84ef06b7ec7a8acfb98?s=96&d=identicon&r=x","url":"https:\/\/secure.gravatar.com\/avatar\/c3b46e32a0fc3b093a0873fb767bf3293de856293065e84ef06b7ec7a8acfb98?s=96&d=identicon&r=x","contentUrl":"https:\/\/secure.gravatar.com\/avatar\/c3b46e32a0fc3b093a0873fb767bf3293de856293065e84ef06b7ec7a8acfb98?s=96&d=identicon&r=x","caption":"Charge"},"url":"https:\/\/sindromecharge.es\/index.php\/author\/admin\/"}]}},"_links":{"self":[{"href":"https:\/\/sindromecharge.es\/index.php\/wp-json\/wp\/v2\/posts\/10765","targetHints":{"allow":["GET"]}}],"collection":[{"href":"https:\/\/sindromecharge.es\/index.php\/wp-json\/wp\/v2\/posts"}],"about":[{"href":"https:\/\/sindromecharge.es\/index.php\/wp-json\/wp\/v2\/types\/post"}],"author":[{"embeddable":true,"href":"https:\/\/sindromecharge.es\/index.php\/wp-json\/wp\/v2\/users\/1"}],"replies":[{"embeddable":true,"href":"https:\/\/sindromecharge.es\/index.php\/wp-json\/wp\/v2\/comments?post=10765"}],"version-history":[{"count":0,"href":"https:\/\/sindromecharge.es\/index.php\/wp-json\/wp\/v2\/posts\/10765\/revisions"}],"wp:attachment":[{"href":"https:\/\/sindromecharge.es\/index.php\/wp-json\/wp\/v2\/media?parent=10765"}],"wp:term":[{"taxonomy":"category","embeddable":true,"href":"https:\/\/sindromecharge.es\/index.php\/wp-json\/wp\/v2\/categories?post=10765"},{"taxonomy":"post_tag","embeddable":true,"href":"https:\/\/sindromecharge.es\/index.php\/wp-json\/wp\/v2\/tags?post=10765"}],"curies":[{"name":"wp","href":"https:\/\/api.w.org\/{rel}","templated":true}]}}