{"id":10764,"date":"2025-01-25T07:06:15","date_gmt":"2025-01-25T07:06:15","guid":{"rendered":"https:\/\/sindromecharge.es\/index.php\/2025\/01\/25\/viajar-las-palabras-los-derechos\/"},"modified":"2025-01-25T07:06:15","modified_gmt":"2025-01-25T07:06:15","slug":"viajar-las-palabras-los-derechos","status":"publish","type":"post","link":"https:\/\/sindromecharge.es\/index.php\/2025\/01\/25\/viajar-las-palabras-los-derechos\/","title":{"rendered":"Viajar de las palabras a los derechos"},"content":{"rendered":"<p>Leemos en Discapacidad la siguiente noticia que os reproducimos de forma \u00edntegra: <\/p>\n<div>\n<p>En estos d\u00edas se cumple el<b> primer aniversario de la tercera reforma de la Constituci\u00f3n Espa\u00f1ola<\/b>. En el invierno de 2024, la mayor\u00eda del arco parlamentario se puso de acuerdo para<b> modificar el art\u00edculo 49 de la Carta Magna<\/b>. Gracias a este consenso, que por otro lado y desgraciadamente se ha convertido en una rara avis en el d\u00eda a d\u00eda de la pol\u00edtica nacional, <b>nadie volver\u00e1 a leer la palabra &#8216;disminuidos&#8217;<\/b> en referencia a las <b>personas con <a href=\"https:\/\/www.20minutos.es\/minuteca\/discapacidad\/\" title=\"Discapacidad\" target=\"_blank\">discapacidad<\/a><\/b>. Todo un logro, sin duda, que merece una sentida celebraci\u00f3n.<\/p>\n<p>Aunque, en mi opini\u00f3n, el cambio constitucional supone mucho m\u00e1s que un mero trueque de palabras. En este tiempo en el que muchos se conforman con titulares, y el conocimiento de los acontecimientos se basa en la superficialidad y en la velocidad, quiero defender que<b> vale la pena profundizar en lo que significa lo conseguido<\/b> por el movimiento asociativo de la discapacidad.<\/p>\n<p>Hace un a\u00f1o conseguimos que el legislador entendiera la necesidad de aprovechar el cambio de t\u00e9rminos que reivindica la dignidad de m\u00e1s de 4 millones de personas con discapacidad y sus familias para, adem\u00e1s, introducir en el art\u00edculo 49 esta <b>declaraci\u00f3n de intenciones<\/b>: \u00ablos poderes p\u00fablicos impulsar\u00e1n las pol\u00edticas que garanticen la plena autonom\u00eda personal y la <b><a href=\"https:\/\/www.20minutos.es\/minuteca\/inclusion\/\" title=\"Inclusi\u00f3n\" target=\"_blank\">inclusi\u00f3n<\/a> social de las personas con discapacidad<\/b>, en entornos universalmente accesibles\u00bb. Y, junto a este logro, reconocer la urgencia de atender \u00abparticularmente las necesidades espec\u00edficas de las mujeres y los menores con discapacidad\u00bb.<\/p>\n<p>En Espa\u00f1a nos podemos enorgullecer de<b> contar con una legislaci\u00f3n mod\u00e9lica<\/b> respecto a la defensa de los derechos de las personas con discapacidad y, especialmente, en lo que se refiere a aquellas normas que aluden a 400.000 personas con <a href=\"https:\/\/www.20minutos.es\/minuteca\/discapacidad-intelectual\/\" title=\"Discapacidad intelectual\" target=\"_blank\">discapacidad intelectual<\/a> y del desarrollo. En este sentido vale la pena citar las normas, aprobadas en los \u00faltimos a\u00f1os, que aumentan las garant\u00edas sobre derechos fundamentales como los de la<b> accesibilidad cognitiva, el derecho al voto, la autonom\u00eda jur\u00eddica<\/b> (tras la modificaci\u00f3n del C\u00f3digo Civil) o la salud reproductiva, gracias a la <b>prohibici\u00f3n de la esterilizaci\u00f3n forzada <\/b>de mujeres con discapacidad. Por otro lado, hay que resaltar que s\u00f3lo en nuestro pa\u00eds las administraciones p\u00fablicas se han fijado por ley <b>la obligaci\u00f3n de reservar un 2% de sus empleos para que personas con discapacidad intelectual<\/b> opten a estos empleos tras aprobar la correspondiente prueba de oposici\u00f3n. Y no me quiero olvidar de iniciativas colectivas que defienden su derecho a hablar con voz propia.<\/p>\n<p>As\u00ed lo atestigua la creaci\u00f3n en 2022 de la Plataforma Estatal de Representantes de Personas con Discapacidad Intelectual. Desde el movimiento de la discapacidad, que lidera el <a href=\"https:\/\/www.20minutos.es\/minuteca\/cermi\/\" title=\"Cermi\" target=\"_blank\">CERMI<\/a> y que sostenemos desde organizaciones como <b>Plena inclusi\u00f3n Espa\u00f1a<\/b>, celebramos estos avances, aunque <b>no nos conformamos<\/b>. Y no podemos hacerlo porque el camino que lleva hasta la plena ciudadan\u00eda todav\u00eda es largo y complejo. S\u00f3lo hay que echar un vistazo a los <b>datos de acceso al empleo<\/b> o a la educaci\u00f3n inclusiva que sit\u00faan a estas personas en situaciones de enorme desigualdad y desprotecci\u00f3n.<\/p>\n<h1>Celebramos estos avances, aunque no nos conformamos. Y no podemos hacerlo porque el camino que lleva hasta la plena ciudadan\u00eda todav\u00eda es largo y complejo.<\/h1>\n<p>Asimismo, cabe reflexionar sobre el <b>aumento de la violencia machista contra mujeres con discapacidad<\/b>, o la persistencia en la exclusi\u00f3n de las personas con discapacidad en el acceso a la vivienda, al ocio o a la sexualidad.<\/p>\n<p>Quiero ser optimista ahora que celebramos un a\u00f1o del hito que supuso la reforma constitucional. A las familias y a las organizaciones que apoyamos a estas personas <b>nos sobra iniciativa y ganas de luchar<\/b>. Confiamos sobre todo en ellas, en las personas con discapacidad, porque son las m\u00e1s implicadas en un cambio social del que son protagonistas. <\/p>\n<p>No tenemos dudas sobre la necesidad de una nueva mirada sobre los cuidados, as\u00ed como sobre la dignificaci\u00f3n de las condiciones laborales de las y los profesionales que est\u00e1n a su lado. Y en esa tarea pedimos a las administraciones p\u00fablicas que entiendan la urgencia de dotar con <b>recursos suficientes a quienes garantizamos la calidad de cuidados<\/b>. <\/p>\n<p>Termino con el mismo esp\u00edritu esperanzado de quienes fundaron nuestro movimiento asociativo, hace 61 a\u00f1os, que empez\u00f3 por el empuje de un pu\u00f1ado de familias de personas con discapacidad intelectual. Estos pioneros acu\u00f1aron una frase que me gusta repetir:<b> Lo dif\u00edcil ya est\u00e1 hecho, lo imposible se har\u00e1<\/b>\u00ab.<\/p>\n<\/div>\n<p>Fuente: Discapacidad https:\/\/www.20minutos.es\/noticia\/5675736\/0\/viajar-las-palabras-los-derechos\/<\/p>\n","protected":false},"excerpt":{"rendered":"<p>Este 25 de enero se cumple un a\u00f1o de la eliminaci\u00f3n del t\u00e9rmino &#8216;disminuidos&#8217; de la Constituci\u00f3n.<\/p>\n","protected":false},"author":1,"featured_media":0,"comment_status":"closed","ping_status":"closed","sticky":false,"template":"","format":"standard","meta":{"footnotes":""},"categories":[8],"tags":[],"class_list":["post-10764","post","type-post","status-publish","format-standard","hentry","category-noticias"],"yoast_head":"<!-- This site is optimized with the Yoast SEO plugin v27.4 - https:\/\/yoast.com\/product\/yoast-seo-wordpress\/ -->\n<title>Viajar de las palabras a los derechos - Asociaci\u00f3n Espa\u00f1ola S\u00edndrome de Charge<\/title>\n<meta name=\"robots\" content=\"index, follow, max-snippet:-1, max-image-preview:large, max-video-preview:-1\" \/>\n<link rel=\"canonical\" href=\"https:\/\/sindromecharge.es\/index.php\/2025\/01\/25\/viajar-las-palabras-los-derechos\/\" \/>\n<meta property=\"og:locale\" content=\"es_ES\" \/>\n<meta property=\"og:type\" content=\"article\" \/>\n<meta property=\"og:title\" content=\"Viajar de las palabras a los derechos - Asociaci\u00f3n Espa\u00f1ola S\u00edndrome de Charge\" \/>\n<meta property=\"og:description\" content=\"Este 25 de enero se cumple un a\u00f1o de la eliminaci\u00f3n del t\u00e9rmino &#8216;disminuidos&#8217; de la Constituci\u00f3n.\" \/>\n<meta property=\"og:url\" content=\"https:\/\/sindromecharge.es\/index.php\/2025\/01\/25\/viajar-las-palabras-los-derechos\/\" \/>\n<meta property=\"og:site_name\" content=\"Asociaci\u00f3n Espa\u00f1ola S\u00edndrome de Charge\" \/>\n<meta property=\"article:publisher\" content=\"https:\/\/www.facebook.com\/asociacionsindromecharge\" \/>\n<meta property=\"article:published_time\" content=\"2025-01-25T07:06:15+00:00\" \/>\n<meta property=\"og:image\" content=\"https:\/\/sindromecharge.es\/wp-content\/uploads\/2013\/09\/logodecharge300x98.png\" \/>\n\t<meta property=\"og:image:width\" content=\"300\" \/>\n\t<meta property=\"og:image:height\" content=\"98\" \/>\n\t<meta property=\"og:image:type\" content=\"image\/png\" \/>\n<meta name=\"author\" content=\"Charge\" \/>\n<meta name=\"twitter:card\" content=\"summary_large_image\" \/>\n<meta name=\"twitter:creator\" content=\"@sindromecharge\" \/>\n<meta name=\"twitter:site\" content=\"@sindromecharge\" \/>\n<meta name=\"twitter:label1\" content=\"Escrito por\" \/>\n\t<meta name=\"twitter:data1\" content=\"Charge\" \/>\n\t<meta name=\"twitter:label2\" content=\"Tiempo de lectura\" \/>\n\t<meta name=\"twitter:data2\" content=\"4 minutos\" \/>\n<script type=\"application\/ld+json\" class=\"yoast-schema-graph\">{\"@context\":\"https:\\\/\\\/schema.org\",\"@graph\":[{\"@type\":\"Article\",\"@id\":\"https:\\\/\\\/sindromecharge.es\\\/index.php\\\/2025\\\/01\\\/25\\\/viajar-las-palabras-los-derechos\\\/#article\",\"isPartOf\":{\"@id\":\"https:\\\/\\\/sindromecharge.es\\\/index.php\\\/2025\\\/01\\\/25\\\/viajar-las-palabras-los-derechos\\\/\"},\"author\":{\"name\":\"Charge\",\"@id\":\"https:\\\/\\\/sindromecharge.es\\\/#\\\/schema\\\/person\\\/39a60ebe0a2b4d5a11179701e336b039\"},\"headline\":\"Viajar de las palabras a los derechos\",\"datePublished\":\"2025-01-25T07:06:15+00:00\",\"mainEntityOfPage\":{\"@id\":\"https:\\\/\\\/sindromecharge.es\\\/index.php\\\/2025\\\/01\\\/25\\\/viajar-las-palabras-los-derechos\\\/\"},\"wordCount\":799,\"articleSection\":[\"noticias\"],\"inLanguage\":\"es\"},{\"@type\":\"WebPage\",\"@id\":\"https:\\\/\\\/sindromecharge.es\\\/index.php\\\/2025\\\/01\\\/25\\\/viajar-las-palabras-los-derechos\\\/\",\"url\":\"https:\\\/\\\/sindromecharge.es\\\/index.php\\\/2025\\\/01\\\/25\\\/viajar-las-palabras-los-derechos\\\/\",\"name\":\"Viajar de las palabras a los derechos - Asociaci\u00f3n Espa\u00f1ola S\u00edndrome de Charge\",\"isPartOf\":{\"@id\":\"https:\\\/\\\/sindromecharge.es\\\/#website\"},\"datePublished\":\"2025-01-25T07:06:15+00:00\",\"author\":{\"@id\":\"https:\\\/\\\/sindromecharge.es\\\/#\\\/schema\\\/person\\\/39a60ebe0a2b4d5a11179701e336b039\"},\"breadcrumb\":{\"@id\":\"https:\\\/\\\/sindromecharge.es\\\/index.php\\\/2025\\\/01\\\/25\\\/viajar-las-palabras-los-derechos\\\/#breadcrumb\"},\"inLanguage\":\"es\",\"potentialAction\":[{\"@type\":\"ReadAction\",\"target\":[\"https:\\\/\\\/sindromecharge.es\\\/index.php\\\/2025\\\/01\\\/25\\\/viajar-las-palabras-los-derechos\\\/\"]}]},{\"@type\":\"BreadcrumbList\",\"@id\":\"https:\\\/\\\/sindromecharge.es\\\/index.php\\\/2025\\\/01\\\/25\\\/viajar-las-palabras-los-derechos\\\/#breadcrumb\",\"itemListElement\":[{\"@type\":\"ListItem\",\"position\":1,\"name\":\"Portada\",\"item\":\"https:\\\/\\\/sindromecharge.es\\\/\"},{\"@type\":\"ListItem\",\"position\":2,\"name\":\"Viajar de las palabras a los derechos\"}]},{\"@type\":\"WebSite\",\"@id\":\"https:\\\/\\\/sindromecharge.es\\\/#website\",\"url\":\"https:\\\/\\\/sindromecharge.es\\\/\",\"name\":\"Asociaci\u00f3n Espa\u00f1ola S\u00edndrome de Charge\",\"description\":\"\",\"potentialAction\":[{\"@type\":\"SearchAction\",\"target\":{\"@type\":\"EntryPoint\",\"urlTemplate\":\"https:\\\/\\\/sindromecharge.es\\\/?s={search_term_string}\"},\"query-input\":{\"@type\":\"PropertyValueSpecification\",\"valueRequired\":true,\"valueName\":\"search_term_string\"}}],\"inLanguage\":\"es\"},{\"@type\":\"Person\",\"@id\":\"https:\\\/\\\/sindromecharge.es\\\/#\\\/schema\\\/person\\\/39a60ebe0a2b4d5a11179701e336b039\",\"name\":\"Charge\",\"image\":{\"@type\":\"ImageObject\",\"inLanguage\":\"es\",\"@id\":\"https:\\\/\\\/secure.gravatar.com\\\/avatar\\\/c3b46e32a0fc3b093a0873fb767bf3293de856293065e84ef06b7ec7a8acfb98?s=96&d=identicon&r=x\",\"url\":\"https:\\\/\\\/secure.gravatar.com\\\/avatar\\\/c3b46e32a0fc3b093a0873fb767bf3293de856293065e84ef06b7ec7a8acfb98?s=96&d=identicon&r=x\",\"contentUrl\":\"https:\\\/\\\/secure.gravatar.com\\\/avatar\\\/c3b46e32a0fc3b093a0873fb767bf3293de856293065e84ef06b7ec7a8acfb98?s=96&d=identicon&r=x\",\"caption\":\"Charge\"},\"url\":\"https:\\\/\\\/sindromecharge.es\\\/index.php\\\/author\\\/admin\\\/\"}]}<\/script>\n<!-- \/ Yoast SEO plugin. -->","yoast_head_json":{"title":"Viajar de las palabras a los derechos - Asociaci\u00f3n Espa\u00f1ola S\u00edndrome de Charge","robots":{"index":"index","follow":"follow","max-snippet":"max-snippet:-1","max-image-preview":"max-image-preview:large","max-video-preview":"max-video-preview:-1"},"canonical":"https:\/\/sindromecharge.es\/index.php\/2025\/01\/25\/viajar-las-palabras-los-derechos\/","og_locale":"es_ES","og_type":"article","og_title":"Viajar de las palabras a los derechos - Asociaci\u00f3n Espa\u00f1ola S\u00edndrome de Charge","og_description":"Este 25 de enero se cumple un a\u00f1o de la eliminaci\u00f3n del t\u00e9rmino &#8216;disminuidos&#8217; de la Constituci\u00f3n.","og_url":"https:\/\/sindromecharge.es\/index.php\/2025\/01\/25\/viajar-las-palabras-los-derechos\/","og_site_name":"Asociaci\u00f3n Espa\u00f1ola S\u00edndrome de Charge","article_publisher":"https:\/\/www.facebook.com\/asociacionsindromecharge","article_published_time":"2025-01-25T07:06:15+00:00","og_image":[{"width":300,"height":98,"url":"https:\/\/sindromecharge.es\/wp-content\/uploads\/2013\/09\/logodecharge300x98.png","type":"image\/png"}],"author":"Charge","twitter_card":"summary_large_image","twitter_creator":"@sindromecharge","twitter_site":"@sindromecharge","twitter_misc":{"Escrito por":"Charge","Tiempo de lectura":"4 minutos"},"schema":{"@context":"https:\/\/schema.org","@graph":[{"@type":"Article","@id":"https:\/\/sindromecharge.es\/index.php\/2025\/01\/25\/viajar-las-palabras-los-derechos\/#article","isPartOf":{"@id":"https:\/\/sindromecharge.es\/index.php\/2025\/01\/25\/viajar-las-palabras-los-derechos\/"},"author":{"name":"Charge","@id":"https:\/\/sindromecharge.es\/#\/schema\/person\/39a60ebe0a2b4d5a11179701e336b039"},"headline":"Viajar de las palabras a los derechos","datePublished":"2025-01-25T07:06:15+00:00","mainEntityOfPage":{"@id":"https:\/\/sindromecharge.es\/index.php\/2025\/01\/25\/viajar-las-palabras-los-derechos\/"},"wordCount":799,"articleSection":["noticias"],"inLanguage":"es"},{"@type":"WebPage","@id":"https:\/\/sindromecharge.es\/index.php\/2025\/01\/25\/viajar-las-palabras-los-derechos\/","url":"https:\/\/sindromecharge.es\/index.php\/2025\/01\/25\/viajar-las-palabras-los-derechos\/","name":"Viajar de las palabras a los derechos - Asociaci\u00f3n Espa\u00f1ola S\u00edndrome de Charge","isPartOf":{"@id":"https:\/\/sindromecharge.es\/#website"},"datePublished":"2025-01-25T07:06:15+00:00","author":{"@id":"https:\/\/sindromecharge.es\/#\/schema\/person\/39a60ebe0a2b4d5a11179701e336b039"},"breadcrumb":{"@id":"https:\/\/sindromecharge.es\/index.php\/2025\/01\/25\/viajar-las-palabras-los-derechos\/#breadcrumb"},"inLanguage":"es","potentialAction":[{"@type":"ReadAction","target":["https:\/\/sindromecharge.es\/index.php\/2025\/01\/25\/viajar-las-palabras-los-derechos\/"]}]},{"@type":"BreadcrumbList","@id":"https:\/\/sindromecharge.es\/index.php\/2025\/01\/25\/viajar-las-palabras-los-derechos\/#breadcrumb","itemListElement":[{"@type":"ListItem","position":1,"name":"Portada","item":"https:\/\/sindromecharge.es\/"},{"@type":"ListItem","position":2,"name":"Viajar de las palabras a los derechos"}]},{"@type":"WebSite","@id":"https:\/\/sindromecharge.es\/#website","url":"https:\/\/sindromecharge.es\/","name":"Asociaci\u00f3n Espa\u00f1ola S\u00edndrome de Charge","description":"","potentialAction":[{"@type":"SearchAction","target":{"@type":"EntryPoint","urlTemplate":"https:\/\/sindromecharge.es\/?s={search_term_string}"},"query-input":{"@type":"PropertyValueSpecification","valueRequired":true,"valueName":"search_term_string"}}],"inLanguage":"es"},{"@type":"Person","@id":"https:\/\/sindromecharge.es\/#\/schema\/person\/39a60ebe0a2b4d5a11179701e336b039","name":"Charge","image":{"@type":"ImageObject","inLanguage":"es","@id":"https:\/\/secure.gravatar.com\/avatar\/c3b46e32a0fc3b093a0873fb767bf3293de856293065e84ef06b7ec7a8acfb98?s=96&d=identicon&r=x","url":"https:\/\/secure.gravatar.com\/avatar\/c3b46e32a0fc3b093a0873fb767bf3293de856293065e84ef06b7ec7a8acfb98?s=96&d=identicon&r=x","contentUrl":"https:\/\/secure.gravatar.com\/avatar\/c3b46e32a0fc3b093a0873fb767bf3293de856293065e84ef06b7ec7a8acfb98?s=96&d=identicon&r=x","caption":"Charge"},"url":"https:\/\/sindromecharge.es\/index.php\/author\/admin\/"}]}},"_links":{"self":[{"href":"https:\/\/sindromecharge.es\/index.php\/wp-json\/wp\/v2\/posts\/10764","targetHints":{"allow":["GET"]}}],"collection":[{"href":"https:\/\/sindromecharge.es\/index.php\/wp-json\/wp\/v2\/posts"}],"about":[{"href":"https:\/\/sindromecharge.es\/index.php\/wp-json\/wp\/v2\/types\/post"}],"author":[{"embeddable":true,"href":"https:\/\/sindromecharge.es\/index.php\/wp-json\/wp\/v2\/users\/1"}],"replies":[{"embeddable":true,"href":"https:\/\/sindromecharge.es\/index.php\/wp-json\/wp\/v2\/comments?post=10764"}],"version-history":[{"count":0,"href":"https:\/\/sindromecharge.es\/index.php\/wp-json\/wp\/v2\/posts\/10764\/revisions"}],"wp:attachment":[{"href":"https:\/\/sindromecharge.es\/index.php\/wp-json\/wp\/v2\/media?parent=10764"}],"wp:term":[{"taxonomy":"category","embeddable":true,"href":"https:\/\/sindromecharge.es\/index.php\/wp-json\/wp\/v2\/categories?post=10764"},{"taxonomy":"post_tag","embeddable":true,"href":"https:\/\/sindromecharge.es\/index.php\/wp-json\/wp\/v2\/tags?post=10764"}],"curies":[{"name":"wp","href":"https:\/\/api.w.org\/{rel}","templated":true}]}}