{"id":10763,"date":"2025-01-24T08:27:52","date_gmt":"2025-01-24T08:27:52","guid":{"rendered":"https:\/\/sindromecharge.es\/index.php\/2025\/01\/24\/que-pasa-con-las-vacaciones-no-disfrutadas-si-te-reconocen-una-incapacidad\/"},"modified":"2025-01-24T08:27:52","modified_gmt":"2025-01-24T08:27:52","slug":"que-pasa-con-las-vacaciones-no-disfrutadas-si-te-reconocen-una-incapacidad","status":"publish","type":"post","link":"https:\/\/sindromecharge.es\/index.php\/2025\/01\/24\/que-pasa-con-las-vacaciones-no-disfrutadas-si-te-reconocen-una-incapacidad\/","title":{"rendered":"\u00bfQu\u00e9 pasa con las vacaciones no disfrutadas si te reconocen una incapacidad permanente?"},"content":{"rendered":"<p>Leemos en Discapacidad la siguiente noticia que os reproducimos de forma \u00edntegra: <\/p>\n<div>\n<p>Las personas con una <a href=\"https:\/\/www.20minutos.es\/minuteca\/discapacidad\/\" title=\"Discapacidad\" target=\"_blank\">discapacidad<\/a>, ya sea sobrevenida o porque han visto empeorar su situaci\u00f3n, que necesiten que se les reconozca una <b>incapacidad permanente<\/b>, tienen que pasar antes por un periodo de <b>incapacidad temporal de 18 meses<\/b> para poder solicitarla.<\/p>\n<p>Durante ese periodo, como es l\u00f3gico,<b> <a href=\"https:\/\/grupogarantia.es\/video\/incapacidad-temporal-y-vacaciones\/\" target=\"_blank\" rel=\"nofollow\">no han podido disfrutar de sus vacaciones pagadas<\/a><\/b>, pero \u00bfqu\u00e9 pasa entonces cuando una persona, tras terminarse el periodo de incapacidad temporal le es reconocida la incapacidad permanente? El<b> abogado Pedro L\u00f3pez de Cerro<\/b> nos explica en su \u00faltimo v\u00eddeo en <a href=\"https:\/\/www.instagram.com\/tododiscapacidad\/\" target=\"_blank\" rel=\"nofollow\">Tododiscapacidad<\/a> que el trabajador tiene derecho a disfrutarlas.<\/p>\n<p>Y hay dos opciones. En caso de que el trabajador optase por no seguir en la empresa, \u00ab<b>en el momento de indemnizarle, tendr\u00eda que darle su derecho a vacaciones<\/b>\u00ab. O sea, que en caso de que se extinga el contrato, \u00abla empresa tendr\u00eda que cotizar y abonar por esos d\u00edas\u00bb.<\/p>\n<p>En caso de que el trabajador<b> decidiera seguir en la empresa con las adaptaciones necesarias <\/b>para seguir ejerciendo su trabajo, \u00abesa persona tambi\u00e9n tendr\u00eda derecho a las vacaciones que no ha disfrutado durante todo el periodo que ha estado de incapacidad temporal\u00bb.<\/p>\n<p>\u00abPor lo tanto\u00bb, aclara Pedro L\u00f3pez, \u00abtoda persona que ha estado de incapacidad temporal <b>no pierde nunca sus vacaciones<\/b>, aunque haya pasado el a\u00f1o natural, ya que la ley contempla que no se han podido disfrutar y que<b> tiene que acceder a ese derecho <\/b>una vez que acabe la incapacidad temporal o tenga reconocida la pensi\u00f3n por incapacidad\u00bb.<\/p>\n<p>Si quieres seguir solucionando dudas sobre temas relacionados con discapacidad, pensiones, Seguridad Social, puedes mandar preguntas a trav\u00e9s &#8216;<a href=\"https:\/\/www.instagram.com\/tododiscapacidad\/\" rel=\"nofollow\" target=\"_blank\">Tododiscapacidad<\/a>&#8216;, el perfil que Pedro L\u00f3pez de Cerro ha creado en Instagram.<\/p>\n<\/div>\n<p>Fuente: Discapacidad https:\/\/www.20minutos.es\/noticia\/5675662\/0\/que-pasa-con-las-vacaciones-no-disfrutadas-si-te-reconocen-una-incapacidad\/<\/p>\n","protected":false},"excerpt":{"rendered":"<p>El abogado Pedro L\u00f3pez explica en qu\u00e9 condiciones y cu\u00e1ndo se pueden disfrutar las vacaciones no disfrutadas duranta la incapacidad temporal.<\/p>\n","protected":false},"author":1,"featured_media":0,"comment_status":"closed","ping_status":"closed","sticky":false,"template":"","format":"standard","meta":{"footnotes":""},"categories":[8],"tags":[],"class_list":["post-10763","post","type-post","status-publish","format-standard","hentry","category-noticias"],"yoast_head":"<!-- This site is optimized with the Yoast SEO plugin v27.4 - https:\/\/yoast.com\/product\/yoast-seo-wordpress\/ -->\n<title>\u00bfQu\u00e9 pasa con las vacaciones no disfrutadas si te reconocen una incapacidad permanente? - Asociaci\u00f3n Espa\u00f1ola S\u00edndrome de Charge<\/title>\n<meta name=\"robots\" content=\"index, follow, max-snippet:-1, max-image-preview:large, max-video-preview:-1\" \/>\n<link rel=\"canonical\" href=\"https:\/\/sindromecharge.es\/index.php\/2025\/01\/24\/que-pasa-con-las-vacaciones-no-disfrutadas-si-te-reconocen-una-incapacidad\/\" \/>\n<meta property=\"og:locale\" content=\"es_ES\" \/>\n<meta property=\"og:type\" content=\"article\" \/>\n<meta property=\"og:title\" content=\"\u00bfQu\u00e9 pasa con las vacaciones no disfrutadas si te reconocen una incapacidad permanente? - Asociaci\u00f3n Espa\u00f1ola S\u00edndrome de Charge\" \/>\n<meta property=\"og:description\" content=\"El abogado Pedro L\u00f3pez explica en qu\u00e9 condiciones y cu\u00e1ndo se pueden disfrutar las vacaciones no disfrutadas duranta la incapacidad temporal.\" \/>\n<meta property=\"og:url\" content=\"https:\/\/sindromecharge.es\/index.php\/2025\/01\/24\/que-pasa-con-las-vacaciones-no-disfrutadas-si-te-reconocen-una-incapacidad\/\" \/>\n<meta property=\"og:site_name\" content=\"Asociaci\u00f3n Espa\u00f1ola S\u00edndrome de Charge\" \/>\n<meta property=\"article:publisher\" content=\"https:\/\/www.facebook.com\/asociacionsindromecharge\" \/>\n<meta property=\"article:published_time\" content=\"2025-01-24T08:27:52+00:00\" \/>\n<meta property=\"og:image\" content=\"https:\/\/sindromecharge.es\/wp-content\/uploads\/2013\/09\/logodecharge300x98.png\" \/>\n\t<meta property=\"og:image:width\" content=\"300\" \/>\n\t<meta property=\"og:image:height\" content=\"98\" \/>\n\t<meta property=\"og:image:type\" content=\"image\/png\" \/>\n<meta name=\"author\" content=\"Charge\" \/>\n<meta name=\"twitter:card\" content=\"summary_large_image\" \/>\n<meta name=\"twitter:creator\" content=\"@sindromecharge\" \/>\n<meta name=\"twitter:site\" content=\"@sindromecharge\" \/>\n<meta name=\"twitter:label1\" content=\"Escrito por\" \/>\n\t<meta name=\"twitter:data1\" content=\"Charge\" \/>\n\t<meta name=\"twitter:label2\" content=\"Tiempo de lectura\" \/>\n\t<meta name=\"twitter:data2\" content=\"2 minutos\" \/>\n<script type=\"application\/ld+json\" class=\"yoast-schema-graph\">{\"@context\":\"https:\\\/\\\/schema.org\",\"@graph\":[{\"@type\":\"Article\",\"@id\":\"https:\\\/\\\/sindromecharge.es\\\/index.php\\\/2025\\\/01\\\/24\\\/que-pasa-con-las-vacaciones-no-disfrutadas-si-te-reconocen-una-incapacidad\\\/#article\",\"isPartOf\":{\"@id\":\"https:\\\/\\\/sindromecharge.es\\\/index.php\\\/2025\\\/01\\\/24\\\/que-pasa-con-las-vacaciones-no-disfrutadas-si-te-reconocen-una-incapacidad\\\/\"},\"author\":{\"name\":\"Charge\",\"@id\":\"https:\\\/\\\/sindromecharge.es\\\/#\\\/schema\\\/person\\\/39a60ebe0a2b4d5a11179701e336b039\"},\"headline\":\"\u00bfQu\u00e9 pasa con las vacaciones no disfrutadas si te reconocen una incapacidad permanente?\",\"datePublished\":\"2025-01-24T08:27:52+00:00\",\"mainEntityOfPage\":{\"@id\":\"https:\\\/\\\/sindromecharge.es\\\/index.php\\\/2025\\\/01\\\/24\\\/que-pasa-con-las-vacaciones-no-disfrutadas-si-te-reconocen-una-incapacidad\\\/\"},\"wordCount\":321,\"articleSection\":[\"noticias\"],\"inLanguage\":\"es\"},{\"@type\":\"WebPage\",\"@id\":\"https:\\\/\\\/sindromecharge.es\\\/index.php\\\/2025\\\/01\\\/24\\\/que-pasa-con-las-vacaciones-no-disfrutadas-si-te-reconocen-una-incapacidad\\\/\",\"url\":\"https:\\\/\\\/sindromecharge.es\\\/index.php\\\/2025\\\/01\\\/24\\\/que-pasa-con-las-vacaciones-no-disfrutadas-si-te-reconocen-una-incapacidad\\\/\",\"name\":\"\u00bfQu\u00e9 pasa con las vacaciones no disfrutadas si te reconocen una incapacidad permanente? - Asociaci\u00f3n Espa\u00f1ola S\u00edndrome de Charge\",\"isPartOf\":{\"@id\":\"https:\\\/\\\/sindromecharge.es\\\/#website\"},\"datePublished\":\"2025-01-24T08:27:52+00:00\",\"author\":{\"@id\":\"https:\\\/\\\/sindromecharge.es\\\/#\\\/schema\\\/person\\\/39a60ebe0a2b4d5a11179701e336b039\"},\"breadcrumb\":{\"@id\":\"https:\\\/\\\/sindromecharge.es\\\/index.php\\\/2025\\\/01\\\/24\\\/que-pasa-con-las-vacaciones-no-disfrutadas-si-te-reconocen-una-incapacidad\\\/#breadcrumb\"},\"inLanguage\":\"es\",\"potentialAction\":[{\"@type\":\"ReadAction\",\"target\":[\"https:\\\/\\\/sindromecharge.es\\\/index.php\\\/2025\\\/01\\\/24\\\/que-pasa-con-las-vacaciones-no-disfrutadas-si-te-reconocen-una-incapacidad\\\/\"]}]},{\"@type\":\"BreadcrumbList\",\"@id\":\"https:\\\/\\\/sindromecharge.es\\\/index.php\\\/2025\\\/01\\\/24\\\/que-pasa-con-las-vacaciones-no-disfrutadas-si-te-reconocen-una-incapacidad\\\/#breadcrumb\",\"itemListElement\":[{\"@type\":\"ListItem\",\"position\":1,\"name\":\"Portada\",\"item\":\"https:\\\/\\\/sindromecharge.es\\\/\"},{\"@type\":\"ListItem\",\"position\":2,\"name\":\"\u00bfQu\u00e9 pasa con las vacaciones no disfrutadas si te reconocen una incapacidad permanente?\"}]},{\"@type\":\"WebSite\",\"@id\":\"https:\\\/\\\/sindromecharge.es\\\/#website\",\"url\":\"https:\\\/\\\/sindromecharge.es\\\/\",\"name\":\"Asociaci\u00f3n Espa\u00f1ola S\u00edndrome de Charge\",\"description\":\"\",\"potentialAction\":[{\"@type\":\"SearchAction\",\"target\":{\"@type\":\"EntryPoint\",\"urlTemplate\":\"https:\\\/\\\/sindromecharge.es\\\/?s={search_term_string}\"},\"query-input\":{\"@type\":\"PropertyValueSpecification\",\"valueRequired\":true,\"valueName\":\"search_term_string\"}}],\"inLanguage\":\"es\"},{\"@type\":\"Person\",\"@id\":\"https:\\\/\\\/sindromecharge.es\\\/#\\\/schema\\\/person\\\/39a60ebe0a2b4d5a11179701e336b039\",\"name\":\"Charge\",\"image\":{\"@type\":\"ImageObject\",\"inLanguage\":\"es\",\"@id\":\"https:\\\/\\\/secure.gravatar.com\\\/avatar\\\/c3b46e32a0fc3b093a0873fb767bf3293de856293065e84ef06b7ec7a8acfb98?s=96&d=identicon&r=x\",\"url\":\"https:\\\/\\\/secure.gravatar.com\\\/avatar\\\/c3b46e32a0fc3b093a0873fb767bf3293de856293065e84ef06b7ec7a8acfb98?s=96&d=identicon&r=x\",\"contentUrl\":\"https:\\\/\\\/secure.gravatar.com\\\/avatar\\\/c3b46e32a0fc3b093a0873fb767bf3293de856293065e84ef06b7ec7a8acfb98?s=96&d=identicon&r=x\",\"caption\":\"Charge\"},\"url\":\"https:\\\/\\\/sindromecharge.es\\\/index.php\\\/author\\\/admin\\\/\"}]}<\/script>\n<!-- \/ Yoast SEO plugin. -->","yoast_head_json":{"title":"\u00bfQu\u00e9 pasa con las vacaciones no disfrutadas si te reconocen una incapacidad permanente? - Asociaci\u00f3n Espa\u00f1ola S\u00edndrome de Charge","robots":{"index":"index","follow":"follow","max-snippet":"max-snippet:-1","max-image-preview":"max-image-preview:large","max-video-preview":"max-video-preview:-1"},"canonical":"https:\/\/sindromecharge.es\/index.php\/2025\/01\/24\/que-pasa-con-las-vacaciones-no-disfrutadas-si-te-reconocen-una-incapacidad\/","og_locale":"es_ES","og_type":"article","og_title":"\u00bfQu\u00e9 pasa con las vacaciones no disfrutadas si te reconocen una incapacidad permanente? - Asociaci\u00f3n Espa\u00f1ola S\u00edndrome de Charge","og_description":"El abogado Pedro L\u00f3pez explica en qu\u00e9 condiciones y cu\u00e1ndo se pueden disfrutar las vacaciones no disfrutadas duranta la incapacidad temporal.","og_url":"https:\/\/sindromecharge.es\/index.php\/2025\/01\/24\/que-pasa-con-las-vacaciones-no-disfrutadas-si-te-reconocen-una-incapacidad\/","og_site_name":"Asociaci\u00f3n Espa\u00f1ola S\u00edndrome de Charge","article_publisher":"https:\/\/www.facebook.com\/asociacionsindromecharge","article_published_time":"2025-01-24T08:27:52+00:00","og_image":[{"width":300,"height":98,"url":"https:\/\/sindromecharge.es\/wp-content\/uploads\/2013\/09\/logodecharge300x98.png","type":"image\/png"}],"author":"Charge","twitter_card":"summary_large_image","twitter_creator":"@sindromecharge","twitter_site":"@sindromecharge","twitter_misc":{"Escrito por":"Charge","Tiempo de lectura":"2 minutos"},"schema":{"@context":"https:\/\/schema.org","@graph":[{"@type":"Article","@id":"https:\/\/sindromecharge.es\/index.php\/2025\/01\/24\/que-pasa-con-las-vacaciones-no-disfrutadas-si-te-reconocen-una-incapacidad\/#article","isPartOf":{"@id":"https:\/\/sindromecharge.es\/index.php\/2025\/01\/24\/que-pasa-con-las-vacaciones-no-disfrutadas-si-te-reconocen-una-incapacidad\/"},"author":{"name":"Charge","@id":"https:\/\/sindromecharge.es\/#\/schema\/person\/39a60ebe0a2b4d5a11179701e336b039"},"headline":"\u00bfQu\u00e9 pasa con las vacaciones no disfrutadas si te reconocen una incapacidad permanente?","datePublished":"2025-01-24T08:27:52+00:00","mainEntityOfPage":{"@id":"https:\/\/sindromecharge.es\/index.php\/2025\/01\/24\/que-pasa-con-las-vacaciones-no-disfrutadas-si-te-reconocen-una-incapacidad\/"},"wordCount":321,"articleSection":["noticias"],"inLanguage":"es"},{"@type":"WebPage","@id":"https:\/\/sindromecharge.es\/index.php\/2025\/01\/24\/que-pasa-con-las-vacaciones-no-disfrutadas-si-te-reconocen-una-incapacidad\/","url":"https:\/\/sindromecharge.es\/index.php\/2025\/01\/24\/que-pasa-con-las-vacaciones-no-disfrutadas-si-te-reconocen-una-incapacidad\/","name":"\u00bfQu\u00e9 pasa con las vacaciones no disfrutadas si te reconocen una incapacidad permanente? - Asociaci\u00f3n Espa\u00f1ola S\u00edndrome de Charge","isPartOf":{"@id":"https:\/\/sindromecharge.es\/#website"},"datePublished":"2025-01-24T08:27:52+00:00","author":{"@id":"https:\/\/sindromecharge.es\/#\/schema\/person\/39a60ebe0a2b4d5a11179701e336b039"},"breadcrumb":{"@id":"https:\/\/sindromecharge.es\/index.php\/2025\/01\/24\/que-pasa-con-las-vacaciones-no-disfrutadas-si-te-reconocen-una-incapacidad\/#breadcrumb"},"inLanguage":"es","potentialAction":[{"@type":"ReadAction","target":["https:\/\/sindromecharge.es\/index.php\/2025\/01\/24\/que-pasa-con-las-vacaciones-no-disfrutadas-si-te-reconocen-una-incapacidad\/"]}]},{"@type":"BreadcrumbList","@id":"https:\/\/sindromecharge.es\/index.php\/2025\/01\/24\/que-pasa-con-las-vacaciones-no-disfrutadas-si-te-reconocen-una-incapacidad\/#breadcrumb","itemListElement":[{"@type":"ListItem","position":1,"name":"Portada","item":"https:\/\/sindromecharge.es\/"},{"@type":"ListItem","position":2,"name":"\u00bfQu\u00e9 pasa con las vacaciones no disfrutadas si te reconocen una incapacidad permanente?"}]},{"@type":"WebSite","@id":"https:\/\/sindromecharge.es\/#website","url":"https:\/\/sindromecharge.es\/","name":"Asociaci\u00f3n Espa\u00f1ola S\u00edndrome de Charge","description":"","potentialAction":[{"@type":"SearchAction","target":{"@type":"EntryPoint","urlTemplate":"https:\/\/sindromecharge.es\/?s={search_term_string}"},"query-input":{"@type":"PropertyValueSpecification","valueRequired":true,"valueName":"search_term_string"}}],"inLanguage":"es"},{"@type":"Person","@id":"https:\/\/sindromecharge.es\/#\/schema\/person\/39a60ebe0a2b4d5a11179701e336b039","name":"Charge","image":{"@type":"ImageObject","inLanguage":"es","@id":"https:\/\/secure.gravatar.com\/avatar\/c3b46e32a0fc3b093a0873fb767bf3293de856293065e84ef06b7ec7a8acfb98?s=96&d=identicon&r=x","url":"https:\/\/secure.gravatar.com\/avatar\/c3b46e32a0fc3b093a0873fb767bf3293de856293065e84ef06b7ec7a8acfb98?s=96&d=identicon&r=x","contentUrl":"https:\/\/secure.gravatar.com\/avatar\/c3b46e32a0fc3b093a0873fb767bf3293de856293065e84ef06b7ec7a8acfb98?s=96&d=identicon&r=x","caption":"Charge"},"url":"https:\/\/sindromecharge.es\/index.php\/author\/admin\/"}]}},"_links":{"self":[{"href":"https:\/\/sindromecharge.es\/index.php\/wp-json\/wp\/v2\/posts\/10763","targetHints":{"allow":["GET"]}}],"collection":[{"href":"https:\/\/sindromecharge.es\/index.php\/wp-json\/wp\/v2\/posts"}],"about":[{"href":"https:\/\/sindromecharge.es\/index.php\/wp-json\/wp\/v2\/types\/post"}],"author":[{"embeddable":true,"href":"https:\/\/sindromecharge.es\/index.php\/wp-json\/wp\/v2\/users\/1"}],"replies":[{"embeddable":true,"href":"https:\/\/sindromecharge.es\/index.php\/wp-json\/wp\/v2\/comments?post=10763"}],"version-history":[{"count":0,"href":"https:\/\/sindromecharge.es\/index.php\/wp-json\/wp\/v2\/posts\/10763\/revisions"}],"wp:attachment":[{"href":"https:\/\/sindromecharge.es\/index.php\/wp-json\/wp\/v2\/media?parent=10763"}],"wp:term":[{"taxonomy":"category","embeddable":true,"href":"https:\/\/sindromecharge.es\/index.php\/wp-json\/wp\/v2\/categories?post=10763"},{"taxonomy":"post_tag","embeddable":true,"href":"https:\/\/sindromecharge.es\/index.php\/wp-json\/wp\/v2\/tags?post=10763"}],"curies":[{"name":"wp","href":"https:\/\/api.w.org\/{rel}","templated":true}]}}