{"id":10762,"date":"2025-01-24T07:35:57","date_gmt":"2025-01-24T07:35:57","guid":{"rendered":"https:\/\/sindromecharge.es\/index.php\/2025\/01\/24\/primark-primera-linea-ropa-orientada-personas-discapacidades-necesidades-medicas-5675510\/"},"modified":"2025-01-24T07:35:57","modified_gmt":"2025-01-24T07:35:57","slug":"primark-primera-linea-ropa-orientada-personas-discapacidades-necesidades-medicas-5675510","status":"publish","type":"post","link":"https:\/\/sindromecharge.es\/index.php\/2025\/01\/24\/primark-primera-linea-ropa-orientada-personas-discapacidades-necesidades-medicas-5675510\/","title":{"rendered":"Primark lanza su primera l\u00ednea de ropa orientada a personas con discapacidades y necesidades m\u00e9dicas"},"content":{"rendered":"<p>Leemos en Discapacidad la siguiente noticia que os reproducimos de forma \u00edntegra: <\/p>\n<div>\n<p>Desde hace a\u00f1os, <b>Primark apuesta por la inclusi\u00f3n en sus prendas<\/b>, desde tallas que rara vez podemos encontrar en las t\u00edpicas tiendas &#8216;low cost&#8217; hasta pensar en las mujeres que est\u00e1n pasando por la menopausia y necesitan tejidos y dise\u00f1os m\u00e1s acordes a sus necesidades.<\/p>\n<p>No obstante, la firma irlandesa ha querido dar un paso m\u00e1s all\u00e1 y ha presentado su <b>primera l\u00ednea para hombre y mujer de ropa adaptativa,<\/b> con algunos de los b\u00e1sicos basados en las prendas m\u00e1s vendidas de la marca, como gabardinas y camisetas o jers\u00e9is y vaqueros, todos ellos con caracter\u00edsticas dise\u00f1adas en funci\u00f3n de las necesidades de las <b>personas con discapacidad o que sufren una discapacidad temporal.<\/b><\/p>\n<p>Detr\u00e1s de ello, se encuentra <b>Victoria Jenkins<\/b>, una dise\u00f1adora brit\u00e1nica conocida en el sector por adaptar la ropa a personas con discapacidades o necesidades m\u00e9dicas con su firma Unhidden para romper las barreras de la moda tradicional, creando looks elegantes, funcionales y c\u00f3modas para estas personas que, a menudo, son olvidadas por la industria. <\/p>\n<h2>Llega la colecci\u00f3n m\u00e1s inclusiva de Primark <\/h2>\n<p>Despu\u00e9s de tener problemas para encontrar ropa con la que vestir que fuera compatible con sus problemas de salud, Jenkins se lanz\u00f3 a crear una firma en la que todo el mundo estuviera representado, con<b> prendas funcionales y c\u00f3modas que no renuncian al estilo. <\/b><\/p>\n<p>Los elementos de adaptaci\u00f3n de la colecci\u00f3n est\u00e1n pensados para que <b>vestirse sea m\u00e1s sencillo<\/b>, desde cremalleras magn\u00e9ticas y cierres a  presi\u00f3n hasta trabillas en la cintura que ayudan a subirse los pantalones y aberturas invisibles para el acceso de sondas, estomas o cat\u00e9teres. Tambi\u00e9n hay diversas opciones para personas que est\u00e1n sentadas en silla de ruedas. Creada para reflejar un amplio abanico de necesidades, la colecci\u00f3n se dise\u00f1\u00f3 mediante una serie de<b> grupos de discusi\u00f3n y sesiones pr\u00e1cticas de adaptaci\u00f3n<\/b> con miembros de la comunidad de personas con discapacidad.<\/p>\n<p>Victoria Jenkins, dise\u00f1adora de moda adaptativa y fundadora de Unhidden, coment\u00f3 que \u00abes todo un gran orgullo ver esta colecci\u00f3n en marcha y c\u00f3mo la <b>moda adaptativa llega por primera vez a las tiendas a esta escala<\/b>. Las personas con discapacidad se enfrentan a muchos obst\u00e1culos en su vida y la ropa no deber\u00eda ser uno de ellos. No queremos vivir con un uniforme de pantalones de ch\u00e1ndal y camisetas, pero a menudo no tenemos elecci\u00f3n. Espero que este lanzamiento suponga un paso adelante en el cambio de esa tendencia, trayendo m\u00e1s opciones. Hemos creado<b> prendas que no solo son funcionales, sino tambi\u00e9n modernas y asequibles<\/b>, porque todo el mundo merece sentirse seguro y elegante con lo que lleva puesto. Espero que esto inspire al sector a seguir avanzando hacia una mayor accesibilidad e inclusi\u00f3n para todos\u00bb.<\/p>\n<p>La colecci\u00f3n, compuesta por<b> 49 piezas que llegar\u00e1 a las tiendas espa\u00f1olas el pr\u00f3ximo 28 de enero<\/b>, incluye prendas b\u00e1sicas para mujer y hombre, as\u00ed como ropa de dormir y ropa interior, entre la que destacan gabardinas, jersey de punto con cuello de pico, camisa oxford y pantalones vaqueros de pierna recta tanto en su versi\u00f3n habitual como en estilo sentado. <\/p>\n<p>Por otra parte, tambi\u00e9n encontramos otras prendas adaptadas como camisas con botones de presi\u00f3n, bolsillos con acceso para tubos, cremalleras magn\u00e9ticas o bajos ajustables con autom\u00e1ticos. Los precios de la colecci\u00f3n oscilan en un<b> rango de 45 euros de la gabardina a los 12 \u20ac de la ropa interior.<\/b><\/p>\n<p><b>\u00bfQuieres recibir gratis todos los jueves en tu correo los mejores contenidos de belleza, moda y estilo de vida? <a href=\"https:\/\/www.20minutos.es\/estaticos\/newsletter-mujer-es\/\" target=\"_blank\">Ap\u00fantate a nuestra Newsletter.<\/a><\/b><\/p>\n<\/div>\n<p>Fuente: Discapacidad https:\/\/www.20minutos.es\/mujer\/moda\/primark-primera-linea-ropa-orientada-personas-discapacidades-necesidades-medicas-5675510\/<\/p>\n","protected":false},"excerpt":{"rendered":"<p>De la mano de Victoria Jenkins, la firma irlandesa se vuelve m\u00e1s inclusiva, con looks adaptativos para que nadie tenga que renunciar al estilo.<\/p>\n","protected":false},"author":1,"featured_media":0,"comment_status":"closed","ping_status":"closed","sticky":false,"template":"","format":"standard","meta":{"footnotes":""},"categories":[8],"tags":[],"class_list":["post-10762","post","type-post","status-publish","format-standard","hentry","category-noticias"],"yoast_head":"<!-- This site is optimized with the Yoast SEO plugin v27.4 - https:\/\/yoast.com\/product\/yoast-seo-wordpress\/ -->\n<title>Primark lanza su primera l\u00ednea de ropa orientada a personas con discapacidades y necesidades m\u00e9dicas - Asociaci\u00f3n Espa\u00f1ola S\u00edndrome de Charge<\/title>\n<meta name=\"robots\" content=\"index, follow, max-snippet:-1, max-image-preview:large, max-video-preview:-1\" \/>\n<link rel=\"canonical\" href=\"https:\/\/sindromecharge.es\/index.php\/2025\/01\/24\/primark-primera-linea-ropa-orientada-personas-discapacidades-necesidades-medicas-5675510\/\" \/>\n<meta property=\"og:locale\" content=\"es_ES\" \/>\n<meta property=\"og:type\" content=\"article\" \/>\n<meta property=\"og:title\" content=\"Primark lanza su primera l\u00ednea de ropa orientada a personas con discapacidades y necesidades m\u00e9dicas - Asociaci\u00f3n Espa\u00f1ola S\u00edndrome de Charge\" \/>\n<meta property=\"og:description\" content=\"De la mano de Victoria Jenkins, la firma irlandesa se vuelve m\u00e1s inclusiva, con looks adaptativos para que nadie tenga que renunciar al estilo.\" \/>\n<meta property=\"og:url\" content=\"https:\/\/sindromecharge.es\/index.php\/2025\/01\/24\/primark-primera-linea-ropa-orientada-personas-discapacidades-necesidades-medicas-5675510\/\" \/>\n<meta property=\"og:site_name\" content=\"Asociaci\u00f3n Espa\u00f1ola S\u00edndrome de Charge\" \/>\n<meta property=\"article:publisher\" content=\"https:\/\/www.facebook.com\/asociacionsindromecharge\" \/>\n<meta property=\"article:published_time\" content=\"2025-01-24T07:35:57+00:00\" \/>\n<meta property=\"og:image\" content=\"https:\/\/sindromecharge.es\/wp-content\/uploads\/2013\/09\/logodecharge300x98.png\" \/>\n\t<meta property=\"og:image:width\" content=\"300\" \/>\n\t<meta property=\"og:image:height\" content=\"98\" \/>\n\t<meta property=\"og:image:type\" content=\"image\/png\" \/>\n<meta name=\"author\" content=\"Charge\" \/>\n<meta name=\"twitter:card\" content=\"summary_large_image\" \/>\n<meta name=\"twitter:creator\" content=\"@sindromecharge\" \/>\n<meta name=\"twitter:site\" content=\"@sindromecharge\" \/>\n<meta name=\"twitter:label1\" content=\"Escrito por\" \/>\n\t<meta name=\"twitter:data1\" content=\"Charge\" \/>\n\t<meta name=\"twitter:label2\" content=\"Tiempo de lectura\" \/>\n\t<meta name=\"twitter:data2\" content=\"3 minutos\" \/>\n<script type=\"application\/ld+json\" class=\"yoast-schema-graph\">{\"@context\":\"https:\\\/\\\/schema.org\",\"@graph\":[{\"@type\":\"Article\",\"@id\":\"https:\\\/\\\/sindromecharge.es\\\/index.php\\\/2025\\\/01\\\/24\\\/primark-primera-linea-ropa-orientada-personas-discapacidades-necesidades-medicas-5675510\\\/#article\",\"isPartOf\":{\"@id\":\"https:\\\/\\\/sindromecharge.es\\\/index.php\\\/2025\\\/01\\\/24\\\/primark-primera-linea-ropa-orientada-personas-discapacidades-necesidades-medicas-5675510\\\/\"},\"author\":{\"name\":\"Charge\",\"@id\":\"https:\\\/\\\/sindromecharge.es\\\/#\\\/schema\\\/person\\\/39a60ebe0a2b4d5a11179701e336b039\"},\"headline\":\"Primark lanza su primera l\u00ednea de ropa orientada a personas con discapacidades y necesidades m\u00e9dicas\",\"datePublished\":\"2025-01-24T07:35:57+00:00\",\"mainEntityOfPage\":{\"@id\":\"https:\\\/\\\/sindromecharge.es\\\/index.php\\\/2025\\\/01\\\/24\\\/primark-primera-linea-ropa-orientada-personas-discapacidades-necesidades-medicas-5675510\\\/\"},\"wordCount\":668,\"articleSection\":[\"noticias\"],\"inLanguage\":\"es\"},{\"@type\":\"WebPage\",\"@id\":\"https:\\\/\\\/sindromecharge.es\\\/index.php\\\/2025\\\/01\\\/24\\\/primark-primera-linea-ropa-orientada-personas-discapacidades-necesidades-medicas-5675510\\\/\",\"url\":\"https:\\\/\\\/sindromecharge.es\\\/index.php\\\/2025\\\/01\\\/24\\\/primark-primera-linea-ropa-orientada-personas-discapacidades-necesidades-medicas-5675510\\\/\",\"name\":\"Primark lanza su primera l\u00ednea de ropa orientada a personas con discapacidades y necesidades m\u00e9dicas - Asociaci\u00f3n Espa\u00f1ola S\u00edndrome de Charge\",\"isPartOf\":{\"@id\":\"https:\\\/\\\/sindromecharge.es\\\/#website\"},\"datePublished\":\"2025-01-24T07:35:57+00:00\",\"author\":{\"@id\":\"https:\\\/\\\/sindromecharge.es\\\/#\\\/schema\\\/person\\\/39a60ebe0a2b4d5a11179701e336b039\"},\"breadcrumb\":{\"@id\":\"https:\\\/\\\/sindromecharge.es\\\/index.php\\\/2025\\\/01\\\/24\\\/primark-primera-linea-ropa-orientada-personas-discapacidades-necesidades-medicas-5675510\\\/#breadcrumb\"},\"inLanguage\":\"es\",\"potentialAction\":[{\"@type\":\"ReadAction\",\"target\":[\"https:\\\/\\\/sindromecharge.es\\\/index.php\\\/2025\\\/01\\\/24\\\/primark-primera-linea-ropa-orientada-personas-discapacidades-necesidades-medicas-5675510\\\/\"]}]},{\"@type\":\"BreadcrumbList\",\"@id\":\"https:\\\/\\\/sindromecharge.es\\\/index.php\\\/2025\\\/01\\\/24\\\/primark-primera-linea-ropa-orientada-personas-discapacidades-necesidades-medicas-5675510\\\/#breadcrumb\",\"itemListElement\":[{\"@type\":\"ListItem\",\"position\":1,\"name\":\"Portada\",\"item\":\"https:\\\/\\\/sindromecharge.es\\\/\"},{\"@type\":\"ListItem\",\"position\":2,\"name\":\"Primark lanza su primera l\u00ednea de ropa orientada a personas con discapacidades y necesidades m\u00e9dicas\"}]},{\"@type\":\"WebSite\",\"@id\":\"https:\\\/\\\/sindromecharge.es\\\/#website\",\"url\":\"https:\\\/\\\/sindromecharge.es\\\/\",\"name\":\"Asociaci\u00f3n Espa\u00f1ola S\u00edndrome de Charge\",\"description\":\"\",\"potentialAction\":[{\"@type\":\"SearchAction\",\"target\":{\"@type\":\"EntryPoint\",\"urlTemplate\":\"https:\\\/\\\/sindromecharge.es\\\/?s={search_term_string}\"},\"query-input\":{\"@type\":\"PropertyValueSpecification\",\"valueRequired\":true,\"valueName\":\"search_term_string\"}}],\"inLanguage\":\"es\"},{\"@type\":\"Person\",\"@id\":\"https:\\\/\\\/sindromecharge.es\\\/#\\\/schema\\\/person\\\/39a60ebe0a2b4d5a11179701e336b039\",\"name\":\"Charge\",\"image\":{\"@type\":\"ImageObject\",\"inLanguage\":\"es\",\"@id\":\"https:\\\/\\\/secure.gravatar.com\\\/avatar\\\/c3b46e32a0fc3b093a0873fb767bf3293de856293065e84ef06b7ec7a8acfb98?s=96&d=identicon&r=x\",\"url\":\"https:\\\/\\\/secure.gravatar.com\\\/avatar\\\/c3b46e32a0fc3b093a0873fb767bf3293de856293065e84ef06b7ec7a8acfb98?s=96&d=identicon&r=x\",\"contentUrl\":\"https:\\\/\\\/secure.gravatar.com\\\/avatar\\\/c3b46e32a0fc3b093a0873fb767bf3293de856293065e84ef06b7ec7a8acfb98?s=96&d=identicon&r=x\",\"caption\":\"Charge\"},\"url\":\"https:\\\/\\\/sindromecharge.es\\\/index.php\\\/author\\\/admin\\\/\"}]}<\/script>\n<!-- \/ Yoast SEO plugin. -->","yoast_head_json":{"title":"Primark lanza su primera l\u00ednea de ropa orientada a personas con discapacidades y necesidades m\u00e9dicas - Asociaci\u00f3n Espa\u00f1ola S\u00edndrome de Charge","robots":{"index":"index","follow":"follow","max-snippet":"max-snippet:-1","max-image-preview":"max-image-preview:large","max-video-preview":"max-video-preview:-1"},"canonical":"https:\/\/sindromecharge.es\/index.php\/2025\/01\/24\/primark-primera-linea-ropa-orientada-personas-discapacidades-necesidades-medicas-5675510\/","og_locale":"es_ES","og_type":"article","og_title":"Primark lanza su primera l\u00ednea de ropa orientada a personas con discapacidades y necesidades m\u00e9dicas - Asociaci\u00f3n Espa\u00f1ola S\u00edndrome de Charge","og_description":"De la mano de Victoria Jenkins, la firma irlandesa se vuelve m\u00e1s inclusiva, con looks adaptativos para que nadie tenga que renunciar al estilo.","og_url":"https:\/\/sindromecharge.es\/index.php\/2025\/01\/24\/primark-primera-linea-ropa-orientada-personas-discapacidades-necesidades-medicas-5675510\/","og_site_name":"Asociaci\u00f3n Espa\u00f1ola S\u00edndrome de Charge","article_publisher":"https:\/\/www.facebook.com\/asociacionsindromecharge","article_published_time":"2025-01-24T07:35:57+00:00","og_image":[{"width":300,"height":98,"url":"https:\/\/sindromecharge.es\/wp-content\/uploads\/2013\/09\/logodecharge300x98.png","type":"image\/png"}],"author":"Charge","twitter_card":"summary_large_image","twitter_creator":"@sindromecharge","twitter_site":"@sindromecharge","twitter_misc":{"Escrito por":"Charge","Tiempo de lectura":"3 minutos"},"schema":{"@context":"https:\/\/schema.org","@graph":[{"@type":"Article","@id":"https:\/\/sindromecharge.es\/index.php\/2025\/01\/24\/primark-primera-linea-ropa-orientada-personas-discapacidades-necesidades-medicas-5675510\/#article","isPartOf":{"@id":"https:\/\/sindromecharge.es\/index.php\/2025\/01\/24\/primark-primera-linea-ropa-orientada-personas-discapacidades-necesidades-medicas-5675510\/"},"author":{"name":"Charge","@id":"https:\/\/sindromecharge.es\/#\/schema\/person\/39a60ebe0a2b4d5a11179701e336b039"},"headline":"Primark lanza su primera l\u00ednea de ropa orientada a personas con discapacidades y necesidades m\u00e9dicas","datePublished":"2025-01-24T07:35:57+00:00","mainEntityOfPage":{"@id":"https:\/\/sindromecharge.es\/index.php\/2025\/01\/24\/primark-primera-linea-ropa-orientada-personas-discapacidades-necesidades-medicas-5675510\/"},"wordCount":668,"articleSection":["noticias"],"inLanguage":"es"},{"@type":"WebPage","@id":"https:\/\/sindromecharge.es\/index.php\/2025\/01\/24\/primark-primera-linea-ropa-orientada-personas-discapacidades-necesidades-medicas-5675510\/","url":"https:\/\/sindromecharge.es\/index.php\/2025\/01\/24\/primark-primera-linea-ropa-orientada-personas-discapacidades-necesidades-medicas-5675510\/","name":"Primark lanza su primera l\u00ednea de ropa orientada a personas con discapacidades y necesidades m\u00e9dicas - Asociaci\u00f3n Espa\u00f1ola S\u00edndrome de Charge","isPartOf":{"@id":"https:\/\/sindromecharge.es\/#website"},"datePublished":"2025-01-24T07:35:57+00:00","author":{"@id":"https:\/\/sindromecharge.es\/#\/schema\/person\/39a60ebe0a2b4d5a11179701e336b039"},"breadcrumb":{"@id":"https:\/\/sindromecharge.es\/index.php\/2025\/01\/24\/primark-primera-linea-ropa-orientada-personas-discapacidades-necesidades-medicas-5675510\/#breadcrumb"},"inLanguage":"es","potentialAction":[{"@type":"ReadAction","target":["https:\/\/sindromecharge.es\/index.php\/2025\/01\/24\/primark-primera-linea-ropa-orientada-personas-discapacidades-necesidades-medicas-5675510\/"]}]},{"@type":"BreadcrumbList","@id":"https:\/\/sindromecharge.es\/index.php\/2025\/01\/24\/primark-primera-linea-ropa-orientada-personas-discapacidades-necesidades-medicas-5675510\/#breadcrumb","itemListElement":[{"@type":"ListItem","position":1,"name":"Portada","item":"https:\/\/sindromecharge.es\/"},{"@type":"ListItem","position":2,"name":"Primark lanza su primera l\u00ednea de ropa orientada a personas con discapacidades y necesidades m\u00e9dicas"}]},{"@type":"WebSite","@id":"https:\/\/sindromecharge.es\/#website","url":"https:\/\/sindromecharge.es\/","name":"Asociaci\u00f3n Espa\u00f1ola S\u00edndrome de Charge","description":"","potentialAction":[{"@type":"SearchAction","target":{"@type":"EntryPoint","urlTemplate":"https:\/\/sindromecharge.es\/?s={search_term_string}"},"query-input":{"@type":"PropertyValueSpecification","valueRequired":true,"valueName":"search_term_string"}}],"inLanguage":"es"},{"@type":"Person","@id":"https:\/\/sindromecharge.es\/#\/schema\/person\/39a60ebe0a2b4d5a11179701e336b039","name":"Charge","image":{"@type":"ImageObject","inLanguage":"es","@id":"https:\/\/secure.gravatar.com\/avatar\/c3b46e32a0fc3b093a0873fb767bf3293de856293065e84ef06b7ec7a8acfb98?s=96&d=identicon&r=x","url":"https:\/\/secure.gravatar.com\/avatar\/c3b46e32a0fc3b093a0873fb767bf3293de856293065e84ef06b7ec7a8acfb98?s=96&d=identicon&r=x","contentUrl":"https:\/\/secure.gravatar.com\/avatar\/c3b46e32a0fc3b093a0873fb767bf3293de856293065e84ef06b7ec7a8acfb98?s=96&d=identicon&r=x","caption":"Charge"},"url":"https:\/\/sindromecharge.es\/index.php\/author\/admin\/"}]}},"_links":{"self":[{"href":"https:\/\/sindromecharge.es\/index.php\/wp-json\/wp\/v2\/posts\/10762","targetHints":{"allow":["GET"]}}],"collection":[{"href":"https:\/\/sindromecharge.es\/index.php\/wp-json\/wp\/v2\/posts"}],"about":[{"href":"https:\/\/sindromecharge.es\/index.php\/wp-json\/wp\/v2\/types\/post"}],"author":[{"embeddable":true,"href":"https:\/\/sindromecharge.es\/index.php\/wp-json\/wp\/v2\/users\/1"}],"replies":[{"embeddable":true,"href":"https:\/\/sindromecharge.es\/index.php\/wp-json\/wp\/v2\/comments?post=10762"}],"version-history":[{"count":0,"href":"https:\/\/sindromecharge.es\/index.php\/wp-json\/wp\/v2\/posts\/10762\/revisions"}],"wp:attachment":[{"href":"https:\/\/sindromecharge.es\/index.php\/wp-json\/wp\/v2\/media?parent=10762"}],"wp:term":[{"taxonomy":"category","embeddable":true,"href":"https:\/\/sindromecharge.es\/index.php\/wp-json\/wp\/v2\/categories?post=10762"},{"taxonomy":"post_tag","embeddable":true,"href":"https:\/\/sindromecharge.es\/index.php\/wp-json\/wp\/v2\/tags?post=10762"}],"curies":[{"name":"wp","href":"https:\/\/api.w.org\/{rel}","templated":true}]}}