{"id":10761,"date":"2025-01-24T07:22:22","date_gmt":"2025-01-24T07:22:22","guid":{"rendered":"https:\/\/sindromecharge.es\/index.php\/2025\/01\/24\/pablo-bustinduy-entrevista-bustinduy-avanza-que-reforma-dependencia-jornada-laboral-se-aprobaran-juntas\/"},"modified":"2025-01-24T07:22:22","modified_gmt":"2025-01-24T07:22:22","slug":"pablo-bustinduy-entrevista-bustinduy-avanza-que-reforma-dependencia-jornada-laboral-se-aprobaran-juntas","status":"publish","type":"post","link":"https:\/\/sindromecharge.es\/index.php\/2025\/01\/24\/pablo-bustinduy-entrevista-bustinduy-avanza-que-reforma-dependencia-jornada-laboral-se-aprobaran-juntas\/","title":{"rendered":"Bustinduy avanza que la reforma de la dependencia reforzar\u00e1 la teleasistencia y ampliar\u00e1 prestaciones"},"content":{"rendered":"<p>Leemos en Discapacidad la siguiente noticia que os reproducimos de forma \u00edntegra: <\/p>\n<div>\n<p>El <b>ministro de Derechos Sociales, Consumo y Agenda 2030,<\/b> <a href=\"https:\/\/www.20minutos.es\/minuteca\/pablo-bustinduy\/\" title=\"Pablo Bustinduy\" target=\"_blank\">Pablo Bustinduy<\/a>, ha avanzado en una entrevista con EFE que la reforma de la <a href=\"https:\/\/www.20minutos.es\/minuteca\/ley-de-dependencia\/\" title=\"Ley de Dependencia\" target=\"_blank\">ley de dependencia<\/a> y la reducci\u00f3n de la jornada laboral van a ir juntas \u00ablo antes posible\u00bb al <a href=\"https:\/\/www.20minutos.es\/minuteca\/consejo-de-ministros\/\" title=\"Consejo de Ministros\">Consejo de Ministros<\/a>.<\/p>\n<p>Bustinduy considera que aprobar ambas iniciativas es \u00abun mensaje pol\u00edtico valioso\u00bb de las prioridades del gobierno de coalici\u00f3n y su apuesta por <b>ampliar los derechos sociales<\/b>.<\/p>\n<p>\u00abReducir la jornada laboral a 12 millones de personas sin reducir el salario y al mismo tiempo <b>plantear una reforma estructural del sistema de la dependencia<\/b> que lo prepare para el siglo XXI y que ampl\u00ede derechos sociales es un buen resumen de las prioridades de nuestra acci\u00f3n de gobierno\u00bb, ha aseverado.<\/p>\n<p>El ministro ha explicado que la intenci\u00f3n del Ejecutivo es que ambas propuestas vayan a la Comisi\u00f3n Delegada de Asuntos Econ\u00f3micos la pr\u00f3xima semana, para que llegue a la mesa del Consejo del Ministros \u00ab<b>lo antes posible\u00bb<\/b>.<\/p>\n<h2>La teleasistencia y acabar con las listas de espera<\/h2>\n<p>La anunciada <b>reforma de las leyes de <a href=\"https:\/\/www.20minutos.es\/minuteca\/discapacidad\/\" title=\"Discapacidad\" target=\"_blank\">discapacidad<\/a> y de dependencia<\/b> har\u00e1 efectivos los cambios del <b>art\u00edculo 49 de la Constituci\u00f3n <\/b>y adaptar\u00e1 la norma a la Convenci\u00f3n Internacional sobre los derechos de las personas con discapacidad, pero ir\u00e1 m\u00e1s all\u00e1, explica el ministro.<\/p>\n<p>El objetivo es,<b> a trav\u00e9s de un \u00fanico anteproyecto, reformar ambas leyes<\/b> para la extensi\u00f3n y refuerzo de los derechos de las personas con discapacidad a la<a href=\"https:\/\/www.20minutos.es\/minuteca\/inclusion\/\" title=\"Inclusi\u00f3n\" target=\"_blank\"> inclusi\u00f3n<\/a>, la autonom\u00eda y la<a href=\"https:\/\/www.20minutos.es\/minuteca\/accesibilidad\/\" title=\"Accesibilidad\" target=\"_blank\"> accesibilidad<\/a> universal conforme a la nueva redacci\u00f3n de la carta magna.<\/p>\n<p>\u00abUno de los puntos centrales de la reforma va a ser el<b> reconocimiento del derecho a la teleasistencia<\/b> como un derecho subjetivo\u00bb para universalizar este servicio que facilita a las personas permanecer m\u00e1s tiempo en su domicilio.<\/p>\n<p>Pero tambi\u00e9n recoge<b> ampliar las prestaciones en el entorno familiar<\/b> y agilizar todos los procedimientos y los tr\u00e1mites, a\u00f1ade.<\/p>\n<h1>Vamos a reconocer la asistencia personal como un servicio, no solo como una prestaci\u00f3n econ\u00f3mica<\/h1>\n<p>\u00abVamos a reconocer la asistencia personal como un servicio, no solo como una prestaci\u00f3n econ\u00f3mica, vamos a<b> eliminar la incompatibilidad entre prestaciones<\/b>, agilizar toda la tramitaci\u00f3n de la solicitud de las ayudas para que puedan menos burocr\u00e1ticas y reducir los plazos de espera, a la vez que reconocer el principio el derecho de accesibilidad universal\u00bb, ha adelantado el ministro.<\/p>\n<p>El anteproyecto que llevar\u00e1 Bustinduy al Consejo de Ministros recoge adem\u00e1s la <b>ampliaci\u00f3n de derechos de prestaciones y de servicios<\/b>.<\/p>\n<p>\u00abSe trata de consagrar derechos que puedan ser reclamables, es decir, que se puedan hacer efectivos no solo el reconocimiento de principios, sino de derechos por ejemplo, el derecho a la teleasistencia o el principio de accesibilidad universal\u00bb, ha detallado.<\/p>\n<p>Al responsable de Derechos Sociales le gustar\u00eda que la reforma de la dependencia se hiciera \u00abde la mano no solo del Partido Popular, sino de <b>todas las fuerzas pol\u00edticas<\/b>, para que sea un empe\u00f1o de pa\u00eds\u00bb.<\/p>\n<p>\u00abEstamos intentando <b>reconstruir el sistema<\/b>, desarrollarlo, cohesionarlo, hacer que funcione mejor y, al mismo tiempo seguir incrementando su financiaci\u00f3n en los t\u00e9rminos hist\u00f3ricos y sin precedentes, como ha hecho el Gobierno de coalici\u00f3n\u00bb.<\/p>\n<p>Opina que el PP tiene \u00abuna ocasi\u00f3n de demostrar que defiende el inter\u00e9s general por encima de su inter\u00e9s concreto partidario\u00bb. \u00abEspero que pueda salir esta reforma por unanimidad\u00bb.<\/p>\n<p>\u00abEn un momento en el que la democracia est\u00e1 amenazada y vivimos unos tiempos oscuros y torcidos la mejor manera de defender la democracia es ensanchar, ampliar y consolidar los derechos sociales\u00bb, argumenta.<\/p>\n<h2>\u00abC\u00f3modo\u00bb en el gobierno de coalici\u00f3n<\/h2>\n<p>En la entrevista, Bustinduy asegura que se siente \u00abc\u00f3modo\u00bb en el Ejecutivo y que est\u00e1 convencido de que se van a cumplir los acuerdos de coalici\u00f3n para la legislatura.<\/p>\n<p>\u00abEvidentemente, a nosotros nos gustar\u00eda ir m\u00e1s r\u00e1pido e ir m\u00e1s lejos y hay procesos en los que tardamos m\u00e1s en ver que aterrizan los compromisos que defendemos\u00bb, como la ley de familias o la<b> reforma de las leyes de dependencia y discapacidad<\/b>.<\/p>\n<p>Es consciente de que necesita para ello los apoyos parlamentarios, incluido el del partido de Carles Puigdemont, que sumen esa mayor\u00eda para sacar adelante cuestiones que \u00abredundan en las condiciones de vida y en el bienestar de las mayor\u00edas sociales en este pa\u00eds\u00bb, como ocurri\u00f3 con <b>la reforma del art\u00edculo 49 de la Constituci\u00f3n y la ley ELA<\/b>.<\/p>\n<p>\u00abPor encima de la escenificaci\u00f3n del juego pol\u00edtico y parlamentario, que es normal y leg\u00edtimo en una democracia que cada actor defienda sus intereses y est\u00e1 bien, creo que hay cuestiones que son de <b>inter\u00e9s general<\/b>\u00ab, opina.<\/p>\n<\/div>\n<p>Fuente: Discapacidad https:\/\/www.20minutos.es\/noticia\/5675653\/0\/pablo-bustinduy-entrevista-bustinduy-avanza-que-reforma-dependencia-jornada-laboral-se-aprobaran-juntas\/<\/p>\n","protected":false},"excerpt":{"rendered":"<p>El ministro de derechos sociales ha asegurado que se elevar\u00e1n las prestaciones en el entorno familiar y agilizar\u00e1n los tr\u00e1mites.<\/p>\n","protected":false},"author":1,"featured_media":0,"comment_status":"closed","ping_status":"closed","sticky":false,"template":"","format":"standard","meta":{"footnotes":""},"categories":[8],"tags":[],"class_list":["post-10761","post","type-post","status-publish","format-standard","hentry","category-noticias"],"yoast_head":"<!-- This site is optimized with the Yoast SEO plugin v27.4 - https:\/\/yoast.com\/product\/yoast-seo-wordpress\/ -->\n<title>Bustinduy avanza que la reforma de la dependencia reforzar\u00e1 la teleasistencia y ampliar\u00e1 prestaciones - Asociaci\u00f3n Espa\u00f1ola S\u00edndrome de Charge<\/title>\n<meta name=\"robots\" content=\"index, follow, max-snippet:-1, max-image-preview:large, max-video-preview:-1\" \/>\n<link rel=\"canonical\" href=\"https:\/\/sindromecharge.es\/index.php\/2025\/01\/24\/pablo-bustinduy-entrevista-bustinduy-avanza-que-reforma-dependencia-jornada-laboral-se-aprobaran-juntas\/\" \/>\n<meta property=\"og:locale\" content=\"es_ES\" \/>\n<meta property=\"og:type\" content=\"article\" \/>\n<meta property=\"og:title\" content=\"Bustinduy avanza que la reforma de la dependencia reforzar\u00e1 la teleasistencia y ampliar\u00e1 prestaciones - Asociaci\u00f3n Espa\u00f1ola S\u00edndrome de Charge\" \/>\n<meta property=\"og:description\" content=\"El ministro de derechos sociales ha asegurado que se elevar\u00e1n las prestaciones en el entorno familiar y agilizar\u00e1n los tr\u00e1mites.\" \/>\n<meta property=\"og:url\" content=\"https:\/\/sindromecharge.es\/index.php\/2025\/01\/24\/pablo-bustinduy-entrevista-bustinduy-avanza-que-reforma-dependencia-jornada-laboral-se-aprobaran-juntas\/\" \/>\n<meta property=\"og:site_name\" content=\"Asociaci\u00f3n Espa\u00f1ola S\u00edndrome de Charge\" \/>\n<meta property=\"article:publisher\" content=\"https:\/\/www.facebook.com\/asociacionsindromecharge\" \/>\n<meta property=\"article:published_time\" content=\"2025-01-24T07:22:22+00:00\" \/>\n<meta property=\"og:image\" content=\"https:\/\/sindromecharge.es\/wp-content\/uploads\/2013\/09\/logodecharge300x98.png\" \/>\n\t<meta property=\"og:image:width\" content=\"300\" \/>\n\t<meta property=\"og:image:height\" content=\"98\" \/>\n\t<meta property=\"og:image:type\" content=\"image\/png\" \/>\n<meta name=\"author\" content=\"Charge\" \/>\n<meta name=\"twitter:card\" content=\"summary_large_image\" \/>\n<meta name=\"twitter:creator\" content=\"@sindromecharge\" \/>\n<meta name=\"twitter:site\" content=\"@sindromecharge\" \/>\n<meta name=\"twitter:label1\" content=\"Escrito por\" \/>\n\t<meta name=\"twitter:data1\" content=\"Charge\" \/>\n\t<meta name=\"twitter:label2\" content=\"Tiempo de lectura\" \/>\n\t<meta name=\"twitter:data2\" content=\"4 minutos\" \/>\n<script type=\"application\/ld+json\" class=\"yoast-schema-graph\">{\"@context\":\"https:\\\/\\\/schema.org\",\"@graph\":[{\"@type\":\"Article\",\"@id\":\"https:\\\/\\\/sindromecharge.es\\\/index.php\\\/2025\\\/01\\\/24\\\/pablo-bustinduy-entrevista-bustinduy-avanza-que-reforma-dependencia-jornada-laboral-se-aprobaran-juntas\\\/#article\",\"isPartOf\":{\"@id\":\"https:\\\/\\\/sindromecharge.es\\\/index.php\\\/2025\\\/01\\\/24\\\/pablo-bustinduy-entrevista-bustinduy-avanza-que-reforma-dependencia-jornada-laboral-se-aprobaran-juntas\\\/\"},\"author\":{\"name\":\"Charge\",\"@id\":\"https:\\\/\\\/sindromecharge.es\\\/#\\\/schema\\\/person\\\/39a60ebe0a2b4d5a11179701e336b039\"},\"headline\":\"Bustinduy avanza que la reforma de la dependencia reforzar\u00e1 la teleasistencia y ampliar\u00e1 prestaciones\",\"datePublished\":\"2025-01-24T07:22:22+00:00\",\"mainEntityOfPage\":{\"@id\":\"https:\\\/\\\/sindromecharge.es\\\/index.php\\\/2025\\\/01\\\/24\\\/pablo-bustinduy-entrevista-bustinduy-avanza-que-reforma-dependencia-jornada-laboral-se-aprobaran-juntas\\\/\"},\"wordCount\":838,\"articleSection\":[\"noticias\"],\"inLanguage\":\"es\"},{\"@type\":\"WebPage\",\"@id\":\"https:\\\/\\\/sindromecharge.es\\\/index.php\\\/2025\\\/01\\\/24\\\/pablo-bustinduy-entrevista-bustinduy-avanza-que-reforma-dependencia-jornada-laboral-se-aprobaran-juntas\\\/\",\"url\":\"https:\\\/\\\/sindromecharge.es\\\/index.php\\\/2025\\\/01\\\/24\\\/pablo-bustinduy-entrevista-bustinduy-avanza-que-reforma-dependencia-jornada-laboral-se-aprobaran-juntas\\\/\",\"name\":\"Bustinduy avanza que la reforma de la dependencia reforzar\u00e1 la teleasistencia y ampliar\u00e1 prestaciones - Asociaci\u00f3n Espa\u00f1ola S\u00edndrome de Charge\",\"isPartOf\":{\"@id\":\"https:\\\/\\\/sindromecharge.es\\\/#website\"},\"datePublished\":\"2025-01-24T07:22:22+00:00\",\"author\":{\"@id\":\"https:\\\/\\\/sindromecharge.es\\\/#\\\/schema\\\/person\\\/39a60ebe0a2b4d5a11179701e336b039\"},\"breadcrumb\":{\"@id\":\"https:\\\/\\\/sindromecharge.es\\\/index.php\\\/2025\\\/01\\\/24\\\/pablo-bustinduy-entrevista-bustinduy-avanza-que-reforma-dependencia-jornada-laboral-se-aprobaran-juntas\\\/#breadcrumb\"},\"inLanguage\":\"es\",\"potentialAction\":[{\"@type\":\"ReadAction\",\"target\":[\"https:\\\/\\\/sindromecharge.es\\\/index.php\\\/2025\\\/01\\\/24\\\/pablo-bustinduy-entrevista-bustinduy-avanza-que-reforma-dependencia-jornada-laboral-se-aprobaran-juntas\\\/\"]}]},{\"@type\":\"BreadcrumbList\",\"@id\":\"https:\\\/\\\/sindromecharge.es\\\/index.php\\\/2025\\\/01\\\/24\\\/pablo-bustinduy-entrevista-bustinduy-avanza-que-reforma-dependencia-jornada-laboral-se-aprobaran-juntas\\\/#breadcrumb\",\"itemListElement\":[{\"@type\":\"ListItem\",\"position\":1,\"name\":\"Portada\",\"item\":\"https:\\\/\\\/sindromecharge.es\\\/\"},{\"@type\":\"ListItem\",\"position\":2,\"name\":\"Bustinduy avanza que la reforma de la dependencia reforzar\u00e1 la teleasistencia y ampliar\u00e1 prestaciones\"}]},{\"@type\":\"WebSite\",\"@id\":\"https:\\\/\\\/sindromecharge.es\\\/#website\",\"url\":\"https:\\\/\\\/sindromecharge.es\\\/\",\"name\":\"Asociaci\u00f3n Espa\u00f1ola S\u00edndrome de Charge\",\"description\":\"\",\"potentialAction\":[{\"@type\":\"SearchAction\",\"target\":{\"@type\":\"EntryPoint\",\"urlTemplate\":\"https:\\\/\\\/sindromecharge.es\\\/?s={search_term_string}\"},\"query-input\":{\"@type\":\"PropertyValueSpecification\",\"valueRequired\":true,\"valueName\":\"search_term_string\"}}],\"inLanguage\":\"es\"},{\"@type\":\"Person\",\"@id\":\"https:\\\/\\\/sindromecharge.es\\\/#\\\/schema\\\/person\\\/39a60ebe0a2b4d5a11179701e336b039\",\"name\":\"Charge\",\"image\":{\"@type\":\"ImageObject\",\"inLanguage\":\"es\",\"@id\":\"https:\\\/\\\/secure.gravatar.com\\\/avatar\\\/c3b46e32a0fc3b093a0873fb767bf3293de856293065e84ef06b7ec7a8acfb98?s=96&d=identicon&r=x\",\"url\":\"https:\\\/\\\/secure.gravatar.com\\\/avatar\\\/c3b46e32a0fc3b093a0873fb767bf3293de856293065e84ef06b7ec7a8acfb98?s=96&d=identicon&r=x\",\"contentUrl\":\"https:\\\/\\\/secure.gravatar.com\\\/avatar\\\/c3b46e32a0fc3b093a0873fb767bf3293de856293065e84ef06b7ec7a8acfb98?s=96&d=identicon&r=x\",\"caption\":\"Charge\"},\"url\":\"https:\\\/\\\/sindromecharge.es\\\/index.php\\\/author\\\/admin\\\/\"}]}<\/script>\n<!-- \/ Yoast SEO plugin. -->","yoast_head_json":{"title":"Bustinduy avanza que la reforma de la dependencia reforzar\u00e1 la teleasistencia y ampliar\u00e1 prestaciones - Asociaci\u00f3n Espa\u00f1ola S\u00edndrome de Charge","robots":{"index":"index","follow":"follow","max-snippet":"max-snippet:-1","max-image-preview":"max-image-preview:large","max-video-preview":"max-video-preview:-1"},"canonical":"https:\/\/sindromecharge.es\/index.php\/2025\/01\/24\/pablo-bustinduy-entrevista-bustinduy-avanza-que-reforma-dependencia-jornada-laboral-se-aprobaran-juntas\/","og_locale":"es_ES","og_type":"article","og_title":"Bustinduy avanza que la reforma de la dependencia reforzar\u00e1 la teleasistencia y ampliar\u00e1 prestaciones - Asociaci\u00f3n Espa\u00f1ola S\u00edndrome de Charge","og_description":"El ministro de derechos sociales ha asegurado que se elevar\u00e1n las prestaciones en el entorno familiar y agilizar\u00e1n los tr\u00e1mites.","og_url":"https:\/\/sindromecharge.es\/index.php\/2025\/01\/24\/pablo-bustinduy-entrevista-bustinduy-avanza-que-reforma-dependencia-jornada-laboral-se-aprobaran-juntas\/","og_site_name":"Asociaci\u00f3n Espa\u00f1ola S\u00edndrome de Charge","article_publisher":"https:\/\/www.facebook.com\/asociacionsindromecharge","article_published_time":"2025-01-24T07:22:22+00:00","og_image":[{"width":300,"height":98,"url":"https:\/\/sindromecharge.es\/wp-content\/uploads\/2013\/09\/logodecharge300x98.png","type":"image\/png"}],"author":"Charge","twitter_card":"summary_large_image","twitter_creator":"@sindromecharge","twitter_site":"@sindromecharge","twitter_misc":{"Escrito por":"Charge","Tiempo de lectura":"4 minutos"},"schema":{"@context":"https:\/\/schema.org","@graph":[{"@type":"Article","@id":"https:\/\/sindromecharge.es\/index.php\/2025\/01\/24\/pablo-bustinduy-entrevista-bustinduy-avanza-que-reforma-dependencia-jornada-laboral-se-aprobaran-juntas\/#article","isPartOf":{"@id":"https:\/\/sindromecharge.es\/index.php\/2025\/01\/24\/pablo-bustinduy-entrevista-bustinduy-avanza-que-reforma-dependencia-jornada-laboral-se-aprobaran-juntas\/"},"author":{"name":"Charge","@id":"https:\/\/sindromecharge.es\/#\/schema\/person\/39a60ebe0a2b4d5a11179701e336b039"},"headline":"Bustinduy avanza que la reforma de la dependencia reforzar\u00e1 la teleasistencia y ampliar\u00e1 prestaciones","datePublished":"2025-01-24T07:22:22+00:00","mainEntityOfPage":{"@id":"https:\/\/sindromecharge.es\/index.php\/2025\/01\/24\/pablo-bustinduy-entrevista-bustinduy-avanza-que-reforma-dependencia-jornada-laboral-se-aprobaran-juntas\/"},"wordCount":838,"articleSection":["noticias"],"inLanguage":"es"},{"@type":"WebPage","@id":"https:\/\/sindromecharge.es\/index.php\/2025\/01\/24\/pablo-bustinduy-entrevista-bustinduy-avanza-que-reforma-dependencia-jornada-laboral-se-aprobaran-juntas\/","url":"https:\/\/sindromecharge.es\/index.php\/2025\/01\/24\/pablo-bustinduy-entrevista-bustinduy-avanza-que-reforma-dependencia-jornada-laboral-se-aprobaran-juntas\/","name":"Bustinduy avanza que la reforma de la dependencia reforzar\u00e1 la teleasistencia y ampliar\u00e1 prestaciones - Asociaci\u00f3n Espa\u00f1ola S\u00edndrome de Charge","isPartOf":{"@id":"https:\/\/sindromecharge.es\/#website"},"datePublished":"2025-01-24T07:22:22+00:00","author":{"@id":"https:\/\/sindromecharge.es\/#\/schema\/person\/39a60ebe0a2b4d5a11179701e336b039"},"breadcrumb":{"@id":"https:\/\/sindromecharge.es\/index.php\/2025\/01\/24\/pablo-bustinduy-entrevista-bustinduy-avanza-que-reforma-dependencia-jornada-laboral-se-aprobaran-juntas\/#breadcrumb"},"inLanguage":"es","potentialAction":[{"@type":"ReadAction","target":["https:\/\/sindromecharge.es\/index.php\/2025\/01\/24\/pablo-bustinduy-entrevista-bustinduy-avanza-que-reforma-dependencia-jornada-laboral-se-aprobaran-juntas\/"]}]},{"@type":"BreadcrumbList","@id":"https:\/\/sindromecharge.es\/index.php\/2025\/01\/24\/pablo-bustinduy-entrevista-bustinduy-avanza-que-reforma-dependencia-jornada-laboral-se-aprobaran-juntas\/#breadcrumb","itemListElement":[{"@type":"ListItem","position":1,"name":"Portada","item":"https:\/\/sindromecharge.es\/"},{"@type":"ListItem","position":2,"name":"Bustinduy avanza que la reforma de la dependencia reforzar\u00e1 la teleasistencia y ampliar\u00e1 prestaciones"}]},{"@type":"WebSite","@id":"https:\/\/sindromecharge.es\/#website","url":"https:\/\/sindromecharge.es\/","name":"Asociaci\u00f3n Espa\u00f1ola S\u00edndrome de Charge","description":"","potentialAction":[{"@type":"SearchAction","target":{"@type":"EntryPoint","urlTemplate":"https:\/\/sindromecharge.es\/?s={search_term_string}"},"query-input":{"@type":"PropertyValueSpecification","valueRequired":true,"valueName":"search_term_string"}}],"inLanguage":"es"},{"@type":"Person","@id":"https:\/\/sindromecharge.es\/#\/schema\/person\/39a60ebe0a2b4d5a11179701e336b039","name":"Charge","image":{"@type":"ImageObject","inLanguage":"es","@id":"https:\/\/secure.gravatar.com\/avatar\/c3b46e32a0fc3b093a0873fb767bf3293de856293065e84ef06b7ec7a8acfb98?s=96&d=identicon&r=x","url":"https:\/\/secure.gravatar.com\/avatar\/c3b46e32a0fc3b093a0873fb767bf3293de856293065e84ef06b7ec7a8acfb98?s=96&d=identicon&r=x","contentUrl":"https:\/\/secure.gravatar.com\/avatar\/c3b46e32a0fc3b093a0873fb767bf3293de856293065e84ef06b7ec7a8acfb98?s=96&d=identicon&r=x","caption":"Charge"},"url":"https:\/\/sindromecharge.es\/index.php\/author\/admin\/"}]}},"_links":{"self":[{"href":"https:\/\/sindromecharge.es\/index.php\/wp-json\/wp\/v2\/posts\/10761","targetHints":{"allow":["GET"]}}],"collection":[{"href":"https:\/\/sindromecharge.es\/index.php\/wp-json\/wp\/v2\/posts"}],"about":[{"href":"https:\/\/sindromecharge.es\/index.php\/wp-json\/wp\/v2\/types\/post"}],"author":[{"embeddable":true,"href":"https:\/\/sindromecharge.es\/index.php\/wp-json\/wp\/v2\/users\/1"}],"replies":[{"embeddable":true,"href":"https:\/\/sindromecharge.es\/index.php\/wp-json\/wp\/v2\/comments?post=10761"}],"version-history":[{"count":0,"href":"https:\/\/sindromecharge.es\/index.php\/wp-json\/wp\/v2\/posts\/10761\/revisions"}],"wp:attachment":[{"href":"https:\/\/sindromecharge.es\/index.php\/wp-json\/wp\/v2\/media?parent=10761"}],"wp:term":[{"taxonomy":"category","embeddable":true,"href":"https:\/\/sindromecharge.es\/index.php\/wp-json\/wp\/v2\/categories?post=10761"},{"taxonomy":"post_tag","embeddable":true,"href":"https:\/\/sindromecharge.es\/index.php\/wp-json\/wp\/v2\/tags?post=10761"}],"curies":[{"name":"wp","href":"https:\/\/api.w.org\/{rel}","templated":true}]}}