{"id":10752,"date":"2025-01-22T10:48:47","date_gmt":"2025-01-22T10:48:47","guid":{"rendered":"https:\/\/sindromecharge.es\/index.php\/2025\/01\/22\/estrategia-discapacidad-claves-ue-planes-medio-plazo-parlamento-europeo-once\/"},"modified":"2025-01-22T10:48:47","modified_gmt":"2025-01-22T10:48:47","slug":"estrategia-discapacidad-claves-ue-planes-medio-plazo-parlamento-europeo-once","status":"publish","type":"post","link":"https:\/\/sindromecharge.es\/index.php\/2025\/01\/22\/estrategia-discapacidad-claves-ue-planes-medio-plazo-parlamento-europeo-once\/","title":{"rendered":"Todos los grupos del Parlamento Europeo se comprometen a impulsar la Estrategia Europea de Discapacidad"},"content":{"rendered":"<p>Leemos en Discapacidad la siguiente noticia que os reproducimos de forma \u00edntegra: <\/p>\n<div>\n<p>Todos los grupos pol\u00edticos del <a href=\"https:\/\/www.20minutos.es\/minuteca\/union-europea\/1\/\">Parlamento Europeo <\/a><b>se han comprometido este mi\u00e9rcoles a impulsar la Estrategia Europea de Discapacidad<\/b>, para el periodo 2021-2030, presentada por el Grupo Social ONCE en Estrasburgo. Esa hoja de ruta pide, entre otras cosas, un Erasmus m\u00e1s inclusivo. \u00abCon m\u00e1s de 75.000 trabajadores y trabajadoras en plantilla, el 60% personas con discapacidad y un 44% mujeres, el modelo de empleo del Grupo Social ONCE<b> es un referente europeo<\/b> asegurando la igualdad de oportunidades y la mejora de la calidad de vida de quien m\u00e1s dif\u00edcil lo tiene\u00bb, sostuvo el vicepresidente de la entidad, Alberto Dur\u00e1n.<\/p>\n<p>El objetivo del encuentro, <a href=\"https:\/\/www.20minutos.es\/minuteca\/union-europea\/1\/\">impulsado por la Oficina T\u00e9cnica de Asuntos Europeos del Grupo Social ONCE<\/a>,<b> fue dar a conocer el trabajo de la Organizaci\u00f3n a los nuevos eurodiputados<\/b> espa\u00f1oles tras las \u00faltimas elecciones europeas de junio de 2024 y explicar las prioridades de la discapacidad para que esta legislatura tenga un marcado car\u00e1cter social, explicaron desde la entidad. Intervinieron Dolors Montserrat y Rosa Estar\u00e1s (PPE); Iratxe Garc\u00eda (S&amp;D); Jorge Buxad\u00e9 (PfE); Diego Solier (ECR); Oihane Agirregoitia (Renew Europe); y Estrella Gal\u00e1n (La Izquierda).<\/p>\n<p>En este sentido, Dur\u00e1n incidi\u00f3 en la importancia de revisar el pilar de Derechos Sociales con medidas que apoyen el empleo de personas con discapacidad, promoviendo la inclusi\u00f3n social y garantizando condiciones laborales justas<b> con modelos alineados con la Convenci\u00f3n Internacional de Derechos de Personas con Discapacidad<\/b>, incluidos los centros especiales de empleo.<\/p>\n<p>A nivel empresarial Dur\u00e1n dijo <b>que la Uni\u00f3n Europea debe avanzar en el Plan de Acci\u00f3n sobre Econom\u00eda Social<\/b>, reconociendo el papel de estas empresas para construir una sociedad m\u00e1s justa e inclusiva. En materia de accesibilidad, el vicepresidente del Grupo Social ONCE volvi\u00f3 a reivindicar la importancia del voto accesible, ya realizada antes de los \u00faltimos comicios europeos, incluyendo sistemas como el braille y el QR para garantizar igualdad y privacidad en el sufragio de las personas con discapacidad.<\/p>\n<p>Tambi\u00e9n, por otra parte, <b>solicit\u00f3 consolidar el trabajo de AccessibleEU, consorcio liderado por Fundaci\u00f3n ONCE<\/b>, mediante la creaci\u00f3n de una agencia europea de accesibilidad permanente y estable en Espa\u00f1a. A su vez se\u00f1al\u00f3 que es clave impulsar la I+D+i en accesibilidad y promover normativas urbanas, arquitect\u00f3nicas y tecnol\u00f3gicas inclusivas, que tengan en cuenta la discapacidad cognitiva.<\/p>\n<p>A nivel educativo dijo que el programa Erasmus+ \u00abdebe garantizar igualdad de oportunidades para estudiantes y profesores con discapacidad, <b>fortaleciendo medidas de inclusi\u00f3n, apoyo financiero y entornos accesibles<\/b>\u00ab. Incidi\u00f3 adem\u00e1s en la importancia de vincular deporte y protecci\u00f3n de los derechos de las personas con discapacidad. \u00abEl deporte es un derecho, un veh\u00edculo para el cambio social y una fuente de valores\u201d, se\u00f1al\u00f3 Dur\u00e1n, solicitando que en los pr\u00f3ximos a\u00f1os las federaciones deportivas tengan un porcentaje de federados con discapacidad equivalente al 10%.<\/p>\n<p>En septiembre de 2022 la presidenta del Parlamento Europeo, Roberta Metsola, renov\u00f3 el acuerdo de colaboraci\u00f3n con el presidente del Grupo Social ONCE, Miguel Carballeda, <b>con el prop\u00f3sito de estrechar lazos e institucionalizar la labor que desde hace a\u00f1os desarrolla la entidad<\/b> espa\u00f1ola en el \u00e1mbito pol\u00edtico de las instituciones europeas con el objetivo de mejorar la calidad de vida de los 85 millones de ciudadanos europeos con alguna discapacidad.<\/p>\n<\/div>\n<p>Fuente: Discapacidad https:\/\/www.20minutos.es\/noticia\/5674831\/0\/estrategia-discapacidad-claves-ue-planes-medio-plazo-parlamento-europeo-once\/<\/p>\n","protected":false},"excerpt":{"rendered":"<p>El Grupo Social ONCE ha presentado en Estrasburgo la hoja de ruta de la discapacidad en la nueva legislatura.<\/p>\n","protected":false},"author":1,"featured_media":0,"comment_status":"closed","ping_status":"closed","sticky":false,"template":"","format":"standard","meta":{"footnotes":""},"categories":[8],"tags":[],"class_list":["post-10752","post","type-post","status-publish","format-standard","hentry","category-noticias"],"yoast_head":"<!-- This site is optimized with the Yoast SEO plugin v27.4 - https:\/\/yoast.com\/product\/yoast-seo-wordpress\/ -->\n<title>Todos los grupos del Parlamento Europeo se comprometen a impulsar la Estrategia Europea de Discapacidad - Asociaci\u00f3n Espa\u00f1ola S\u00edndrome de Charge<\/title>\n<meta name=\"robots\" content=\"index, follow, max-snippet:-1, max-image-preview:large, max-video-preview:-1\" \/>\n<link rel=\"canonical\" href=\"https:\/\/sindromecharge.es\/index.php\/2025\/01\/22\/estrategia-discapacidad-claves-ue-planes-medio-plazo-parlamento-europeo-once\/\" \/>\n<meta property=\"og:locale\" content=\"es_ES\" \/>\n<meta property=\"og:type\" content=\"article\" \/>\n<meta property=\"og:title\" content=\"Todos los grupos del Parlamento Europeo se comprometen a impulsar la Estrategia Europea de Discapacidad - Asociaci\u00f3n Espa\u00f1ola S\u00edndrome de Charge\" \/>\n<meta property=\"og:description\" content=\"El Grupo Social ONCE ha presentado en Estrasburgo la hoja de ruta de la discapacidad en la nueva legislatura.\" \/>\n<meta property=\"og:url\" content=\"https:\/\/sindromecharge.es\/index.php\/2025\/01\/22\/estrategia-discapacidad-claves-ue-planes-medio-plazo-parlamento-europeo-once\/\" \/>\n<meta property=\"og:site_name\" content=\"Asociaci\u00f3n Espa\u00f1ola S\u00edndrome de Charge\" \/>\n<meta property=\"article:publisher\" content=\"https:\/\/www.facebook.com\/asociacionsindromecharge\" \/>\n<meta property=\"article:published_time\" content=\"2025-01-22T10:48:47+00:00\" \/>\n<meta property=\"og:image\" content=\"https:\/\/sindromecharge.es\/wp-content\/uploads\/2013\/09\/logodecharge300x98.png\" \/>\n\t<meta property=\"og:image:width\" content=\"300\" \/>\n\t<meta property=\"og:image:height\" content=\"98\" \/>\n\t<meta property=\"og:image:type\" content=\"image\/png\" \/>\n<meta name=\"author\" content=\"Charge\" \/>\n<meta name=\"twitter:card\" content=\"summary_large_image\" \/>\n<meta name=\"twitter:creator\" content=\"@sindromecharge\" \/>\n<meta name=\"twitter:site\" content=\"@sindromecharge\" \/>\n<meta name=\"twitter:label1\" content=\"Escrito por\" \/>\n\t<meta name=\"twitter:data1\" content=\"Charge\" \/>\n\t<meta name=\"twitter:label2\" content=\"Tiempo de lectura\" \/>\n\t<meta name=\"twitter:data2\" content=\"3 minutos\" \/>\n<script type=\"application\/ld+json\" class=\"yoast-schema-graph\">{\"@context\":\"https:\\\/\\\/schema.org\",\"@graph\":[{\"@type\":\"Article\",\"@id\":\"https:\\\/\\\/sindromecharge.es\\\/index.php\\\/2025\\\/01\\\/22\\\/estrategia-discapacidad-claves-ue-planes-medio-plazo-parlamento-europeo-once\\\/#article\",\"isPartOf\":{\"@id\":\"https:\\\/\\\/sindromecharge.es\\\/index.php\\\/2025\\\/01\\\/22\\\/estrategia-discapacidad-claves-ue-planes-medio-plazo-parlamento-europeo-once\\\/\"},\"author\":{\"name\":\"Charge\",\"@id\":\"https:\\\/\\\/sindromecharge.es\\\/#\\\/schema\\\/person\\\/39a60ebe0a2b4d5a11179701e336b039\"},\"headline\":\"Todos los grupos del Parlamento Europeo se comprometen a impulsar la Estrategia Europea de Discapacidad\",\"datePublished\":\"2025-01-22T10:48:47+00:00\",\"mainEntityOfPage\":{\"@id\":\"https:\\\/\\\/sindromecharge.es\\\/index.php\\\/2025\\\/01\\\/22\\\/estrategia-discapacidad-claves-ue-planes-medio-plazo-parlamento-europeo-once\\\/\"},\"wordCount\":600,\"articleSection\":[\"noticias\"],\"inLanguage\":\"es\"},{\"@type\":\"WebPage\",\"@id\":\"https:\\\/\\\/sindromecharge.es\\\/index.php\\\/2025\\\/01\\\/22\\\/estrategia-discapacidad-claves-ue-planes-medio-plazo-parlamento-europeo-once\\\/\",\"url\":\"https:\\\/\\\/sindromecharge.es\\\/index.php\\\/2025\\\/01\\\/22\\\/estrategia-discapacidad-claves-ue-planes-medio-plazo-parlamento-europeo-once\\\/\",\"name\":\"Todos los grupos del Parlamento Europeo se comprometen a impulsar la Estrategia Europea de Discapacidad - Asociaci\u00f3n Espa\u00f1ola S\u00edndrome de Charge\",\"isPartOf\":{\"@id\":\"https:\\\/\\\/sindromecharge.es\\\/#website\"},\"datePublished\":\"2025-01-22T10:48:47+00:00\",\"author\":{\"@id\":\"https:\\\/\\\/sindromecharge.es\\\/#\\\/schema\\\/person\\\/39a60ebe0a2b4d5a11179701e336b039\"},\"breadcrumb\":{\"@id\":\"https:\\\/\\\/sindromecharge.es\\\/index.php\\\/2025\\\/01\\\/22\\\/estrategia-discapacidad-claves-ue-planes-medio-plazo-parlamento-europeo-once\\\/#breadcrumb\"},\"inLanguage\":\"es\",\"potentialAction\":[{\"@type\":\"ReadAction\",\"target\":[\"https:\\\/\\\/sindromecharge.es\\\/index.php\\\/2025\\\/01\\\/22\\\/estrategia-discapacidad-claves-ue-planes-medio-plazo-parlamento-europeo-once\\\/\"]}]},{\"@type\":\"BreadcrumbList\",\"@id\":\"https:\\\/\\\/sindromecharge.es\\\/index.php\\\/2025\\\/01\\\/22\\\/estrategia-discapacidad-claves-ue-planes-medio-plazo-parlamento-europeo-once\\\/#breadcrumb\",\"itemListElement\":[{\"@type\":\"ListItem\",\"position\":1,\"name\":\"Portada\",\"item\":\"https:\\\/\\\/sindromecharge.es\\\/\"},{\"@type\":\"ListItem\",\"position\":2,\"name\":\"Todos los grupos del Parlamento Europeo se comprometen a impulsar la Estrategia Europea de Discapacidad\"}]},{\"@type\":\"WebSite\",\"@id\":\"https:\\\/\\\/sindromecharge.es\\\/#website\",\"url\":\"https:\\\/\\\/sindromecharge.es\\\/\",\"name\":\"Asociaci\u00f3n Espa\u00f1ola S\u00edndrome de Charge\",\"description\":\"\",\"potentialAction\":[{\"@type\":\"SearchAction\",\"target\":{\"@type\":\"EntryPoint\",\"urlTemplate\":\"https:\\\/\\\/sindromecharge.es\\\/?s={search_term_string}\"},\"query-input\":{\"@type\":\"PropertyValueSpecification\",\"valueRequired\":true,\"valueName\":\"search_term_string\"}}],\"inLanguage\":\"es\"},{\"@type\":\"Person\",\"@id\":\"https:\\\/\\\/sindromecharge.es\\\/#\\\/schema\\\/person\\\/39a60ebe0a2b4d5a11179701e336b039\",\"name\":\"Charge\",\"image\":{\"@type\":\"ImageObject\",\"inLanguage\":\"es\",\"@id\":\"https:\\\/\\\/secure.gravatar.com\\\/avatar\\\/c3b46e32a0fc3b093a0873fb767bf3293de856293065e84ef06b7ec7a8acfb98?s=96&d=identicon&r=x\",\"url\":\"https:\\\/\\\/secure.gravatar.com\\\/avatar\\\/c3b46e32a0fc3b093a0873fb767bf3293de856293065e84ef06b7ec7a8acfb98?s=96&d=identicon&r=x\",\"contentUrl\":\"https:\\\/\\\/secure.gravatar.com\\\/avatar\\\/c3b46e32a0fc3b093a0873fb767bf3293de856293065e84ef06b7ec7a8acfb98?s=96&d=identicon&r=x\",\"caption\":\"Charge\"},\"url\":\"https:\\\/\\\/sindromecharge.es\\\/index.php\\\/author\\\/admin\\\/\"}]}<\/script>\n<!-- \/ Yoast SEO plugin. -->","yoast_head_json":{"title":"Todos los grupos del Parlamento Europeo se comprometen a impulsar la Estrategia Europea de Discapacidad - Asociaci\u00f3n Espa\u00f1ola S\u00edndrome de Charge","robots":{"index":"index","follow":"follow","max-snippet":"max-snippet:-1","max-image-preview":"max-image-preview:large","max-video-preview":"max-video-preview:-1"},"canonical":"https:\/\/sindromecharge.es\/index.php\/2025\/01\/22\/estrategia-discapacidad-claves-ue-planes-medio-plazo-parlamento-europeo-once\/","og_locale":"es_ES","og_type":"article","og_title":"Todos los grupos del Parlamento Europeo se comprometen a impulsar la Estrategia Europea de Discapacidad - Asociaci\u00f3n Espa\u00f1ola S\u00edndrome de Charge","og_description":"El Grupo Social ONCE ha presentado en Estrasburgo la hoja de ruta de la discapacidad en la nueva legislatura.","og_url":"https:\/\/sindromecharge.es\/index.php\/2025\/01\/22\/estrategia-discapacidad-claves-ue-planes-medio-plazo-parlamento-europeo-once\/","og_site_name":"Asociaci\u00f3n Espa\u00f1ola S\u00edndrome de Charge","article_publisher":"https:\/\/www.facebook.com\/asociacionsindromecharge","article_published_time":"2025-01-22T10:48:47+00:00","og_image":[{"width":300,"height":98,"url":"https:\/\/sindromecharge.es\/wp-content\/uploads\/2013\/09\/logodecharge300x98.png","type":"image\/png"}],"author":"Charge","twitter_card":"summary_large_image","twitter_creator":"@sindromecharge","twitter_site":"@sindromecharge","twitter_misc":{"Escrito por":"Charge","Tiempo de lectura":"3 minutos"},"schema":{"@context":"https:\/\/schema.org","@graph":[{"@type":"Article","@id":"https:\/\/sindromecharge.es\/index.php\/2025\/01\/22\/estrategia-discapacidad-claves-ue-planes-medio-plazo-parlamento-europeo-once\/#article","isPartOf":{"@id":"https:\/\/sindromecharge.es\/index.php\/2025\/01\/22\/estrategia-discapacidad-claves-ue-planes-medio-plazo-parlamento-europeo-once\/"},"author":{"name":"Charge","@id":"https:\/\/sindromecharge.es\/#\/schema\/person\/39a60ebe0a2b4d5a11179701e336b039"},"headline":"Todos los grupos del Parlamento Europeo se comprometen a impulsar la Estrategia Europea de Discapacidad","datePublished":"2025-01-22T10:48:47+00:00","mainEntityOfPage":{"@id":"https:\/\/sindromecharge.es\/index.php\/2025\/01\/22\/estrategia-discapacidad-claves-ue-planes-medio-plazo-parlamento-europeo-once\/"},"wordCount":600,"articleSection":["noticias"],"inLanguage":"es"},{"@type":"WebPage","@id":"https:\/\/sindromecharge.es\/index.php\/2025\/01\/22\/estrategia-discapacidad-claves-ue-planes-medio-plazo-parlamento-europeo-once\/","url":"https:\/\/sindromecharge.es\/index.php\/2025\/01\/22\/estrategia-discapacidad-claves-ue-planes-medio-plazo-parlamento-europeo-once\/","name":"Todos los grupos del Parlamento Europeo se comprometen a impulsar la Estrategia Europea de Discapacidad - Asociaci\u00f3n Espa\u00f1ola S\u00edndrome de Charge","isPartOf":{"@id":"https:\/\/sindromecharge.es\/#website"},"datePublished":"2025-01-22T10:48:47+00:00","author":{"@id":"https:\/\/sindromecharge.es\/#\/schema\/person\/39a60ebe0a2b4d5a11179701e336b039"},"breadcrumb":{"@id":"https:\/\/sindromecharge.es\/index.php\/2025\/01\/22\/estrategia-discapacidad-claves-ue-planes-medio-plazo-parlamento-europeo-once\/#breadcrumb"},"inLanguage":"es","potentialAction":[{"@type":"ReadAction","target":["https:\/\/sindromecharge.es\/index.php\/2025\/01\/22\/estrategia-discapacidad-claves-ue-planes-medio-plazo-parlamento-europeo-once\/"]}]},{"@type":"BreadcrumbList","@id":"https:\/\/sindromecharge.es\/index.php\/2025\/01\/22\/estrategia-discapacidad-claves-ue-planes-medio-plazo-parlamento-europeo-once\/#breadcrumb","itemListElement":[{"@type":"ListItem","position":1,"name":"Portada","item":"https:\/\/sindromecharge.es\/"},{"@type":"ListItem","position":2,"name":"Todos los grupos del Parlamento Europeo se comprometen a impulsar la Estrategia Europea de Discapacidad"}]},{"@type":"WebSite","@id":"https:\/\/sindromecharge.es\/#website","url":"https:\/\/sindromecharge.es\/","name":"Asociaci\u00f3n Espa\u00f1ola S\u00edndrome de Charge","description":"","potentialAction":[{"@type":"SearchAction","target":{"@type":"EntryPoint","urlTemplate":"https:\/\/sindromecharge.es\/?s={search_term_string}"},"query-input":{"@type":"PropertyValueSpecification","valueRequired":true,"valueName":"search_term_string"}}],"inLanguage":"es"},{"@type":"Person","@id":"https:\/\/sindromecharge.es\/#\/schema\/person\/39a60ebe0a2b4d5a11179701e336b039","name":"Charge","image":{"@type":"ImageObject","inLanguage":"es","@id":"https:\/\/secure.gravatar.com\/avatar\/c3b46e32a0fc3b093a0873fb767bf3293de856293065e84ef06b7ec7a8acfb98?s=96&d=identicon&r=x","url":"https:\/\/secure.gravatar.com\/avatar\/c3b46e32a0fc3b093a0873fb767bf3293de856293065e84ef06b7ec7a8acfb98?s=96&d=identicon&r=x","contentUrl":"https:\/\/secure.gravatar.com\/avatar\/c3b46e32a0fc3b093a0873fb767bf3293de856293065e84ef06b7ec7a8acfb98?s=96&d=identicon&r=x","caption":"Charge"},"url":"https:\/\/sindromecharge.es\/index.php\/author\/admin\/"}]}},"_links":{"self":[{"href":"https:\/\/sindromecharge.es\/index.php\/wp-json\/wp\/v2\/posts\/10752","targetHints":{"allow":["GET"]}}],"collection":[{"href":"https:\/\/sindromecharge.es\/index.php\/wp-json\/wp\/v2\/posts"}],"about":[{"href":"https:\/\/sindromecharge.es\/index.php\/wp-json\/wp\/v2\/types\/post"}],"author":[{"embeddable":true,"href":"https:\/\/sindromecharge.es\/index.php\/wp-json\/wp\/v2\/users\/1"}],"replies":[{"embeddable":true,"href":"https:\/\/sindromecharge.es\/index.php\/wp-json\/wp\/v2\/comments?post=10752"}],"version-history":[{"count":0,"href":"https:\/\/sindromecharge.es\/index.php\/wp-json\/wp\/v2\/posts\/10752\/revisions"}],"wp:attachment":[{"href":"https:\/\/sindromecharge.es\/index.php\/wp-json\/wp\/v2\/media?parent=10752"}],"wp:term":[{"taxonomy":"category","embeddable":true,"href":"https:\/\/sindromecharge.es\/index.php\/wp-json\/wp\/v2\/categories?post=10752"},{"taxonomy":"post_tag","embeddable":true,"href":"https:\/\/sindromecharge.es\/index.php\/wp-json\/wp\/v2\/tags?post=10752"}],"curies":[{"name":"wp","href":"https:\/\/api.w.org\/{rel}","templated":true}]}}