{"id":10750,"date":"2025-01-22T06:24:02","date_gmt":"2025-01-22T06:24:02","guid":{"rendered":"https:\/\/sindromecharge.es\/index.php\/2025\/01\/22\/celia-garcia-malo-es-vital-abordar-los-trastornos-sueno-pacientes-con-enfermedades-neurologicas\/"},"modified":"2025-01-22T06:24:02","modified_gmt":"2025-01-22T06:24:02","slug":"celia-garcia-malo-es-vital-abordar-los-trastornos-sueno-pacientes-con-enfermedades-neurologicas","status":"publish","type":"post","link":"https:\/\/sindromecharge.es\/index.php\/2025\/01\/22\/celia-garcia-malo-es-vital-abordar-los-trastornos-sueno-pacientes-con-enfermedades-neurologicas\/","title":{"rendered":"Celia Garc\u00eda Malo: \u00abEs vital abordar los trastornos del sue\u00f1o en pacientes con enfermedades neurol\u00f3gicas\u00bb"},"content":{"rendered":"<p>Leemos en Discapacidad la siguiente noticia que os reproducimos de forma \u00edntegra: <\/p>\n<div>\n<p>La Dra. <b>Celia Garc\u00eda Malo <\/b>es la nueva <b>Coordinadora del Grupo de Estudio de Trastornos de la Vigilia y Sue\u00f1o de la Sociedad Espa\u00f1ola de Neurolog\u00eda<\/b>. Asume el reto de liderar esta \u00e1rea con un objetivo claro: aumentar la conciencia sobre la<b> importancia del sue\u00f1o<\/b>, tanto en la comunidad m\u00e9dica como en la sociedad en general. Hablamos con ella sobre los principales retos y avances en el estudio de los trastornos del sue\u00f1o, con especial \u00e9nfasis en la <b>mejora de la calidad de vida<\/b> de los pacientes.<\/p>\n<h1>En personas con discapacidad intelectual, adem\u00e1s, puede ser m\u00e1s dif\u00edcil de detectar y tratar <\/h1>\n<\/div>\n<p>Fuente: Discapacidad https:\/\/www.20minutos.es\/noticia\/5671910\/0\/celia-garcia-malo-es-vital-abordar-los-trastornos-sueno-pacientes-con-enfermedades-neurologicas\/<\/p>\n","protected":false},"excerpt":{"rendered":"<p>La Dra. Celia Garc\u00eda Malo es la nueva Coordinadora del Grupo de Estudio de Trastornos de la Vigilia y Sue\u00f1o de la Sociedad Espa\u00f1ola de Neurolog\u00eda. Asume&#8230;<\/p>\n","protected":false},"author":1,"featured_media":0,"comment_status":"closed","ping_status":"closed","sticky":false,"template":"","format":"standard","meta":{"footnotes":""},"categories":[8],"tags":[],"class_list":["post-10750","post","type-post","status-publish","format-standard","hentry","category-noticias"],"yoast_head":"<!-- This site is optimized with the Yoast SEO plugin v27.4 - https:\/\/yoast.com\/product\/yoast-seo-wordpress\/ -->\n<title>Celia Garc\u00eda Malo: &quot;Es vital abordar los trastornos del sue\u00f1o en pacientes con enfermedades neurol\u00f3gicas&quot; - Asociaci\u00f3n Espa\u00f1ola S\u00edndrome de Charge<\/title>\n<meta name=\"robots\" content=\"index, follow, max-snippet:-1, max-image-preview:large, max-video-preview:-1\" \/>\n<link rel=\"canonical\" href=\"https:\/\/sindromecharge.es\/index.php\/2025\/01\/22\/celia-garcia-malo-es-vital-abordar-los-trastornos-sueno-pacientes-con-enfermedades-neurologicas\/\" \/>\n<meta property=\"og:locale\" content=\"es_ES\" \/>\n<meta property=\"og:type\" content=\"article\" \/>\n<meta property=\"og:title\" content=\"Celia Garc\u00eda Malo: &quot;Es vital abordar los trastornos del sue\u00f1o en pacientes con enfermedades neurol\u00f3gicas&quot; - Asociaci\u00f3n Espa\u00f1ola S\u00edndrome de Charge\" \/>\n<meta property=\"og:description\" content=\"La Dra. Celia Garc\u00eda Malo es la nueva Coordinadora del Grupo de Estudio de Trastornos de la Vigilia y Sue\u00f1o de la Sociedad Espa\u00f1ola de Neurolog\u00eda. Asume&#8230;\" \/>\n<meta property=\"og:url\" content=\"https:\/\/sindromecharge.es\/index.php\/2025\/01\/22\/celia-garcia-malo-es-vital-abordar-los-trastornos-sueno-pacientes-con-enfermedades-neurologicas\/\" \/>\n<meta property=\"og:site_name\" content=\"Asociaci\u00f3n Espa\u00f1ola S\u00edndrome de Charge\" \/>\n<meta property=\"article:publisher\" content=\"https:\/\/www.facebook.com\/asociacionsindromecharge\" \/>\n<meta property=\"article:published_time\" content=\"2025-01-22T06:24:02+00:00\" \/>\n<meta property=\"og:image\" content=\"https:\/\/sindromecharge.es\/wp-content\/uploads\/2013\/09\/logodecharge300x98.png\" \/>\n\t<meta property=\"og:image:width\" content=\"300\" \/>\n\t<meta property=\"og:image:height\" content=\"98\" \/>\n\t<meta property=\"og:image:type\" content=\"image\/png\" \/>\n<meta name=\"author\" content=\"Charge\" \/>\n<meta name=\"twitter:card\" content=\"summary_large_image\" \/>\n<meta name=\"twitter:creator\" content=\"@sindromecharge\" \/>\n<meta name=\"twitter:site\" content=\"@sindromecharge\" \/>\n<meta name=\"twitter:label1\" content=\"Escrito por\" \/>\n\t<meta name=\"twitter:data1\" content=\"Charge\" \/>\n\t<meta name=\"twitter:label2\" content=\"Tiempo de lectura\" \/>\n\t<meta name=\"twitter:data2\" content=\"1 minuto\" \/>\n<script type=\"application\/ld+json\" class=\"yoast-schema-graph\">{\"@context\":\"https:\\\/\\\/schema.org\",\"@graph\":[{\"@type\":\"Article\",\"@id\":\"https:\\\/\\\/sindromecharge.es\\\/index.php\\\/2025\\\/01\\\/22\\\/celia-garcia-malo-es-vital-abordar-los-trastornos-sueno-pacientes-con-enfermedades-neurologicas\\\/#article\",\"isPartOf\":{\"@id\":\"https:\\\/\\\/sindromecharge.es\\\/index.php\\\/2025\\\/01\\\/22\\\/celia-garcia-malo-es-vital-abordar-los-trastornos-sueno-pacientes-con-enfermedades-neurologicas\\\/\"},\"author\":{\"name\":\"Charge\",\"@id\":\"https:\\\/\\\/sindromecharge.es\\\/#\\\/schema\\\/person\\\/39a60ebe0a2b4d5a11179701e336b039\"},\"headline\":\"Celia Garc\u00eda Malo: \u00abEs vital abordar los trastornos del sue\u00f1o en pacientes con enfermedades neurol\u00f3gicas\u00bb\",\"datePublished\":\"2025-01-22T06:24:02+00:00\",\"mainEntityOfPage\":{\"@id\":\"https:\\\/\\\/sindromecharge.es\\\/index.php\\\/2025\\\/01\\\/22\\\/celia-garcia-malo-es-vital-abordar-los-trastornos-sueno-pacientes-con-enfermedades-neurologicas\\\/\"},\"wordCount\":149,\"articleSection\":[\"noticias\"],\"inLanguage\":\"es\"},{\"@type\":\"WebPage\",\"@id\":\"https:\\\/\\\/sindromecharge.es\\\/index.php\\\/2025\\\/01\\\/22\\\/celia-garcia-malo-es-vital-abordar-los-trastornos-sueno-pacientes-con-enfermedades-neurologicas\\\/\",\"url\":\"https:\\\/\\\/sindromecharge.es\\\/index.php\\\/2025\\\/01\\\/22\\\/celia-garcia-malo-es-vital-abordar-los-trastornos-sueno-pacientes-con-enfermedades-neurologicas\\\/\",\"name\":\"Celia Garc\u00eda Malo: \\\"Es vital abordar los trastornos del sue\u00f1o en pacientes con enfermedades neurol\u00f3gicas\\\" - Asociaci\u00f3n Espa\u00f1ola S\u00edndrome de Charge\",\"isPartOf\":{\"@id\":\"https:\\\/\\\/sindromecharge.es\\\/#website\"},\"datePublished\":\"2025-01-22T06:24:02+00:00\",\"author\":{\"@id\":\"https:\\\/\\\/sindromecharge.es\\\/#\\\/schema\\\/person\\\/39a60ebe0a2b4d5a11179701e336b039\"},\"breadcrumb\":{\"@id\":\"https:\\\/\\\/sindromecharge.es\\\/index.php\\\/2025\\\/01\\\/22\\\/celia-garcia-malo-es-vital-abordar-los-trastornos-sueno-pacientes-con-enfermedades-neurologicas\\\/#breadcrumb\"},\"inLanguage\":\"es\",\"potentialAction\":[{\"@type\":\"ReadAction\",\"target\":[\"https:\\\/\\\/sindromecharge.es\\\/index.php\\\/2025\\\/01\\\/22\\\/celia-garcia-malo-es-vital-abordar-los-trastornos-sueno-pacientes-con-enfermedades-neurologicas\\\/\"]}]},{\"@type\":\"BreadcrumbList\",\"@id\":\"https:\\\/\\\/sindromecharge.es\\\/index.php\\\/2025\\\/01\\\/22\\\/celia-garcia-malo-es-vital-abordar-los-trastornos-sueno-pacientes-con-enfermedades-neurologicas\\\/#breadcrumb\",\"itemListElement\":[{\"@type\":\"ListItem\",\"position\":1,\"name\":\"Portada\",\"item\":\"https:\\\/\\\/sindromecharge.es\\\/\"},{\"@type\":\"ListItem\",\"position\":2,\"name\":\"Celia Garc\u00eda Malo: &#8220;Es vital abordar los trastornos del sue\u00f1o en pacientes con enfermedades neurol\u00f3gicas&#8221;\"}]},{\"@type\":\"WebSite\",\"@id\":\"https:\\\/\\\/sindromecharge.es\\\/#website\",\"url\":\"https:\\\/\\\/sindromecharge.es\\\/\",\"name\":\"Asociaci\u00f3n Espa\u00f1ola S\u00edndrome de Charge\",\"description\":\"\",\"potentialAction\":[{\"@type\":\"SearchAction\",\"target\":{\"@type\":\"EntryPoint\",\"urlTemplate\":\"https:\\\/\\\/sindromecharge.es\\\/?s={search_term_string}\"},\"query-input\":{\"@type\":\"PropertyValueSpecification\",\"valueRequired\":true,\"valueName\":\"search_term_string\"}}],\"inLanguage\":\"es\"},{\"@type\":\"Person\",\"@id\":\"https:\\\/\\\/sindromecharge.es\\\/#\\\/schema\\\/person\\\/39a60ebe0a2b4d5a11179701e336b039\",\"name\":\"Charge\",\"image\":{\"@type\":\"ImageObject\",\"inLanguage\":\"es\",\"@id\":\"https:\\\/\\\/secure.gravatar.com\\\/avatar\\\/c3b46e32a0fc3b093a0873fb767bf3293de856293065e84ef06b7ec7a8acfb98?s=96&d=identicon&r=x\",\"url\":\"https:\\\/\\\/secure.gravatar.com\\\/avatar\\\/c3b46e32a0fc3b093a0873fb767bf3293de856293065e84ef06b7ec7a8acfb98?s=96&d=identicon&r=x\",\"contentUrl\":\"https:\\\/\\\/secure.gravatar.com\\\/avatar\\\/c3b46e32a0fc3b093a0873fb767bf3293de856293065e84ef06b7ec7a8acfb98?s=96&d=identicon&r=x\",\"caption\":\"Charge\"},\"url\":\"https:\\\/\\\/sindromecharge.es\\\/index.php\\\/author\\\/admin\\\/\"}]}<\/script>\n<!-- \/ Yoast SEO plugin. -->","yoast_head_json":{"title":"Celia Garc\u00eda Malo: \"Es vital abordar los trastornos del sue\u00f1o en pacientes con enfermedades neurol\u00f3gicas\" - Asociaci\u00f3n Espa\u00f1ola S\u00edndrome de Charge","robots":{"index":"index","follow":"follow","max-snippet":"max-snippet:-1","max-image-preview":"max-image-preview:large","max-video-preview":"max-video-preview:-1"},"canonical":"https:\/\/sindromecharge.es\/index.php\/2025\/01\/22\/celia-garcia-malo-es-vital-abordar-los-trastornos-sueno-pacientes-con-enfermedades-neurologicas\/","og_locale":"es_ES","og_type":"article","og_title":"Celia Garc\u00eda Malo: \"Es vital abordar los trastornos del sue\u00f1o en pacientes con enfermedades neurol\u00f3gicas\" - Asociaci\u00f3n Espa\u00f1ola S\u00edndrome de Charge","og_description":"La Dra. Celia Garc\u00eda Malo es la nueva Coordinadora del Grupo de Estudio de Trastornos de la Vigilia y Sue\u00f1o de la Sociedad Espa\u00f1ola de Neurolog\u00eda. Asume&#8230;","og_url":"https:\/\/sindromecharge.es\/index.php\/2025\/01\/22\/celia-garcia-malo-es-vital-abordar-los-trastornos-sueno-pacientes-con-enfermedades-neurologicas\/","og_site_name":"Asociaci\u00f3n Espa\u00f1ola S\u00edndrome de Charge","article_publisher":"https:\/\/www.facebook.com\/asociacionsindromecharge","article_published_time":"2025-01-22T06:24:02+00:00","og_image":[{"width":300,"height":98,"url":"https:\/\/sindromecharge.es\/wp-content\/uploads\/2013\/09\/logodecharge300x98.png","type":"image\/png"}],"author":"Charge","twitter_card":"summary_large_image","twitter_creator":"@sindromecharge","twitter_site":"@sindromecharge","twitter_misc":{"Escrito por":"Charge","Tiempo de lectura":"1 minuto"},"schema":{"@context":"https:\/\/schema.org","@graph":[{"@type":"Article","@id":"https:\/\/sindromecharge.es\/index.php\/2025\/01\/22\/celia-garcia-malo-es-vital-abordar-los-trastornos-sueno-pacientes-con-enfermedades-neurologicas\/#article","isPartOf":{"@id":"https:\/\/sindromecharge.es\/index.php\/2025\/01\/22\/celia-garcia-malo-es-vital-abordar-los-trastornos-sueno-pacientes-con-enfermedades-neurologicas\/"},"author":{"name":"Charge","@id":"https:\/\/sindromecharge.es\/#\/schema\/person\/39a60ebe0a2b4d5a11179701e336b039"},"headline":"Celia Garc\u00eda Malo: \u00abEs vital abordar los trastornos del sue\u00f1o en pacientes con enfermedades neurol\u00f3gicas\u00bb","datePublished":"2025-01-22T06:24:02+00:00","mainEntityOfPage":{"@id":"https:\/\/sindromecharge.es\/index.php\/2025\/01\/22\/celia-garcia-malo-es-vital-abordar-los-trastornos-sueno-pacientes-con-enfermedades-neurologicas\/"},"wordCount":149,"articleSection":["noticias"],"inLanguage":"es"},{"@type":"WebPage","@id":"https:\/\/sindromecharge.es\/index.php\/2025\/01\/22\/celia-garcia-malo-es-vital-abordar-los-trastornos-sueno-pacientes-con-enfermedades-neurologicas\/","url":"https:\/\/sindromecharge.es\/index.php\/2025\/01\/22\/celia-garcia-malo-es-vital-abordar-los-trastornos-sueno-pacientes-con-enfermedades-neurologicas\/","name":"Celia Garc\u00eda Malo: \"Es vital abordar los trastornos del sue\u00f1o en pacientes con enfermedades neurol\u00f3gicas\" - Asociaci\u00f3n Espa\u00f1ola S\u00edndrome de Charge","isPartOf":{"@id":"https:\/\/sindromecharge.es\/#website"},"datePublished":"2025-01-22T06:24:02+00:00","author":{"@id":"https:\/\/sindromecharge.es\/#\/schema\/person\/39a60ebe0a2b4d5a11179701e336b039"},"breadcrumb":{"@id":"https:\/\/sindromecharge.es\/index.php\/2025\/01\/22\/celia-garcia-malo-es-vital-abordar-los-trastornos-sueno-pacientes-con-enfermedades-neurologicas\/#breadcrumb"},"inLanguage":"es","potentialAction":[{"@type":"ReadAction","target":["https:\/\/sindromecharge.es\/index.php\/2025\/01\/22\/celia-garcia-malo-es-vital-abordar-los-trastornos-sueno-pacientes-con-enfermedades-neurologicas\/"]}]},{"@type":"BreadcrumbList","@id":"https:\/\/sindromecharge.es\/index.php\/2025\/01\/22\/celia-garcia-malo-es-vital-abordar-los-trastornos-sueno-pacientes-con-enfermedades-neurologicas\/#breadcrumb","itemListElement":[{"@type":"ListItem","position":1,"name":"Portada","item":"https:\/\/sindromecharge.es\/"},{"@type":"ListItem","position":2,"name":"Celia Garc\u00eda Malo: &#8220;Es vital abordar los trastornos del sue\u00f1o en pacientes con enfermedades neurol\u00f3gicas&#8221;"}]},{"@type":"WebSite","@id":"https:\/\/sindromecharge.es\/#website","url":"https:\/\/sindromecharge.es\/","name":"Asociaci\u00f3n Espa\u00f1ola S\u00edndrome de Charge","description":"","potentialAction":[{"@type":"SearchAction","target":{"@type":"EntryPoint","urlTemplate":"https:\/\/sindromecharge.es\/?s={search_term_string}"},"query-input":{"@type":"PropertyValueSpecification","valueRequired":true,"valueName":"search_term_string"}}],"inLanguage":"es"},{"@type":"Person","@id":"https:\/\/sindromecharge.es\/#\/schema\/person\/39a60ebe0a2b4d5a11179701e336b039","name":"Charge","image":{"@type":"ImageObject","inLanguage":"es","@id":"https:\/\/secure.gravatar.com\/avatar\/c3b46e32a0fc3b093a0873fb767bf3293de856293065e84ef06b7ec7a8acfb98?s=96&d=identicon&r=x","url":"https:\/\/secure.gravatar.com\/avatar\/c3b46e32a0fc3b093a0873fb767bf3293de856293065e84ef06b7ec7a8acfb98?s=96&d=identicon&r=x","contentUrl":"https:\/\/secure.gravatar.com\/avatar\/c3b46e32a0fc3b093a0873fb767bf3293de856293065e84ef06b7ec7a8acfb98?s=96&d=identicon&r=x","caption":"Charge"},"url":"https:\/\/sindromecharge.es\/index.php\/author\/admin\/"}]}},"_links":{"self":[{"href":"https:\/\/sindromecharge.es\/index.php\/wp-json\/wp\/v2\/posts\/10750","targetHints":{"allow":["GET"]}}],"collection":[{"href":"https:\/\/sindromecharge.es\/index.php\/wp-json\/wp\/v2\/posts"}],"about":[{"href":"https:\/\/sindromecharge.es\/index.php\/wp-json\/wp\/v2\/types\/post"}],"author":[{"embeddable":true,"href":"https:\/\/sindromecharge.es\/index.php\/wp-json\/wp\/v2\/users\/1"}],"replies":[{"embeddable":true,"href":"https:\/\/sindromecharge.es\/index.php\/wp-json\/wp\/v2\/comments?post=10750"}],"version-history":[{"count":0,"href":"https:\/\/sindromecharge.es\/index.php\/wp-json\/wp\/v2\/posts\/10750\/revisions"}],"wp:attachment":[{"href":"https:\/\/sindromecharge.es\/index.php\/wp-json\/wp\/v2\/media?parent=10750"}],"wp:term":[{"taxonomy":"category","embeddable":true,"href":"https:\/\/sindromecharge.es\/index.php\/wp-json\/wp\/v2\/categories?post=10750"},{"taxonomy":"post_tag","embeddable":true,"href":"https:\/\/sindromecharge.es\/index.php\/wp-json\/wp\/v2\/tags?post=10750"}],"curies":[{"name":"wp","href":"https:\/\/api.w.org\/{rel}","templated":true}]}}