{"id":10749,"date":"2025-01-22T09:52:12","date_gmt":"2025-01-22T09:52:12","guid":{"rendered":"https:\/\/sindromecharge.es\/index.php\/2025\/01\/22\/nuestro-patronato-se-consolida-con-nuevas-incorporaciones-y-nuevos-apoyos\/"},"modified":"2025-01-22T09:52:12","modified_gmt":"2025-01-22T09:52:12","slug":"nuestro-patronato-se-consolida-con-nuevas-incorporaciones-y-nuevos-apoyos","status":"publish","type":"post","link":"https:\/\/sindromecharge.es\/index.php\/2025\/01\/22\/nuestro-patronato-se-consolida-con-nuevas-incorporaciones-y-nuevos-apoyos\/","title":{"rendered":"Nuestro Patronato se consolida con nuevas incorporaciones y nuevos apoyos"},"content":{"rendered":"<p>Leemos en Menudos Corazones la siguiente noticia que os reproducimos de forma \u00edntegra: <\/p>\n<div>\n<p>El <strong>Patronato de Menudos Corazones<\/strong> mantiene el compromiso de ser un \u00f3rgano de gobierno fuerte, representativo y alineado con los fines de nuestra Fundaci\u00f3n. Por ello, en la \u00faltima reuni\u00f3n celebrada a finales de noviembre de 2024, se aprob\u00f3 la incorporaci\u00f3n de <strong><a href=\"https:\/\/www.linkedin.com\/in\/cleber-beretta-custodio-1b38851\/\">Cleber Beretta Custodio<\/a><\/strong> como <strong>nuevo vocal,<\/strong> tras su experiencia de varios meses en el Comit\u00e9 Asesor del Patronato.<\/p>\n<p><a href=\"https:\/\/www.menudoscorazones.org\/2024\/nuevas-incorporaciones-para-reforzar-nuestro-patronato\/cleber\/\"><img loading=\"lazy\" decoding=\"async\" width=\"155\" height=\"207\" src=\"https:\/\/www.menudoscorazones.org\/wp-content\/uploads\/2024\/04\/Cleber-1-e1737475426454.png\" class=\"attachment-full size-full\" alt=\"\"><\/a><br \/>\n<a href=\"https:\/\/www.menudoscorazones.org\/quienes\/equipo\/maria-lopez-carazo\/\"><img loading=\"lazy\" decoding=\"async\" width=\"155\" height=\"207\" src=\"https:\/\/www.menudoscorazones.org\/wp-content\/uploads\/2025\/01\/Maria-Lopez-Carazo.png\" class=\"attachment-full size-full\" alt=\"\"><\/a><br \/>\n<a href=\"https:\/\/www.menudoscorazones.org\/quienes\/equipo\/maxi-aparicio\/\"><img loading=\"lazy\" decoding=\"async\" width=\"155\" height=\"207\" src=\"https:\/\/www.menudoscorazones.org\/wp-content\/uploads\/2025\/01\/Maxi-Aparicio.png\" class=\"attachment-full size-full\" alt=\"Maxi Aparicio Hern\u00e1ndez\"><\/a><\/p>\n<p>Adem\u00e1s, la Fundaci\u00f3n <strong>refuerza dicho Comit\u00e9, <\/strong>cuyos integrantes ayudan al Patronato en sus objetivos pero no pueden ejercer derecho a voto, con el ingreso de <strong><a href=\"https:\/\/www.menudoscorazones.org\/2023\/maria-trasplantada-corazon-embarazo\/\" target=\"_blank\" rel=\"noopener\">Mar\u00eda L\u00f3pez Carazo,<\/a> <\/strong>socia y miembro del <a href=\"https:\/\/www.menudoscorazones.org\/2024\/jovenes-y-personas-adultas-con-cardiopatias-congenitas-cuentan-con-representacion-en-menudos-corazones\/\" target=\"_blank\" rel=\"noopener\">Comit\u00e9 de J\u00f3venes y Personas Adultas con Cardiopat\u00edas Cong\u00e9nitas de Menudos Corazones<\/a>. En su caso, se trata de la primera persona que comienza a participar en nuestro \u00f3rgano de Gobierno despu\u00e9s de que directamente, como ni\u00f1a, joven y adulta con cardiopat\u00eda cong\u00e9nita, haya recibido el apoyo de nuestros programas.<\/p>\n<p>Junto a ella, se suma tambi\u00e9n al Comit\u00e9 Asesor <strong>Maxi Aparicio Hern\u00e1ndez,<\/strong> socio, voluntario y padre de una adulta con s\u00edndrome de Down y cardiopat\u00eda cong\u00e9nita.<\/p>\n<figure id=\"attachment_41080\" aria-describedby=\"caption-attachment-41080\" style=\"width: 702px\" class=\"wp-caption aligncenter\"><img loading=\"lazy\" decoding=\"async\" class=\"size-large wp-image-41080\" src=\"https:\/\/www.menudoscorazones.org\/wp-content\/uploads\/2025\/01\/IMG_6388-1024x683.jpg\" alt=\"\" width=\"702\" height=\"468\" srcset=\"https:\/\/www.menudoscorazones.org\/wp-content\/uploads\/2025\/01\/IMG_6388-1024x683.jpg 1024w, https:\/\/www.menudoscorazones.org\/wp-content\/uploads\/2025\/01\/IMG_6388-300x200.jpg 300w, https:\/\/www.menudoscorazones.org\/wp-content\/uploads\/2025\/01\/IMG_6388-768x512.jpg 768w, https:\/\/www.menudoscorazones.org\/wp-content\/uploads\/2025\/01\/IMG_6388-1536x1024.jpg 1536w, https:\/\/www.menudoscorazones.org\/wp-content\/uploads\/2025\/01\/IMG_6388-2048x1365.jpg 2048w, https:\/\/www.menudoscorazones.org\/wp-content\/uploads\/2025\/01\/IMG_6388-655x437.jpg 655w\" sizes=\"auto, (max-width: 702px) 100vw, 702px\"><figcaption id=\"caption-attachment-41080\" class=\"wp-caption-text\">Parte del Patronato y el equipo t\u00e9cnico de la Fundaci\u00f3n, junto a los tres miembros del Comit\u00e9 Asesor, en un encuentro celebrado en enero de 2025.<\/figcaption><\/figure>\n<p>Con estos cambios y <a href=\"https:\/\/www.menudoscorazones.org\/2024\/nuevas-incorporaciones-para-reforzar-nuestro-patronato\/\" target=\"_blank\" rel=\"noopener\">los aprobados en marzo pasado<\/a>, celebramos que <strong>el Patronato sigue creciendo<\/strong> y fortaleci\u00e9ndose con nuevos perfiles, nuevas experiencias y muchas ganas e ilusi\u00f3n para hacer m\u00e1s grande y eficaz a la Fundaci\u00f3n.<\/p>\n<p>Por otra parte, desde Menudos Corazones agradecemos a <strong>Cristina Mendiz\u00e1bal Fern\u00e1ndez,<\/strong> vocal de nuestro Patronato hasta su <strong>dimisi\u00f3n<\/strong> en septiembre de 2024, el tiempo y el trabajo dedicados a mejorar las vidas de quienes nacen con un coraz\u00f3n especial. \u00a1Muchas gracias, Cristina!<\/p>\n<p>La entrada <a href=\"https:\/\/www.menudoscorazones.org\/2025\/nuestro-patronato-se-consolida-con-nuevas-incorporaciones-y-nuevos-apoyos\/\">Nuestro Patronato se consolida con nuevas incorporaciones y nuevos apoyos<\/a> aparece primero en <a href=\"https:\/\/www.menudoscorazones.org\/\">Menudos Corazones<\/a>.<\/p>\n<\/div>\n<p>Fuente: Menudos Corazones https:\/\/www.menudoscorazones.org\/2025\/nuestro-patronato-se-consolida-con-nuevas-incorporaciones-y-nuevos-apoyos\/<\/p>\n","protected":false},"excerpt":{"rendered":"<p>El Patronato mantiene el compromiso de ser un \u00f3rgano de gobierno fuerte, representativo y alineado con los fines de nuestra Fundaci\u00f3n. La entrada Nuestro Patronato se consolida con nuevas incorporaciones y nuevos apoyos aparece primero en Menudos Corazones.<\/p>\n","protected":false},"author":1,"featured_media":0,"comment_status":"closed","ping_status":"closed","sticky":false,"template":"","format":"standard","meta":{"footnotes":""},"categories":[8],"tags":[],"class_list":["post-10749","post","type-post","status-publish","format-standard","hentry","category-noticias"],"yoast_head":"<!-- This site is optimized with the Yoast SEO plugin v27.4 - https:\/\/yoast.com\/product\/yoast-seo-wordpress\/ -->\n<title>Nuestro Patronato se consolida con nuevas incorporaciones y nuevos apoyos - Asociaci\u00f3n Espa\u00f1ola S\u00edndrome de Charge<\/title>\n<meta name=\"robots\" content=\"index, follow, max-snippet:-1, max-image-preview:large, max-video-preview:-1\" \/>\n<link rel=\"canonical\" href=\"https:\/\/sindromecharge.es\/index.php\/2025\/01\/22\/nuestro-patronato-se-consolida-con-nuevas-incorporaciones-y-nuevos-apoyos\/\" \/>\n<meta property=\"og:locale\" content=\"es_ES\" \/>\n<meta property=\"og:type\" content=\"article\" \/>\n<meta property=\"og:title\" content=\"Nuestro Patronato se consolida con nuevas incorporaciones y nuevos apoyos - Asociaci\u00f3n Espa\u00f1ola S\u00edndrome de Charge\" \/>\n<meta property=\"og:description\" content=\"El Patronato mantiene el compromiso de ser un \u00f3rgano de gobierno fuerte, representativo y alineado con los fines de nuestra Fundaci\u00f3n. La entrada Nuestro Patronato se consolida con nuevas incorporaciones y nuevos apoyos aparece primero en Menudos Corazones.\" \/>\n<meta property=\"og:url\" content=\"https:\/\/sindromecharge.es\/index.php\/2025\/01\/22\/nuestro-patronato-se-consolida-con-nuevas-incorporaciones-y-nuevos-apoyos\/\" \/>\n<meta property=\"og:site_name\" content=\"Asociaci\u00f3n Espa\u00f1ola S\u00edndrome de Charge\" \/>\n<meta property=\"article:publisher\" content=\"https:\/\/www.facebook.com\/asociacionsindromecharge\" \/>\n<meta property=\"article:published_time\" content=\"2025-01-22T09:52:12+00:00\" \/>\n<meta property=\"og:image\" content=\"https:\/\/www.menudoscorazones.org\/wp-content\/uploads\/2024\/04\/Cleber-1-e1737475426454.png\" \/>\n<meta name=\"author\" content=\"Charge\" \/>\n<meta name=\"twitter:card\" content=\"summary_large_image\" \/>\n<meta name=\"twitter:creator\" content=\"@sindromecharge\" \/>\n<meta name=\"twitter:site\" content=\"@sindromecharge\" \/>\n<meta name=\"twitter:label1\" content=\"Escrito por\" \/>\n\t<meta name=\"twitter:data1\" content=\"Charge\" \/>\n\t<meta name=\"twitter:label2\" content=\"Tiempo de lectura\" \/>\n\t<meta name=\"twitter:data2\" content=\"2 minutos\" \/>\n<script type=\"application\/ld+json\" class=\"yoast-schema-graph\">{\"@context\":\"https:\\\/\\\/schema.org\",\"@graph\":[{\"@type\":\"Article\",\"@id\":\"https:\\\/\\\/sindromecharge.es\\\/index.php\\\/2025\\\/01\\\/22\\\/nuestro-patronato-se-consolida-con-nuevas-incorporaciones-y-nuevos-apoyos\\\/#article\",\"isPartOf\":{\"@id\":\"https:\\\/\\\/sindromecharge.es\\\/index.php\\\/2025\\\/01\\\/22\\\/nuestro-patronato-se-consolida-con-nuevas-incorporaciones-y-nuevos-apoyos\\\/\"},\"author\":{\"name\":\"Charge\",\"@id\":\"https:\\\/\\\/sindromecharge.es\\\/#\\\/schema\\\/person\\\/39a60ebe0a2b4d5a11179701e336b039\"},\"headline\":\"Nuestro Patronato se consolida con nuevas incorporaciones y nuevos apoyos\",\"datePublished\":\"2025-01-22T09:52:12+00:00\",\"mainEntityOfPage\":{\"@id\":\"https:\\\/\\\/sindromecharge.es\\\/index.php\\\/2025\\\/01\\\/22\\\/nuestro-patronato-se-consolida-con-nuevas-incorporaciones-y-nuevos-apoyos\\\/\"},\"wordCount\":345,\"image\":{\"@id\":\"https:\\\/\\\/sindromecharge.es\\\/index.php\\\/2025\\\/01\\\/22\\\/nuestro-patronato-se-consolida-con-nuevas-incorporaciones-y-nuevos-apoyos\\\/#primaryimage\"},\"thumbnailUrl\":\"https:\\\/\\\/www.menudoscorazones.org\\\/wp-content\\\/uploads\\\/2024\\\/04\\\/Cleber-1-e1737475426454.png\",\"articleSection\":[\"noticias\"],\"inLanguage\":\"es\"},{\"@type\":\"WebPage\",\"@id\":\"https:\\\/\\\/sindromecharge.es\\\/index.php\\\/2025\\\/01\\\/22\\\/nuestro-patronato-se-consolida-con-nuevas-incorporaciones-y-nuevos-apoyos\\\/\",\"url\":\"https:\\\/\\\/sindromecharge.es\\\/index.php\\\/2025\\\/01\\\/22\\\/nuestro-patronato-se-consolida-con-nuevas-incorporaciones-y-nuevos-apoyos\\\/\",\"name\":\"Nuestro Patronato se consolida con nuevas incorporaciones y nuevos apoyos - Asociaci\u00f3n Espa\u00f1ola S\u00edndrome de Charge\",\"isPartOf\":{\"@id\":\"https:\\\/\\\/sindromecharge.es\\\/#website\"},\"primaryImageOfPage\":{\"@id\":\"https:\\\/\\\/sindromecharge.es\\\/index.php\\\/2025\\\/01\\\/22\\\/nuestro-patronato-se-consolida-con-nuevas-incorporaciones-y-nuevos-apoyos\\\/#primaryimage\"},\"image\":{\"@id\":\"https:\\\/\\\/sindromecharge.es\\\/index.php\\\/2025\\\/01\\\/22\\\/nuestro-patronato-se-consolida-con-nuevas-incorporaciones-y-nuevos-apoyos\\\/#primaryimage\"},\"thumbnailUrl\":\"https:\\\/\\\/www.menudoscorazones.org\\\/wp-content\\\/uploads\\\/2024\\\/04\\\/Cleber-1-e1737475426454.png\",\"datePublished\":\"2025-01-22T09:52:12+00:00\",\"author\":{\"@id\":\"https:\\\/\\\/sindromecharge.es\\\/#\\\/schema\\\/person\\\/39a60ebe0a2b4d5a11179701e336b039\"},\"breadcrumb\":{\"@id\":\"https:\\\/\\\/sindromecharge.es\\\/index.php\\\/2025\\\/01\\\/22\\\/nuestro-patronato-se-consolida-con-nuevas-incorporaciones-y-nuevos-apoyos\\\/#breadcrumb\"},\"inLanguage\":\"es\",\"potentialAction\":[{\"@type\":\"ReadAction\",\"target\":[\"https:\\\/\\\/sindromecharge.es\\\/index.php\\\/2025\\\/01\\\/22\\\/nuestro-patronato-se-consolida-con-nuevas-incorporaciones-y-nuevos-apoyos\\\/\"]}]},{\"@type\":\"ImageObject\",\"inLanguage\":\"es\",\"@id\":\"https:\\\/\\\/sindromecharge.es\\\/index.php\\\/2025\\\/01\\\/22\\\/nuestro-patronato-se-consolida-con-nuevas-incorporaciones-y-nuevos-apoyos\\\/#primaryimage\",\"url\":\"https:\\\/\\\/www.menudoscorazones.org\\\/wp-content\\\/uploads\\\/2024\\\/04\\\/Cleber-1-e1737475426454.png\",\"contentUrl\":\"https:\\\/\\\/www.menudoscorazones.org\\\/wp-content\\\/uploads\\\/2024\\\/04\\\/Cleber-1-e1737475426454.png\"},{\"@type\":\"BreadcrumbList\",\"@id\":\"https:\\\/\\\/sindromecharge.es\\\/index.php\\\/2025\\\/01\\\/22\\\/nuestro-patronato-se-consolida-con-nuevas-incorporaciones-y-nuevos-apoyos\\\/#breadcrumb\",\"itemListElement\":[{\"@type\":\"ListItem\",\"position\":1,\"name\":\"Portada\",\"item\":\"https:\\\/\\\/sindromecharge.es\\\/\"},{\"@type\":\"ListItem\",\"position\":2,\"name\":\"Nuestro Patronato se consolida con nuevas incorporaciones y nuevos apoyos\"}]},{\"@type\":\"WebSite\",\"@id\":\"https:\\\/\\\/sindromecharge.es\\\/#website\",\"url\":\"https:\\\/\\\/sindromecharge.es\\\/\",\"name\":\"Asociaci\u00f3n Espa\u00f1ola S\u00edndrome de Charge\",\"description\":\"\",\"potentialAction\":[{\"@type\":\"SearchAction\",\"target\":{\"@type\":\"EntryPoint\",\"urlTemplate\":\"https:\\\/\\\/sindromecharge.es\\\/?s={search_term_string}\"},\"query-input\":{\"@type\":\"PropertyValueSpecification\",\"valueRequired\":true,\"valueName\":\"search_term_string\"}}],\"inLanguage\":\"es\"},{\"@type\":\"Person\",\"@id\":\"https:\\\/\\\/sindromecharge.es\\\/#\\\/schema\\\/person\\\/39a60ebe0a2b4d5a11179701e336b039\",\"name\":\"Charge\",\"image\":{\"@type\":\"ImageObject\",\"inLanguage\":\"es\",\"@id\":\"https:\\\/\\\/secure.gravatar.com\\\/avatar\\\/c3b46e32a0fc3b093a0873fb767bf3293de856293065e84ef06b7ec7a8acfb98?s=96&d=identicon&r=x\",\"url\":\"https:\\\/\\\/secure.gravatar.com\\\/avatar\\\/c3b46e32a0fc3b093a0873fb767bf3293de856293065e84ef06b7ec7a8acfb98?s=96&d=identicon&r=x\",\"contentUrl\":\"https:\\\/\\\/secure.gravatar.com\\\/avatar\\\/c3b46e32a0fc3b093a0873fb767bf3293de856293065e84ef06b7ec7a8acfb98?s=96&d=identicon&r=x\",\"caption\":\"Charge\"},\"url\":\"https:\\\/\\\/sindromecharge.es\\\/index.php\\\/author\\\/admin\\\/\"}]}<\/script>\n<!-- \/ Yoast SEO plugin. -->","yoast_head_json":{"title":"Nuestro Patronato se consolida con nuevas incorporaciones y nuevos apoyos - Asociaci\u00f3n Espa\u00f1ola S\u00edndrome de Charge","robots":{"index":"index","follow":"follow","max-snippet":"max-snippet:-1","max-image-preview":"max-image-preview:large","max-video-preview":"max-video-preview:-1"},"canonical":"https:\/\/sindromecharge.es\/index.php\/2025\/01\/22\/nuestro-patronato-se-consolida-con-nuevas-incorporaciones-y-nuevos-apoyos\/","og_locale":"es_ES","og_type":"article","og_title":"Nuestro Patronato se consolida con nuevas incorporaciones y nuevos apoyos - Asociaci\u00f3n Espa\u00f1ola S\u00edndrome de Charge","og_description":"El Patronato mantiene el compromiso de ser un \u00f3rgano de gobierno fuerte, representativo y alineado con los fines de nuestra Fundaci\u00f3n. La entrada Nuestro Patronato se consolida con nuevas incorporaciones y nuevos apoyos aparece primero en Menudos Corazones.","og_url":"https:\/\/sindromecharge.es\/index.php\/2025\/01\/22\/nuestro-patronato-se-consolida-con-nuevas-incorporaciones-y-nuevos-apoyos\/","og_site_name":"Asociaci\u00f3n Espa\u00f1ola S\u00edndrome de Charge","article_publisher":"https:\/\/www.facebook.com\/asociacionsindromecharge","article_published_time":"2025-01-22T09:52:12+00:00","og_image":[{"url":"https:\/\/www.menudoscorazones.org\/wp-content\/uploads\/2024\/04\/Cleber-1-e1737475426454.png","type":"","width":"","height":""}],"author":"Charge","twitter_card":"summary_large_image","twitter_creator":"@sindromecharge","twitter_site":"@sindromecharge","twitter_misc":{"Escrito por":"Charge","Tiempo de lectura":"2 minutos"},"schema":{"@context":"https:\/\/schema.org","@graph":[{"@type":"Article","@id":"https:\/\/sindromecharge.es\/index.php\/2025\/01\/22\/nuestro-patronato-se-consolida-con-nuevas-incorporaciones-y-nuevos-apoyos\/#article","isPartOf":{"@id":"https:\/\/sindromecharge.es\/index.php\/2025\/01\/22\/nuestro-patronato-se-consolida-con-nuevas-incorporaciones-y-nuevos-apoyos\/"},"author":{"name":"Charge","@id":"https:\/\/sindromecharge.es\/#\/schema\/person\/39a60ebe0a2b4d5a11179701e336b039"},"headline":"Nuestro Patronato se consolida con nuevas incorporaciones y nuevos apoyos","datePublished":"2025-01-22T09:52:12+00:00","mainEntityOfPage":{"@id":"https:\/\/sindromecharge.es\/index.php\/2025\/01\/22\/nuestro-patronato-se-consolida-con-nuevas-incorporaciones-y-nuevos-apoyos\/"},"wordCount":345,"image":{"@id":"https:\/\/sindromecharge.es\/index.php\/2025\/01\/22\/nuestro-patronato-se-consolida-con-nuevas-incorporaciones-y-nuevos-apoyos\/#primaryimage"},"thumbnailUrl":"https:\/\/www.menudoscorazones.org\/wp-content\/uploads\/2024\/04\/Cleber-1-e1737475426454.png","articleSection":["noticias"],"inLanguage":"es"},{"@type":"WebPage","@id":"https:\/\/sindromecharge.es\/index.php\/2025\/01\/22\/nuestro-patronato-se-consolida-con-nuevas-incorporaciones-y-nuevos-apoyos\/","url":"https:\/\/sindromecharge.es\/index.php\/2025\/01\/22\/nuestro-patronato-se-consolida-con-nuevas-incorporaciones-y-nuevos-apoyos\/","name":"Nuestro Patronato se consolida con nuevas incorporaciones y nuevos apoyos - Asociaci\u00f3n Espa\u00f1ola S\u00edndrome de Charge","isPartOf":{"@id":"https:\/\/sindromecharge.es\/#website"},"primaryImageOfPage":{"@id":"https:\/\/sindromecharge.es\/index.php\/2025\/01\/22\/nuestro-patronato-se-consolida-con-nuevas-incorporaciones-y-nuevos-apoyos\/#primaryimage"},"image":{"@id":"https:\/\/sindromecharge.es\/index.php\/2025\/01\/22\/nuestro-patronato-se-consolida-con-nuevas-incorporaciones-y-nuevos-apoyos\/#primaryimage"},"thumbnailUrl":"https:\/\/www.menudoscorazones.org\/wp-content\/uploads\/2024\/04\/Cleber-1-e1737475426454.png","datePublished":"2025-01-22T09:52:12+00:00","author":{"@id":"https:\/\/sindromecharge.es\/#\/schema\/person\/39a60ebe0a2b4d5a11179701e336b039"},"breadcrumb":{"@id":"https:\/\/sindromecharge.es\/index.php\/2025\/01\/22\/nuestro-patronato-se-consolida-con-nuevas-incorporaciones-y-nuevos-apoyos\/#breadcrumb"},"inLanguage":"es","potentialAction":[{"@type":"ReadAction","target":["https:\/\/sindromecharge.es\/index.php\/2025\/01\/22\/nuestro-patronato-se-consolida-con-nuevas-incorporaciones-y-nuevos-apoyos\/"]}]},{"@type":"ImageObject","inLanguage":"es","@id":"https:\/\/sindromecharge.es\/index.php\/2025\/01\/22\/nuestro-patronato-se-consolida-con-nuevas-incorporaciones-y-nuevos-apoyos\/#primaryimage","url":"https:\/\/www.menudoscorazones.org\/wp-content\/uploads\/2024\/04\/Cleber-1-e1737475426454.png","contentUrl":"https:\/\/www.menudoscorazones.org\/wp-content\/uploads\/2024\/04\/Cleber-1-e1737475426454.png"},{"@type":"BreadcrumbList","@id":"https:\/\/sindromecharge.es\/index.php\/2025\/01\/22\/nuestro-patronato-se-consolida-con-nuevas-incorporaciones-y-nuevos-apoyos\/#breadcrumb","itemListElement":[{"@type":"ListItem","position":1,"name":"Portada","item":"https:\/\/sindromecharge.es\/"},{"@type":"ListItem","position":2,"name":"Nuestro Patronato se consolida con nuevas incorporaciones y nuevos apoyos"}]},{"@type":"WebSite","@id":"https:\/\/sindromecharge.es\/#website","url":"https:\/\/sindromecharge.es\/","name":"Asociaci\u00f3n Espa\u00f1ola S\u00edndrome de Charge","description":"","potentialAction":[{"@type":"SearchAction","target":{"@type":"EntryPoint","urlTemplate":"https:\/\/sindromecharge.es\/?s={search_term_string}"},"query-input":{"@type":"PropertyValueSpecification","valueRequired":true,"valueName":"search_term_string"}}],"inLanguage":"es"},{"@type":"Person","@id":"https:\/\/sindromecharge.es\/#\/schema\/person\/39a60ebe0a2b4d5a11179701e336b039","name":"Charge","image":{"@type":"ImageObject","inLanguage":"es","@id":"https:\/\/secure.gravatar.com\/avatar\/c3b46e32a0fc3b093a0873fb767bf3293de856293065e84ef06b7ec7a8acfb98?s=96&d=identicon&r=x","url":"https:\/\/secure.gravatar.com\/avatar\/c3b46e32a0fc3b093a0873fb767bf3293de856293065e84ef06b7ec7a8acfb98?s=96&d=identicon&r=x","contentUrl":"https:\/\/secure.gravatar.com\/avatar\/c3b46e32a0fc3b093a0873fb767bf3293de856293065e84ef06b7ec7a8acfb98?s=96&d=identicon&r=x","caption":"Charge"},"url":"https:\/\/sindromecharge.es\/index.php\/author\/admin\/"}]}},"_links":{"self":[{"href":"https:\/\/sindromecharge.es\/index.php\/wp-json\/wp\/v2\/posts\/10749","targetHints":{"allow":["GET"]}}],"collection":[{"href":"https:\/\/sindromecharge.es\/index.php\/wp-json\/wp\/v2\/posts"}],"about":[{"href":"https:\/\/sindromecharge.es\/index.php\/wp-json\/wp\/v2\/types\/post"}],"author":[{"embeddable":true,"href":"https:\/\/sindromecharge.es\/index.php\/wp-json\/wp\/v2\/users\/1"}],"replies":[{"embeddable":true,"href":"https:\/\/sindromecharge.es\/index.php\/wp-json\/wp\/v2\/comments?post=10749"}],"version-history":[{"count":0,"href":"https:\/\/sindromecharge.es\/index.php\/wp-json\/wp\/v2\/posts\/10749\/revisions"}],"wp:attachment":[{"href":"https:\/\/sindromecharge.es\/index.php\/wp-json\/wp\/v2\/media?parent=10749"}],"wp:term":[{"taxonomy":"category","embeddable":true,"href":"https:\/\/sindromecharge.es\/index.php\/wp-json\/wp\/v2\/categories?post=10749"},{"taxonomy":"post_tag","embeddable":true,"href":"https:\/\/sindromecharge.es\/index.php\/wp-json\/wp\/v2\/tags?post=10749"}],"curies":[{"name":"wp","href":"https:\/\/api.w.org\/{rel}","templated":true}]}}