{"id":10748,"date":"2025-01-21T16:26:59","date_gmt":"2025-01-21T16:26:59","guid":{"rendered":"https:\/\/sindromecharge.es\/index.php\/2025\/01\/21\/educacion-discapacidad-denuncian-cese-canarias-dos-profesoras-practicas-por-tener-discapacidad\/"},"modified":"2025-01-21T16:26:59","modified_gmt":"2025-01-21T16:26:59","slug":"educacion-discapacidad-denuncian-cese-canarias-dos-profesoras-practicas-por-tener-discapacidad","status":"publish","type":"post","link":"https:\/\/sindromecharge.es\/index.php\/2025\/01\/21\/educacion-discapacidad-denuncian-cese-canarias-dos-profesoras-practicas-por-tener-discapacidad\/","title":{"rendered":"Denuncian el cese de dos profesoras en pr\u00e1cticas por tener discapacidad: \u00abSolo pido que se cumpla la ley\u00bb"},"content":{"rendered":"<p>Leemos en Discapacidad la siguiente noticia que os reproducimos de forma \u00edntegra: <\/p>\n<div>\n<p><b>Dos profesoras con discapacidad, una visual y la otra auditiva<\/b>, han denunciado sus respectivos ceses cuando realizaban sus pr\u00e1cticas en Canarias tras aprobar las<b> oposiciones de Educaci\u00f3n<\/b>.<\/p>\n<p>El motivo en ambos casos es un informe de la comisi\u00f3n de evaluaci\u00f3n m\u00e9dica que las declara \u00abno aptas\u00bb, uno de los requisitos establecidos para el ingreso en el cuerpo de funcionarios.<\/p>\n<p>Una de las afectadas es <b>Ux\u00eda Garc\u00eda, gallega de 28 a\u00f1os<\/b>, quien aprob\u00f3 las oposiciones en Canarias y consigui\u00f3 una de las plazas reservadas para personas con <a href=\"https:\/\/www.20minutos.es\/minuteca\/discapacidad\/\" title=\"Discapacidad\" target=\"_blank\">discapacidad<\/a>, en su caso <b>visual del 66%<\/b>.<\/p>\n<p>Comenz\u00f3 a trabajar <b>en la especialidad de pedagog\u00eda terap\u00e9utica<\/b>, en fase de pr\u00e1cticas, el pasado septiembre en un colegio de La Orotava (Tenerife) y a los pocos d\u00edas la inspecci\u00f3n m\u00e9dica la cit\u00f3 para una entrevista, tras la cual <b>fue declarada no apta y cesada de su puesto<\/b>.<\/p>\n<p>El otro caso es el de<b> Laura C\u00e1novas, especialista en Educaci\u00f3n Especial y funcionaria en pr\u00e1cticas<\/b> tambi\u00e9n tras aprobar las oposiciones en Canarias.<\/p>\n<p>En su caso fue destituida de su puesto al<b> ser declarada no apta para desempe\u00f1ar sus funciones<\/b> por tratarse de una<b> persona sorda<\/b>, a pesar de su desempe\u00f1o durante cinco a\u00f1os en los que no recibi\u00f3 quejas de sus superiores ni del centro educativo.<\/p>\n<p>\u00abSolo pido que se cumpla la ley y que se tengan en cuenta mi experiencia y capacidades\u00bb, ha declarado la afectada, que <b>ha presentado un recurso de reposici\u00f3n <\/b>y cuenta con el respaldo de organizaciones como la Confederaci\u00f3n Estatal de Personas Sordas, la Federaci\u00f3n de Asociaciones de Personas Sordas de las Islas Canarias (Fasican), la Asociaci\u00f3n de Personas Sordas de Tenerife (Asorte) y el Comit\u00e9 Espa\u00f1ol de Representantes de Personas con Discapacidad (<a href=\"https:\/\/www.20minutos.es\/minuteca\/cermi\/\" title=\"Cermi\" target=\"_blank\">Cermi<\/a>).<\/p>\n<p>Seg\u00fan exponen estas organizaciones, el incumplimiento de unos \u00abajustes razonables perpet\u00faa una barrera estructural que impide a las personas con discapacidad acceder y mantenerse en el empleo p\u00fablico\u00bb.<\/p>\n<h1>No solo vulnera derechos fundamentales, sino que env\u00eda un mensaje desalentador a otras personas con discapacidad <\/h1>\n<p>Recalcan que la resoluci\u00f3n de la Consejer\u00eda de Educaci\u00f3n \u00abno solo <b>vulnera derechos fundamentales<\/b>, sino que env\u00eda un mensaje desalentador a otras personas con discapacidad que aspiran a una carrera profesional en igualdad de condiciones\u00bb.<\/p>\n<p>Fuentes de la Consejer\u00eda de Educaci\u00f3n del Gobierno de Canarias consultadas se\u00f1alan que la comisi\u00f3n de evaluaci\u00f3n m\u00e9dica es un \u00abcuerpo independiente\u00bb adscrito a la Consejer\u00eda de Presidencia cuyos informes son vinculantes.<\/p>\n<p>Pese a ello, el departamento auton\u00f3mico ha acordado <b>\u00abcomo medida provisional hasta una resoluci\u00f3n definitiva\u00bb<\/b> de los tribunales de Justicia la suspensi\u00f3n cautelar del cese de Ux\u00eda Garc\u00eda, con lo que podr\u00e1 reincorporarse a su puesto pero no como funcionaria de carrera.<\/p>\n<p>Esta docente contaba con <b>informes favorables de Inspecci\u00f3n Educativa<\/b>, de la directora del centro en el que trabajaba y de la tutora de sus pr\u00e1cticas, con los cuales y con un seguimiento m\u00e9dico que se le realizar\u00e1 se ha adoptado esta medida provisional.<\/p>\n<p>En cuanto a Laura C\u00e1novas, las fuentes de Educaci\u00f3n se\u00f1alan que se trata de un caso similar y que <b>se est\u00e1n estudiando las circunstancias<\/b> para ver si se procede en el mismo sentido. <\/p>\n<\/div>\n<p>Fuente: Discapacidad https:\/\/www.20minutos.es\/noticia\/5674674\/0\/educacion-discapacidad-denuncian-cese-canarias-dos-profesoras-practicas-por-tener-discapacidad\/<\/p>\n","protected":false},"excerpt":{"rendered":"<p>Las dos profesoras, una con discapacidad visual y la otra auditiva, han sido calificadas como &#8216;no aptas&#8217; despu\u00e9s de aprobar las oposiciones de Educaci\u00f3n en Canarias.<\/p>\n","protected":false},"author":1,"featured_media":0,"comment_status":"closed","ping_status":"closed","sticky":false,"template":"","format":"standard","meta":{"footnotes":""},"categories":[8],"tags":[],"class_list":["post-10748","post","type-post","status-publish","format-standard","hentry","category-noticias"],"yoast_head":"<!-- This site is optimized with the Yoast SEO plugin v27.4 - https:\/\/yoast.com\/product\/yoast-seo-wordpress\/ -->\n<title>Denuncian el cese de dos profesoras en pr\u00e1cticas por tener discapacidad: &quot;Solo pido que se cumpla la ley&quot; - Asociaci\u00f3n Espa\u00f1ola S\u00edndrome de Charge<\/title>\n<meta name=\"robots\" content=\"index, follow, max-snippet:-1, max-image-preview:large, max-video-preview:-1\" \/>\n<link rel=\"canonical\" href=\"https:\/\/sindromecharge.es\/index.php\/2025\/01\/21\/educacion-discapacidad-denuncian-cese-canarias-dos-profesoras-practicas-por-tener-discapacidad\/\" \/>\n<meta property=\"og:locale\" content=\"es_ES\" \/>\n<meta property=\"og:type\" content=\"article\" \/>\n<meta property=\"og:title\" content=\"Denuncian el cese de dos profesoras en pr\u00e1cticas por tener discapacidad: &quot;Solo pido que se cumpla la ley&quot; - Asociaci\u00f3n Espa\u00f1ola S\u00edndrome de Charge\" \/>\n<meta property=\"og:description\" content=\"Las dos profesoras, una con discapacidad visual y la otra auditiva, han sido calificadas como &#8216;no aptas&#8217; despu\u00e9s de aprobar las oposiciones de Educaci\u00f3n en Canarias.\" \/>\n<meta property=\"og:url\" content=\"https:\/\/sindromecharge.es\/index.php\/2025\/01\/21\/educacion-discapacidad-denuncian-cese-canarias-dos-profesoras-practicas-por-tener-discapacidad\/\" \/>\n<meta property=\"og:site_name\" content=\"Asociaci\u00f3n Espa\u00f1ola S\u00edndrome de Charge\" \/>\n<meta property=\"article:publisher\" content=\"https:\/\/www.facebook.com\/asociacionsindromecharge\" \/>\n<meta property=\"article:published_time\" content=\"2025-01-21T16:26:59+00:00\" \/>\n<meta property=\"og:image\" content=\"https:\/\/sindromecharge.es\/wp-content\/uploads\/2013\/09\/logodecharge300x98.png\" \/>\n\t<meta property=\"og:image:width\" content=\"300\" \/>\n\t<meta property=\"og:image:height\" content=\"98\" \/>\n\t<meta property=\"og:image:type\" content=\"image\/png\" \/>\n<meta name=\"author\" content=\"Charge\" \/>\n<meta name=\"twitter:card\" content=\"summary_large_image\" \/>\n<meta name=\"twitter:creator\" content=\"@sindromecharge\" \/>\n<meta name=\"twitter:site\" content=\"@sindromecharge\" \/>\n<meta name=\"twitter:label1\" content=\"Escrito por\" \/>\n\t<meta name=\"twitter:data1\" content=\"Charge\" \/>\n\t<meta name=\"twitter:label2\" content=\"Tiempo de lectura\" \/>\n\t<meta name=\"twitter:data2\" content=\"3 minutos\" \/>\n<script type=\"application\/ld+json\" class=\"yoast-schema-graph\">{\"@context\":\"https:\\\/\\\/schema.org\",\"@graph\":[{\"@type\":\"Article\",\"@id\":\"https:\\\/\\\/sindromecharge.es\\\/index.php\\\/2025\\\/01\\\/21\\\/educacion-discapacidad-denuncian-cese-canarias-dos-profesoras-practicas-por-tener-discapacidad\\\/#article\",\"isPartOf\":{\"@id\":\"https:\\\/\\\/sindromecharge.es\\\/index.php\\\/2025\\\/01\\\/21\\\/educacion-discapacidad-denuncian-cese-canarias-dos-profesoras-practicas-por-tener-discapacidad\\\/\"},\"author\":{\"name\":\"Charge\",\"@id\":\"https:\\\/\\\/sindromecharge.es\\\/#\\\/schema\\\/person\\\/39a60ebe0a2b4d5a11179701e336b039\"},\"headline\":\"Denuncian el cese de dos profesoras en pr\u00e1cticas por tener discapacidad: \u00abSolo pido que se cumpla la ley\u00bb\",\"datePublished\":\"2025-01-21T16:26:59+00:00\",\"mainEntityOfPage\":{\"@id\":\"https:\\\/\\\/sindromecharge.es\\\/index.php\\\/2025\\\/01\\\/21\\\/educacion-discapacidad-denuncian-cese-canarias-dos-profesoras-practicas-por-tener-discapacidad\\\/\"},\"wordCount\":600,\"articleSection\":[\"noticias\"],\"inLanguage\":\"es\"},{\"@type\":\"WebPage\",\"@id\":\"https:\\\/\\\/sindromecharge.es\\\/index.php\\\/2025\\\/01\\\/21\\\/educacion-discapacidad-denuncian-cese-canarias-dos-profesoras-practicas-por-tener-discapacidad\\\/\",\"url\":\"https:\\\/\\\/sindromecharge.es\\\/index.php\\\/2025\\\/01\\\/21\\\/educacion-discapacidad-denuncian-cese-canarias-dos-profesoras-practicas-por-tener-discapacidad\\\/\",\"name\":\"Denuncian el cese de dos profesoras en pr\u00e1cticas por tener discapacidad: \\\"Solo pido que se cumpla la ley\\\" - Asociaci\u00f3n Espa\u00f1ola S\u00edndrome de Charge\",\"isPartOf\":{\"@id\":\"https:\\\/\\\/sindromecharge.es\\\/#website\"},\"datePublished\":\"2025-01-21T16:26:59+00:00\",\"author\":{\"@id\":\"https:\\\/\\\/sindromecharge.es\\\/#\\\/schema\\\/person\\\/39a60ebe0a2b4d5a11179701e336b039\"},\"breadcrumb\":{\"@id\":\"https:\\\/\\\/sindromecharge.es\\\/index.php\\\/2025\\\/01\\\/21\\\/educacion-discapacidad-denuncian-cese-canarias-dos-profesoras-practicas-por-tener-discapacidad\\\/#breadcrumb\"},\"inLanguage\":\"es\",\"potentialAction\":[{\"@type\":\"ReadAction\",\"target\":[\"https:\\\/\\\/sindromecharge.es\\\/index.php\\\/2025\\\/01\\\/21\\\/educacion-discapacidad-denuncian-cese-canarias-dos-profesoras-practicas-por-tener-discapacidad\\\/\"]}]},{\"@type\":\"BreadcrumbList\",\"@id\":\"https:\\\/\\\/sindromecharge.es\\\/index.php\\\/2025\\\/01\\\/21\\\/educacion-discapacidad-denuncian-cese-canarias-dos-profesoras-practicas-por-tener-discapacidad\\\/#breadcrumb\",\"itemListElement\":[{\"@type\":\"ListItem\",\"position\":1,\"name\":\"Portada\",\"item\":\"https:\\\/\\\/sindromecharge.es\\\/\"},{\"@type\":\"ListItem\",\"position\":2,\"name\":\"Denuncian el cese de dos profesoras en pr\u00e1cticas por tener discapacidad: &#8220;Solo pido que se cumpla la ley&#8221;\"}]},{\"@type\":\"WebSite\",\"@id\":\"https:\\\/\\\/sindromecharge.es\\\/#website\",\"url\":\"https:\\\/\\\/sindromecharge.es\\\/\",\"name\":\"Asociaci\u00f3n Espa\u00f1ola S\u00edndrome de Charge\",\"description\":\"\",\"potentialAction\":[{\"@type\":\"SearchAction\",\"target\":{\"@type\":\"EntryPoint\",\"urlTemplate\":\"https:\\\/\\\/sindromecharge.es\\\/?s={search_term_string}\"},\"query-input\":{\"@type\":\"PropertyValueSpecification\",\"valueRequired\":true,\"valueName\":\"search_term_string\"}}],\"inLanguage\":\"es\"},{\"@type\":\"Person\",\"@id\":\"https:\\\/\\\/sindromecharge.es\\\/#\\\/schema\\\/person\\\/39a60ebe0a2b4d5a11179701e336b039\",\"name\":\"Charge\",\"image\":{\"@type\":\"ImageObject\",\"inLanguage\":\"es\",\"@id\":\"https:\\\/\\\/secure.gravatar.com\\\/avatar\\\/c3b46e32a0fc3b093a0873fb767bf3293de856293065e84ef06b7ec7a8acfb98?s=96&d=identicon&r=x\",\"url\":\"https:\\\/\\\/secure.gravatar.com\\\/avatar\\\/c3b46e32a0fc3b093a0873fb767bf3293de856293065e84ef06b7ec7a8acfb98?s=96&d=identicon&r=x\",\"contentUrl\":\"https:\\\/\\\/secure.gravatar.com\\\/avatar\\\/c3b46e32a0fc3b093a0873fb767bf3293de856293065e84ef06b7ec7a8acfb98?s=96&d=identicon&r=x\",\"caption\":\"Charge\"},\"url\":\"https:\\\/\\\/sindromecharge.es\\\/index.php\\\/author\\\/admin\\\/\"}]}<\/script>\n<!-- \/ Yoast SEO plugin. -->","yoast_head_json":{"title":"Denuncian el cese de dos profesoras en pr\u00e1cticas por tener discapacidad: \"Solo pido que se cumpla la ley\" - Asociaci\u00f3n Espa\u00f1ola S\u00edndrome de Charge","robots":{"index":"index","follow":"follow","max-snippet":"max-snippet:-1","max-image-preview":"max-image-preview:large","max-video-preview":"max-video-preview:-1"},"canonical":"https:\/\/sindromecharge.es\/index.php\/2025\/01\/21\/educacion-discapacidad-denuncian-cese-canarias-dos-profesoras-practicas-por-tener-discapacidad\/","og_locale":"es_ES","og_type":"article","og_title":"Denuncian el cese de dos profesoras en pr\u00e1cticas por tener discapacidad: \"Solo pido que se cumpla la ley\" - Asociaci\u00f3n Espa\u00f1ola S\u00edndrome de Charge","og_description":"Las dos profesoras, una con discapacidad visual y la otra auditiva, han sido calificadas como &#8216;no aptas&#8217; despu\u00e9s de aprobar las oposiciones de Educaci\u00f3n en Canarias.","og_url":"https:\/\/sindromecharge.es\/index.php\/2025\/01\/21\/educacion-discapacidad-denuncian-cese-canarias-dos-profesoras-practicas-por-tener-discapacidad\/","og_site_name":"Asociaci\u00f3n Espa\u00f1ola S\u00edndrome de Charge","article_publisher":"https:\/\/www.facebook.com\/asociacionsindromecharge","article_published_time":"2025-01-21T16:26:59+00:00","og_image":[{"width":300,"height":98,"url":"https:\/\/sindromecharge.es\/wp-content\/uploads\/2013\/09\/logodecharge300x98.png","type":"image\/png"}],"author":"Charge","twitter_card":"summary_large_image","twitter_creator":"@sindromecharge","twitter_site":"@sindromecharge","twitter_misc":{"Escrito por":"Charge","Tiempo de lectura":"3 minutos"},"schema":{"@context":"https:\/\/schema.org","@graph":[{"@type":"Article","@id":"https:\/\/sindromecharge.es\/index.php\/2025\/01\/21\/educacion-discapacidad-denuncian-cese-canarias-dos-profesoras-practicas-por-tener-discapacidad\/#article","isPartOf":{"@id":"https:\/\/sindromecharge.es\/index.php\/2025\/01\/21\/educacion-discapacidad-denuncian-cese-canarias-dos-profesoras-practicas-por-tener-discapacidad\/"},"author":{"name":"Charge","@id":"https:\/\/sindromecharge.es\/#\/schema\/person\/39a60ebe0a2b4d5a11179701e336b039"},"headline":"Denuncian el cese de dos profesoras en pr\u00e1cticas por tener discapacidad: \u00abSolo pido que se cumpla la ley\u00bb","datePublished":"2025-01-21T16:26:59+00:00","mainEntityOfPage":{"@id":"https:\/\/sindromecharge.es\/index.php\/2025\/01\/21\/educacion-discapacidad-denuncian-cese-canarias-dos-profesoras-practicas-por-tener-discapacidad\/"},"wordCount":600,"articleSection":["noticias"],"inLanguage":"es"},{"@type":"WebPage","@id":"https:\/\/sindromecharge.es\/index.php\/2025\/01\/21\/educacion-discapacidad-denuncian-cese-canarias-dos-profesoras-practicas-por-tener-discapacidad\/","url":"https:\/\/sindromecharge.es\/index.php\/2025\/01\/21\/educacion-discapacidad-denuncian-cese-canarias-dos-profesoras-practicas-por-tener-discapacidad\/","name":"Denuncian el cese de dos profesoras en pr\u00e1cticas por tener discapacidad: \"Solo pido que se cumpla la ley\" - Asociaci\u00f3n Espa\u00f1ola S\u00edndrome de Charge","isPartOf":{"@id":"https:\/\/sindromecharge.es\/#website"},"datePublished":"2025-01-21T16:26:59+00:00","author":{"@id":"https:\/\/sindromecharge.es\/#\/schema\/person\/39a60ebe0a2b4d5a11179701e336b039"},"breadcrumb":{"@id":"https:\/\/sindromecharge.es\/index.php\/2025\/01\/21\/educacion-discapacidad-denuncian-cese-canarias-dos-profesoras-practicas-por-tener-discapacidad\/#breadcrumb"},"inLanguage":"es","potentialAction":[{"@type":"ReadAction","target":["https:\/\/sindromecharge.es\/index.php\/2025\/01\/21\/educacion-discapacidad-denuncian-cese-canarias-dos-profesoras-practicas-por-tener-discapacidad\/"]}]},{"@type":"BreadcrumbList","@id":"https:\/\/sindromecharge.es\/index.php\/2025\/01\/21\/educacion-discapacidad-denuncian-cese-canarias-dos-profesoras-practicas-por-tener-discapacidad\/#breadcrumb","itemListElement":[{"@type":"ListItem","position":1,"name":"Portada","item":"https:\/\/sindromecharge.es\/"},{"@type":"ListItem","position":2,"name":"Denuncian el cese de dos profesoras en pr\u00e1cticas por tener discapacidad: &#8220;Solo pido que se cumpla la ley&#8221;"}]},{"@type":"WebSite","@id":"https:\/\/sindromecharge.es\/#website","url":"https:\/\/sindromecharge.es\/","name":"Asociaci\u00f3n Espa\u00f1ola S\u00edndrome de Charge","description":"","potentialAction":[{"@type":"SearchAction","target":{"@type":"EntryPoint","urlTemplate":"https:\/\/sindromecharge.es\/?s={search_term_string}"},"query-input":{"@type":"PropertyValueSpecification","valueRequired":true,"valueName":"search_term_string"}}],"inLanguage":"es"},{"@type":"Person","@id":"https:\/\/sindromecharge.es\/#\/schema\/person\/39a60ebe0a2b4d5a11179701e336b039","name":"Charge","image":{"@type":"ImageObject","inLanguage":"es","@id":"https:\/\/secure.gravatar.com\/avatar\/c3b46e32a0fc3b093a0873fb767bf3293de856293065e84ef06b7ec7a8acfb98?s=96&d=identicon&r=x","url":"https:\/\/secure.gravatar.com\/avatar\/c3b46e32a0fc3b093a0873fb767bf3293de856293065e84ef06b7ec7a8acfb98?s=96&d=identicon&r=x","contentUrl":"https:\/\/secure.gravatar.com\/avatar\/c3b46e32a0fc3b093a0873fb767bf3293de856293065e84ef06b7ec7a8acfb98?s=96&d=identicon&r=x","caption":"Charge"},"url":"https:\/\/sindromecharge.es\/index.php\/author\/admin\/"}]}},"_links":{"self":[{"href":"https:\/\/sindromecharge.es\/index.php\/wp-json\/wp\/v2\/posts\/10748","targetHints":{"allow":["GET"]}}],"collection":[{"href":"https:\/\/sindromecharge.es\/index.php\/wp-json\/wp\/v2\/posts"}],"about":[{"href":"https:\/\/sindromecharge.es\/index.php\/wp-json\/wp\/v2\/types\/post"}],"author":[{"embeddable":true,"href":"https:\/\/sindromecharge.es\/index.php\/wp-json\/wp\/v2\/users\/1"}],"replies":[{"embeddable":true,"href":"https:\/\/sindromecharge.es\/index.php\/wp-json\/wp\/v2\/comments?post=10748"}],"version-history":[{"count":0,"href":"https:\/\/sindromecharge.es\/index.php\/wp-json\/wp\/v2\/posts\/10748\/revisions"}],"wp:attachment":[{"href":"https:\/\/sindromecharge.es\/index.php\/wp-json\/wp\/v2\/media?parent=10748"}],"wp:term":[{"taxonomy":"category","embeddable":true,"href":"https:\/\/sindromecharge.es\/index.php\/wp-json\/wp\/v2\/categories?post=10748"},{"taxonomy":"post_tag","embeddable":true,"href":"https:\/\/sindromecharge.es\/index.php\/wp-json\/wp\/v2\/tags?post=10748"}],"curies":[{"name":"wp","href":"https:\/\/api.w.org\/{rel}","templated":true}]}}