{"id":10745,"date":"2025-01-21T06:54:27","date_gmt":"2025-01-21T06:54:27","guid":{"rendered":"https:\/\/sindromecharge.es\/index.php\/2025\/01\/21\/poder-comunicacion-inclusiva\/"},"modified":"2025-01-21T06:54:27","modified_gmt":"2025-01-21T06:54:27","slug":"poder-comunicacion-inclusiva","status":"publish","type":"post","link":"https:\/\/sindromecharge.es\/index.php\/2025\/01\/21\/poder-comunicacion-inclusiva\/","title":{"rendered":"El poder de la comunicaci\u00f3n inclusiva"},"content":{"rendered":"<p>Leemos en Discapacidad la siguiente noticia que os reproducimos de forma \u00edntegra: <\/p>\n<div>\n<p>Que la informaci\u00f3n es poder es algo que aprend\u00ed desde el primer d\u00eda que cruc\u00e9 la puerta de la facultad. Quiz\u00e1s lo sab\u00eda desde mucho tiempo antes. Pero no ha sido hasta hace relativamente pocos a\u00f1os cuando he sido consciente de que<b> la informaci\u00f3n y la comunicaci\u00f3n hablan tambi\u00e9n del poder de la igualdad<\/b>. Porque en un mundo donde las decisiones cotidianas \u2014desde tomar un autob\u00fas, hasta pedir una reuni\u00f3n con la tutora de tu hijo o elegir un servicio m\u00e9dico\u2014 dependen de la informaci\u00f3n que recibimos, garantizar que esta sea accesible para todos no es un lujo, deber\u00eda ser una obligaci\u00f3n. Porque\u2026 \u00bfqu\u00e9 ocurre cuando alguien queda fuera de ese flujo informativo? La exclusi\u00f3n no siempre se siente como un portazo; a veces es un silencio inc\u00f3modo, un subt\u00edtulo que falta o una web que no se lee.<\/p>\n<p>Como profesional en este \u00e1mbito, he aprendido que hablar de <b>comunicaci\u00f3n inclusiva<\/b> no es simplemente cumplir con normativas; es recordar que <b>detr\u00e1s de cada mensaje hay personas con necesidades diversas<\/b>. Y es tambi\u00e9n la certeza de que incluir no resta, solo suma. Porque cuantas m\u00e1s personas puedan entender lo que tienes que decir, m\u00e1s lejos llegar\u00e1.<\/p>\n<p>Los profesionales de la comunicaci\u00f3n deber\u00edamos garantizar que la experiencia de marca sea realmente significativa. Y para ello, no deber\u00edamos limitarnos a cumplir con los est\u00e1ndares m\u00ednimos<b>, como disponer de rampas de acceso o un ba\u00f1o adaptado<\/b>, sino que debemos integrarla en cada punto de contacto entre la marca y sus p\u00fablicos. Esto es especialmente relevante en los eventos, que cada vez m\u00e1s transmiten la identidad de una organizaci\u00f3n.<\/p>\n<p><b>Un evento accesible <\/b>no solo facilita la entrada al espacio f\u00edsico, sino que garantiza que todas las personas puedan vivir la experiencia de manera completa. Esto incluye aspectos que a menudo pasan desapercibidos, como la forma en la que se sirve el catering -\u00bfpuede una persona con movilidad reducida acceder f\u00e1cilmente a los alimentos y bebidas?- o c\u00f3mo se comunican los mensajes en el escenario. En este caso, contar con interpretaci\u00f3n en <a href=\"https:\/\/www.20minutos.es\/minuteca\/lengua-de-signos\/\" title=\"Lengua de signos\" target=\"_blank\">lengua de signos<\/a> o subt\u00edtulos en directo logra que el contenido sea comprensible para personas con discapacidad auditiva.<\/p>\n<h1>Un evento accesible no solo facilita la entrada al espacio f\u00edsico, sino que garantiza que todas las personas puedan vivir la experiencia <\/h1>\n<p>La<a href=\"https:\/\/www.20minutos.es\/minuteca\/accesibilidad\/\" title=\"Accesibilidad\" target=\"_blank\"> accesibilidad <\/a>se extiende tambi\u00e9n en el \u00e1mbito digital. En un mundo dominado por el contenido audiovisual, es imprescindible que los v\u00eddeos est\u00e9n subtitulados, no solo para las personas con discapacidad auditiva, sino tambi\u00e9n para quienes consumen contenido en situaciones en las que no pueden activar el sonido. Del mismo modo que la <b>audiodescripci\u00f3n<\/b> en v\u00eddeos permite que las <b>personas con discapacidad visual <\/b>comprendan el contenido en su totalidad. A la hora de comunicar, todos importan.<\/p>\n<p>En definitiva, hablamos de <b>no dejar a nadie fuera<\/b>, hablamos de crear oportunidades de conectar con todas las personas. Porque cuando incluimos, no solo somos m\u00e1s justos y m\u00e1s humanos, sino tambi\u00e9n m\u00e1s relevantes.<\/p>\n<\/div>\n<p>Fuente: Discapacidad https:\/\/www.20minutos.es\/noticia\/5674152\/0\/poder-comunicacion-inclusiva\/<\/p>\n","protected":false},"excerpt":{"rendered":"<p>\u00abLa exclusi\u00f3n no siempre se siente como un portazo; a veces es un silencio inc\u00f3modo, un subt\u00edtulo que falta o una web que no se lee\u00bb<\/p>\n","protected":false},"author":1,"featured_media":0,"comment_status":"closed","ping_status":"closed","sticky":false,"template":"","format":"standard","meta":{"footnotes":""},"categories":[8],"tags":[],"class_list":["post-10745","post","type-post","status-publish","format-standard","hentry","category-noticias"],"yoast_head":"<!-- This site is optimized with the Yoast SEO plugin v27.4 - https:\/\/yoast.com\/product\/yoast-seo-wordpress\/ -->\n<title>El poder de la comunicaci\u00f3n inclusiva - Asociaci\u00f3n Espa\u00f1ola S\u00edndrome de Charge<\/title>\n<meta name=\"robots\" content=\"index, follow, max-snippet:-1, max-image-preview:large, max-video-preview:-1\" \/>\n<link rel=\"canonical\" href=\"https:\/\/sindromecharge.es\/index.php\/2025\/01\/21\/poder-comunicacion-inclusiva\/\" \/>\n<meta property=\"og:locale\" content=\"es_ES\" \/>\n<meta property=\"og:type\" content=\"article\" \/>\n<meta property=\"og:title\" content=\"El poder de la comunicaci\u00f3n inclusiva - Asociaci\u00f3n Espa\u00f1ola S\u00edndrome de Charge\" \/>\n<meta property=\"og:description\" content=\"\u00abLa exclusi\u00f3n no siempre se siente como un portazo; a veces es un silencio inc\u00f3modo, un subt\u00edtulo que falta o una web que no se lee\u00bb\" \/>\n<meta property=\"og:url\" content=\"https:\/\/sindromecharge.es\/index.php\/2025\/01\/21\/poder-comunicacion-inclusiva\/\" \/>\n<meta property=\"og:site_name\" content=\"Asociaci\u00f3n Espa\u00f1ola S\u00edndrome de Charge\" \/>\n<meta property=\"article:publisher\" content=\"https:\/\/www.facebook.com\/asociacionsindromecharge\" \/>\n<meta property=\"article:published_time\" content=\"2025-01-21T06:54:27+00:00\" \/>\n<meta property=\"og:image\" content=\"https:\/\/sindromecharge.es\/wp-content\/uploads\/2013\/09\/logodecharge300x98.png\" \/>\n\t<meta property=\"og:image:width\" content=\"300\" \/>\n\t<meta property=\"og:image:height\" content=\"98\" \/>\n\t<meta property=\"og:image:type\" content=\"image\/png\" \/>\n<meta name=\"author\" content=\"Charge\" \/>\n<meta name=\"twitter:card\" content=\"summary_large_image\" \/>\n<meta name=\"twitter:creator\" content=\"@sindromecharge\" \/>\n<meta name=\"twitter:site\" content=\"@sindromecharge\" \/>\n<meta name=\"twitter:label1\" content=\"Escrito por\" \/>\n\t<meta name=\"twitter:data1\" content=\"Charge\" \/>\n\t<meta name=\"twitter:label2\" content=\"Tiempo de lectura\" \/>\n\t<meta name=\"twitter:data2\" content=\"3 minutos\" \/>\n<script type=\"application\/ld+json\" class=\"yoast-schema-graph\">{\"@context\":\"https:\\\/\\\/schema.org\",\"@graph\":[{\"@type\":\"Article\",\"@id\":\"https:\\\/\\\/sindromecharge.es\\\/index.php\\\/2025\\\/01\\\/21\\\/poder-comunicacion-inclusiva\\\/#article\",\"isPartOf\":{\"@id\":\"https:\\\/\\\/sindromecharge.es\\\/index.php\\\/2025\\\/01\\\/21\\\/poder-comunicacion-inclusiva\\\/\"},\"author\":{\"name\":\"Charge\",\"@id\":\"https:\\\/\\\/sindromecharge.es\\\/#\\\/schema\\\/person\\\/39a60ebe0a2b4d5a11179701e336b039\"},\"headline\":\"El poder de la comunicaci\u00f3n inclusiva\",\"datePublished\":\"2025-01-21T06:54:27+00:00\",\"mainEntityOfPage\":{\"@id\":\"https:\\\/\\\/sindromecharge.es\\\/index.php\\\/2025\\\/01\\\/21\\\/poder-comunicacion-inclusiva\\\/\"},\"wordCount\":562,\"articleSection\":[\"noticias\"],\"inLanguage\":\"es\"},{\"@type\":\"WebPage\",\"@id\":\"https:\\\/\\\/sindromecharge.es\\\/index.php\\\/2025\\\/01\\\/21\\\/poder-comunicacion-inclusiva\\\/\",\"url\":\"https:\\\/\\\/sindromecharge.es\\\/index.php\\\/2025\\\/01\\\/21\\\/poder-comunicacion-inclusiva\\\/\",\"name\":\"El poder de la comunicaci\u00f3n inclusiva - Asociaci\u00f3n Espa\u00f1ola S\u00edndrome de Charge\",\"isPartOf\":{\"@id\":\"https:\\\/\\\/sindromecharge.es\\\/#website\"},\"datePublished\":\"2025-01-21T06:54:27+00:00\",\"author\":{\"@id\":\"https:\\\/\\\/sindromecharge.es\\\/#\\\/schema\\\/person\\\/39a60ebe0a2b4d5a11179701e336b039\"},\"breadcrumb\":{\"@id\":\"https:\\\/\\\/sindromecharge.es\\\/index.php\\\/2025\\\/01\\\/21\\\/poder-comunicacion-inclusiva\\\/#breadcrumb\"},\"inLanguage\":\"es\",\"potentialAction\":[{\"@type\":\"ReadAction\",\"target\":[\"https:\\\/\\\/sindromecharge.es\\\/index.php\\\/2025\\\/01\\\/21\\\/poder-comunicacion-inclusiva\\\/\"]}]},{\"@type\":\"BreadcrumbList\",\"@id\":\"https:\\\/\\\/sindromecharge.es\\\/index.php\\\/2025\\\/01\\\/21\\\/poder-comunicacion-inclusiva\\\/#breadcrumb\",\"itemListElement\":[{\"@type\":\"ListItem\",\"position\":1,\"name\":\"Portada\",\"item\":\"https:\\\/\\\/sindromecharge.es\\\/\"},{\"@type\":\"ListItem\",\"position\":2,\"name\":\"El poder de la comunicaci\u00f3n inclusiva\"}]},{\"@type\":\"WebSite\",\"@id\":\"https:\\\/\\\/sindromecharge.es\\\/#website\",\"url\":\"https:\\\/\\\/sindromecharge.es\\\/\",\"name\":\"Asociaci\u00f3n Espa\u00f1ola S\u00edndrome de Charge\",\"description\":\"\",\"potentialAction\":[{\"@type\":\"SearchAction\",\"target\":{\"@type\":\"EntryPoint\",\"urlTemplate\":\"https:\\\/\\\/sindromecharge.es\\\/?s={search_term_string}\"},\"query-input\":{\"@type\":\"PropertyValueSpecification\",\"valueRequired\":true,\"valueName\":\"search_term_string\"}}],\"inLanguage\":\"es\"},{\"@type\":\"Person\",\"@id\":\"https:\\\/\\\/sindromecharge.es\\\/#\\\/schema\\\/person\\\/39a60ebe0a2b4d5a11179701e336b039\",\"name\":\"Charge\",\"image\":{\"@type\":\"ImageObject\",\"inLanguage\":\"es\",\"@id\":\"https:\\\/\\\/secure.gravatar.com\\\/avatar\\\/c3b46e32a0fc3b093a0873fb767bf3293de856293065e84ef06b7ec7a8acfb98?s=96&d=identicon&r=x\",\"url\":\"https:\\\/\\\/secure.gravatar.com\\\/avatar\\\/c3b46e32a0fc3b093a0873fb767bf3293de856293065e84ef06b7ec7a8acfb98?s=96&d=identicon&r=x\",\"contentUrl\":\"https:\\\/\\\/secure.gravatar.com\\\/avatar\\\/c3b46e32a0fc3b093a0873fb767bf3293de856293065e84ef06b7ec7a8acfb98?s=96&d=identicon&r=x\",\"caption\":\"Charge\"},\"url\":\"https:\\\/\\\/sindromecharge.es\\\/index.php\\\/author\\\/admin\\\/\"}]}<\/script>\n<!-- \/ Yoast SEO plugin. -->","yoast_head_json":{"title":"El poder de la comunicaci\u00f3n inclusiva - Asociaci\u00f3n Espa\u00f1ola S\u00edndrome de Charge","robots":{"index":"index","follow":"follow","max-snippet":"max-snippet:-1","max-image-preview":"max-image-preview:large","max-video-preview":"max-video-preview:-1"},"canonical":"https:\/\/sindromecharge.es\/index.php\/2025\/01\/21\/poder-comunicacion-inclusiva\/","og_locale":"es_ES","og_type":"article","og_title":"El poder de la comunicaci\u00f3n inclusiva - Asociaci\u00f3n Espa\u00f1ola S\u00edndrome de Charge","og_description":"\u00abLa exclusi\u00f3n no siempre se siente como un portazo; a veces es un silencio inc\u00f3modo, un subt\u00edtulo que falta o una web que no se lee\u00bb","og_url":"https:\/\/sindromecharge.es\/index.php\/2025\/01\/21\/poder-comunicacion-inclusiva\/","og_site_name":"Asociaci\u00f3n Espa\u00f1ola S\u00edndrome de Charge","article_publisher":"https:\/\/www.facebook.com\/asociacionsindromecharge","article_published_time":"2025-01-21T06:54:27+00:00","og_image":[{"width":300,"height":98,"url":"https:\/\/sindromecharge.es\/wp-content\/uploads\/2013\/09\/logodecharge300x98.png","type":"image\/png"}],"author":"Charge","twitter_card":"summary_large_image","twitter_creator":"@sindromecharge","twitter_site":"@sindromecharge","twitter_misc":{"Escrito por":"Charge","Tiempo de lectura":"3 minutos"},"schema":{"@context":"https:\/\/schema.org","@graph":[{"@type":"Article","@id":"https:\/\/sindromecharge.es\/index.php\/2025\/01\/21\/poder-comunicacion-inclusiva\/#article","isPartOf":{"@id":"https:\/\/sindromecharge.es\/index.php\/2025\/01\/21\/poder-comunicacion-inclusiva\/"},"author":{"name":"Charge","@id":"https:\/\/sindromecharge.es\/#\/schema\/person\/39a60ebe0a2b4d5a11179701e336b039"},"headline":"El poder de la comunicaci\u00f3n inclusiva","datePublished":"2025-01-21T06:54:27+00:00","mainEntityOfPage":{"@id":"https:\/\/sindromecharge.es\/index.php\/2025\/01\/21\/poder-comunicacion-inclusiva\/"},"wordCount":562,"articleSection":["noticias"],"inLanguage":"es"},{"@type":"WebPage","@id":"https:\/\/sindromecharge.es\/index.php\/2025\/01\/21\/poder-comunicacion-inclusiva\/","url":"https:\/\/sindromecharge.es\/index.php\/2025\/01\/21\/poder-comunicacion-inclusiva\/","name":"El poder de la comunicaci\u00f3n inclusiva - Asociaci\u00f3n Espa\u00f1ola S\u00edndrome de Charge","isPartOf":{"@id":"https:\/\/sindromecharge.es\/#website"},"datePublished":"2025-01-21T06:54:27+00:00","author":{"@id":"https:\/\/sindromecharge.es\/#\/schema\/person\/39a60ebe0a2b4d5a11179701e336b039"},"breadcrumb":{"@id":"https:\/\/sindromecharge.es\/index.php\/2025\/01\/21\/poder-comunicacion-inclusiva\/#breadcrumb"},"inLanguage":"es","potentialAction":[{"@type":"ReadAction","target":["https:\/\/sindromecharge.es\/index.php\/2025\/01\/21\/poder-comunicacion-inclusiva\/"]}]},{"@type":"BreadcrumbList","@id":"https:\/\/sindromecharge.es\/index.php\/2025\/01\/21\/poder-comunicacion-inclusiva\/#breadcrumb","itemListElement":[{"@type":"ListItem","position":1,"name":"Portada","item":"https:\/\/sindromecharge.es\/"},{"@type":"ListItem","position":2,"name":"El poder de la comunicaci\u00f3n inclusiva"}]},{"@type":"WebSite","@id":"https:\/\/sindromecharge.es\/#website","url":"https:\/\/sindromecharge.es\/","name":"Asociaci\u00f3n Espa\u00f1ola S\u00edndrome de Charge","description":"","potentialAction":[{"@type":"SearchAction","target":{"@type":"EntryPoint","urlTemplate":"https:\/\/sindromecharge.es\/?s={search_term_string}"},"query-input":{"@type":"PropertyValueSpecification","valueRequired":true,"valueName":"search_term_string"}}],"inLanguage":"es"},{"@type":"Person","@id":"https:\/\/sindromecharge.es\/#\/schema\/person\/39a60ebe0a2b4d5a11179701e336b039","name":"Charge","image":{"@type":"ImageObject","inLanguage":"es","@id":"https:\/\/secure.gravatar.com\/avatar\/c3b46e32a0fc3b093a0873fb767bf3293de856293065e84ef06b7ec7a8acfb98?s=96&d=identicon&r=x","url":"https:\/\/secure.gravatar.com\/avatar\/c3b46e32a0fc3b093a0873fb767bf3293de856293065e84ef06b7ec7a8acfb98?s=96&d=identicon&r=x","contentUrl":"https:\/\/secure.gravatar.com\/avatar\/c3b46e32a0fc3b093a0873fb767bf3293de856293065e84ef06b7ec7a8acfb98?s=96&d=identicon&r=x","caption":"Charge"},"url":"https:\/\/sindromecharge.es\/index.php\/author\/admin\/"}]}},"_links":{"self":[{"href":"https:\/\/sindromecharge.es\/index.php\/wp-json\/wp\/v2\/posts\/10745","targetHints":{"allow":["GET"]}}],"collection":[{"href":"https:\/\/sindromecharge.es\/index.php\/wp-json\/wp\/v2\/posts"}],"about":[{"href":"https:\/\/sindromecharge.es\/index.php\/wp-json\/wp\/v2\/types\/post"}],"author":[{"embeddable":true,"href":"https:\/\/sindromecharge.es\/index.php\/wp-json\/wp\/v2\/users\/1"}],"replies":[{"embeddable":true,"href":"https:\/\/sindromecharge.es\/index.php\/wp-json\/wp\/v2\/comments?post=10745"}],"version-history":[{"count":0,"href":"https:\/\/sindromecharge.es\/index.php\/wp-json\/wp\/v2\/posts\/10745\/revisions"}],"wp:attachment":[{"href":"https:\/\/sindromecharge.es\/index.php\/wp-json\/wp\/v2\/media?parent=10745"}],"wp:term":[{"taxonomy":"category","embeddable":true,"href":"https:\/\/sindromecharge.es\/index.php\/wp-json\/wp\/v2\/categories?post=10745"},{"taxonomy":"post_tag","embeddable":true,"href":"https:\/\/sindromecharge.es\/index.php\/wp-json\/wp\/v2\/tags?post=10745"}],"curies":[{"name":"wp","href":"https:\/\/api.w.org\/{rel}","templated":true}]}}