{"id":10743,"date":"2025-01-20T19:24:33","date_gmt":"2025-01-20T19:24:33","guid":{"rendered":"https:\/\/sindromecharge.es\/index.php\/2025\/01\/20\/consell-aprobara-nuevas-ayudas-discapacidad-acogimiento-ganaderia\/"},"modified":"2025-01-20T19:24:33","modified_gmt":"2025-01-20T19:24:33","slug":"consell-aprobara-nuevas-ayudas-discapacidad-acogimiento-ganaderia","status":"publish","type":"post","link":"https:\/\/sindromecharge.es\/index.php\/2025\/01\/20\/consell-aprobara-nuevas-ayudas-discapacidad-acogimiento-ganaderia\/","title":{"rendered":"El Consell aprobar\u00e1 nuevas ayudas para discapacidad, acogimiento y ganader\u00eda vinculadas a la DANA"},"content":{"rendered":"<p>Leemos en Discapacidad la siguiente noticia que os reproducimos de forma \u00edntegra: <\/p>\n<div>\n<p>El Gobierno valenciano va a lanzar <b>nuevas ayudas para colectivos espec\u00edficos afectados por la catastr\u00f3fica DANA<\/b> que arras\u00f3 la provincia de Valencia a finales de octubre del a\u00f1o pasado. Un primer grupo, de car\u00e1cter social, beneficiar\u00e1 a las <b>personas con discapacidad<\/b> que necesiten adaptar veh\u00edculos a sus necesidades, as\u00ed como a las <b>familias de acogida<\/b>, por los gastos extraordinarios que deben afrontar. El segundo, centrado en las <b>explotaciones ganaderas<\/b>, se va a activar en el pleno del Consell de este martes con una partida de 3,5 millones de euros.<\/p>\n<p>La vicepresidenta primera y consellera de Servicios Sociales, Igualdad y Vivienda, <b>Susana Camarero<\/b>, ha avanzado en una comparecencia monogr\u00e1fica en Les Corts para explicar la gesti\u00f3n de su departamento en la DANA la convocatoria de las dos primeras. En concreto, las relacionadas con los veh\u00edculos ser\u00e1n <b>complementarias a las ya aprobadas por el Consell<\/b> de 2.500 euros para quien haya perdido un coche adaptado. \u00abSi con aquellas no es necesario reponer el veh\u00edculo, estas ir\u00e1n dirigidas a quien necesite adaptar un veh\u00edculo tras haber perdido el suyo en la DANA\u00bb, explic\u00f3. Por su parte, las nuevas medidas para familias acogedoras que se aprobar\u00e1n \u00aben los pr\u00f3ximos d\u00edas\u00bb contribuir\u00e1n a que puedan hacer frente a los <b>gastos derivados de las p\u00e9rdidas sufridas en ropa y material<\/b> de los ni\u00f1os a los que cuidan, a\u00f1adi\u00f3 Camarero.<\/p>\n<p>Adem\u00e1s, el Consell acaba de activar el <b>Plan de apoyo social a municipios<\/b>, que consiste en un refuerzo de la atenci\u00f3n primaria del \u00e1mbito de los servicios sociales en las localidades afectadas por las inundaciones. Este proyecto tiene por objeto \u00abofrecer apoyo t\u00e9cnico y social para dar respuesta a las demandas de la poblaci\u00f3n y facilitar el acceso para la tramitaci\u00f3n y gesti\u00f3n de ayudas sociales\u00bb.<\/p>\n<p>Tendr\u00e1 una duraci\u00f3n inicial de seis meses y <b>dar\u00e1 apoyo a 13 localidades<\/b>: Albal, Aldaia, Alfafar, Algemes\u00ed, Benet\u00fasser, Catarroja, Chiva, Guadassuar, Massananassa, Paiporta, Picanya, Sedav\u00ed y Utiel, en coordinaci\u00f3n con los equipos de profesionales en el \u00e1mbito social de estas localidades.<\/p>\n<p>Por su parte, el <i>president <\/i>Carlos Maz\u00f3n adelant\u00f3 que el pleno del Consell de este martes aprobar\u00e1 una nueva l\u00ednea de ayudas directas, \u00abexpr\u00e9s y sin burocracia ni impuestos\u00bb dotada con <b>3,5 millones de euros para explotaciones ganaderas<\/b> afectadas por la DANA que sufragar\u00e1 a los ganaderos el 100% de los gastos ocasionados en la reposici\u00f3n de animales fallecidos, piensos y forrajes, as\u00ed como el equipamiento y la maquinaria da\u00f1ada.<\/p>\n<p>El jefe del Consell estim\u00f3 en 10.000 las cabezas de ganado \u00abperdidas a consecuencia de las inundaciones\u00bb en entre 30 y 40 explotaciones ganaderas y garantiz\u00f3 el apoyo del Gobierno valenciano \u00abpara reponerlas al 100%\u00bb.<\/p>\n<p>En este sentido, indic\u00f3 que estas ayudas funcionar\u00e1n \u00abcomo todas las que est\u00e1 poniendo en marcha la Generalitat\u00bb, por lo que <b>\u00absolo\u00bb ser\u00e1 necesario una declaraci\u00f3n responsable<\/b> y la acreditaci\u00f3n de los da\u00f1os para la tramitaci\u00f3n, de modo que el abono de la misma se realice \u00abcon la mayor rapidez\u00bb con el prop\u00f3sito de \u00abrestaurar la totalidad de la actividad ganadera afectada\u00bb.<\/p>\n<p>Maz\u00f3n remarc\u00f3 que esta nueva l\u00ednea de ayudas \u00abva a complementar las ya anunciadas hasta el momento\u00bb por el Ejecutivo valenciano como las <b>ventajas y exenciones fiscales<\/b>, de las que destac\u00f3 que la Generalitat es \u00abla \u00fanica administraci\u00f3n que las ha puesto en marcha\u00bb, o las ayudas espec\u00edficas para aut\u00f3nomos, \u00abcuya primera remesa ya hemos abonado al 100%\u00bb, entre otras.<\/p>\n<\/div>\n<p>Fuente: Discapacidad https:\/\/www.20minutos.es\/noticia\/5674357\/0\/consell-aprobara-nuevas-ayudas-discapacidad-acogimiento-ganaderia\/<\/p>\n","protected":false},"excerpt":{"rendered":"<p>El Gobierno valenciano va a lanzar nuevas ayudas para colectivos espec\u00edficos afectados por la catastr\u00f3fica DANA que arras\u00f3 la provincia de Valencia a finales&#8230;<\/p>\n","protected":false},"author":1,"featured_media":0,"comment_status":"closed","ping_status":"closed","sticky":false,"template":"","format":"standard","meta":{"footnotes":""},"categories":[8],"tags":[],"class_list":["post-10743","post","type-post","status-publish","format-standard","hentry","category-noticias"],"yoast_head":"<!-- This site is optimized with the Yoast SEO plugin v27.4 - https:\/\/yoast.com\/product\/yoast-seo-wordpress\/ -->\n<title>El Consell aprobar\u00e1 nuevas ayudas para discapacidad, acogimiento y ganader\u00eda vinculadas a la DANA - Asociaci\u00f3n Espa\u00f1ola S\u00edndrome de Charge<\/title>\n<meta name=\"robots\" content=\"index, follow, max-snippet:-1, max-image-preview:large, max-video-preview:-1\" \/>\n<link rel=\"canonical\" href=\"https:\/\/sindromecharge.es\/index.php\/2025\/01\/20\/consell-aprobara-nuevas-ayudas-discapacidad-acogimiento-ganaderia\/\" \/>\n<meta property=\"og:locale\" content=\"es_ES\" \/>\n<meta property=\"og:type\" content=\"article\" \/>\n<meta property=\"og:title\" content=\"El Consell aprobar\u00e1 nuevas ayudas para discapacidad, acogimiento y ganader\u00eda vinculadas a la DANA - Asociaci\u00f3n Espa\u00f1ola S\u00edndrome de Charge\" \/>\n<meta property=\"og:description\" content=\"El Gobierno valenciano va a lanzar nuevas ayudas para colectivos espec\u00edficos afectados por la catastr\u00f3fica DANA que arras\u00f3 la provincia de Valencia a finales&#8230;\" \/>\n<meta property=\"og:url\" content=\"https:\/\/sindromecharge.es\/index.php\/2025\/01\/20\/consell-aprobara-nuevas-ayudas-discapacidad-acogimiento-ganaderia\/\" \/>\n<meta property=\"og:site_name\" content=\"Asociaci\u00f3n Espa\u00f1ola S\u00edndrome de Charge\" \/>\n<meta property=\"article:publisher\" content=\"https:\/\/www.facebook.com\/asociacionsindromecharge\" \/>\n<meta property=\"article:published_time\" content=\"2025-01-20T19:24:33+00:00\" \/>\n<meta property=\"og:image\" content=\"https:\/\/sindromecharge.es\/wp-content\/uploads\/2013\/09\/logodecharge300x98.png\" \/>\n\t<meta property=\"og:image:width\" content=\"300\" \/>\n\t<meta property=\"og:image:height\" content=\"98\" \/>\n\t<meta property=\"og:image:type\" content=\"image\/png\" \/>\n<meta name=\"author\" content=\"Charge\" \/>\n<meta name=\"twitter:card\" content=\"summary_large_image\" \/>\n<meta name=\"twitter:creator\" content=\"@sindromecharge\" \/>\n<meta name=\"twitter:site\" content=\"@sindromecharge\" \/>\n<meta name=\"twitter:label1\" content=\"Escrito por\" \/>\n\t<meta name=\"twitter:data1\" content=\"Charge\" \/>\n\t<meta name=\"twitter:label2\" content=\"Tiempo de lectura\" \/>\n\t<meta name=\"twitter:data2\" content=\"3 minutos\" \/>\n<script type=\"application\/ld+json\" class=\"yoast-schema-graph\">{\"@context\":\"https:\\\/\\\/schema.org\",\"@graph\":[{\"@type\":\"Article\",\"@id\":\"https:\\\/\\\/sindromecharge.es\\\/index.php\\\/2025\\\/01\\\/20\\\/consell-aprobara-nuevas-ayudas-discapacidad-acogimiento-ganaderia\\\/#article\",\"isPartOf\":{\"@id\":\"https:\\\/\\\/sindromecharge.es\\\/index.php\\\/2025\\\/01\\\/20\\\/consell-aprobara-nuevas-ayudas-discapacidad-acogimiento-ganaderia\\\/\"},\"author\":{\"name\":\"Charge\",\"@id\":\"https:\\\/\\\/sindromecharge.es\\\/#\\\/schema\\\/person\\\/39a60ebe0a2b4d5a11179701e336b039\"},\"headline\":\"El Consell aprobar\u00e1 nuevas ayudas para discapacidad, acogimiento y ganader\u00eda vinculadas a la DANA\",\"datePublished\":\"2025-01-20T19:24:33+00:00\",\"mainEntityOfPage\":{\"@id\":\"https:\\\/\\\/sindromecharge.es\\\/index.php\\\/2025\\\/01\\\/20\\\/consell-aprobara-nuevas-ayudas-discapacidad-acogimiento-ganaderia\\\/\"},\"wordCount\":626,\"articleSection\":[\"noticias\"],\"inLanguage\":\"es\"},{\"@type\":\"WebPage\",\"@id\":\"https:\\\/\\\/sindromecharge.es\\\/index.php\\\/2025\\\/01\\\/20\\\/consell-aprobara-nuevas-ayudas-discapacidad-acogimiento-ganaderia\\\/\",\"url\":\"https:\\\/\\\/sindromecharge.es\\\/index.php\\\/2025\\\/01\\\/20\\\/consell-aprobara-nuevas-ayudas-discapacidad-acogimiento-ganaderia\\\/\",\"name\":\"El Consell aprobar\u00e1 nuevas ayudas para discapacidad, acogimiento y ganader\u00eda vinculadas a la DANA - Asociaci\u00f3n Espa\u00f1ola S\u00edndrome de Charge\",\"isPartOf\":{\"@id\":\"https:\\\/\\\/sindromecharge.es\\\/#website\"},\"datePublished\":\"2025-01-20T19:24:33+00:00\",\"author\":{\"@id\":\"https:\\\/\\\/sindromecharge.es\\\/#\\\/schema\\\/person\\\/39a60ebe0a2b4d5a11179701e336b039\"},\"breadcrumb\":{\"@id\":\"https:\\\/\\\/sindromecharge.es\\\/index.php\\\/2025\\\/01\\\/20\\\/consell-aprobara-nuevas-ayudas-discapacidad-acogimiento-ganaderia\\\/#breadcrumb\"},\"inLanguage\":\"es\",\"potentialAction\":[{\"@type\":\"ReadAction\",\"target\":[\"https:\\\/\\\/sindromecharge.es\\\/index.php\\\/2025\\\/01\\\/20\\\/consell-aprobara-nuevas-ayudas-discapacidad-acogimiento-ganaderia\\\/\"]}]},{\"@type\":\"BreadcrumbList\",\"@id\":\"https:\\\/\\\/sindromecharge.es\\\/index.php\\\/2025\\\/01\\\/20\\\/consell-aprobara-nuevas-ayudas-discapacidad-acogimiento-ganaderia\\\/#breadcrumb\",\"itemListElement\":[{\"@type\":\"ListItem\",\"position\":1,\"name\":\"Portada\",\"item\":\"https:\\\/\\\/sindromecharge.es\\\/\"},{\"@type\":\"ListItem\",\"position\":2,\"name\":\"El Consell aprobar\u00e1 nuevas ayudas para discapacidad, acogimiento y ganader\u00eda vinculadas a la DANA\"}]},{\"@type\":\"WebSite\",\"@id\":\"https:\\\/\\\/sindromecharge.es\\\/#website\",\"url\":\"https:\\\/\\\/sindromecharge.es\\\/\",\"name\":\"Asociaci\u00f3n Espa\u00f1ola S\u00edndrome de Charge\",\"description\":\"\",\"potentialAction\":[{\"@type\":\"SearchAction\",\"target\":{\"@type\":\"EntryPoint\",\"urlTemplate\":\"https:\\\/\\\/sindromecharge.es\\\/?s={search_term_string}\"},\"query-input\":{\"@type\":\"PropertyValueSpecification\",\"valueRequired\":true,\"valueName\":\"search_term_string\"}}],\"inLanguage\":\"es\"},{\"@type\":\"Person\",\"@id\":\"https:\\\/\\\/sindromecharge.es\\\/#\\\/schema\\\/person\\\/39a60ebe0a2b4d5a11179701e336b039\",\"name\":\"Charge\",\"image\":{\"@type\":\"ImageObject\",\"inLanguage\":\"es\",\"@id\":\"https:\\\/\\\/secure.gravatar.com\\\/avatar\\\/c3b46e32a0fc3b093a0873fb767bf3293de856293065e84ef06b7ec7a8acfb98?s=96&d=identicon&r=x\",\"url\":\"https:\\\/\\\/secure.gravatar.com\\\/avatar\\\/c3b46e32a0fc3b093a0873fb767bf3293de856293065e84ef06b7ec7a8acfb98?s=96&d=identicon&r=x\",\"contentUrl\":\"https:\\\/\\\/secure.gravatar.com\\\/avatar\\\/c3b46e32a0fc3b093a0873fb767bf3293de856293065e84ef06b7ec7a8acfb98?s=96&d=identicon&r=x\",\"caption\":\"Charge\"},\"url\":\"https:\\\/\\\/sindromecharge.es\\\/index.php\\\/author\\\/admin\\\/\"}]}<\/script>\n<!-- \/ Yoast SEO plugin. -->","yoast_head_json":{"title":"El Consell aprobar\u00e1 nuevas ayudas para discapacidad, acogimiento y ganader\u00eda vinculadas a la DANA - Asociaci\u00f3n Espa\u00f1ola S\u00edndrome de Charge","robots":{"index":"index","follow":"follow","max-snippet":"max-snippet:-1","max-image-preview":"max-image-preview:large","max-video-preview":"max-video-preview:-1"},"canonical":"https:\/\/sindromecharge.es\/index.php\/2025\/01\/20\/consell-aprobara-nuevas-ayudas-discapacidad-acogimiento-ganaderia\/","og_locale":"es_ES","og_type":"article","og_title":"El Consell aprobar\u00e1 nuevas ayudas para discapacidad, acogimiento y ganader\u00eda vinculadas a la DANA - Asociaci\u00f3n Espa\u00f1ola S\u00edndrome de Charge","og_description":"El Gobierno valenciano va a lanzar nuevas ayudas para colectivos espec\u00edficos afectados por la catastr\u00f3fica DANA que arras\u00f3 la provincia de Valencia a finales&#8230;","og_url":"https:\/\/sindromecharge.es\/index.php\/2025\/01\/20\/consell-aprobara-nuevas-ayudas-discapacidad-acogimiento-ganaderia\/","og_site_name":"Asociaci\u00f3n Espa\u00f1ola S\u00edndrome de Charge","article_publisher":"https:\/\/www.facebook.com\/asociacionsindromecharge","article_published_time":"2025-01-20T19:24:33+00:00","og_image":[{"width":300,"height":98,"url":"https:\/\/sindromecharge.es\/wp-content\/uploads\/2013\/09\/logodecharge300x98.png","type":"image\/png"}],"author":"Charge","twitter_card":"summary_large_image","twitter_creator":"@sindromecharge","twitter_site":"@sindromecharge","twitter_misc":{"Escrito por":"Charge","Tiempo de lectura":"3 minutos"},"schema":{"@context":"https:\/\/schema.org","@graph":[{"@type":"Article","@id":"https:\/\/sindromecharge.es\/index.php\/2025\/01\/20\/consell-aprobara-nuevas-ayudas-discapacidad-acogimiento-ganaderia\/#article","isPartOf":{"@id":"https:\/\/sindromecharge.es\/index.php\/2025\/01\/20\/consell-aprobara-nuevas-ayudas-discapacidad-acogimiento-ganaderia\/"},"author":{"name":"Charge","@id":"https:\/\/sindromecharge.es\/#\/schema\/person\/39a60ebe0a2b4d5a11179701e336b039"},"headline":"El Consell aprobar\u00e1 nuevas ayudas para discapacidad, acogimiento y ganader\u00eda vinculadas a la DANA","datePublished":"2025-01-20T19:24:33+00:00","mainEntityOfPage":{"@id":"https:\/\/sindromecharge.es\/index.php\/2025\/01\/20\/consell-aprobara-nuevas-ayudas-discapacidad-acogimiento-ganaderia\/"},"wordCount":626,"articleSection":["noticias"],"inLanguage":"es"},{"@type":"WebPage","@id":"https:\/\/sindromecharge.es\/index.php\/2025\/01\/20\/consell-aprobara-nuevas-ayudas-discapacidad-acogimiento-ganaderia\/","url":"https:\/\/sindromecharge.es\/index.php\/2025\/01\/20\/consell-aprobara-nuevas-ayudas-discapacidad-acogimiento-ganaderia\/","name":"El Consell aprobar\u00e1 nuevas ayudas para discapacidad, acogimiento y ganader\u00eda vinculadas a la DANA - Asociaci\u00f3n Espa\u00f1ola S\u00edndrome de Charge","isPartOf":{"@id":"https:\/\/sindromecharge.es\/#website"},"datePublished":"2025-01-20T19:24:33+00:00","author":{"@id":"https:\/\/sindromecharge.es\/#\/schema\/person\/39a60ebe0a2b4d5a11179701e336b039"},"breadcrumb":{"@id":"https:\/\/sindromecharge.es\/index.php\/2025\/01\/20\/consell-aprobara-nuevas-ayudas-discapacidad-acogimiento-ganaderia\/#breadcrumb"},"inLanguage":"es","potentialAction":[{"@type":"ReadAction","target":["https:\/\/sindromecharge.es\/index.php\/2025\/01\/20\/consell-aprobara-nuevas-ayudas-discapacidad-acogimiento-ganaderia\/"]}]},{"@type":"BreadcrumbList","@id":"https:\/\/sindromecharge.es\/index.php\/2025\/01\/20\/consell-aprobara-nuevas-ayudas-discapacidad-acogimiento-ganaderia\/#breadcrumb","itemListElement":[{"@type":"ListItem","position":1,"name":"Portada","item":"https:\/\/sindromecharge.es\/"},{"@type":"ListItem","position":2,"name":"El Consell aprobar\u00e1 nuevas ayudas para discapacidad, acogimiento y ganader\u00eda vinculadas a la DANA"}]},{"@type":"WebSite","@id":"https:\/\/sindromecharge.es\/#website","url":"https:\/\/sindromecharge.es\/","name":"Asociaci\u00f3n Espa\u00f1ola S\u00edndrome de Charge","description":"","potentialAction":[{"@type":"SearchAction","target":{"@type":"EntryPoint","urlTemplate":"https:\/\/sindromecharge.es\/?s={search_term_string}"},"query-input":{"@type":"PropertyValueSpecification","valueRequired":true,"valueName":"search_term_string"}}],"inLanguage":"es"},{"@type":"Person","@id":"https:\/\/sindromecharge.es\/#\/schema\/person\/39a60ebe0a2b4d5a11179701e336b039","name":"Charge","image":{"@type":"ImageObject","inLanguage":"es","@id":"https:\/\/secure.gravatar.com\/avatar\/c3b46e32a0fc3b093a0873fb767bf3293de856293065e84ef06b7ec7a8acfb98?s=96&d=identicon&r=x","url":"https:\/\/secure.gravatar.com\/avatar\/c3b46e32a0fc3b093a0873fb767bf3293de856293065e84ef06b7ec7a8acfb98?s=96&d=identicon&r=x","contentUrl":"https:\/\/secure.gravatar.com\/avatar\/c3b46e32a0fc3b093a0873fb767bf3293de856293065e84ef06b7ec7a8acfb98?s=96&d=identicon&r=x","caption":"Charge"},"url":"https:\/\/sindromecharge.es\/index.php\/author\/admin\/"}]}},"_links":{"self":[{"href":"https:\/\/sindromecharge.es\/index.php\/wp-json\/wp\/v2\/posts\/10743","targetHints":{"allow":["GET"]}}],"collection":[{"href":"https:\/\/sindromecharge.es\/index.php\/wp-json\/wp\/v2\/posts"}],"about":[{"href":"https:\/\/sindromecharge.es\/index.php\/wp-json\/wp\/v2\/types\/post"}],"author":[{"embeddable":true,"href":"https:\/\/sindromecharge.es\/index.php\/wp-json\/wp\/v2\/users\/1"}],"replies":[{"embeddable":true,"href":"https:\/\/sindromecharge.es\/index.php\/wp-json\/wp\/v2\/comments?post=10743"}],"version-history":[{"count":0,"href":"https:\/\/sindromecharge.es\/index.php\/wp-json\/wp\/v2\/posts\/10743\/revisions"}],"wp:attachment":[{"href":"https:\/\/sindromecharge.es\/index.php\/wp-json\/wp\/v2\/media?parent=10743"}],"wp:term":[{"taxonomy":"category","embeddable":true,"href":"https:\/\/sindromecharge.es\/index.php\/wp-json\/wp\/v2\/categories?post=10743"},{"taxonomy":"post_tag","embeddable":true,"href":"https:\/\/sindromecharge.es\/index.php\/wp-json\/wp\/v2\/tags?post=10743"}],"curies":[{"name":"wp","href":"https:\/\/api.w.org\/{rel}","templated":true}]}}