{"id":10741,"date":"2025-01-20T05:30:04","date_gmt":"2025-01-20T05:30:04","guid":{"rendered":"https:\/\/sindromecharge.es\/index.php\/2025\/01\/20\/urgencias-otra-asignatura-pendiente-atencion-sanitaria-las-persona-con-discapacidad-tienen-que-tener-un-trato-acorde-su-discapacidad\/"},"modified":"2025-01-20T05:30:04","modified_gmt":"2025-01-20T05:30:04","slug":"urgencias-otra-asignatura-pendiente-atencion-sanitaria-las-persona-con-discapacidad-tienen-que-tener-un-trato-acorde-su-discapacidad","status":"publish","type":"post","link":"https:\/\/sindromecharge.es\/index.php\/2025\/01\/20\/urgencias-otra-asignatura-pendiente-atencion-sanitaria-las-persona-con-discapacidad-tienen-que-tener-un-trato-acorde-su-discapacidad\/","title":{"rendered":"Urgencias, otra asignatura pendiente para las personas con discapacidad: \u00abTienen que tener un trato acorde\u00bb"},"content":{"rendered":"<p>Leemos en Discapacidad la siguiente noticia que os reproducimos de forma \u00edntegra: <\/p>\n<div>\n<p>La <a href=\"https:\/\/www.20minutos.es\/minuteca\/accesibilidad\/\" title=\"Accesibilidad\" target=\"_blank\">accesibilidad <\/a>sigue siendo una asignatura pendiente en nuestra sociedad o, mejor dicho, la falta de esta, pues dificulta la <a href=\"https:\/\/www.20minutos.es\/minuteca\/inclusion\/\" title=\"Inclusi\u00f3n\" target=\"_blank\">inclusi\u00f3n<\/a> plena de las personas con <b><a href=\"https:\/\/www.20minutos.es\/minuteca\/discapacidad\/\" title=\"Discapacidad\" target=\"_blank\">discapacidad<\/a><\/b>. Cuando esta falta de accesibilidad se produce, adem\u00e1s, en <b>entornos sanitarios<\/b>, especialmente en las urgencias y las emergencias, el problema es a\u00fan mayor, pues puede incluso comprometerse a salud de las propias personas con discapacidad.<\/p>\n<p>A la falta de accesibilidad se une que, en muchos casos<b>, el personal sanitario no tiene formaci\u00f3n en materia de discapacidad<\/b>, lo que dificulta a\u00fan m\u00e1s la atenci\u00f3n sanitaria de estas personas.<\/p>\n<p>Para paliar esta falta de accesibilidad y de formaci\u00f3n, el<b> Grupo Social <a href=\"https:\/\/www.20minutos.es\/minuteca\/once\/\" title=\"ONCE\" target=\"_blank\">ONCE<\/a><\/b> y la<b> Sociedad Espa\u00f1ola de Medicina de Urgencias y Emergencias (SEMES)<\/b> han firmado un convenio de colaboraci\u00f3n, destinado a mejorar el acceso y la atenci\u00f3n de los servicios de urgencias y emergencias m\u00e9dicas de las personas con discapacidad, \u00ablo m\u00e1s importante del convenio es que nos obliga a ponernos una serie de compromisos y objetivos que hay que cumplir para poder seguir avanzando en el bienestar y en el acceso de las personas con discapacidad en el \u00e1mbito sanitario, y en este caso en concreto, en el \u00e1mbito de la medicina de urgencia y emergencia\u00bb, asegura <b>Eusebio Azor\u00edn<\/b>, Garc\u00eda Director de Relaciones Institucionales y del \u00e1rea Sanitaria y Sociosanitaria del Grupo Social ONCE.<\/p>\n<p>Para el Dr. Tato V\u00e1zquez, presidente de SEMES, \u00abel objetivo de este convenio social es <b>ayudar a perfeccionar la atenci\u00f3n a las personas con discapacidad<\/b> tanto en los <b>Servicios de Urgencias Hospitalarias (SUH) como en los de Emergencias (SEM)<\/b>. Mejorar la calidad tanto de vida como asistencial de nuestros pacientes es uno de nuestros mayores prop\u00f3sitos, as\u00ed como visibilizar las necesidades del colectivo de personas con ceguera, o con deficiencia visual grave, y con discapacidad en general\u00bb.<\/p>\n<h2>Talleres formativos y de accesibilidad<\/h2>\n<p>Los sanitarios, al igual que ocurre a la poblaci\u00f3n general, en muchas ocasiones no saben<b> c\u00f3mo tratar o dirigirse a una persona con discapacidad.<\/b> Eso, trasladado a un entorno hospitalario en un \u00e1mbito de urgencias, puede dar lugar a <b>situaciones que perjudiquen mucho la atenci\u00f3n de estas personas<\/b>, \u00abtodas las discapacidades se encuentran con problemas. Los personas ciegas cuando van un hospital, si no van acompa\u00f1ados, se pierden, por no hablar de las personas sordas o sordociegas, que encuentran <b>problemas en la comunicaci\u00f3n<\/b>, y tienen que buscar herramientas para que puedan comunicarse y contar cu\u00e1l es la problem\u00e1tica de salud. E incluso nos encontramos todav\u00eda -aunque en eso se ha avanzado m\u00e1s- que personas en<a href=\"https:\/\/www.20minutos.es\/minuteca\/silla-de-ruedas\/\" title=\"Silla de ruedas\" target=\"_blank\"> silla de ruedas<\/a> se encuentran con dificultades para acceder a los centros sanitarios, que tienen que dar la vuelta para encontrar una rampa\u2026\u00bb.<\/p>\n<h1>Nos encontramos todav\u00eda que personas en silla de ruedas se encuentran con dificultades para acceder a los centros sanitarios o que tienen que dar la vuelta para encontrar una rampa<\/h1>\n<p>Si todas estas dificultades se dan un contexto de emergencia, la falta de <b>accesibilidad universal<\/b> podr\u00eda incluso poner en riesgo la vida del paciente, de ah\u00ed que una de las cuestiones clave de este convenio sea la formaci\u00f3n, \u00abel Convenio recoge talleres formativos, acciones que promuevan el conocimiento y las mejoras de calidad de la <b>asistencia sanitaria de las personas con discapacidad<\/b>, adem\u00e1s de la difusi\u00f3n y la comunicaci\u00f3n de estos eventos, que van a tener lugar varias veces a lo largo del a\u00f1o. Para ello, vamos a contar tambi\u00e9n con voluntariado que colabore en el \u00e1rea de emergencias\u00bb.<\/p>\n<p>Por otro lado, se va a poner hincapi\u00e9 en la promoci\u00f3n de la accesibilidad universal, para lo que, tambi\u00e9n desde ONCE dieron un importante paso hace unos meses, \u00abdesde el grupo social ONCE, desde Ilunion, hemos publicado el libro <i><a href=\"https:\/\/www.ilunionconsultoria.com\/sites\/default\/files\/Manual-Accesibilidad-Hospitales.pdf\" rel=\"nofollow\" target=\"_blank\">La accesibilidad 360 en los entornos hospitalarios<\/a><\/i>, un documento en el que ha participado durante tres a\u00f1os un equipo multidisciplinar de personas, desde gestores sanitarios, pacientes, universidades, ministerios, Cermi\u2026 El objetivo es que los profesionales que tengan que tomar decisiones en estos entorno<b>s sepan c\u00f3mo trabajar para hacer accesibles 360 los puntos sanitarios<\/b>\u00ab.<\/p>\n<h2>M\u00e1s sensibilizaci\u00f3n<\/h2>\n<p>Otro de los pilares de este convenio es la<b> sensibilizaci\u00f3n<\/b>, por eso las <b>formaciones y talleres se dar\u00e1n en los propios centros sanitarios<\/b>, \u00abllegamos a un acuerdo con los centros sanitarios para que sea nuestro personal especializado el que se re\u00fana con ellos y le den una serie de claves y pautas a seguir para que la atenci\u00f3n sea la adecuada\u00bb.<\/p>\n<p>La idea ser\u00eda, como explica Eusebio Azor\u00edn,<b> humanizar esa atenci\u00f3n<\/b>, formarles para que sepan qu\u00e9 necesitan las personas con discapacidad en esos momentos, \u00abcuando alguien va a un centro hospitalario, va con una preocupaci\u00f3n, nerviosismo\u2026 por eso necesitamos, primero, accesibilidad, poder acceder a los centros sanitarios cuando tenemos una urgencia, y segundo, sensibilidad por parte de los profesionales cuando estamos en una situaci\u00f3n de debilidad. Entiendo que en los hospitales tienen mucha presi\u00f3n, y est\u00e1n desbordados, pero hay que trabajar para que, cuando una persona con discapacidad acuda a ellos con un problema, se pongan en su lugar, tengan sensibilidad. Desde ONCE tenemos unas<b> jornadas de humanizaci\u00f3n y excelencia en la gesti\u00f3n sanitaria<\/b>, donde recorremos todas las comunidades aut\u00f3nomas trabajando en la humanizaci\u00f3n de la sanidad, que mucho tiene que ver con el tema de la accesibilidad\u00bb.<\/p>\n<h1>Las personas con discapacidad son pacientes como cualquier otro, pero tienen que tener una atenci\u00f3n espec\u00edfica, acorde a su discapacidad<\/h1>\n<p>En muchas ocasiones, las personas con discapacidad van acompa\u00f1ados, pero no siempre, y los profesionales deber\u00edan estar preparados para atenderlos igualmente, \u00absi en una urgencia, me llega un paciente sordo o sordociego, tiene que hacerse entender, aunque no vaya acompa\u00f1ado, y <b>el profesional tiene que tener una serie de claves para saber c\u00f3mo comunicarse<\/b> con esa persona. Lo ideal, en estos casos, es que vaya acompa\u00f1ado en un int\u00e9rprete, pero no siempre es posible, o puede estar solo en casa, pasarle algo por la calle\u2026\u00bb.<\/p>\n<p>Desde ONCE ha conseguido, por ejemplo, que una persona ciega vaya a urgencias con un perro gu\u00eda, pero su objetivo es que, medidas como esta, que facilitan tanto la atenci\u00f3n de estas personas<b>, se extiendan a otras discapacidades<\/b>, \u00aben el caso de los perros gu\u00eda, hemos hecho importantes avances, hay una sensibilizaci\u00f3n grande, pero eso hay que extenderlo a otra discapacidad, y de ah\u00ed este convenio, para que haya una mayor implicaci\u00f3n de otras partes, para<b> que se conozca el mundo de la discapacidad<\/b> y que esto llegue a todas las personas con discapacidad\u00bb.<\/p>\n<p>Este tipo de convenios, aunque sea entre entidades, suponen pasos de gigante del que, a\u00f1aden, \u00abse benefician todos, tambi\u00e9n la administraci\u00f3n en general, porque lo vamos a aplicar en hospitales, centros de salud\u2026 y todo con el mismo objetivo, sensibilizar a todo el \u00e1mbito sanitario de que las personas con discapacidad tienen que tener un trato acorde a su discapacidad, porque<b> son pacientes como cualquier otro<\/b>, pero por su circunstancia de discapacidad, tienen que tener un tratamiento espec\u00edfico\u00bb. <\/p>\n<\/div>\n<p>Fuente: Discapacidad https:\/\/www.20minutos.es\/noticia\/5673608\/0\/urgencias-otra-asignatura-pendiente-atencion-sanitaria-las-persona-con-discapacidad-tienen-que-tener-un-trato-acorde-su-discapacidad\/<\/p>\n","protected":false},"excerpt":{"rendered":"<p>Grupo Social ONCE y la Sociedad Espa\u00f1ola de Medicina de Urgencias y Emergencias (SEMES) acaban de firmar un convenio para mejorar la atenci\u00f3n de las personas con discapacidad en urgencias.<\/p>\n","protected":false},"author":1,"featured_media":0,"comment_status":"closed","ping_status":"closed","sticky":false,"template":"","format":"standard","meta":{"footnotes":""},"categories":[8],"tags":[],"class_list":["post-10741","post","type-post","status-publish","format-standard","hentry","category-noticias"],"yoast_head":"<!-- This site is optimized with the Yoast SEO plugin v27.4 - https:\/\/yoast.com\/product\/yoast-seo-wordpress\/ -->\n<title>Urgencias, otra asignatura pendiente para las personas con discapacidad: &quot;Tienen que tener un trato acorde&quot; - Asociaci\u00f3n Espa\u00f1ola S\u00edndrome de Charge<\/title>\n<meta name=\"robots\" content=\"index, follow, max-snippet:-1, max-image-preview:large, max-video-preview:-1\" \/>\n<link rel=\"canonical\" href=\"https:\/\/sindromecharge.es\/index.php\/2025\/01\/20\/urgencias-otra-asignatura-pendiente-atencion-sanitaria-las-persona-con-discapacidad-tienen-que-tener-un-trato-acorde-su-discapacidad\/\" \/>\n<meta property=\"og:locale\" content=\"es_ES\" \/>\n<meta property=\"og:type\" content=\"article\" \/>\n<meta property=\"og:title\" content=\"Urgencias, otra asignatura pendiente para las personas con discapacidad: &quot;Tienen que tener un trato acorde&quot; - Asociaci\u00f3n Espa\u00f1ola S\u00edndrome de Charge\" \/>\n<meta property=\"og:description\" content=\"Grupo Social ONCE y la Sociedad Espa\u00f1ola de Medicina de Urgencias y Emergencias (SEMES) acaban de firmar un convenio para mejorar la atenci\u00f3n de las personas con discapacidad en urgencias.\" \/>\n<meta property=\"og:url\" content=\"https:\/\/sindromecharge.es\/index.php\/2025\/01\/20\/urgencias-otra-asignatura-pendiente-atencion-sanitaria-las-persona-con-discapacidad-tienen-que-tener-un-trato-acorde-su-discapacidad\/\" \/>\n<meta property=\"og:site_name\" content=\"Asociaci\u00f3n Espa\u00f1ola S\u00edndrome de Charge\" \/>\n<meta property=\"article:publisher\" content=\"https:\/\/www.facebook.com\/asociacionsindromecharge\" \/>\n<meta property=\"article:published_time\" content=\"2025-01-20T05:30:04+00:00\" \/>\n<meta property=\"og:image\" content=\"https:\/\/sindromecharge.es\/wp-content\/uploads\/2013\/09\/logodecharge300x98.png\" \/>\n\t<meta property=\"og:image:width\" content=\"300\" \/>\n\t<meta property=\"og:image:height\" content=\"98\" \/>\n\t<meta property=\"og:image:type\" content=\"image\/png\" \/>\n<meta name=\"author\" content=\"Charge\" \/>\n<meta name=\"twitter:card\" content=\"summary_large_image\" \/>\n<meta name=\"twitter:creator\" content=\"@sindromecharge\" \/>\n<meta name=\"twitter:site\" content=\"@sindromecharge\" \/>\n<meta name=\"twitter:label1\" content=\"Escrito por\" \/>\n\t<meta name=\"twitter:data1\" content=\"Charge\" \/>\n\t<meta name=\"twitter:label2\" content=\"Tiempo de lectura\" \/>\n\t<meta name=\"twitter:data2\" content=\"6 minutos\" \/>\n<script type=\"application\/ld+json\" class=\"yoast-schema-graph\">{\"@context\":\"https:\\\/\\\/schema.org\",\"@graph\":[{\"@type\":\"Article\",\"@id\":\"https:\\\/\\\/sindromecharge.es\\\/index.php\\\/2025\\\/01\\\/20\\\/urgencias-otra-asignatura-pendiente-atencion-sanitaria-las-persona-con-discapacidad-tienen-que-tener-un-trato-acorde-su-discapacidad\\\/#article\",\"isPartOf\":{\"@id\":\"https:\\\/\\\/sindromecharge.es\\\/index.php\\\/2025\\\/01\\\/20\\\/urgencias-otra-asignatura-pendiente-atencion-sanitaria-las-persona-con-discapacidad-tienen-que-tener-un-trato-acorde-su-discapacidad\\\/\"},\"author\":{\"name\":\"Charge\",\"@id\":\"https:\\\/\\\/sindromecharge.es\\\/#\\\/schema\\\/person\\\/39a60ebe0a2b4d5a11179701e336b039\"},\"headline\":\"Urgencias, otra asignatura pendiente para las personas con discapacidad: \u00abTienen que tener un trato acorde\u00bb\",\"datePublished\":\"2025-01-20T05:30:04+00:00\",\"mainEntityOfPage\":{\"@id\":\"https:\\\/\\\/sindromecharge.es\\\/index.php\\\/2025\\\/01\\\/20\\\/urgencias-otra-asignatura-pendiente-atencion-sanitaria-las-persona-con-discapacidad-tienen-que-tener-un-trato-acorde-su-discapacidad\\\/\"},\"wordCount\":1244,\"articleSection\":[\"noticias\"],\"inLanguage\":\"es\"},{\"@type\":\"WebPage\",\"@id\":\"https:\\\/\\\/sindromecharge.es\\\/index.php\\\/2025\\\/01\\\/20\\\/urgencias-otra-asignatura-pendiente-atencion-sanitaria-las-persona-con-discapacidad-tienen-que-tener-un-trato-acorde-su-discapacidad\\\/\",\"url\":\"https:\\\/\\\/sindromecharge.es\\\/index.php\\\/2025\\\/01\\\/20\\\/urgencias-otra-asignatura-pendiente-atencion-sanitaria-las-persona-con-discapacidad-tienen-que-tener-un-trato-acorde-su-discapacidad\\\/\",\"name\":\"Urgencias, otra asignatura pendiente para las personas con discapacidad: \\\"Tienen que tener un trato acorde\\\" - Asociaci\u00f3n Espa\u00f1ola S\u00edndrome de Charge\",\"isPartOf\":{\"@id\":\"https:\\\/\\\/sindromecharge.es\\\/#website\"},\"datePublished\":\"2025-01-20T05:30:04+00:00\",\"author\":{\"@id\":\"https:\\\/\\\/sindromecharge.es\\\/#\\\/schema\\\/person\\\/39a60ebe0a2b4d5a11179701e336b039\"},\"breadcrumb\":{\"@id\":\"https:\\\/\\\/sindromecharge.es\\\/index.php\\\/2025\\\/01\\\/20\\\/urgencias-otra-asignatura-pendiente-atencion-sanitaria-las-persona-con-discapacidad-tienen-que-tener-un-trato-acorde-su-discapacidad\\\/#breadcrumb\"},\"inLanguage\":\"es\",\"potentialAction\":[{\"@type\":\"ReadAction\",\"target\":[\"https:\\\/\\\/sindromecharge.es\\\/index.php\\\/2025\\\/01\\\/20\\\/urgencias-otra-asignatura-pendiente-atencion-sanitaria-las-persona-con-discapacidad-tienen-que-tener-un-trato-acorde-su-discapacidad\\\/\"]}]},{\"@type\":\"BreadcrumbList\",\"@id\":\"https:\\\/\\\/sindromecharge.es\\\/index.php\\\/2025\\\/01\\\/20\\\/urgencias-otra-asignatura-pendiente-atencion-sanitaria-las-persona-con-discapacidad-tienen-que-tener-un-trato-acorde-su-discapacidad\\\/#breadcrumb\",\"itemListElement\":[{\"@type\":\"ListItem\",\"position\":1,\"name\":\"Portada\",\"item\":\"https:\\\/\\\/sindromecharge.es\\\/\"},{\"@type\":\"ListItem\",\"position\":2,\"name\":\"Urgencias, otra asignatura pendiente para las personas con discapacidad: &#8220;Tienen que tener un trato acorde&#8221;\"}]},{\"@type\":\"WebSite\",\"@id\":\"https:\\\/\\\/sindromecharge.es\\\/#website\",\"url\":\"https:\\\/\\\/sindromecharge.es\\\/\",\"name\":\"Asociaci\u00f3n Espa\u00f1ola S\u00edndrome de Charge\",\"description\":\"\",\"potentialAction\":[{\"@type\":\"SearchAction\",\"target\":{\"@type\":\"EntryPoint\",\"urlTemplate\":\"https:\\\/\\\/sindromecharge.es\\\/?s={search_term_string}\"},\"query-input\":{\"@type\":\"PropertyValueSpecification\",\"valueRequired\":true,\"valueName\":\"search_term_string\"}}],\"inLanguage\":\"es\"},{\"@type\":\"Person\",\"@id\":\"https:\\\/\\\/sindromecharge.es\\\/#\\\/schema\\\/person\\\/39a60ebe0a2b4d5a11179701e336b039\",\"name\":\"Charge\",\"image\":{\"@type\":\"ImageObject\",\"inLanguage\":\"es\",\"@id\":\"https:\\\/\\\/secure.gravatar.com\\\/avatar\\\/c3b46e32a0fc3b093a0873fb767bf3293de856293065e84ef06b7ec7a8acfb98?s=96&d=identicon&r=x\",\"url\":\"https:\\\/\\\/secure.gravatar.com\\\/avatar\\\/c3b46e32a0fc3b093a0873fb767bf3293de856293065e84ef06b7ec7a8acfb98?s=96&d=identicon&r=x\",\"contentUrl\":\"https:\\\/\\\/secure.gravatar.com\\\/avatar\\\/c3b46e32a0fc3b093a0873fb767bf3293de856293065e84ef06b7ec7a8acfb98?s=96&d=identicon&r=x\",\"caption\":\"Charge\"},\"url\":\"https:\\\/\\\/sindromecharge.es\\\/index.php\\\/author\\\/admin\\\/\"}]}<\/script>\n<!-- \/ Yoast SEO plugin. -->","yoast_head_json":{"title":"Urgencias, otra asignatura pendiente para las personas con discapacidad: \"Tienen que tener un trato acorde\" - Asociaci\u00f3n Espa\u00f1ola S\u00edndrome de Charge","robots":{"index":"index","follow":"follow","max-snippet":"max-snippet:-1","max-image-preview":"max-image-preview:large","max-video-preview":"max-video-preview:-1"},"canonical":"https:\/\/sindromecharge.es\/index.php\/2025\/01\/20\/urgencias-otra-asignatura-pendiente-atencion-sanitaria-las-persona-con-discapacidad-tienen-que-tener-un-trato-acorde-su-discapacidad\/","og_locale":"es_ES","og_type":"article","og_title":"Urgencias, otra asignatura pendiente para las personas con discapacidad: \"Tienen que tener un trato acorde\" - Asociaci\u00f3n Espa\u00f1ola S\u00edndrome de Charge","og_description":"Grupo Social ONCE y la Sociedad Espa\u00f1ola de Medicina de Urgencias y Emergencias (SEMES) acaban de firmar un convenio para mejorar la atenci\u00f3n de las personas con discapacidad en urgencias.","og_url":"https:\/\/sindromecharge.es\/index.php\/2025\/01\/20\/urgencias-otra-asignatura-pendiente-atencion-sanitaria-las-persona-con-discapacidad-tienen-que-tener-un-trato-acorde-su-discapacidad\/","og_site_name":"Asociaci\u00f3n Espa\u00f1ola S\u00edndrome de Charge","article_publisher":"https:\/\/www.facebook.com\/asociacionsindromecharge","article_published_time":"2025-01-20T05:30:04+00:00","og_image":[{"width":300,"height":98,"url":"https:\/\/sindromecharge.es\/wp-content\/uploads\/2013\/09\/logodecharge300x98.png","type":"image\/png"}],"author":"Charge","twitter_card":"summary_large_image","twitter_creator":"@sindromecharge","twitter_site":"@sindromecharge","twitter_misc":{"Escrito por":"Charge","Tiempo de lectura":"6 minutos"},"schema":{"@context":"https:\/\/schema.org","@graph":[{"@type":"Article","@id":"https:\/\/sindromecharge.es\/index.php\/2025\/01\/20\/urgencias-otra-asignatura-pendiente-atencion-sanitaria-las-persona-con-discapacidad-tienen-que-tener-un-trato-acorde-su-discapacidad\/#article","isPartOf":{"@id":"https:\/\/sindromecharge.es\/index.php\/2025\/01\/20\/urgencias-otra-asignatura-pendiente-atencion-sanitaria-las-persona-con-discapacidad-tienen-que-tener-un-trato-acorde-su-discapacidad\/"},"author":{"name":"Charge","@id":"https:\/\/sindromecharge.es\/#\/schema\/person\/39a60ebe0a2b4d5a11179701e336b039"},"headline":"Urgencias, otra asignatura pendiente para las personas con discapacidad: \u00abTienen que tener un trato acorde\u00bb","datePublished":"2025-01-20T05:30:04+00:00","mainEntityOfPage":{"@id":"https:\/\/sindromecharge.es\/index.php\/2025\/01\/20\/urgencias-otra-asignatura-pendiente-atencion-sanitaria-las-persona-con-discapacidad-tienen-que-tener-un-trato-acorde-su-discapacidad\/"},"wordCount":1244,"articleSection":["noticias"],"inLanguage":"es"},{"@type":"WebPage","@id":"https:\/\/sindromecharge.es\/index.php\/2025\/01\/20\/urgencias-otra-asignatura-pendiente-atencion-sanitaria-las-persona-con-discapacidad-tienen-que-tener-un-trato-acorde-su-discapacidad\/","url":"https:\/\/sindromecharge.es\/index.php\/2025\/01\/20\/urgencias-otra-asignatura-pendiente-atencion-sanitaria-las-persona-con-discapacidad-tienen-que-tener-un-trato-acorde-su-discapacidad\/","name":"Urgencias, otra asignatura pendiente para las personas con discapacidad: \"Tienen que tener un trato acorde\" - Asociaci\u00f3n Espa\u00f1ola S\u00edndrome de Charge","isPartOf":{"@id":"https:\/\/sindromecharge.es\/#website"},"datePublished":"2025-01-20T05:30:04+00:00","author":{"@id":"https:\/\/sindromecharge.es\/#\/schema\/person\/39a60ebe0a2b4d5a11179701e336b039"},"breadcrumb":{"@id":"https:\/\/sindromecharge.es\/index.php\/2025\/01\/20\/urgencias-otra-asignatura-pendiente-atencion-sanitaria-las-persona-con-discapacidad-tienen-que-tener-un-trato-acorde-su-discapacidad\/#breadcrumb"},"inLanguage":"es","potentialAction":[{"@type":"ReadAction","target":["https:\/\/sindromecharge.es\/index.php\/2025\/01\/20\/urgencias-otra-asignatura-pendiente-atencion-sanitaria-las-persona-con-discapacidad-tienen-que-tener-un-trato-acorde-su-discapacidad\/"]}]},{"@type":"BreadcrumbList","@id":"https:\/\/sindromecharge.es\/index.php\/2025\/01\/20\/urgencias-otra-asignatura-pendiente-atencion-sanitaria-las-persona-con-discapacidad-tienen-que-tener-un-trato-acorde-su-discapacidad\/#breadcrumb","itemListElement":[{"@type":"ListItem","position":1,"name":"Portada","item":"https:\/\/sindromecharge.es\/"},{"@type":"ListItem","position":2,"name":"Urgencias, otra asignatura pendiente para las personas con discapacidad: &#8220;Tienen que tener un trato acorde&#8221;"}]},{"@type":"WebSite","@id":"https:\/\/sindromecharge.es\/#website","url":"https:\/\/sindromecharge.es\/","name":"Asociaci\u00f3n Espa\u00f1ola S\u00edndrome de Charge","description":"","potentialAction":[{"@type":"SearchAction","target":{"@type":"EntryPoint","urlTemplate":"https:\/\/sindromecharge.es\/?s={search_term_string}"},"query-input":{"@type":"PropertyValueSpecification","valueRequired":true,"valueName":"search_term_string"}}],"inLanguage":"es"},{"@type":"Person","@id":"https:\/\/sindromecharge.es\/#\/schema\/person\/39a60ebe0a2b4d5a11179701e336b039","name":"Charge","image":{"@type":"ImageObject","inLanguage":"es","@id":"https:\/\/secure.gravatar.com\/avatar\/c3b46e32a0fc3b093a0873fb767bf3293de856293065e84ef06b7ec7a8acfb98?s=96&d=identicon&r=x","url":"https:\/\/secure.gravatar.com\/avatar\/c3b46e32a0fc3b093a0873fb767bf3293de856293065e84ef06b7ec7a8acfb98?s=96&d=identicon&r=x","contentUrl":"https:\/\/secure.gravatar.com\/avatar\/c3b46e32a0fc3b093a0873fb767bf3293de856293065e84ef06b7ec7a8acfb98?s=96&d=identicon&r=x","caption":"Charge"},"url":"https:\/\/sindromecharge.es\/index.php\/author\/admin\/"}]}},"_links":{"self":[{"href":"https:\/\/sindromecharge.es\/index.php\/wp-json\/wp\/v2\/posts\/10741","targetHints":{"allow":["GET"]}}],"collection":[{"href":"https:\/\/sindromecharge.es\/index.php\/wp-json\/wp\/v2\/posts"}],"about":[{"href":"https:\/\/sindromecharge.es\/index.php\/wp-json\/wp\/v2\/types\/post"}],"author":[{"embeddable":true,"href":"https:\/\/sindromecharge.es\/index.php\/wp-json\/wp\/v2\/users\/1"}],"replies":[{"embeddable":true,"href":"https:\/\/sindromecharge.es\/index.php\/wp-json\/wp\/v2\/comments?post=10741"}],"version-history":[{"count":0,"href":"https:\/\/sindromecharge.es\/index.php\/wp-json\/wp\/v2\/posts\/10741\/revisions"}],"wp:attachment":[{"href":"https:\/\/sindromecharge.es\/index.php\/wp-json\/wp\/v2\/media?parent=10741"}],"wp:term":[{"taxonomy":"category","embeddable":true,"href":"https:\/\/sindromecharge.es\/index.php\/wp-json\/wp\/v2\/categories?post=10741"},{"taxonomy":"post_tag","embeddable":true,"href":"https:\/\/sindromecharge.es\/index.php\/wp-json\/wp\/v2\/tags?post=10741"}],"curies":[{"name":"wp","href":"https:\/\/api.w.org\/{rel}","templated":true}]}}