{"id":10738,"date":"2025-01-18T07:39:45","date_gmt":"2025-01-18T07:39:45","guid":{"rendered":"https:\/\/sindromecharge.es\/index.php\/2025\/01\/18\/tardan-demasiado-valorarte-discapacidad-puedes-poner-una-queja-defensor-pueblo\/"},"modified":"2025-01-18T07:39:45","modified_gmt":"2025-01-18T07:39:45","slug":"tardan-demasiado-valorarte-discapacidad-puedes-poner-una-queja-defensor-pueblo","status":"publish","type":"post","link":"https:\/\/sindromecharge.es\/index.php\/2025\/01\/18\/tardan-demasiado-valorarte-discapacidad-puedes-poner-una-queja-defensor-pueblo\/","title":{"rendered":"El Defensor del Pueblo invita a poner una queja a aquellos que sufran retrasos en la valoraci\u00f3n de la discapacidad"},"content":{"rendered":"<p>Leemos en Discapacidad la siguiente noticia que os reproducimos de forma \u00edntegra: <\/p>\n<div>\n<p>Las <b>listas de espera<\/b>, tanto para la valoraci\u00f3n del grado de <a href=\"https:\/\/www.20minutos.es\/minuteca\/dependencia\/\" title=\"Dependencia\" target=\"_blank\">dependencia<\/a> como para valorar la <a href=\"https:\/\/www.20minutos.es\/minuteca\/discapacidad\/\" title=\"Discapacidad\" target=\"_blank\">discapacidad<\/a> no dejan de crecer, hasta el punto de que en algunas comunidades aut\u00f3nomas la espera para una valoraci\u00f3n -que no la resoluci\u00f3n- es de m\u00e1s de dos a\u00f1os, de media.<\/p>\n<p>El <a href=\"https:\/\/www.20minutos.es\/minuteca\/defensor-del-pueblo\/\" title=\"Defensor del Pueblo\" target=\"_blank\">Defensor del Pueblo<\/a>, <a href=\"https:\/\/www.20minutos.es\/minuteca\/angel-gabilondo\/\" title=\"\u00c1ngel Gabilondo\" target=\"_blank\">\u00c1ngel Gabilondo<\/a>, anunci\u00f3 hace unos meses que <a href=\"https:\/\/www.defensordelpueblo.es\/noticias\/actuacion-oficio-3-5\/\" target=\"_blank\" rel=\"nofollow\">hab\u00eda iniciado actuaciones de oficio <\/a>con los departamentos competentes de las comunidades aut\u00f3nomas y las ciudades aut\u00f3nomas de Ceuta y Melilla para recabar informaci\u00f3n sobre las<b> demoras que se est\u00e1n produciendo en la valoraci\u00f3n de personas con discapacidad<\/b>. El motivo: que el n\u00famero de quejas de los ciudadanos por esta causa<b> se ha triplicado en los \u00faltimos cinco a\u00f1os y<\/b>, seg\u00fan ha podido constatar la instituci\u00f3n, los retrasos llegan a ser de hasta tres a\u00f1os en algunas regiones.<\/p>\n<p>Pero, <b>\u00bfse puede hacer algo ante esta demora adem\u00e1s de esperar -o desesperar-?<\/b> Lo cierto es que s\u00ed, pues es el propio Defensor del Pueblo el que invitar a poner una queja en esta instituci\u00f3n, especialmente tras la entrada en vigor del <a href=\"https:\/\/www.boe.es\/diario_boe\/txt.php?id=BOE-A-2022-17105\" rel=\"nofollow\" target=\"_blank\">Real Decreto 888\/2022<\/a>, que establece un plazo m\u00e1ximo de seis meses para resolver las solicitudes de reconocimiento o revisi\u00f3n de la discapacidad.<\/p>\n<p>Por tanto, todas aquellas personas que, tras haber solicitado una valoraci\u00f3n del grado de discapacidad y<b>, tras seis meses de espera<\/b>, a\u00fan no tiene respuesta de la administraci\u00f3n -en este caso, de la comunidad aut\u00f3noma en la que se resida-, pueden presentar una queja en el Defensor del Pueblo.<\/p>\n<h2>C\u00f3mo presentar una queja al Defensor del Pueblo<\/h2>\n<p>Existen var\u00edas v\u00edas para poner una queja en el Defensor del pueblo.<\/p>\n<p>Por un lado, se puede hacer <a href=\"https:\/\/www.defensordelpueblo.es\/noticias\/actuacion-oficio-3-5\/\" target=\"_blank\" rel=\"nofollow\">v\u00eda telem\u00e1tica a trav\u00e9s de este enlace<\/a>, en la que hay que exponer los motivos de la queja y adjuntar la informaci\u00f3n v\u00eda telem\u00e1tica.<\/p>\n<p>Si se prefiere, tambi\u00e9n se puede descargar este formulario en formato pdf de <a href=\"https:\/\/www.defensordelpueblo.es\/wp-content\/uploads\/2016\/05\/FormularioQuejasOffline.pdf\" target=\"_blank\" rel=\"nofollow\">este enlace<\/a> y mandarlo cumplimentado a registro@defensordelpueblo.es<\/p>\n<p>Los que prefieran<b> v\u00edas m\u00e1s anal\u00f3gicas <\/b>pueden llamar al gratuitamente desde Espa\u00f1a al <b>900 101 025<\/b> (en horario de 9 a 14 horas y de 16 a 18 horas salvo festivos) y desde el extranjero al <b>(+34) 91 432 62 91 <\/b>(coste seg\u00fan operador), remitir el formulario por correo postal (c\/ Zurbano, 42, Madrid) o por fax (91 308 11 58) o, por \u00faltimo, acercarse presencialmente de lunes a viernes de 9 a 14 horas a la <b>Calle Zurbano, 42, de Madrid<\/b> y poner la queja en persona.<\/p>\n<p>Adem\u00e1s de la posibilidad de ayudar a agilizar el tr\u00e1mite, es una forma de ayudar a que el Defensor del Pueblo sea consciente de esta problem\u00e1tica, que afecta a cada vez m\u00e1s personas con discapacidad y sus familias.<\/p>\n<\/div>\n<p>Fuente: Discapacidad https:\/\/www.20minutos.es\/noticia\/5673255\/0\/tardan-demasiado-valorarte-discapacidad-puedes-poner-una-queja-defensor-pueblo\/<\/p>\n","protected":false},"excerpt":{"rendered":"<p>El Real Decreto 888\/2022 establece un plazo de espera m\u00e1ximo de seis meses para recibir una respuesta de la administraci\u00f3n, pero la realidad es que los plazos son mucho mayores en la mayor\u00eda de los casos.<\/p>\n","protected":false},"author":1,"featured_media":0,"comment_status":"closed","ping_status":"closed","sticky":false,"template":"","format":"standard","meta":{"footnotes":""},"categories":[8],"tags":[],"class_list":["post-10738","post","type-post","status-publish","format-standard","hentry","category-noticias"],"yoast_head":"<!-- This site is optimized with the Yoast SEO plugin v27.4 - https:\/\/yoast.com\/product\/yoast-seo-wordpress\/ -->\n<title>El Defensor del Pueblo invita a poner una queja a aquellos que sufran retrasos en la valoraci\u00f3n de la discapacidad - Asociaci\u00f3n Espa\u00f1ola S\u00edndrome de Charge<\/title>\n<meta name=\"robots\" content=\"index, follow, max-snippet:-1, max-image-preview:large, max-video-preview:-1\" \/>\n<link rel=\"canonical\" href=\"https:\/\/sindromecharge.es\/index.php\/2025\/01\/18\/tardan-demasiado-valorarte-discapacidad-puedes-poner-una-queja-defensor-pueblo\/\" \/>\n<meta property=\"og:locale\" content=\"es_ES\" \/>\n<meta property=\"og:type\" content=\"article\" \/>\n<meta property=\"og:title\" content=\"El Defensor del Pueblo invita a poner una queja a aquellos que sufran retrasos en la valoraci\u00f3n de la discapacidad - Asociaci\u00f3n Espa\u00f1ola S\u00edndrome de Charge\" \/>\n<meta property=\"og:description\" content=\"El Real Decreto 888\/2022 establece un plazo de espera m\u00e1ximo de seis meses para recibir una respuesta de la administraci\u00f3n, pero la realidad es que los plazos son mucho mayores en la mayor\u00eda de los casos.\" \/>\n<meta property=\"og:url\" content=\"https:\/\/sindromecharge.es\/index.php\/2025\/01\/18\/tardan-demasiado-valorarte-discapacidad-puedes-poner-una-queja-defensor-pueblo\/\" \/>\n<meta property=\"og:site_name\" content=\"Asociaci\u00f3n Espa\u00f1ola S\u00edndrome de Charge\" \/>\n<meta property=\"article:publisher\" content=\"https:\/\/www.facebook.com\/asociacionsindromecharge\" \/>\n<meta property=\"article:published_time\" content=\"2025-01-18T07:39:45+00:00\" \/>\n<meta property=\"og:image\" content=\"https:\/\/sindromecharge.es\/wp-content\/uploads\/2013\/09\/logodecharge300x98.png\" \/>\n\t<meta property=\"og:image:width\" content=\"300\" \/>\n\t<meta property=\"og:image:height\" content=\"98\" \/>\n\t<meta property=\"og:image:type\" content=\"image\/png\" \/>\n<meta name=\"author\" content=\"Charge\" \/>\n<meta name=\"twitter:card\" content=\"summary_large_image\" \/>\n<meta name=\"twitter:creator\" content=\"@sindromecharge\" \/>\n<meta name=\"twitter:site\" content=\"@sindromecharge\" \/>\n<meta name=\"twitter:label1\" content=\"Escrito por\" \/>\n\t<meta name=\"twitter:data1\" content=\"Charge\" \/>\n\t<meta name=\"twitter:label2\" content=\"Tiempo de lectura\" \/>\n\t<meta name=\"twitter:data2\" content=\"2 minutos\" \/>\n<script type=\"application\/ld+json\" class=\"yoast-schema-graph\">{\"@context\":\"https:\\\/\\\/schema.org\",\"@graph\":[{\"@type\":\"Article\",\"@id\":\"https:\\\/\\\/sindromecharge.es\\\/index.php\\\/2025\\\/01\\\/18\\\/tardan-demasiado-valorarte-discapacidad-puedes-poner-una-queja-defensor-pueblo\\\/#article\",\"isPartOf\":{\"@id\":\"https:\\\/\\\/sindromecharge.es\\\/index.php\\\/2025\\\/01\\\/18\\\/tardan-demasiado-valorarte-discapacidad-puedes-poner-una-queja-defensor-pueblo\\\/\"},\"author\":{\"name\":\"Charge\",\"@id\":\"https:\\\/\\\/sindromecharge.es\\\/#\\\/schema\\\/person\\\/39a60ebe0a2b4d5a11179701e336b039\"},\"headline\":\"El Defensor del Pueblo invita a poner una queja a aquellos que sufran retrasos en la valoraci\u00f3n de la discapacidad\",\"datePublished\":\"2025-01-18T07:39:45+00:00\",\"mainEntityOfPage\":{\"@id\":\"https:\\\/\\\/sindromecharge.es\\\/index.php\\\/2025\\\/01\\\/18\\\/tardan-demasiado-valorarte-discapacidad-puedes-poner-una-queja-defensor-pueblo\\\/\"},\"wordCount\":511,\"articleSection\":[\"noticias\"],\"inLanguage\":\"es\"},{\"@type\":\"WebPage\",\"@id\":\"https:\\\/\\\/sindromecharge.es\\\/index.php\\\/2025\\\/01\\\/18\\\/tardan-demasiado-valorarte-discapacidad-puedes-poner-una-queja-defensor-pueblo\\\/\",\"url\":\"https:\\\/\\\/sindromecharge.es\\\/index.php\\\/2025\\\/01\\\/18\\\/tardan-demasiado-valorarte-discapacidad-puedes-poner-una-queja-defensor-pueblo\\\/\",\"name\":\"El Defensor del Pueblo invita a poner una queja a aquellos que sufran retrasos en la valoraci\u00f3n de la discapacidad - Asociaci\u00f3n Espa\u00f1ola S\u00edndrome de Charge\",\"isPartOf\":{\"@id\":\"https:\\\/\\\/sindromecharge.es\\\/#website\"},\"datePublished\":\"2025-01-18T07:39:45+00:00\",\"author\":{\"@id\":\"https:\\\/\\\/sindromecharge.es\\\/#\\\/schema\\\/person\\\/39a60ebe0a2b4d5a11179701e336b039\"},\"breadcrumb\":{\"@id\":\"https:\\\/\\\/sindromecharge.es\\\/index.php\\\/2025\\\/01\\\/18\\\/tardan-demasiado-valorarte-discapacidad-puedes-poner-una-queja-defensor-pueblo\\\/#breadcrumb\"},\"inLanguage\":\"es\",\"potentialAction\":[{\"@type\":\"ReadAction\",\"target\":[\"https:\\\/\\\/sindromecharge.es\\\/index.php\\\/2025\\\/01\\\/18\\\/tardan-demasiado-valorarte-discapacidad-puedes-poner-una-queja-defensor-pueblo\\\/\"]}]},{\"@type\":\"BreadcrumbList\",\"@id\":\"https:\\\/\\\/sindromecharge.es\\\/index.php\\\/2025\\\/01\\\/18\\\/tardan-demasiado-valorarte-discapacidad-puedes-poner-una-queja-defensor-pueblo\\\/#breadcrumb\",\"itemListElement\":[{\"@type\":\"ListItem\",\"position\":1,\"name\":\"Portada\",\"item\":\"https:\\\/\\\/sindromecharge.es\\\/\"},{\"@type\":\"ListItem\",\"position\":2,\"name\":\"El Defensor del Pueblo invita a poner una queja a aquellos que sufran retrasos en la valoraci\u00f3n de la discapacidad\"}]},{\"@type\":\"WebSite\",\"@id\":\"https:\\\/\\\/sindromecharge.es\\\/#website\",\"url\":\"https:\\\/\\\/sindromecharge.es\\\/\",\"name\":\"Asociaci\u00f3n Espa\u00f1ola S\u00edndrome de Charge\",\"description\":\"\",\"potentialAction\":[{\"@type\":\"SearchAction\",\"target\":{\"@type\":\"EntryPoint\",\"urlTemplate\":\"https:\\\/\\\/sindromecharge.es\\\/?s={search_term_string}\"},\"query-input\":{\"@type\":\"PropertyValueSpecification\",\"valueRequired\":true,\"valueName\":\"search_term_string\"}}],\"inLanguage\":\"es\"},{\"@type\":\"Person\",\"@id\":\"https:\\\/\\\/sindromecharge.es\\\/#\\\/schema\\\/person\\\/39a60ebe0a2b4d5a11179701e336b039\",\"name\":\"Charge\",\"image\":{\"@type\":\"ImageObject\",\"inLanguage\":\"es\",\"@id\":\"https:\\\/\\\/secure.gravatar.com\\\/avatar\\\/c3b46e32a0fc3b093a0873fb767bf3293de856293065e84ef06b7ec7a8acfb98?s=96&d=identicon&r=x\",\"url\":\"https:\\\/\\\/secure.gravatar.com\\\/avatar\\\/c3b46e32a0fc3b093a0873fb767bf3293de856293065e84ef06b7ec7a8acfb98?s=96&d=identicon&r=x\",\"contentUrl\":\"https:\\\/\\\/secure.gravatar.com\\\/avatar\\\/c3b46e32a0fc3b093a0873fb767bf3293de856293065e84ef06b7ec7a8acfb98?s=96&d=identicon&r=x\",\"caption\":\"Charge\"},\"url\":\"https:\\\/\\\/sindromecharge.es\\\/index.php\\\/author\\\/admin\\\/\"}]}<\/script>\n<!-- \/ Yoast SEO plugin. -->","yoast_head_json":{"title":"El Defensor del Pueblo invita a poner una queja a aquellos que sufran retrasos en la valoraci\u00f3n de la discapacidad - Asociaci\u00f3n Espa\u00f1ola S\u00edndrome de Charge","robots":{"index":"index","follow":"follow","max-snippet":"max-snippet:-1","max-image-preview":"max-image-preview:large","max-video-preview":"max-video-preview:-1"},"canonical":"https:\/\/sindromecharge.es\/index.php\/2025\/01\/18\/tardan-demasiado-valorarte-discapacidad-puedes-poner-una-queja-defensor-pueblo\/","og_locale":"es_ES","og_type":"article","og_title":"El Defensor del Pueblo invita a poner una queja a aquellos que sufran retrasos en la valoraci\u00f3n de la discapacidad - Asociaci\u00f3n Espa\u00f1ola S\u00edndrome de Charge","og_description":"El Real Decreto 888\/2022 establece un plazo de espera m\u00e1ximo de seis meses para recibir una respuesta de la administraci\u00f3n, pero la realidad es que los plazos son mucho mayores en la mayor\u00eda de los casos.","og_url":"https:\/\/sindromecharge.es\/index.php\/2025\/01\/18\/tardan-demasiado-valorarte-discapacidad-puedes-poner-una-queja-defensor-pueblo\/","og_site_name":"Asociaci\u00f3n Espa\u00f1ola S\u00edndrome de Charge","article_publisher":"https:\/\/www.facebook.com\/asociacionsindromecharge","article_published_time":"2025-01-18T07:39:45+00:00","og_image":[{"width":300,"height":98,"url":"https:\/\/sindromecharge.es\/wp-content\/uploads\/2013\/09\/logodecharge300x98.png","type":"image\/png"}],"author":"Charge","twitter_card":"summary_large_image","twitter_creator":"@sindromecharge","twitter_site":"@sindromecharge","twitter_misc":{"Escrito por":"Charge","Tiempo de lectura":"2 minutos"},"schema":{"@context":"https:\/\/schema.org","@graph":[{"@type":"Article","@id":"https:\/\/sindromecharge.es\/index.php\/2025\/01\/18\/tardan-demasiado-valorarte-discapacidad-puedes-poner-una-queja-defensor-pueblo\/#article","isPartOf":{"@id":"https:\/\/sindromecharge.es\/index.php\/2025\/01\/18\/tardan-demasiado-valorarte-discapacidad-puedes-poner-una-queja-defensor-pueblo\/"},"author":{"name":"Charge","@id":"https:\/\/sindromecharge.es\/#\/schema\/person\/39a60ebe0a2b4d5a11179701e336b039"},"headline":"El Defensor del Pueblo invita a poner una queja a aquellos que sufran retrasos en la valoraci\u00f3n de la discapacidad","datePublished":"2025-01-18T07:39:45+00:00","mainEntityOfPage":{"@id":"https:\/\/sindromecharge.es\/index.php\/2025\/01\/18\/tardan-demasiado-valorarte-discapacidad-puedes-poner-una-queja-defensor-pueblo\/"},"wordCount":511,"articleSection":["noticias"],"inLanguage":"es"},{"@type":"WebPage","@id":"https:\/\/sindromecharge.es\/index.php\/2025\/01\/18\/tardan-demasiado-valorarte-discapacidad-puedes-poner-una-queja-defensor-pueblo\/","url":"https:\/\/sindromecharge.es\/index.php\/2025\/01\/18\/tardan-demasiado-valorarte-discapacidad-puedes-poner-una-queja-defensor-pueblo\/","name":"El Defensor del Pueblo invita a poner una queja a aquellos que sufran retrasos en la valoraci\u00f3n de la discapacidad - Asociaci\u00f3n Espa\u00f1ola S\u00edndrome de Charge","isPartOf":{"@id":"https:\/\/sindromecharge.es\/#website"},"datePublished":"2025-01-18T07:39:45+00:00","author":{"@id":"https:\/\/sindromecharge.es\/#\/schema\/person\/39a60ebe0a2b4d5a11179701e336b039"},"breadcrumb":{"@id":"https:\/\/sindromecharge.es\/index.php\/2025\/01\/18\/tardan-demasiado-valorarte-discapacidad-puedes-poner-una-queja-defensor-pueblo\/#breadcrumb"},"inLanguage":"es","potentialAction":[{"@type":"ReadAction","target":["https:\/\/sindromecharge.es\/index.php\/2025\/01\/18\/tardan-demasiado-valorarte-discapacidad-puedes-poner-una-queja-defensor-pueblo\/"]}]},{"@type":"BreadcrumbList","@id":"https:\/\/sindromecharge.es\/index.php\/2025\/01\/18\/tardan-demasiado-valorarte-discapacidad-puedes-poner-una-queja-defensor-pueblo\/#breadcrumb","itemListElement":[{"@type":"ListItem","position":1,"name":"Portada","item":"https:\/\/sindromecharge.es\/"},{"@type":"ListItem","position":2,"name":"El Defensor del Pueblo invita a poner una queja a aquellos que sufran retrasos en la valoraci\u00f3n de la discapacidad"}]},{"@type":"WebSite","@id":"https:\/\/sindromecharge.es\/#website","url":"https:\/\/sindromecharge.es\/","name":"Asociaci\u00f3n Espa\u00f1ola S\u00edndrome de Charge","description":"","potentialAction":[{"@type":"SearchAction","target":{"@type":"EntryPoint","urlTemplate":"https:\/\/sindromecharge.es\/?s={search_term_string}"},"query-input":{"@type":"PropertyValueSpecification","valueRequired":true,"valueName":"search_term_string"}}],"inLanguage":"es"},{"@type":"Person","@id":"https:\/\/sindromecharge.es\/#\/schema\/person\/39a60ebe0a2b4d5a11179701e336b039","name":"Charge","image":{"@type":"ImageObject","inLanguage":"es","@id":"https:\/\/secure.gravatar.com\/avatar\/c3b46e32a0fc3b093a0873fb767bf3293de856293065e84ef06b7ec7a8acfb98?s=96&d=identicon&r=x","url":"https:\/\/secure.gravatar.com\/avatar\/c3b46e32a0fc3b093a0873fb767bf3293de856293065e84ef06b7ec7a8acfb98?s=96&d=identicon&r=x","contentUrl":"https:\/\/secure.gravatar.com\/avatar\/c3b46e32a0fc3b093a0873fb767bf3293de856293065e84ef06b7ec7a8acfb98?s=96&d=identicon&r=x","caption":"Charge"},"url":"https:\/\/sindromecharge.es\/index.php\/author\/admin\/"}]}},"_links":{"self":[{"href":"https:\/\/sindromecharge.es\/index.php\/wp-json\/wp\/v2\/posts\/10738","targetHints":{"allow":["GET"]}}],"collection":[{"href":"https:\/\/sindromecharge.es\/index.php\/wp-json\/wp\/v2\/posts"}],"about":[{"href":"https:\/\/sindromecharge.es\/index.php\/wp-json\/wp\/v2\/types\/post"}],"author":[{"embeddable":true,"href":"https:\/\/sindromecharge.es\/index.php\/wp-json\/wp\/v2\/users\/1"}],"replies":[{"embeddable":true,"href":"https:\/\/sindromecharge.es\/index.php\/wp-json\/wp\/v2\/comments?post=10738"}],"version-history":[{"count":0,"href":"https:\/\/sindromecharge.es\/index.php\/wp-json\/wp\/v2\/posts\/10738\/revisions"}],"wp:attachment":[{"href":"https:\/\/sindromecharge.es\/index.php\/wp-json\/wp\/v2\/media?parent=10738"}],"wp:term":[{"taxonomy":"category","embeddable":true,"href":"https:\/\/sindromecharge.es\/index.php\/wp-json\/wp\/v2\/categories?post=10738"},{"taxonomy":"post_tag","embeddable":true,"href":"https:\/\/sindromecharge.es\/index.php\/wp-json\/wp\/v2\/tags?post=10738"}],"curies":[{"name":"wp","href":"https:\/\/api.w.org\/{rel}","templated":true}]}}