{"id":10737,"date":"2025-01-17T10:57:39","date_gmt":"2025-01-17T10:57:39","guid":{"rendered":"https:\/\/sindromecharge.es\/index.php\/2025\/01\/17\/we-have-dream-cine-plisson-pascal-plisson-discapacidad\/"},"modified":"2025-01-17T10:57:39","modified_gmt":"2025-01-17T10:57:39","slug":"we-have-dream-cine-plisson-pascal-plisson-discapacidad","status":"publish","type":"post","link":"https:\/\/sindromecharge.es\/index.php\/2025\/01\/17\/we-have-dream-cine-plisson-pascal-plisson-discapacidad\/","title":{"rendered":"&#8216;We have a dream&#8217; de Pascal Plisson, la \u00abesperanzadora\u00bb vida de seis menores con discapacidad"},"content":{"rendered":"<p>Leemos en Discapacidad la siguiente noticia que os reproducimos de forma \u00edntegra: <\/p>\n<div>\n<p>El cineasta Pascal Plisson, autor del exitoso documental &#8216;Camino a la escuela&#8217;,<b> regresa 10 a\u00f1os despu\u00e9s con<i> We have a dream<\/i><\/b>, un relato sobre la realidad de seis menores con <a href=\"https:\/\/www.20minutos.es\/minuteca\/discapacidad\/\" title=\"Discapacidad\">discapacidad<\/a>, \u00abuna pel\u00edcula esperanzadora\u00bb con la que el director espera atraer a los espectadores al cine.<\/p>\n<p>En este film, que<b> se estrena en Espa\u00f1a el pr\u00f3ximo 24 de enero<\/b>, Plisson sigue las vidas de Xavier, Charles, Antonio, Maud, Nirmala y Khendo, seis ni\u00f1os y ni\u00f1as que padecen alg\u00fan tipo de discapacidad y que se enfrentan a ella <b>desde culturas y situaciones socioecon\u00f3micas muy distintas.<\/b><\/p>\n<p>\u00abEn los pa\u00edses pobres, los ni\u00f1os con discapacidad son mucho m\u00e1s bienvenidos que en los occidentales \u2013reflexiona Plisson sobre su experiencia en Nepal, Kenia o Brasil\u2013, no hay ni\u00f1os que se queden atr\u00e1s\u00bb. En contraposici\u00f3n, el cineasta se ha encontrado con que en Francia <b>se aboga m\u00e1s por poner a las personas con discapacidad \u00aba un lado\u00bb.<\/b><\/p>\n<p>Estas diferencias tambi\u00e9n <b>se encuentran de un modo inversamente proporcional en las ayudas que dan los estados<\/b> a estos ni\u00f1os, ya que tanto Maud, francesa, como Nirmala y Khendo, nepal\u00edes, necesitan una pr\u00f3tesis en la pierna para andar: mientras el gobierno franc\u00e9s ofrece toda la ayuda que necesita Maud, Nirmala y Khendo tienen que buscarse la vida para conseguirla.<\/p>\n<p>En lo dem\u00e1s, <i>We have a dream<\/i> muestra un punto de partida com\u00fan: <b>todos estos ni\u00f1os reciben un amor incondicional<\/b> por parte de sus familias.<\/p>\n<p>\u00abLa idea surgi\u00f3 cuando rodaba <i>Camino a la escuela <\/i>hace 10 a\u00f1os y <b>uno de los chicos iba en silla de ruedas.<\/b> Para m\u00ed era algo que desconoc\u00eda y me encontr\u00e9 con tres hermanos y una madre que mostraban c\u00f3mo el amor ten\u00eda un poder incre\u00edble para conseguir que el hijo mayor llegara cada d\u00eda a la escuela\u00bb, comenta Plisson.<\/p>\n<p>A partir de ah\u00ed, el cineasta franc\u00e9s inici\u00f3<b> un periodo de seis meses de b\u00fasqueda de historias<\/b>, algunas mediante una ONG y otras a trav\u00e9s de sus contactos en distintos lugares del mundo.<\/p>\n<h1>Ten\u00eda unas 40 historias posibles, pero algunas eran demasiado tristes para ser mostradas<\/h1>\n<p>\u00abTen\u00eda unas 40 historias posibles, pero algunas eran demasiado tristes para ser mostradas\u00bb, recuerda  Plisson, que a\u00f1ade que \u00abpara atraer gente al cine tienes que hacer pel\u00edculas esperanzadoras\u00bb. \u00abSi haces un documental en televisi\u00f3n, puedes tomar este \u00e1ngulo y mostrar una vida m\u00e1s dura, pero <b>si quieres llenar una sala de cine comercial, tiene que haber esperanza<\/b>, de lo contrario es dif\u00edcil\u00bb, subraya el cineasta.<\/p>\n<p>Tanto es as\u00ed que<b> desde su estreno en Francia en 2023 ya la han visto m\u00e1s de 100.000 estudiantes<\/b>, algo que refuerza la intenci\u00f3n paralela del documental de servir como material de trabajo sobre inclusi\u00f3n de los alumnos con alg\u00fan tipo de discapacidad en los colegios.<\/p>\n<p>La aportaci\u00f3n del director no se queda solo ah\u00ed, ya que despu\u00e9s de rodar el documental <b>ha conseguido que distintos mecenas se hagan cargo de las necesidades de los protagonistas<\/b>, de modo que ya se ha construido una casa para Xavier, un ni\u00f1o ruand\u00e9s albino; mientras que Nirmala y Khendo han dado con una empresa que se har\u00e1 cargo de sus pr\u00f3tesis.<\/p>\n<p>Este final optimista refuerza una de las frases que dice Maud en el documental y que Plisson recuerda a durante la entrevista: \u00abtodo llevar\u00e1 m\u00e1s tiempo y ser\u00e1 m\u00e1s dif\u00edcil, pero si tienes la fuerza, puedes hacer lo que quieras\u00bb. <\/p>\n<\/div>\n<p>Fuente: Discapacidad https:\/\/www.20minutos.es\/noticia\/5673463\/0\/we-have-dream-cine-plisson-pascal-plisson-discapacidad\/<\/p>\n","protected":false},"excerpt":{"rendered":"<p>Los seis protagonistas se enfrentan a la discapacidad desde culturas y situaciones socioecon\u00f3micas distintas.<\/p>\n","protected":false},"author":1,"featured_media":0,"comment_status":"closed","ping_status":"closed","sticky":false,"template":"","format":"standard","meta":{"footnotes":""},"categories":[8],"tags":[],"class_list":["post-10737","post","type-post","status-publish","format-standard","hentry","category-noticias"],"yoast_head":"<!-- This site is optimized with the Yoast SEO plugin v27.4 - https:\/\/yoast.com\/product\/yoast-seo-wordpress\/ -->\n<title>&#039;We have a dream&#039; de Pascal Plisson, la &quot;esperanzadora&quot; vida de seis menores con discapacidad - Asociaci\u00f3n Espa\u00f1ola S\u00edndrome de Charge<\/title>\n<meta name=\"robots\" content=\"index, follow, max-snippet:-1, max-image-preview:large, max-video-preview:-1\" \/>\n<link rel=\"canonical\" href=\"https:\/\/sindromecharge.es\/index.php\/2025\/01\/17\/we-have-dream-cine-plisson-pascal-plisson-discapacidad\/\" \/>\n<meta property=\"og:locale\" content=\"es_ES\" \/>\n<meta property=\"og:type\" content=\"article\" \/>\n<meta property=\"og:title\" content=\"&#039;We have a dream&#039; de Pascal Plisson, la &quot;esperanzadora&quot; vida de seis menores con discapacidad - Asociaci\u00f3n Espa\u00f1ola S\u00edndrome de Charge\" \/>\n<meta property=\"og:description\" content=\"Los seis protagonistas se enfrentan a la discapacidad desde culturas y situaciones socioecon\u00f3micas distintas.\" \/>\n<meta property=\"og:url\" content=\"https:\/\/sindromecharge.es\/index.php\/2025\/01\/17\/we-have-dream-cine-plisson-pascal-plisson-discapacidad\/\" \/>\n<meta property=\"og:site_name\" content=\"Asociaci\u00f3n Espa\u00f1ola S\u00edndrome de Charge\" \/>\n<meta property=\"article:publisher\" content=\"https:\/\/www.facebook.com\/asociacionsindromecharge\" \/>\n<meta property=\"article:published_time\" content=\"2025-01-17T10:57:39+00:00\" \/>\n<meta property=\"og:image\" content=\"https:\/\/sindromecharge.es\/wp-content\/uploads\/2013\/09\/logodecharge300x98.png\" \/>\n\t<meta property=\"og:image:width\" content=\"300\" \/>\n\t<meta property=\"og:image:height\" content=\"98\" \/>\n\t<meta property=\"og:image:type\" content=\"image\/png\" \/>\n<meta name=\"author\" content=\"Charge\" \/>\n<meta name=\"twitter:card\" content=\"summary_large_image\" \/>\n<meta name=\"twitter:creator\" content=\"@sindromecharge\" \/>\n<meta name=\"twitter:site\" content=\"@sindromecharge\" \/>\n<meta name=\"twitter:label1\" content=\"Escrito por\" \/>\n\t<meta name=\"twitter:data1\" content=\"Charge\" \/>\n\t<meta name=\"twitter:label2\" content=\"Tiempo de lectura\" \/>\n\t<meta name=\"twitter:data2\" content=\"3 minutos\" \/>\n<script type=\"application\/ld+json\" class=\"yoast-schema-graph\">{\"@context\":\"https:\\\/\\\/schema.org\",\"@graph\":[{\"@type\":\"Article\",\"@id\":\"https:\\\/\\\/sindromecharge.es\\\/index.php\\\/2025\\\/01\\\/17\\\/we-have-dream-cine-plisson-pascal-plisson-discapacidad\\\/#article\",\"isPartOf\":{\"@id\":\"https:\\\/\\\/sindromecharge.es\\\/index.php\\\/2025\\\/01\\\/17\\\/we-have-dream-cine-plisson-pascal-plisson-discapacidad\\\/\"},\"author\":{\"name\":\"Charge\",\"@id\":\"https:\\\/\\\/sindromecharge.es\\\/#\\\/schema\\\/person\\\/39a60ebe0a2b4d5a11179701e336b039\"},\"headline\":\"&#8216;We have a dream&#8217; de Pascal Plisson, la \u00abesperanzadora\u00bb vida de seis menores con discapacidad\",\"datePublished\":\"2025-01-17T10:57:39+00:00\",\"mainEntityOfPage\":{\"@id\":\"https:\\\/\\\/sindromecharge.es\\\/index.php\\\/2025\\\/01\\\/17\\\/we-have-dream-cine-plisson-pascal-plisson-discapacidad\\\/\"},\"wordCount\":634,\"articleSection\":[\"noticias\"],\"inLanguage\":\"es\"},{\"@type\":\"WebPage\",\"@id\":\"https:\\\/\\\/sindromecharge.es\\\/index.php\\\/2025\\\/01\\\/17\\\/we-have-dream-cine-plisson-pascal-plisson-discapacidad\\\/\",\"url\":\"https:\\\/\\\/sindromecharge.es\\\/index.php\\\/2025\\\/01\\\/17\\\/we-have-dream-cine-plisson-pascal-plisson-discapacidad\\\/\",\"name\":\"'We have a dream' de Pascal Plisson, la \\\"esperanzadora\\\" vida de seis menores con discapacidad - Asociaci\u00f3n Espa\u00f1ola S\u00edndrome de Charge\",\"isPartOf\":{\"@id\":\"https:\\\/\\\/sindromecharge.es\\\/#website\"},\"datePublished\":\"2025-01-17T10:57:39+00:00\",\"author\":{\"@id\":\"https:\\\/\\\/sindromecharge.es\\\/#\\\/schema\\\/person\\\/39a60ebe0a2b4d5a11179701e336b039\"},\"breadcrumb\":{\"@id\":\"https:\\\/\\\/sindromecharge.es\\\/index.php\\\/2025\\\/01\\\/17\\\/we-have-dream-cine-plisson-pascal-plisson-discapacidad\\\/#breadcrumb\"},\"inLanguage\":\"es\",\"potentialAction\":[{\"@type\":\"ReadAction\",\"target\":[\"https:\\\/\\\/sindromecharge.es\\\/index.php\\\/2025\\\/01\\\/17\\\/we-have-dream-cine-plisson-pascal-plisson-discapacidad\\\/\"]}]},{\"@type\":\"BreadcrumbList\",\"@id\":\"https:\\\/\\\/sindromecharge.es\\\/index.php\\\/2025\\\/01\\\/17\\\/we-have-dream-cine-plisson-pascal-plisson-discapacidad\\\/#breadcrumb\",\"itemListElement\":[{\"@type\":\"ListItem\",\"position\":1,\"name\":\"Portada\",\"item\":\"https:\\\/\\\/sindromecharge.es\\\/\"},{\"@type\":\"ListItem\",\"position\":2,\"name\":\"&#8216;We have a dream&#8217; de Pascal Plisson, la &#8220;esperanzadora&#8221; vida de seis menores con discapacidad\"}]},{\"@type\":\"WebSite\",\"@id\":\"https:\\\/\\\/sindromecharge.es\\\/#website\",\"url\":\"https:\\\/\\\/sindromecharge.es\\\/\",\"name\":\"Asociaci\u00f3n Espa\u00f1ola S\u00edndrome de Charge\",\"description\":\"\",\"potentialAction\":[{\"@type\":\"SearchAction\",\"target\":{\"@type\":\"EntryPoint\",\"urlTemplate\":\"https:\\\/\\\/sindromecharge.es\\\/?s={search_term_string}\"},\"query-input\":{\"@type\":\"PropertyValueSpecification\",\"valueRequired\":true,\"valueName\":\"search_term_string\"}}],\"inLanguage\":\"es\"},{\"@type\":\"Person\",\"@id\":\"https:\\\/\\\/sindromecharge.es\\\/#\\\/schema\\\/person\\\/39a60ebe0a2b4d5a11179701e336b039\",\"name\":\"Charge\",\"image\":{\"@type\":\"ImageObject\",\"inLanguage\":\"es\",\"@id\":\"https:\\\/\\\/secure.gravatar.com\\\/avatar\\\/c3b46e32a0fc3b093a0873fb767bf3293de856293065e84ef06b7ec7a8acfb98?s=96&d=identicon&r=x\",\"url\":\"https:\\\/\\\/secure.gravatar.com\\\/avatar\\\/c3b46e32a0fc3b093a0873fb767bf3293de856293065e84ef06b7ec7a8acfb98?s=96&d=identicon&r=x\",\"contentUrl\":\"https:\\\/\\\/secure.gravatar.com\\\/avatar\\\/c3b46e32a0fc3b093a0873fb767bf3293de856293065e84ef06b7ec7a8acfb98?s=96&d=identicon&r=x\",\"caption\":\"Charge\"},\"url\":\"https:\\\/\\\/sindromecharge.es\\\/index.php\\\/author\\\/admin\\\/\"}]}<\/script>\n<!-- \/ Yoast SEO plugin. -->","yoast_head_json":{"title":"'We have a dream' de Pascal Plisson, la \"esperanzadora\" vida de seis menores con discapacidad - Asociaci\u00f3n Espa\u00f1ola S\u00edndrome de Charge","robots":{"index":"index","follow":"follow","max-snippet":"max-snippet:-1","max-image-preview":"max-image-preview:large","max-video-preview":"max-video-preview:-1"},"canonical":"https:\/\/sindromecharge.es\/index.php\/2025\/01\/17\/we-have-dream-cine-plisson-pascal-plisson-discapacidad\/","og_locale":"es_ES","og_type":"article","og_title":"'We have a dream' de Pascal Plisson, la \"esperanzadora\" vida de seis menores con discapacidad - Asociaci\u00f3n Espa\u00f1ola S\u00edndrome de Charge","og_description":"Los seis protagonistas se enfrentan a la discapacidad desde culturas y situaciones socioecon\u00f3micas distintas.","og_url":"https:\/\/sindromecharge.es\/index.php\/2025\/01\/17\/we-have-dream-cine-plisson-pascal-plisson-discapacidad\/","og_site_name":"Asociaci\u00f3n Espa\u00f1ola S\u00edndrome de Charge","article_publisher":"https:\/\/www.facebook.com\/asociacionsindromecharge","article_published_time":"2025-01-17T10:57:39+00:00","og_image":[{"width":300,"height":98,"url":"https:\/\/sindromecharge.es\/wp-content\/uploads\/2013\/09\/logodecharge300x98.png","type":"image\/png"}],"author":"Charge","twitter_card":"summary_large_image","twitter_creator":"@sindromecharge","twitter_site":"@sindromecharge","twitter_misc":{"Escrito por":"Charge","Tiempo de lectura":"3 minutos"},"schema":{"@context":"https:\/\/schema.org","@graph":[{"@type":"Article","@id":"https:\/\/sindromecharge.es\/index.php\/2025\/01\/17\/we-have-dream-cine-plisson-pascal-plisson-discapacidad\/#article","isPartOf":{"@id":"https:\/\/sindromecharge.es\/index.php\/2025\/01\/17\/we-have-dream-cine-plisson-pascal-plisson-discapacidad\/"},"author":{"name":"Charge","@id":"https:\/\/sindromecharge.es\/#\/schema\/person\/39a60ebe0a2b4d5a11179701e336b039"},"headline":"&#8216;We have a dream&#8217; de Pascal Plisson, la \u00abesperanzadora\u00bb vida de seis menores con discapacidad","datePublished":"2025-01-17T10:57:39+00:00","mainEntityOfPage":{"@id":"https:\/\/sindromecharge.es\/index.php\/2025\/01\/17\/we-have-dream-cine-plisson-pascal-plisson-discapacidad\/"},"wordCount":634,"articleSection":["noticias"],"inLanguage":"es"},{"@type":"WebPage","@id":"https:\/\/sindromecharge.es\/index.php\/2025\/01\/17\/we-have-dream-cine-plisson-pascal-plisson-discapacidad\/","url":"https:\/\/sindromecharge.es\/index.php\/2025\/01\/17\/we-have-dream-cine-plisson-pascal-plisson-discapacidad\/","name":"'We have a dream' de Pascal Plisson, la \"esperanzadora\" vida de seis menores con discapacidad - Asociaci\u00f3n Espa\u00f1ola S\u00edndrome de Charge","isPartOf":{"@id":"https:\/\/sindromecharge.es\/#website"},"datePublished":"2025-01-17T10:57:39+00:00","author":{"@id":"https:\/\/sindromecharge.es\/#\/schema\/person\/39a60ebe0a2b4d5a11179701e336b039"},"breadcrumb":{"@id":"https:\/\/sindromecharge.es\/index.php\/2025\/01\/17\/we-have-dream-cine-plisson-pascal-plisson-discapacidad\/#breadcrumb"},"inLanguage":"es","potentialAction":[{"@type":"ReadAction","target":["https:\/\/sindromecharge.es\/index.php\/2025\/01\/17\/we-have-dream-cine-plisson-pascal-plisson-discapacidad\/"]}]},{"@type":"BreadcrumbList","@id":"https:\/\/sindromecharge.es\/index.php\/2025\/01\/17\/we-have-dream-cine-plisson-pascal-plisson-discapacidad\/#breadcrumb","itemListElement":[{"@type":"ListItem","position":1,"name":"Portada","item":"https:\/\/sindromecharge.es\/"},{"@type":"ListItem","position":2,"name":"&#8216;We have a dream&#8217; de Pascal Plisson, la &#8220;esperanzadora&#8221; vida de seis menores con discapacidad"}]},{"@type":"WebSite","@id":"https:\/\/sindromecharge.es\/#website","url":"https:\/\/sindromecharge.es\/","name":"Asociaci\u00f3n Espa\u00f1ola S\u00edndrome de Charge","description":"","potentialAction":[{"@type":"SearchAction","target":{"@type":"EntryPoint","urlTemplate":"https:\/\/sindromecharge.es\/?s={search_term_string}"},"query-input":{"@type":"PropertyValueSpecification","valueRequired":true,"valueName":"search_term_string"}}],"inLanguage":"es"},{"@type":"Person","@id":"https:\/\/sindromecharge.es\/#\/schema\/person\/39a60ebe0a2b4d5a11179701e336b039","name":"Charge","image":{"@type":"ImageObject","inLanguage":"es","@id":"https:\/\/secure.gravatar.com\/avatar\/c3b46e32a0fc3b093a0873fb767bf3293de856293065e84ef06b7ec7a8acfb98?s=96&d=identicon&r=x","url":"https:\/\/secure.gravatar.com\/avatar\/c3b46e32a0fc3b093a0873fb767bf3293de856293065e84ef06b7ec7a8acfb98?s=96&d=identicon&r=x","contentUrl":"https:\/\/secure.gravatar.com\/avatar\/c3b46e32a0fc3b093a0873fb767bf3293de856293065e84ef06b7ec7a8acfb98?s=96&d=identicon&r=x","caption":"Charge"},"url":"https:\/\/sindromecharge.es\/index.php\/author\/admin\/"}]}},"_links":{"self":[{"href":"https:\/\/sindromecharge.es\/index.php\/wp-json\/wp\/v2\/posts\/10737","targetHints":{"allow":["GET"]}}],"collection":[{"href":"https:\/\/sindromecharge.es\/index.php\/wp-json\/wp\/v2\/posts"}],"about":[{"href":"https:\/\/sindromecharge.es\/index.php\/wp-json\/wp\/v2\/types\/post"}],"author":[{"embeddable":true,"href":"https:\/\/sindromecharge.es\/index.php\/wp-json\/wp\/v2\/users\/1"}],"replies":[{"embeddable":true,"href":"https:\/\/sindromecharge.es\/index.php\/wp-json\/wp\/v2\/comments?post=10737"}],"version-history":[{"count":0,"href":"https:\/\/sindromecharge.es\/index.php\/wp-json\/wp\/v2\/posts\/10737\/revisions"}],"wp:attachment":[{"href":"https:\/\/sindromecharge.es\/index.php\/wp-json\/wp\/v2\/media?parent=10737"}],"wp:term":[{"taxonomy":"category","embeddable":true,"href":"https:\/\/sindromecharge.es\/index.php\/wp-json\/wp\/v2\/categories?post=10737"},{"taxonomy":"post_tag","embeddable":true,"href":"https:\/\/sindromecharge.es\/index.php\/wp-json\/wp\/v2\/tags?post=10737"}],"curies":[{"name":"wp","href":"https:\/\/api.w.org\/{rel}","templated":true}]}}