{"id":10735,"date":"2025-01-17T06:24:20","date_gmt":"2025-01-17T06:24:20","guid":{"rendered":"https:\/\/sindromecharge.es\/index.php\/2025\/01\/17\/alvaro-sanchez-neurologo-gran-caballo-batalla-los-trastornos-movimiento-es-encontrar-un-tratamiento-que-las-frene\/"},"modified":"2025-01-17T06:24:20","modified_gmt":"2025-01-17T06:24:20","slug":"alvaro-sanchez-neurologo-gran-caballo-batalla-los-trastornos-movimiento-es-encontrar-un-tratamiento-que-las-frene","status":"publish","type":"post","link":"https:\/\/sindromecharge.es\/index.php\/2025\/01\/17\/alvaro-sanchez-neurologo-gran-caballo-batalla-los-trastornos-movimiento-es-encontrar-un-tratamiento-que-las-frene\/","title":{"rendered":"\u00c1lvaro S\u00e1nchez, neur\u00f3logo: \u00abEl gran reto de los trastornos del movimiento es hallar un tratamiento que las frene\u00bb"},"content":{"rendered":"<p>Leemos en Discapacidad la siguiente noticia que os reproducimos de forma \u00edntegra: <\/p>\n<div>\n<p>Los <b>trastornos del movimiento<\/b> ocupan entre el 15% y el 30% de las consultas de neurolog\u00eda, y en muchos casos tienen una gran afectaci\u00f3n en la calidad de vida de las personas, especialmente cuando se trata de enfermedades degenerativas, como el <a href=\"https:\/\/www.20minutos.es\/minuteca\/parkinson\/\" title=\"P\u00e1rkinson\" target=\"_blank\">p\u00e1rkinson<\/a>.<\/p>\n<p>A pesar de su prevalencia, se trata, en muchos casos, de <a href=\"https:\/\/www.20minutos.es\/salud\/minuteca\/enfermedades-raras\/\" title=\"Enfermedades raras\" target=\"_blank\">enfermedades raras<\/a> y poco conocidas que, por sus caracter\u00edsticas -problemas en la marcha, movimientos involuntarios\u2026- conllevan mucho estigma.<\/p>\n<p><b>Dr. \u00c1lvaro S\u00e1nchez Ferro<\/b>, Coordinador del Grupo de Estudio de Trastornos del Movimiento de la <a href=\"https:\/\/www.20minutos.es\/minuteca\/sociedad-espanola-de-neurologia-sen\/\" title=\"Sociedad Espa\u00f1ola de Neurolog\u00eda (SEN)\" target=\"_blank\">Sociedad Espa\u00f1ola de Neurolog\u00eda (SEN)<\/a>, nos habla de estas enfermedades y de c\u00f3mo es la atenci\u00f3n de estos pacientes en nuestro pa\u00eds. <\/p>\n<h1>Necesitar\u00edan tener m\u00e1s visibilidad para que se actuara m\u00e1s a nivel pol\u00edtico, como por suerte ya ha ocurrido con la ELA<\/h1>\n<h1>Necesitamos ver a lo pacientes m\u00e1s a menudo. Por ejemplo, de media, para diagnosticar el p\u00e1rkinson en Espa\u00f1a son dos a\u00f1os, y eso es much\u00edsimo tiempo<\/h1>\n<\/div>\n<p>Fuente: Discapacidad https:\/\/www.20minutos.es\/noticia\/5672718\/0\/alvaro-sanchez-neurologo-gran-caballo-batalla-los-trastornos-movimiento-es-encontrar-un-tratamiento-que-las-frene\/<\/p>\n","protected":false},"excerpt":{"rendered":"<p>\u00abEl p\u00e1rkinson es el m\u00e1s conocido, pero es m\u00e1s frecuente el temblor esencial, que afecta al 4% de la poblaci\u00f3n\u00bb.<\/p>\n","protected":false},"author":1,"featured_media":0,"comment_status":"closed","ping_status":"closed","sticky":false,"template":"","format":"standard","meta":{"footnotes":""},"categories":[8],"tags":[],"class_list":["post-10735","post","type-post","status-publish","format-standard","hentry","category-noticias"],"yoast_head":"<!-- This site is optimized with the Yoast SEO plugin v27.4 - https:\/\/yoast.com\/product\/yoast-seo-wordpress\/ -->\n<title>\u00c1lvaro S\u00e1nchez, neur\u00f3logo: &quot;El gran reto de los trastornos del movimiento es hallar un tratamiento que las frene&quot; - Asociaci\u00f3n Espa\u00f1ola S\u00edndrome de Charge<\/title>\n<meta name=\"robots\" content=\"index, follow, max-snippet:-1, max-image-preview:large, max-video-preview:-1\" \/>\n<link rel=\"canonical\" href=\"https:\/\/sindromecharge.es\/index.php\/2025\/01\/17\/alvaro-sanchez-neurologo-gran-caballo-batalla-los-trastornos-movimiento-es-encontrar-un-tratamiento-que-las-frene\/\" \/>\n<meta property=\"og:locale\" content=\"es_ES\" \/>\n<meta property=\"og:type\" content=\"article\" \/>\n<meta property=\"og:title\" content=\"\u00c1lvaro S\u00e1nchez, neur\u00f3logo: &quot;El gran reto de los trastornos del movimiento es hallar un tratamiento que las frene&quot; - Asociaci\u00f3n Espa\u00f1ola S\u00edndrome de Charge\" \/>\n<meta property=\"og:description\" content=\"\u00abEl p\u00e1rkinson es el m\u00e1s conocido, pero es m\u00e1s frecuente el temblor esencial, que afecta al 4% de la poblaci\u00f3n\u00bb.\" \/>\n<meta property=\"og:url\" content=\"https:\/\/sindromecharge.es\/index.php\/2025\/01\/17\/alvaro-sanchez-neurologo-gran-caballo-batalla-los-trastornos-movimiento-es-encontrar-un-tratamiento-que-las-frene\/\" \/>\n<meta property=\"og:site_name\" content=\"Asociaci\u00f3n Espa\u00f1ola S\u00edndrome de Charge\" \/>\n<meta property=\"article:publisher\" content=\"https:\/\/www.facebook.com\/asociacionsindromecharge\" \/>\n<meta property=\"article:published_time\" content=\"2025-01-17T06:24:20+00:00\" \/>\n<meta property=\"og:image\" content=\"https:\/\/sindromecharge.es\/wp-content\/uploads\/2013\/09\/logodecharge300x98.png\" \/>\n\t<meta property=\"og:image:width\" content=\"300\" \/>\n\t<meta property=\"og:image:height\" content=\"98\" \/>\n\t<meta property=\"og:image:type\" content=\"image\/png\" \/>\n<meta name=\"author\" content=\"Charge\" \/>\n<meta name=\"twitter:card\" content=\"summary_large_image\" \/>\n<meta name=\"twitter:creator\" content=\"@sindromecharge\" \/>\n<meta name=\"twitter:site\" content=\"@sindromecharge\" \/>\n<meta name=\"twitter:label1\" content=\"Escrito por\" \/>\n\t<meta name=\"twitter:data1\" content=\"Charge\" \/>\n\t<meta name=\"twitter:label2\" content=\"Tiempo de lectura\" \/>\n\t<meta name=\"twitter:data2\" content=\"1 minuto\" \/>\n<script type=\"application\/ld+json\" class=\"yoast-schema-graph\">{\"@context\":\"https:\\\/\\\/schema.org\",\"@graph\":[{\"@type\":\"Article\",\"@id\":\"https:\\\/\\\/sindromecharge.es\\\/index.php\\\/2025\\\/01\\\/17\\\/alvaro-sanchez-neurologo-gran-caballo-batalla-los-trastornos-movimiento-es-encontrar-un-tratamiento-que-las-frene\\\/#article\",\"isPartOf\":{\"@id\":\"https:\\\/\\\/sindromecharge.es\\\/index.php\\\/2025\\\/01\\\/17\\\/alvaro-sanchez-neurologo-gran-caballo-batalla-los-trastornos-movimiento-es-encontrar-un-tratamiento-que-las-frene\\\/\"},\"author\":{\"name\":\"Charge\",\"@id\":\"https:\\\/\\\/sindromecharge.es\\\/#\\\/schema\\\/person\\\/39a60ebe0a2b4d5a11179701e336b039\"},\"headline\":\"\u00c1lvaro S\u00e1nchez, neur\u00f3logo: \u00abEl gran reto de los trastornos del movimiento es hallar un tratamiento que las frene\u00bb\",\"datePublished\":\"2025-01-17T06:24:20+00:00\",\"mainEntityOfPage\":{\"@id\":\"https:\\\/\\\/sindromecharge.es\\\/index.php\\\/2025\\\/01\\\/17\\\/alvaro-sanchez-neurologo-gran-caballo-batalla-los-trastornos-movimiento-es-encontrar-un-tratamiento-que-las-frene\\\/\"},\"wordCount\":213,\"articleSection\":[\"noticias\"],\"inLanguage\":\"es\"},{\"@type\":\"WebPage\",\"@id\":\"https:\\\/\\\/sindromecharge.es\\\/index.php\\\/2025\\\/01\\\/17\\\/alvaro-sanchez-neurologo-gran-caballo-batalla-los-trastornos-movimiento-es-encontrar-un-tratamiento-que-las-frene\\\/\",\"url\":\"https:\\\/\\\/sindromecharge.es\\\/index.php\\\/2025\\\/01\\\/17\\\/alvaro-sanchez-neurologo-gran-caballo-batalla-los-trastornos-movimiento-es-encontrar-un-tratamiento-que-las-frene\\\/\",\"name\":\"\u00c1lvaro S\u00e1nchez, neur\u00f3logo: \\\"El gran reto de los trastornos del movimiento es hallar un tratamiento que las frene\\\" - Asociaci\u00f3n Espa\u00f1ola S\u00edndrome de Charge\",\"isPartOf\":{\"@id\":\"https:\\\/\\\/sindromecharge.es\\\/#website\"},\"datePublished\":\"2025-01-17T06:24:20+00:00\",\"author\":{\"@id\":\"https:\\\/\\\/sindromecharge.es\\\/#\\\/schema\\\/person\\\/39a60ebe0a2b4d5a11179701e336b039\"},\"breadcrumb\":{\"@id\":\"https:\\\/\\\/sindromecharge.es\\\/index.php\\\/2025\\\/01\\\/17\\\/alvaro-sanchez-neurologo-gran-caballo-batalla-los-trastornos-movimiento-es-encontrar-un-tratamiento-que-las-frene\\\/#breadcrumb\"},\"inLanguage\":\"es\",\"potentialAction\":[{\"@type\":\"ReadAction\",\"target\":[\"https:\\\/\\\/sindromecharge.es\\\/index.php\\\/2025\\\/01\\\/17\\\/alvaro-sanchez-neurologo-gran-caballo-batalla-los-trastornos-movimiento-es-encontrar-un-tratamiento-que-las-frene\\\/\"]}]},{\"@type\":\"BreadcrumbList\",\"@id\":\"https:\\\/\\\/sindromecharge.es\\\/index.php\\\/2025\\\/01\\\/17\\\/alvaro-sanchez-neurologo-gran-caballo-batalla-los-trastornos-movimiento-es-encontrar-un-tratamiento-que-las-frene\\\/#breadcrumb\",\"itemListElement\":[{\"@type\":\"ListItem\",\"position\":1,\"name\":\"Portada\",\"item\":\"https:\\\/\\\/sindromecharge.es\\\/\"},{\"@type\":\"ListItem\",\"position\":2,\"name\":\"\u00c1lvaro S\u00e1nchez, neur\u00f3logo: &#8220;El gran reto de los trastornos del movimiento es hallar un tratamiento que las frene&#8221;\"}]},{\"@type\":\"WebSite\",\"@id\":\"https:\\\/\\\/sindromecharge.es\\\/#website\",\"url\":\"https:\\\/\\\/sindromecharge.es\\\/\",\"name\":\"Asociaci\u00f3n Espa\u00f1ola S\u00edndrome de Charge\",\"description\":\"\",\"potentialAction\":[{\"@type\":\"SearchAction\",\"target\":{\"@type\":\"EntryPoint\",\"urlTemplate\":\"https:\\\/\\\/sindromecharge.es\\\/?s={search_term_string}\"},\"query-input\":{\"@type\":\"PropertyValueSpecification\",\"valueRequired\":true,\"valueName\":\"search_term_string\"}}],\"inLanguage\":\"es\"},{\"@type\":\"Person\",\"@id\":\"https:\\\/\\\/sindromecharge.es\\\/#\\\/schema\\\/person\\\/39a60ebe0a2b4d5a11179701e336b039\",\"name\":\"Charge\",\"image\":{\"@type\":\"ImageObject\",\"inLanguage\":\"es\",\"@id\":\"https:\\\/\\\/secure.gravatar.com\\\/avatar\\\/c3b46e32a0fc3b093a0873fb767bf3293de856293065e84ef06b7ec7a8acfb98?s=96&d=identicon&r=x\",\"url\":\"https:\\\/\\\/secure.gravatar.com\\\/avatar\\\/c3b46e32a0fc3b093a0873fb767bf3293de856293065e84ef06b7ec7a8acfb98?s=96&d=identicon&r=x\",\"contentUrl\":\"https:\\\/\\\/secure.gravatar.com\\\/avatar\\\/c3b46e32a0fc3b093a0873fb767bf3293de856293065e84ef06b7ec7a8acfb98?s=96&d=identicon&r=x\",\"caption\":\"Charge\"},\"url\":\"https:\\\/\\\/sindromecharge.es\\\/index.php\\\/author\\\/admin\\\/\"}]}<\/script>\n<!-- \/ Yoast SEO plugin. -->","yoast_head_json":{"title":"\u00c1lvaro S\u00e1nchez, neur\u00f3logo: \"El gran reto de los trastornos del movimiento es hallar un tratamiento que las frene\" - Asociaci\u00f3n Espa\u00f1ola S\u00edndrome de Charge","robots":{"index":"index","follow":"follow","max-snippet":"max-snippet:-1","max-image-preview":"max-image-preview:large","max-video-preview":"max-video-preview:-1"},"canonical":"https:\/\/sindromecharge.es\/index.php\/2025\/01\/17\/alvaro-sanchez-neurologo-gran-caballo-batalla-los-trastornos-movimiento-es-encontrar-un-tratamiento-que-las-frene\/","og_locale":"es_ES","og_type":"article","og_title":"\u00c1lvaro S\u00e1nchez, neur\u00f3logo: \"El gran reto de los trastornos del movimiento es hallar un tratamiento que las frene\" - Asociaci\u00f3n Espa\u00f1ola S\u00edndrome de Charge","og_description":"\u00abEl p\u00e1rkinson es el m\u00e1s conocido, pero es m\u00e1s frecuente el temblor esencial, que afecta al 4% de la poblaci\u00f3n\u00bb.","og_url":"https:\/\/sindromecharge.es\/index.php\/2025\/01\/17\/alvaro-sanchez-neurologo-gran-caballo-batalla-los-trastornos-movimiento-es-encontrar-un-tratamiento-que-las-frene\/","og_site_name":"Asociaci\u00f3n Espa\u00f1ola S\u00edndrome de Charge","article_publisher":"https:\/\/www.facebook.com\/asociacionsindromecharge","article_published_time":"2025-01-17T06:24:20+00:00","og_image":[{"width":300,"height":98,"url":"https:\/\/sindromecharge.es\/wp-content\/uploads\/2013\/09\/logodecharge300x98.png","type":"image\/png"}],"author":"Charge","twitter_card":"summary_large_image","twitter_creator":"@sindromecharge","twitter_site":"@sindromecharge","twitter_misc":{"Escrito por":"Charge","Tiempo de lectura":"1 minuto"},"schema":{"@context":"https:\/\/schema.org","@graph":[{"@type":"Article","@id":"https:\/\/sindromecharge.es\/index.php\/2025\/01\/17\/alvaro-sanchez-neurologo-gran-caballo-batalla-los-trastornos-movimiento-es-encontrar-un-tratamiento-que-las-frene\/#article","isPartOf":{"@id":"https:\/\/sindromecharge.es\/index.php\/2025\/01\/17\/alvaro-sanchez-neurologo-gran-caballo-batalla-los-trastornos-movimiento-es-encontrar-un-tratamiento-que-las-frene\/"},"author":{"name":"Charge","@id":"https:\/\/sindromecharge.es\/#\/schema\/person\/39a60ebe0a2b4d5a11179701e336b039"},"headline":"\u00c1lvaro S\u00e1nchez, neur\u00f3logo: \u00abEl gran reto de los trastornos del movimiento es hallar un tratamiento que las frene\u00bb","datePublished":"2025-01-17T06:24:20+00:00","mainEntityOfPage":{"@id":"https:\/\/sindromecharge.es\/index.php\/2025\/01\/17\/alvaro-sanchez-neurologo-gran-caballo-batalla-los-trastornos-movimiento-es-encontrar-un-tratamiento-que-las-frene\/"},"wordCount":213,"articleSection":["noticias"],"inLanguage":"es"},{"@type":"WebPage","@id":"https:\/\/sindromecharge.es\/index.php\/2025\/01\/17\/alvaro-sanchez-neurologo-gran-caballo-batalla-los-trastornos-movimiento-es-encontrar-un-tratamiento-que-las-frene\/","url":"https:\/\/sindromecharge.es\/index.php\/2025\/01\/17\/alvaro-sanchez-neurologo-gran-caballo-batalla-los-trastornos-movimiento-es-encontrar-un-tratamiento-que-las-frene\/","name":"\u00c1lvaro S\u00e1nchez, neur\u00f3logo: \"El gran reto de los trastornos del movimiento es hallar un tratamiento que las frene\" - Asociaci\u00f3n Espa\u00f1ola S\u00edndrome de Charge","isPartOf":{"@id":"https:\/\/sindromecharge.es\/#website"},"datePublished":"2025-01-17T06:24:20+00:00","author":{"@id":"https:\/\/sindromecharge.es\/#\/schema\/person\/39a60ebe0a2b4d5a11179701e336b039"},"breadcrumb":{"@id":"https:\/\/sindromecharge.es\/index.php\/2025\/01\/17\/alvaro-sanchez-neurologo-gran-caballo-batalla-los-trastornos-movimiento-es-encontrar-un-tratamiento-que-las-frene\/#breadcrumb"},"inLanguage":"es","potentialAction":[{"@type":"ReadAction","target":["https:\/\/sindromecharge.es\/index.php\/2025\/01\/17\/alvaro-sanchez-neurologo-gran-caballo-batalla-los-trastornos-movimiento-es-encontrar-un-tratamiento-que-las-frene\/"]}]},{"@type":"BreadcrumbList","@id":"https:\/\/sindromecharge.es\/index.php\/2025\/01\/17\/alvaro-sanchez-neurologo-gran-caballo-batalla-los-trastornos-movimiento-es-encontrar-un-tratamiento-que-las-frene\/#breadcrumb","itemListElement":[{"@type":"ListItem","position":1,"name":"Portada","item":"https:\/\/sindromecharge.es\/"},{"@type":"ListItem","position":2,"name":"\u00c1lvaro S\u00e1nchez, neur\u00f3logo: &#8220;El gran reto de los trastornos del movimiento es hallar un tratamiento que las frene&#8221;"}]},{"@type":"WebSite","@id":"https:\/\/sindromecharge.es\/#website","url":"https:\/\/sindromecharge.es\/","name":"Asociaci\u00f3n Espa\u00f1ola S\u00edndrome de Charge","description":"","potentialAction":[{"@type":"SearchAction","target":{"@type":"EntryPoint","urlTemplate":"https:\/\/sindromecharge.es\/?s={search_term_string}"},"query-input":{"@type":"PropertyValueSpecification","valueRequired":true,"valueName":"search_term_string"}}],"inLanguage":"es"},{"@type":"Person","@id":"https:\/\/sindromecharge.es\/#\/schema\/person\/39a60ebe0a2b4d5a11179701e336b039","name":"Charge","image":{"@type":"ImageObject","inLanguage":"es","@id":"https:\/\/secure.gravatar.com\/avatar\/c3b46e32a0fc3b093a0873fb767bf3293de856293065e84ef06b7ec7a8acfb98?s=96&d=identicon&r=x","url":"https:\/\/secure.gravatar.com\/avatar\/c3b46e32a0fc3b093a0873fb767bf3293de856293065e84ef06b7ec7a8acfb98?s=96&d=identicon&r=x","contentUrl":"https:\/\/secure.gravatar.com\/avatar\/c3b46e32a0fc3b093a0873fb767bf3293de856293065e84ef06b7ec7a8acfb98?s=96&d=identicon&r=x","caption":"Charge"},"url":"https:\/\/sindromecharge.es\/index.php\/author\/admin\/"}]}},"_links":{"self":[{"href":"https:\/\/sindromecharge.es\/index.php\/wp-json\/wp\/v2\/posts\/10735","targetHints":{"allow":["GET"]}}],"collection":[{"href":"https:\/\/sindromecharge.es\/index.php\/wp-json\/wp\/v2\/posts"}],"about":[{"href":"https:\/\/sindromecharge.es\/index.php\/wp-json\/wp\/v2\/types\/post"}],"author":[{"embeddable":true,"href":"https:\/\/sindromecharge.es\/index.php\/wp-json\/wp\/v2\/users\/1"}],"replies":[{"embeddable":true,"href":"https:\/\/sindromecharge.es\/index.php\/wp-json\/wp\/v2\/comments?post=10735"}],"version-history":[{"count":0,"href":"https:\/\/sindromecharge.es\/index.php\/wp-json\/wp\/v2\/posts\/10735\/revisions"}],"wp:attachment":[{"href":"https:\/\/sindromecharge.es\/index.php\/wp-json\/wp\/v2\/media?parent=10735"}],"wp:term":[{"taxonomy":"category","embeddable":true,"href":"https:\/\/sindromecharge.es\/index.php\/wp-json\/wp\/v2\/categories?post=10735"},{"taxonomy":"post_tag","embeddable":true,"href":"https:\/\/sindromecharge.es\/index.php\/wp-json\/wp\/v2\/tags?post=10735"}],"curies":[{"name":"wp","href":"https:\/\/api.w.org\/{rel}","templated":true}]}}