{"id":10730,"date":"2025-01-15T09:34:39","date_gmt":"2025-01-15T09:34:39","guid":{"rendered":"https:\/\/sindromecharge.es\/index.php\/2025\/01\/15\/defensor-pueblo-vigila-si-las-autonomias-garantizan-que-los-litigios-sobre-dependencia-se-resuelven-los-juzgados-social\/"},"modified":"2025-01-15T09:34:39","modified_gmt":"2025-01-15T09:34:39","slug":"defensor-pueblo-vigila-si-las-autonomias-garantizan-que-los-litigios-sobre-dependencia-se-resuelven-los-juzgados-social","status":"publish","type":"post","link":"https:\/\/sindromecharge.es\/index.php\/2025\/01\/15\/defensor-pueblo-vigila-si-las-autonomias-garantizan-que-los-litigios-sobre-dependencia-se-resuelven-los-juzgados-social\/","title":{"rendered":"El Defensor del Pueblo vigila que los litigios sobre dependencia se resuelvan en los juzgados de lo social"},"content":{"rendered":"<p>Leemos en Discapacidad la siguiente noticia que os reproducimos de forma \u00edntegra: <\/p>\n<div>\n<p>El <a href=\"https:\/\/www.20minutos.es\/minuteca\/defensor-del-pueblo\/\" title=\"Defensor del Pueblo\" target=\"_blank\">Defensor del Pueblo<\/a>, \u00c1ngel Gabilondo, asegur\u00f3 este martes al Comit\u00e9 Espa\u00f1ol de Representantes de Personas con <a href=\"https:\/\/www.20minutos.es\/minuteca\/discapacidad\/\" title=\"Discapacidad\" target=\"_blank\">Discapacidad<\/a> (<a href=\"https:\/\/www.20minutos.es\/minuteca\/cermi\/\" title=\"Cermi\" target=\"_blank\">Cermi<\/a>) que vigila que las resoluciones sobre el reconocimiento de la situaci\u00f3n de dependencia y del derecho a los servicios y prestaciones econ\u00f3micas asociadas dictadas por las comunidades aut\u00f3nomas y la normativa aprobada en este sentido se adaptan al real Decreto 6\/2023, por el que los litigios en este \u00e1mbito pasan a depender de la jurisdicci\u00f3n de lo social.<\/p>\n<p>As\u00ed figura en una comunicaci\u00f3n que Gabilondo envi\u00f3 hoy al presidente de Cermi, Luis Cayo P\u00e9rez, donde le inform\u00f3 sobre la finalizaci\u00f3n de la queja que su entidad hab\u00eda presentado a prop\u00f3sito.<\/p>\n<p>Seg\u00fan explic\u00f3 el Defensor, el art\u00edculo 104 del Real Decreto-ley 6\/2023 (de 19 de diciembre) por el que se aprueban<b> medidas urgentes<\/b> para la ejecuci\u00f3n del Plan de Recuperaci\u00f3n, Transformaci\u00f3n y Resiliencia en materia de servicio p\u00fablico de justicia, funci\u00f3n p\u00fablica, r\u00e9gimen local y mecenazgo, modific\u00f3 el art\u00edculo 2 de la Ley 36\/2011 reguladora de la jurisdicci\u00f3n social.<\/p>\n<p>De este modo, las<b> controversias sobre el reconocimiento del grado de dependencia <\/b>y las reclamaciones referidas a los servicios y prestaciones econ\u00f3micas asociadas<b> pasaron a depender de los juzgados de lo social<\/b> (antes, se tramitaban por la v\u00eda contencioso-administrativa).<\/p>\n<h2>Reclamaci\u00f3n de Cermi<\/h2>\n<p>Desde hac\u00eda a\u00f1os, Cermi demandaba que el<b> control judicial de las actuaciones sobre el reconocimiento de la situaci\u00f3n de <a href=\"https:\/\/www.20minutos.es\/minuteca\/dependencia\/\" title=\"Dependencia\" target=\"_blank\">dependencia<\/a><\/b> y el derecho a las prestaciones del sistema regulado por la Ley de Promoci\u00f3n de la Autonom\u00eda Personal y Atenci\u00f3n a la <a href=\"https:\/\/www.20minutos.es\/minuteca\/ley-de-dependencia\/\" title=\"Ley de Dependencia\" target=\"_blank\">Dependencia<\/a> se llevase a cabo desde la jurisdicci\u00f3n social, que \u00abes la v\u00eda que regula los actos administrativos de la Seguridad Social\u00bb.<\/p>\n<p>A su juicio, el contencioso-administrativo \u00abno era el orden m\u00e1s adecuado\u00bb para entender de estos asuntos, ya que \u00ablas prestaciones en materia de promoci\u00f3n de la autonom\u00eda personal y protecci\u00f3n de las situaciones no son de car\u00e1cter graciable, sino que forman un aut\u00e9ntico sistema de derechos\u00bb y \u00abguarda una gran<b> proximidad con el sistema de Seguridad Social<\/b>, lo que justifica que el control judicial se realice con el mismo procedimiento\u00bb.<\/p>\n<p>Adem\u00e1s,<b> ir a la jurisdicci\u00f3n contencioso-administrativa supone \u00abesperar de cuatro a cinco a\u00f1os<\/b> a la resoluci\u00f3n definitiva, mientras que en la jurisdicci\u00f3n social el periodo de tramitaci\u00f3n para cuestiones no urgentes habitualmente no llega a un a\u00f1o, el procedimiento es breve y se regula en un solo acto, no siendo precisa la intervenci\u00f3n del procurador\u00bb, agreg\u00f3.<\/p>\n<h2>Actuaciones de oficio<\/h2>\n<p>En su comunicaci\u00f3n, Gabilondo inform\u00f3 tambi\u00e9n al presidente del Cermi, \u00abpor si fuera de su inter\u00e9s\u00bb, que desde el 4 de marzo de 2024, <b>el Defensor \u00abviene examinando las resoluciones dictadas<\/b> por las administraciones auton\u00f3micas y la normativa aprobada por ellas con posterioridad a la publicaci\u00f3n del Real Decreto-ley 6\/2023&#8243;.<\/p>\n<p>De hecho, ha iniciado varias actuaciones en este sentido, y puso los ejemplos de la Consejer\u00eda de Salud y Servicios Sociales de Extremadura, que dict\u00f3 una resoluci\u00f3n donde invitaba a la persona interesada a recurrir por la v\u00eda contencioso administrativa; la Consejer\u00eda de Familia, Juventud y Asuntos Sociales de la Comunidad de Madrid, porque sigue aludiendo a dicha v\u00eda en sus resoluciones; y la Junta de Andaluc\u00eda, que a\u00fan no ha modificado la normativa que permite el recurso en alzada ante la administraci\u00f3n encargada de dictar las<b> resoluciones sobre dependencia<\/b>. La primera ya ha rectificado y las otras dos estudian qu\u00e9 hacer.<\/p>\n<p>Adem\u00e1s, el Defensor avanz\u00f3 que iniciar\u00e1 una <b>actuaci\u00f3n de oficio <\/b>para que la Regi\u00f3n de Murcia reforme su Ley 3\/2024, de 11 de noviembre, por la que se modifica el Decreto 74\/2011, regulador del procedimiento para el reconocimiento de la situaci\u00f3n de dependencia y del derecho a los servicios y prestaciones econ\u00f3micas del sistema para la autonom\u00eda y atenci\u00f3n a la dependencia en la Comunidad Aut\u00f3noma. Dicha norma establece el r\u00e9gimen de infracciones y sanciones, y no ha introducido la pertinente referencia a la jurisdicci\u00f3n social.<\/p>\n<\/div>\n<p>Fuente: Discapacidad https:\/\/www.20minutos.es\/noticia\/5672552\/0\/defensor-pueblo-vigila-si-las-autonomias-garantizan-que-los-litigios-sobre-dependencia-se-resuelven-los-juzgados-social\/<\/p>\n","protected":false},"excerpt":{"rendered":"<p>El Defensor del Pueblo vigila que los litigios sobre dependencia se resuelvan en los juzgados de lo social<\/p>\n","protected":false},"author":1,"featured_media":0,"comment_status":"closed","ping_status":"closed","sticky":false,"template":"","format":"standard","meta":{"footnotes":""},"categories":[8],"tags":[],"class_list":["post-10730","post","type-post","status-publish","format-standard","hentry","category-noticias"],"yoast_head":"<!-- This site is optimized with the Yoast SEO plugin v27.4 - https:\/\/yoast.com\/product\/yoast-seo-wordpress\/ -->\n<title>El Defensor del Pueblo vigila que los litigios sobre dependencia se resuelvan en los juzgados de lo social - Asociaci\u00f3n Espa\u00f1ola S\u00edndrome de Charge<\/title>\n<meta name=\"robots\" content=\"index, follow, max-snippet:-1, max-image-preview:large, max-video-preview:-1\" \/>\n<link rel=\"canonical\" href=\"https:\/\/sindromecharge.es\/index.php\/2025\/01\/15\/defensor-pueblo-vigila-si-las-autonomias-garantizan-que-los-litigios-sobre-dependencia-se-resuelven-los-juzgados-social\/\" \/>\n<meta property=\"og:locale\" content=\"es_ES\" \/>\n<meta property=\"og:type\" content=\"article\" \/>\n<meta property=\"og:title\" content=\"El Defensor del Pueblo vigila que los litigios sobre dependencia se resuelvan en los juzgados de lo social - Asociaci\u00f3n Espa\u00f1ola S\u00edndrome de Charge\" \/>\n<meta property=\"og:description\" content=\"El Defensor del Pueblo vigila que los litigios sobre dependencia se resuelvan en los juzgados de lo social\" \/>\n<meta property=\"og:url\" content=\"https:\/\/sindromecharge.es\/index.php\/2025\/01\/15\/defensor-pueblo-vigila-si-las-autonomias-garantizan-que-los-litigios-sobre-dependencia-se-resuelven-los-juzgados-social\/\" \/>\n<meta property=\"og:site_name\" content=\"Asociaci\u00f3n Espa\u00f1ola S\u00edndrome de Charge\" \/>\n<meta property=\"article:publisher\" content=\"https:\/\/www.facebook.com\/asociacionsindromecharge\" \/>\n<meta property=\"article:published_time\" content=\"2025-01-15T09:34:39+00:00\" \/>\n<meta property=\"og:image\" content=\"https:\/\/sindromecharge.es\/wp-content\/uploads\/2013\/09\/logodecharge300x98.png\" \/>\n\t<meta property=\"og:image:width\" content=\"300\" \/>\n\t<meta property=\"og:image:height\" content=\"98\" \/>\n\t<meta property=\"og:image:type\" content=\"image\/png\" \/>\n<meta name=\"author\" content=\"Charge\" \/>\n<meta name=\"twitter:card\" content=\"summary_large_image\" \/>\n<meta name=\"twitter:creator\" content=\"@sindromecharge\" \/>\n<meta name=\"twitter:site\" content=\"@sindromecharge\" \/>\n<meta name=\"twitter:label1\" content=\"Escrito por\" \/>\n\t<meta name=\"twitter:data1\" content=\"Charge\" \/>\n\t<meta name=\"twitter:label2\" content=\"Tiempo de lectura\" \/>\n\t<meta name=\"twitter:data2\" content=\"4 minutos\" \/>\n<script type=\"application\/ld+json\" class=\"yoast-schema-graph\">{\"@context\":\"https:\\\/\\\/schema.org\",\"@graph\":[{\"@type\":\"Article\",\"@id\":\"https:\\\/\\\/sindromecharge.es\\\/index.php\\\/2025\\\/01\\\/15\\\/defensor-pueblo-vigila-si-las-autonomias-garantizan-que-los-litigios-sobre-dependencia-se-resuelven-los-juzgados-social\\\/#article\",\"isPartOf\":{\"@id\":\"https:\\\/\\\/sindromecharge.es\\\/index.php\\\/2025\\\/01\\\/15\\\/defensor-pueblo-vigila-si-las-autonomias-garantizan-que-los-litigios-sobre-dependencia-se-resuelven-los-juzgados-social\\\/\"},\"author\":{\"name\":\"Charge\",\"@id\":\"https:\\\/\\\/sindromecharge.es\\\/#\\\/schema\\\/person\\\/39a60ebe0a2b4d5a11179701e336b039\"},\"headline\":\"El Defensor del Pueblo vigila que los litigios sobre dependencia se resuelvan en los juzgados de lo social\",\"datePublished\":\"2025-01-15T09:34:39+00:00\",\"mainEntityOfPage\":{\"@id\":\"https:\\\/\\\/sindromecharge.es\\\/index.php\\\/2025\\\/01\\\/15\\\/defensor-pueblo-vigila-si-las-autonomias-garantizan-que-los-litigios-sobre-dependencia-se-resuelven-los-juzgados-social\\\/\"},\"wordCount\":735,\"articleSection\":[\"noticias\"],\"inLanguage\":\"es\"},{\"@type\":\"WebPage\",\"@id\":\"https:\\\/\\\/sindromecharge.es\\\/index.php\\\/2025\\\/01\\\/15\\\/defensor-pueblo-vigila-si-las-autonomias-garantizan-que-los-litigios-sobre-dependencia-se-resuelven-los-juzgados-social\\\/\",\"url\":\"https:\\\/\\\/sindromecharge.es\\\/index.php\\\/2025\\\/01\\\/15\\\/defensor-pueblo-vigila-si-las-autonomias-garantizan-que-los-litigios-sobre-dependencia-se-resuelven-los-juzgados-social\\\/\",\"name\":\"El Defensor del Pueblo vigila que los litigios sobre dependencia se resuelvan en los juzgados de lo social - Asociaci\u00f3n Espa\u00f1ola S\u00edndrome de Charge\",\"isPartOf\":{\"@id\":\"https:\\\/\\\/sindromecharge.es\\\/#website\"},\"datePublished\":\"2025-01-15T09:34:39+00:00\",\"author\":{\"@id\":\"https:\\\/\\\/sindromecharge.es\\\/#\\\/schema\\\/person\\\/39a60ebe0a2b4d5a11179701e336b039\"},\"breadcrumb\":{\"@id\":\"https:\\\/\\\/sindromecharge.es\\\/index.php\\\/2025\\\/01\\\/15\\\/defensor-pueblo-vigila-si-las-autonomias-garantizan-que-los-litigios-sobre-dependencia-se-resuelven-los-juzgados-social\\\/#breadcrumb\"},\"inLanguage\":\"es\",\"potentialAction\":[{\"@type\":\"ReadAction\",\"target\":[\"https:\\\/\\\/sindromecharge.es\\\/index.php\\\/2025\\\/01\\\/15\\\/defensor-pueblo-vigila-si-las-autonomias-garantizan-que-los-litigios-sobre-dependencia-se-resuelven-los-juzgados-social\\\/\"]}]},{\"@type\":\"BreadcrumbList\",\"@id\":\"https:\\\/\\\/sindromecharge.es\\\/index.php\\\/2025\\\/01\\\/15\\\/defensor-pueblo-vigila-si-las-autonomias-garantizan-que-los-litigios-sobre-dependencia-se-resuelven-los-juzgados-social\\\/#breadcrumb\",\"itemListElement\":[{\"@type\":\"ListItem\",\"position\":1,\"name\":\"Portada\",\"item\":\"https:\\\/\\\/sindromecharge.es\\\/\"},{\"@type\":\"ListItem\",\"position\":2,\"name\":\"El Defensor del Pueblo vigila que los litigios sobre dependencia se resuelvan en los juzgados de lo social\"}]},{\"@type\":\"WebSite\",\"@id\":\"https:\\\/\\\/sindromecharge.es\\\/#website\",\"url\":\"https:\\\/\\\/sindromecharge.es\\\/\",\"name\":\"Asociaci\u00f3n Espa\u00f1ola S\u00edndrome de Charge\",\"description\":\"\",\"potentialAction\":[{\"@type\":\"SearchAction\",\"target\":{\"@type\":\"EntryPoint\",\"urlTemplate\":\"https:\\\/\\\/sindromecharge.es\\\/?s={search_term_string}\"},\"query-input\":{\"@type\":\"PropertyValueSpecification\",\"valueRequired\":true,\"valueName\":\"search_term_string\"}}],\"inLanguage\":\"es\"},{\"@type\":\"Person\",\"@id\":\"https:\\\/\\\/sindromecharge.es\\\/#\\\/schema\\\/person\\\/39a60ebe0a2b4d5a11179701e336b039\",\"name\":\"Charge\",\"image\":{\"@type\":\"ImageObject\",\"inLanguage\":\"es\",\"@id\":\"https:\\\/\\\/secure.gravatar.com\\\/avatar\\\/c3b46e32a0fc3b093a0873fb767bf3293de856293065e84ef06b7ec7a8acfb98?s=96&d=identicon&r=x\",\"url\":\"https:\\\/\\\/secure.gravatar.com\\\/avatar\\\/c3b46e32a0fc3b093a0873fb767bf3293de856293065e84ef06b7ec7a8acfb98?s=96&d=identicon&r=x\",\"contentUrl\":\"https:\\\/\\\/secure.gravatar.com\\\/avatar\\\/c3b46e32a0fc3b093a0873fb767bf3293de856293065e84ef06b7ec7a8acfb98?s=96&d=identicon&r=x\",\"caption\":\"Charge\"},\"url\":\"https:\\\/\\\/sindromecharge.es\\\/index.php\\\/author\\\/admin\\\/\"}]}<\/script>\n<!-- \/ Yoast SEO plugin. -->","yoast_head_json":{"title":"El Defensor del Pueblo vigila que los litigios sobre dependencia se resuelvan en los juzgados de lo social - Asociaci\u00f3n Espa\u00f1ola S\u00edndrome de Charge","robots":{"index":"index","follow":"follow","max-snippet":"max-snippet:-1","max-image-preview":"max-image-preview:large","max-video-preview":"max-video-preview:-1"},"canonical":"https:\/\/sindromecharge.es\/index.php\/2025\/01\/15\/defensor-pueblo-vigila-si-las-autonomias-garantizan-que-los-litigios-sobre-dependencia-se-resuelven-los-juzgados-social\/","og_locale":"es_ES","og_type":"article","og_title":"El Defensor del Pueblo vigila que los litigios sobre dependencia se resuelvan en los juzgados de lo social - Asociaci\u00f3n Espa\u00f1ola S\u00edndrome de Charge","og_description":"El Defensor del Pueblo vigila que los litigios sobre dependencia se resuelvan en los juzgados de lo social","og_url":"https:\/\/sindromecharge.es\/index.php\/2025\/01\/15\/defensor-pueblo-vigila-si-las-autonomias-garantizan-que-los-litigios-sobre-dependencia-se-resuelven-los-juzgados-social\/","og_site_name":"Asociaci\u00f3n Espa\u00f1ola S\u00edndrome de Charge","article_publisher":"https:\/\/www.facebook.com\/asociacionsindromecharge","article_published_time":"2025-01-15T09:34:39+00:00","og_image":[{"width":300,"height":98,"url":"https:\/\/sindromecharge.es\/wp-content\/uploads\/2013\/09\/logodecharge300x98.png","type":"image\/png"}],"author":"Charge","twitter_card":"summary_large_image","twitter_creator":"@sindromecharge","twitter_site":"@sindromecharge","twitter_misc":{"Escrito por":"Charge","Tiempo de lectura":"4 minutos"},"schema":{"@context":"https:\/\/schema.org","@graph":[{"@type":"Article","@id":"https:\/\/sindromecharge.es\/index.php\/2025\/01\/15\/defensor-pueblo-vigila-si-las-autonomias-garantizan-que-los-litigios-sobre-dependencia-se-resuelven-los-juzgados-social\/#article","isPartOf":{"@id":"https:\/\/sindromecharge.es\/index.php\/2025\/01\/15\/defensor-pueblo-vigila-si-las-autonomias-garantizan-que-los-litigios-sobre-dependencia-se-resuelven-los-juzgados-social\/"},"author":{"name":"Charge","@id":"https:\/\/sindromecharge.es\/#\/schema\/person\/39a60ebe0a2b4d5a11179701e336b039"},"headline":"El Defensor del Pueblo vigila que los litigios sobre dependencia se resuelvan en los juzgados de lo social","datePublished":"2025-01-15T09:34:39+00:00","mainEntityOfPage":{"@id":"https:\/\/sindromecharge.es\/index.php\/2025\/01\/15\/defensor-pueblo-vigila-si-las-autonomias-garantizan-que-los-litigios-sobre-dependencia-se-resuelven-los-juzgados-social\/"},"wordCount":735,"articleSection":["noticias"],"inLanguage":"es"},{"@type":"WebPage","@id":"https:\/\/sindromecharge.es\/index.php\/2025\/01\/15\/defensor-pueblo-vigila-si-las-autonomias-garantizan-que-los-litigios-sobre-dependencia-se-resuelven-los-juzgados-social\/","url":"https:\/\/sindromecharge.es\/index.php\/2025\/01\/15\/defensor-pueblo-vigila-si-las-autonomias-garantizan-que-los-litigios-sobre-dependencia-se-resuelven-los-juzgados-social\/","name":"El Defensor del Pueblo vigila que los litigios sobre dependencia se resuelvan en los juzgados de lo social - Asociaci\u00f3n Espa\u00f1ola S\u00edndrome de Charge","isPartOf":{"@id":"https:\/\/sindromecharge.es\/#website"},"datePublished":"2025-01-15T09:34:39+00:00","author":{"@id":"https:\/\/sindromecharge.es\/#\/schema\/person\/39a60ebe0a2b4d5a11179701e336b039"},"breadcrumb":{"@id":"https:\/\/sindromecharge.es\/index.php\/2025\/01\/15\/defensor-pueblo-vigila-si-las-autonomias-garantizan-que-los-litigios-sobre-dependencia-se-resuelven-los-juzgados-social\/#breadcrumb"},"inLanguage":"es","potentialAction":[{"@type":"ReadAction","target":["https:\/\/sindromecharge.es\/index.php\/2025\/01\/15\/defensor-pueblo-vigila-si-las-autonomias-garantizan-que-los-litigios-sobre-dependencia-se-resuelven-los-juzgados-social\/"]}]},{"@type":"BreadcrumbList","@id":"https:\/\/sindromecharge.es\/index.php\/2025\/01\/15\/defensor-pueblo-vigila-si-las-autonomias-garantizan-que-los-litigios-sobre-dependencia-se-resuelven-los-juzgados-social\/#breadcrumb","itemListElement":[{"@type":"ListItem","position":1,"name":"Portada","item":"https:\/\/sindromecharge.es\/"},{"@type":"ListItem","position":2,"name":"El Defensor del Pueblo vigila que los litigios sobre dependencia se resuelvan en los juzgados de lo social"}]},{"@type":"WebSite","@id":"https:\/\/sindromecharge.es\/#website","url":"https:\/\/sindromecharge.es\/","name":"Asociaci\u00f3n Espa\u00f1ola S\u00edndrome de Charge","description":"","potentialAction":[{"@type":"SearchAction","target":{"@type":"EntryPoint","urlTemplate":"https:\/\/sindromecharge.es\/?s={search_term_string}"},"query-input":{"@type":"PropertyValueSpecification","valueRequired":true,"valueName":"search_term_string"}}],"inLanguage":"es"},{"@type":"Person","@id":"https:\/\/sindromecharge.es\/#\/schema\/person\/39a60ebe0a2b4d5a11179701e336b039","name":"Charge","image":{"@type":"ImageObject","inLanguage":"es","@id":"https:\/\/secure.gravatar.com\/avatar\/c3b46e32a0fc3b093a0873fb767bf3293de856293065e84ef06b7ec7a8acfb98?s=96&d=identicon&r=x","url":"https:\/\/secure.gravatar.com\/avatar\/c3b46e32a0fc3b093a0873fb767bf3293de856293065e84ef06b7ec7a8acfb98?s=96&d=identicon&r=x","contentUrl":"https:\/\/secure.gravatar.com\/avatar\/c3b46e32a0fc3b093a0873fb767bf3293de856293065e84ef06b7ec7a8acfb98?s=96&d=identicon&r=x","caption":"Charge"},"url":"https:\/\/sindromecharge.es\/index.php\/author\/admin\/"}]}},"_links":{"self":[{"href":"https:\/\/sindromecharge.es\/index.php\/wp-json\/wp\/v2\/posts\/10730","targetHints":{"allow":["GET"]}}],"collection":[{"href":"https:\/\/sindromecharge.es\/index.php\/wp-json\/wp\/v2\/posts"}],"about":[{"href":"https:\/\/sindromecharge.es\/index.php\/wp-json\/wp\/v2\/types\/post"}],"author":[{"embeddable":true,"href":"https:\/\/sindromecharge.es\/index.php\/wp-json\/wp\/v2\/users\/1"}],"replies":[{"embeddable":true,"href":"https:\/\/sindromecharge.es\/index.php\/wp-json\/wp\/v2\/comments?post=10730"}],"version-history":[{"count":0,"href":"https:\/\/sindromecharge.es\/index.php\/wp-json\/wp\/v2\/posts\/10730\/revisions"}],"wp:attachment":[{"href":"https:\/\/sindromecharge.es\/index.php\/wp-json\/wp\/v2\/media?parent=10730"}],"wp:term":[{"taxonomy":"category","embeddable":true,"href":"https:\/\/sindromecharge.es\/index.php\/wp-json\/wp\/v2\/categories?post=10730"},{"taxonomy":"post_tag","embeddable":true,"href":"https:\/\/sindromecharge.es\/index.php\/wp-json\/wp\/v2\/tags?post=10730"}],"curies":[{"name":"wp","href":"https:\/\/api.w.org\/{rel}","templated":true}]}}