{"id":10728,"date":"2025-01-14T10:44:18","date_gmt":"2025-01-14T10:44:18","guid":{"rendered":"https:\/\/sindromecharge.es\/index.php\/2025\/01\/14\/los-psiquiatras-vinculan-depresion-que-precisa-abordaje-medico-con-una-derivacion-discapacidad\/"},"modified":"2025-01-14T10:44:18","modified_gmt":"2025-01-14T10:44:18","slug":"los-psiquiatras-vinculan-depresion-que-precisa-abordaje-medico-con-una-derivacion-discapacidad","status":"publish","type":"post","link":"https:\/\/sindromecharge.es\/index.php\/2025\/01\/14\/los-psiquiatras-vinculan-depresion-que-precisa-abordaje-medico-con-una-derivacion-discapacidad\/","title":{"rendered":"Francisco Rubio, con discapacidad psicosocial: \u00abLa depresi\u00f3n me llev\u00f3 al borde del abismo, pero ahora veo futuro\u00bb"},"content":{"rendered":"<p>Leemos en Discapacidad la siguiente noticia que os reproducimos de forma \u00edntegra: <\/p>\n<div>\n<p>Francisco Rubio es un &#8216;boomer&#8217; de 60 a\u00f1os que <b>sufri\u00f3 acoso en el colegio<\/b> (entonces no se llamaba &#8216;bullying&#8217;) y recuerda que siempre fue un ni\u00f1o triste y diferente. Con el paso del tiempo, \u00abla cosa empeor\u00f3\u00bb y, tras m\u00e1s de 15 a\u00f1os trabajando como ingeniero industrial, la <a href=\"https:\/\/www.20minutos.es\/minuteca\/depresion\/\" title=\"Depresi\u00f3n\">depresi\u00f3n <\/a>que llevaba arrastrando durante a\u00f1os le condujo a un intento de suicidio.<\/p>\n<p>Este catal\u00e1n afincado en Salou recuerda que fueron a\u00f1os en los que siempre llevaba una careta puesta para ir a la oficina. \u00abLleg\u00f3 un d\u00eda en el que <b>no pude mantener por m\u00e1s tiempo la m\u00e1scara porque aquella situaci\u00f3n le generaba un estr\u00e9s adicional <\/b>a su estado depresivo. \u00abUna tarde despu\u00e9s del trabajo me met\u00ed en el mar y me dej\u00e9 llevar hasta que un barco pesquero me rescat\u00f3 a una milla de la costa\u00bb, rememora en una entrevista a Servimedia. \u00abEse fue el primero de varios intentos autol\u00edticos en mi vida\u00bb.<\/p>\n<p>Ayer se conmemor\u00f3 <b>el D\u00eda Mundial de la Lucha contra la Depresi\u00f3n<\/b>, un trastorno mental que, seg\u00fan la Organizaci\u00f3n Mundial de la Salud (OMS), afecta a m\u00e1s de 300 millones de personas en el mundo, es decir al 3,8% de la poblaci\u00f3n.<\/p>\n<p>El trastorno depresivo est\u00e1 considerado <b>la primera causa mundial de <a href=\"https:\/\/www.20minutos.es\/minuteca\/discapacidad\/\" title=\"Discapacidad\">discapacidad <\/a><\/b>e incide en la tasa de mortalidad. De hecho, la OMS cifra en 800.000 el n\u00famero de suicidios que se registran cada a\u00f1o en el mundo y, gran parte de ellos, responden a cuadros cl\u00ednicos de depresi\u00f3n.<\/p>\n<p>Desde la Asociaci\u00f3n Espa\u00f1ola de Neuropsiquiatr\u00eda (AEN), el doctor Jos\u00e9 Valdecasas recuerda en manifestaciones a Servimedia que \u00abexisten cuadros depresivos graves (algunos con elevada recurrencia o caracter\u00edsticas cr\u00f3nicas) <b>que requieren de abordaje sanitario<\/b> en los que puede sobrevenir la discapacidad\u00bb.<\/p>\n<h2>CUESTA SALIR DEL ARMARIO<\/h2>\n<p>La vida de Francisco <b>dio un vuelco por completo a sus 38 a\u00f1os<\/b>. \u00abMe ingresaron en el psiqui\u00e1trico. Estuve entrando y saliendo hasta en cuatro ocasiones por diversos motivos: depresi\u00f3n aguda, por fobia social, etc\u00bb.<\/p>\n<p>Tras una larga baja, <b>pas\u00f3 por un tribunal m\u00e9dico que le reconoci\u00f3 una discapacidad <\/b>psicosocial del 60%. \u00abPerd\u00ed mi empleo y mi pareja. Mi vida parti\u00f3 de cero y tuve que reinventarme\u00bb, admite. No hab\u00eda cumplido los 40 a\u00f1os y le acreditaron una incapacidad laboral.<\/p>\n<p>\u00abA\u00fan era joven y no quer\u00eda llevar una vida de jubilado, <b>as\u00ed que me centr\u00e9 en cuidarme y en el activismo social<\/b>\u00ab. Este tarraconense imparte charlas motivacionales en centros escolares e institutos y celebra jornadas informativas. Adem\u00e1s, es presidente de la Asociaci\u00f3n Obertament Catalunya y representante del Comit\u00e9 ProSalud en Primera Persona de la Confederaci\u00f3n Salud Mental Espa\u00f1a.<\/p>\n<p>El mantenerse ocupado y, sobre todo, <b>el desempe\u00f1o de un trabajo en un entorno laboral favorable contribuye positivamente en la recuperaci\u00f3n<\/b> de estos pacientes. Para Nel Gonz\u00e1lez Zapico, presidente de la Confederaci\u00f3n<a href=\"https:\/\/www.20minutos.es\/salud\/minuteca\/salud-mental\/\" title=\"Salud mental\"> Salud Mental<\/a> Espa\u00f1a, \u00abel empleo es una herramienta muy \u00fatil porque da la capacidad de elegir, tener autonom\u00eda y trazar un plan de vida\u00bb, seg\u00fan manifiesta en declaraciones a Servimedia.<\/p>\n<p>El hecho de tener un trabajo <b>desplaza el rol de &#8216;persona enferma&#8217; por el de &#8216;persona trabajadora&#8217;<\/b>, con los valores positivos que esto conlleva. El objetivo es sensibilizar a las empresas sobre la importancia de cuidar la salud mental de estos empleados y que se sientan libres para hablar sobre su trastorno. Pero la realidad es otra.<\/p>\n<p>Pese a que las \u00faltimas campa\u00f1as animan a hablar sobre este asunto sin tab\u00faes, lo cierto es que el estigma persiste en la oficina, en la f\u00e1brica y en los despachos. Seg\u00fan un informe de Obertament, \u00abel 52% de las personas trabajadoras que ha dejado de ir al trabajo por un problema de salud mental <b>ha escondido el motivo real de su ausencia<\/b>\u00ab.<\/p>\n<p>En la otra cara de la moneda, el estudio &#8216;La situaci\u00f3n de la salud mental en Espa\u00f1a&#8217;, publicado en 2023 por la Confederaci\u00f3n Salud Mental Espa\u00f1a y la Fundaci\u00f3n Mutua Madrile\u00f1a, se\u00f1ala que \u00abel 60% de los empleados que ha pasado por un problema de salud mental <b>no ha dejado de ir al trabajo; y solo el 12,9% comparte su problema<\/b> con compa\u00f1eros de trabajo\u00bb.<\/p>\n<p>De otro lado, las personas con<b> discapacidad psicosocial presentan la tasa de actividad m\u00e1s baja (un 27,4%)<\/b> con respecto a la media del resto de discapacidades que supone el 35,5%.<\/p>\n<p>En cuanto a empleabilidad, el colectivo de la discapacidad psicosocial tambi\u00e9n tiene el \u00edndice de empleo m\u00e1s bajo (un 19%), <b>casi 10 puntos menos, que el del conjunto de personas con discapacidad<\/b>, seg\u00fan datos del Instituto Nacional de Estad\u00edstica (INE) sobre &#8216;El Empleo de las Personas con Discapacidad&#8217; (EPD) correspondientes a 2023.<\/p>\n<h2>\u00a1ABAJO M\u00c1SCARAS, ARRIBA LA VIDA!<\/h2>\n<p>Cuando Francisco cre\u00eda que lo hab\u00eda perdido todo: trabajo, estabilidad emocional y econ\u00f3mica, en uno de los ingresos en el centro psiqui\u00e1trico conoci\u00f3 a su actual pareja, Lurdes. \u00ab<b>Me salv\u00f3 la vida<\/b> porque s\u00f3lo una persona que conoce el oscuro t\u00fanel de la depresi\u00f3n puede entender a otra que lo est\u00e1 atravesando\u00bb.<\/p>\n<p>Esta pareja l<b>leva 20 a\u00f1os compartiendo la vida y la batalla contra el estigma en la salud mental<\/b>. Francisco asegura que las crisis depresivas no desaparecen del todo. \u00abLo que cambia es que aprendes a manejar las herramientas que tienes con mayor maestr\u00eda y muy importante, ahora me enfrento sin caretas y con una serenidad que me impide hacer estupideces\u00bb.<\/p>\n<p>Encaja mejor la falta de empat\u00eda de su entorno. \u00abCuando le dices a la gente que tienes una discapacidad sobrevenida por una depresi\u00f3n aguda tiende a pensar que eres un cuentista. <b>Es una de esas discapacidades fantasmas que pocos ven\u00bb, se lamenta<\/b>. Y admite que lleg\u00f3 a desear tener una enfermedad f\u00edsica porque de ese modo le habr\u00edan entendido.<\/p>\n<p>La depresi\u00f3n lo altera todo. \u00ab<b>Cambia tu higiene personal, tu alimentaci\u00f3n, tus h\u00e1bitos de sue\u00f1o<\/b>. Llega un punto en el que piensas en desaparecer de este mundo. Definitivamente, la depresi\u00f3n es una enfermedad mortal, porque si cada d\u00eda te levantas sin ilusi\u00f3n es como estar muerto\u00bb.<\/p>\n<p>Han trascurrido ya dos d\u00e9cadas desde que Francisco tocase fondo (o casi), g<b>racias a aquel pesquero que lo rescat\u00f3 de un final que a\u00fan no estaba escrito<\/b>. \u00abHe reiniciado y empezado una nueva vida con el contador a cero\u00bb. Despu\u00e9s hizo falta grandes dosis de reflexi\u00f3n y muchas horas de psicoterapia y antidepresivos. Y, c\u00f3mo no, la compa\u00f1\u00eda inalterable de su pareja Lurdes que ha sido su chaleco salvavidas en mitad del oc\u00e9ano.<\/p>\n<p>La ventaja de estas personas que le han visto el rostro a la depresi\u00f3n es que<b> pueden preparase psicol\u00f3gicamente cuando irrumpe en sus vidas<\/b>. Gracias a ese aprendizaje, Francisco es capaz de contemplar el mar, (ese mar en el que un d\u00eda decidi\u00f3 desaparecer) y ahora vislumbrar: horizonte y futuro.<\/p>\n<\/div>\n<p>Fuente: Discapacidad https:\/\/www.20minutos.es\/noticia\/5672167\/0\/los-psiquiatras-vinculan-depresion-que-precisa-abordaje-medico-con-una-derivacion-discapacidad\/<\/p>\n","protected":false},"excerpt":{"rendered":"<p>El trastorno depresivo est\u00e1 considerado la primera causa mundial de discapacidad.<\/p>\n","protected":false},"author":1,"featured_media":0,"comment_status":"closed","ping_status":"closed","sticky":false,"template":"","format":"standard","meta":{"footnotes":""},"categories":[8],"tags":[],"class_list":["post-10728","post","type-post","status-publish","format-standard","hentry","category-noticias"],"yoast_head":"<!-- This site is optimized with the Yoast SEO plugin v27.5 - https:\/\/yoast.com\/product\/yoast-seo-wordpress\/ -->\n<title>Francisco Rubio, con discapacidad psicosocial: &quot;La depresi\u00f3n me llev\u00f3 al borde del abismo, pero ahora veo futuro&quot; - Asociaci\u00f3n Espa\u00f1ola S\u00edndrome de Charge<\/title>\n<meta name=\"robots\" content=\"index, follow, max-snippet:-1, max-image-preview:large, max-video-preview:-1\" \/>\n<link rel=\"canonical\" href=\"https:\/\/sindromecharge.es\/index.php\/2025\/01\/14\/los-psiquiatras-vinculan-depresion-que-precisa-abordaje-medico-con-una-derivacion-discapacidad\/\" \/>\n<meta property=\"og:locale\" content=\"es_ES\" \/>\n<meta property=\"og:type\" content=\"article\" \/>\n<meta property=\"og:title\" content=\"Francisco Rubio, con discapacidad psicosocial: &quot;La depresi\u00f3n me llev\u00f3 al borde del abismo, pero ahora veo futuro&quot; - Asociaci\u00f3n Espa\u00f1ola S\u00edndrome de Charge\" \/>\n<meta property=\"og:description\" content=\"El trastorno depresivo est\u00e1 considerado la primera causa mundial de discapacidad.\" \/>\n<meta property=\"og:url\" content=\"https:\/\/sindromecharge.es\/index.php\/2025\/01\/14\/los-psiquiatras-vinculan-depresion-que-precisa-abordaje-medico-con-una-derivacion-discapacidad\/\" \/>\n<meta property=\"og:site_name\" content=\"Asociaci\u00f3n Espa\u00f1ola S\u00edndrome de Charge\" \/>\n<meta property=\"article:publisher\" content=\"https:\/\/www.facebook.com\/asociacionsindromecharge\" \/>\n<meta property=\"article:published_time\" content=\"2025-01-14T10:44:18+00:00\" \/>\n<meta property=\"og:image\" content=\"https:\/\/sindromecharge.es\/wp-content\/uploads\/2013\/09\/logodecharge300x98.png\" \/>\n\t<meta property=\"og:image:width\" content=\"300\" \/>\n\t<meta property=\"og:image:height\" content=\"98\" \/>\n\t<meta property=\"og:image:type\" content=\"image\/png\" \/>\n<meta name=\"author\" content=\"Charge\" \/>\n<meta name=\"twitter:card\" content=\"summary_large_image\" \/>\n<meta name=\"twitter:creator\" content=\"@sindromecharge\" \/>\n<meta name=\"twitter:site\" content=\"@sindromecharge\" \/>\n<meta name=\"twitter:label1\" content=\"Escrito por\" \/>\n\t<meta name=\"twitter:data1\" content=\"Charge\" \/>\n\t<meta name=\"twitter:label2\" content=\"Tiempo de lectura\" \/>\n\t<meta name=\"twitter:data2\" content=\"6 minutos\" \/>\n<script type=\"application\/ld+json\" class=\"yoast-schema-graph\">{\"@context\":\"https:\\\/\\\/schema.org\",\"@graph\":[{\"@type\":\"Article\",\"@id\":\"https:\\\/\\\/sindromecharge.es\\\/index.php\\\/2025\\\/01\\\/14\\\/los-psiquiatras-vinculan-depresion-que-precisa-abordaje-medico-con-una-derivacion-discapacidad\\\/#article\",\"isPartOf\":{\"@id\":\"https:\\\/\\\/sindromecharge.es\\\/index.php\\\/2025\\\/01\\\/14\\\/los-psiquiatras-vinculan-depresion-que-precisa-abordaje-medico-con-una-derivacion-discapacidad\\\/\"},\"author\":{\"name\":\"Charge\",\"@id\":\"https:\\\/\\\/sindromecharge.es\\\/#\\\/schema\\\/person\\\/39a60ebe0a2b4d5a11179701e336b039\"},\"headline\":\"Francisco Rubio, con discapacidad psicosocial: \u00abLa depresi\u00f3n me llev\u00f3 al borde del abismo, pero ahora veo futuro\u00bb\",\"datePublished\":\"2025-01-14T10:44:18+00:00\",\"mainEntityOfPage\":{\"@id\":\"https:\\\/\\\/sindromecharge.es\\\/index.php\\\/2025\\\/01\\\/14\\\/los-psiquiatras-vinculan-depresion-que-precisa-abordaje-medico-con-una-derivacion-discapacidad\\\/\"},\"wordCount\":1216,\"articleSection\":[\"noticias\"],\"inLanguage\":\"es\"},{\"@type\":\"WebPage\",\"@id\":\"https:\\\/\\\/sindromecharge.es\\\/index.php\\\/2025\\\/01\\\/14\\\/los-psiquiatras-vinculan-depresion-que-precisa-abordaje-medico-con-una-derivacion-discapacidad\\\/\",\"url\":\"https:\\\/\\\/sindromecharge.es\\\/index.php\\\/2025\\\/01\\\/14\\\/los-psiquiatras-vinculan-depresion-que-precisa-abordaje-medico-con-una-derivacion-discapacidad\\\/\",\"name\":\"Francisco Rubio, con discapacidad psicosocial: \\\"La depresi\u00f3n me llev\u00f3 al borde del abismo, pero ahora veo futuro\\\" - Asociaci\u00f3n Espa\u00f1ola S\u00edndrome de Charge\",\"isPartOf\":{\"@id\":\"https:\\\/\\\/sindromecharge.es\\\/#website\"},\"datePublished\":\"2025-01-14T10:44:18+00:00\",\"author\":{\"@id\":\"https:\\\/\\\/sindromecharge.es\\\/#\\\/schema\\\/person\\\/39a60ebe0a2b4d5a11179701e336b039\"},\"breadcrumb\":{\"@id\":\"https:\\\/\\\/sindromecharge.es\\\/index.php\\\/2025\\\/01\\\/14\\\/los-psiquiatras-vinculan-depresion-que-precisa-abordaje-medico-con-una-derivacion-discapacidad\\\/#breadcrumb\"},\"inLanguage\":\"es\",\"potentialAction\":[{\"@type\":\"ReadAction\",\"target\":[\"https:\\\/\\\/sindromecharge.es\\\/index.php\\\/2025\\\/01\\\/14\\\/los-psiquiatras-vinculan-depresion-que-precisa-abordaje-medico-con-una-derivacion-discapacidad\\\/\"]}]},{\"@type\":\"BreadcrumbList\",\"@id\":\"https:\\\/\\\/sindromecharge.es\\\/index.php\\\/2025\\\/01\\\/14\\\/los-psiquiatras-vinculan-depresion-que-precisa-abordaje-medico-con-una-derivacion-discapacidad\\\/#breadcrumb\",\"itemListElement\":[{\"@type\":\"ListItem\",\"position\":1,\"name\":\"Portada\",\"item\":\"https:\\\/\\\/sindromecharge.es\\\/\"},{\"@type\":\"ListItem\",\"position\":2,\"name\":\"Francisco Rubio, con discapacidad psicosocial: &#8220;La depresi\u00f3n me llev\u00f3 al borde del abismo, pero ahora veo futuro&#8221;\"}]},{\"@type\":\"WebSite\",\"@id\":\"https:\\\/\\\/sindromecharge.es\\\/#website\",\"url\":\"https:\\\/\\\/sindromecharge.es\\\/\",\"name\":\"Asociaci\u00f3n Espa\u00f1ola S\u00edndrome de Charge\",\"description\":\"\",\"potentialAction\":[{\"@type\":\"SearchAction\",\"target\":{\"@type\":\"EntryPoint\",\"urlTemplate\":\"https:\\\/\\\/sindromecharge.es\\\/?s={search_term_string}\"},\"query-input\":{\"@type\":\"PropertyValueSpecification\",\"valueRequired\":true,\"valueName\":\"search_term_string\"}}],\"inLanguage\":\"es\"},{\"@type\":\"Person\",\"@id\":\"https:\\\/\\\/sindromecharge.es\\\/#\\\/schema\\\/person\\\/39a60ebe0a2b4d5a11179701e336b039\",\"name\":\"Charge\",\"image\":{\"@type\":\"ImageObject\",\"inLanguage\":\"es\",\"@id\":\"https:\\\/\\\/secure.gravatar.com\\\/avatar\\\/c3b46e32a0fc3b093a0873fb767bf3293de856293065e84ef06b7ec7a8acfb98?s=96&d=identicon&r=x\",\"url\":\"https:\\\/\\\/secure.gravatar.com\\\/avatar\\\/c3b46e32a0fc3b093a0873fb767bf3293de856293065e84ef06b7ec7a8acfb98?s=96&d=identicon&r=x\",\"contentUrl\":\"https:\\\/\\\/secure.gravatar.com\\\/avatar\\\/c3b46e32a0fc3b093a0873fb767bf3293de856293065e84ef06b7ec7a8acfb98?s=96&d=identicon&r=x\",\"caption\":\"Charge\"},\"url\":\"https:\\\/\\\/sindromecharge.es\\\/index.php\\\/author\\\/admin\\\/\"}]}<\/script>\n<!-- \/ Yoast SEO plugin. -->","yoast_head_json":{"title":"Francisco Rubio, con discapacidad psicosocial: \"La depresi\u00f3n me llev\u00f3 al borde del abismo, pero ahora veo futuro\" - Asociaci\u00f3n Espa\u00f1ola S\u00edndrome de Charge","robots":{"index":"index","follow":"follow","max-snippet":"max-snippet:-1","max-image-preview":"max-image-preview:large","max-video-preview":"max-video-preview:-1"},"canonical":"https:\/\/sindromecharge.es\/index.php\/2025\/01\/14\/los-psiquiatras-vinculan-depresion-que-precisa-abordaje-medico-con-una-derivacion-discapacidad\/","og_locale":"es_ES","og_type":"article","og_title":"Francisco Rubio, con discapacidad psicosocial: \"La depresi\u00f3n me llev\u00f3 al borde del abismo, pero ahora veo futuro\" - Asociaci\u00f3n Espa\u00f1ola S\u00edndrome de Charge","og_description":"El trastorno depresivo est\u00e1 considerado la primera causa mundial de discapacidad.","og_url":"https:\/\/sindromecharge.es\/index.php\/2025\/01\/14\/los-psiquiatras-vinculan-depresion-que-precisa-abordaje-medico-con-una-derivacion-discapacidad\/","og_site_name":"Asociaci\u00f3n Espa\u00f1ola S\u00edndrome de Charge","article_publisher":"https:\/\/www.facebook.com\/asociacionsindromecharge","article_published_time":"2025-01-14T10:44:18+00:00","og_image":[{"width":300,"height":98,"url":"https:\/\/sindromecharge.es\/wp-content\/uploads\/2013\/09\/logodecharge300x98.png","type":"image\/png"}],"author":"Charge","twitter_card":"summary_large_image","twitter_creator":"@sindromecharge","twitter_site":"@sindromecharge","twitter_misc":{"Escrito por":"Charge","Tiempo de lectura":"6 minutos"},"schema":{"@context":"https:\/\/schema.org","@graph":[{"@type":"Article","@id":"https:\/\/sindromecharge.es\/index.php\/2025\/01\/14\/los-psiquiatras-vinculan-depresion-que-precisa-abordaje-medico-con-una-derivacion-discapacidad\/#article","isPartOf":{"@id":"https:\/\/sindromecharge.es\/index.php\/2025\/01\/14\/los-psiquiatras-vinculan-depresion-que-precisa-abordaje-medico-con-una-derivacion-discapacidad\/"},"author":{"name":"Charge","@id":"https:\/\/sindromecharge.es\/#\/schema\/person\/39a60ebe0a2b4d5a11179701e336b039"},"headline":"Francisco Rubio, con discapacidad psicosocial: \u00abLa depresi\u00f3n me llev\u00f3 al borde del abismo, pero ahora veo futuro\u00bb","datePublished":"2025-01-14T10:44:18+00:00","mainEntityOfPage":{"@id":"https:\/\/sindromecharge.es\/index.php\/2025\/01\/14\/los-psiquiatras-vinculan-depresion-que-precisa-abordaje-medico-con-una-derivacion-discapacidad\/"},"wordCount":1216,"articleSection":["noticias"],"inLanguage":"es"},{"@type":"WebPage","@id":"https:\/\/sindromecharge.es\/index.php\/2025\/01\/14\/los-psiquiatras-vinculan-depresion-que-precisa-abordaje-medico-con-una-derivacion-discapacidad\/","url":"https:\/\/sindromecharge.es\/index.php\/2025\/01\/14\/los-psiquiatras-vinculan-depresion-que-precisa-abordaje-medico-con-una-derivacion-discapacidad\/","name":"Francisco Rubio, con discapacidad psicosocial: \"La depresi\u00f3n me llev\u00f3 al borde del abismo, pero ahora veo futuro\" - Asociaci\u00f3n Espa\u00f1ola S\u00edndrome de Charge","isPartOf":{"@id":"https:\/\/sindromecharge.es\/#website"},"datePublished":"2025-01-14T10:44:18+00:00","author":{"@id":"https:\/\/sindromecharge.es\/#\/schema\/person\/39a60ebe0a2b4d5a11179701e336b039"},"breadcrumb":{"@id":"https:\/\/sindromecharge.es\/index.php\/2025\/01\/14\/los-psiquiatras-vinculan-depresion-que-precisa-abordaje-medico-con-una-derivacion-discapacidad\/#breadcrumb"},"inLanguage":"es","potentialAction":[{"@type":"ReadAction","target":["https:\/\/sindromecharge.es\/index.php\/2025\/01\/14\/los-psiquiatras-vinculan-depresion-que-precisa-abordaje-medico-con-una-derivacion-discapacidad\/"]}]},{"@type":"BreadcrumbList","@id":"https:\/\/sindromecharge.es\/index.php\/2025\/01\/14\/los-psiquiatras-vinculan-depresion-que-precisa-abordaje-medico-con-una-derivacion-discapacidad\/#breadcrumb","itemListElement":[{"@type":"ListItem","position":1,"name":"Portada","item":"https:\/\/sindromecharge.es\/"},{"@type":"ListItem","position":2,"name":"Francisco Rubio, con discapacidad psicosocial: &#8220;La depresi\u00f3n me llev\u00f3 al borde del abismo, pero ahora veo futuro&#8221;"}]},{"@type":"WebSite","@id":"https:\/\/sindromecharge.es\/#website","url":"https:\/\/sindromecharge.es\/","name":"Asociaci\u00f3n Espa\u00f1ola S\u00edndrome de Charge","description":"","potentialAction":[{"@type":"SearchAction","target":{"@type":"EntryPoint","urlTemplate":"https:\/\/sindromecharge.es\/?s={search_term_string}"},"query-input":{"@type":"PropertyValueSpecification","valueRequired":true,"valueName":"search_term_string"}}],"inLanguage":"es"},{"@type":"Person","@id":"https:\/\/sindromecharge.es\/#\/schema\/person\/39a60ebe0a2b4d5a11179701e336b039","name":"Charge","image":{"@type":"ImageObject","inLanguage":"es","@id":"https:\/\/secure.gravatar.com\/avatar\/c3b46e32a0fc3b093a0873fb767bf3293de856293065e84ef06b7ec7a8acfb98?s=96&d=identicon&r=x","url":"https:\/\/secure.gravatar.com\/avatar\/c3b46e32a0fc3b093a0873fb767bf3293de856293065e84ef06b7ec7a8acfb98?s=96&d=identicon&r=x","contentUrl":"https:\/\/secure.gravatar.com\/avatar\/c3b46e32a0fc3b093a0873fb767bf3293de856293065e84ef06b7ec7a8acfb98?s=96&d=identicon&r=x","caption":"Charge"},"url":"https:\/\/sindromecharge.es\/index.php\/author\/admin\/"}]}},"_links":{"self":[{"href":"https:\/\/sindromecharge.es\/index.php\/wp-json\/wp\/v2\/posts\/10728","targetHints":{"allow":["GET"]}}],"collection":[{"href":"https:\/\/sindromecharge.es\/index.php\/wp-json\/wp\/v2\/posts"}],"about":[{"href":"https:\/\/sindromecharge.es\/index.php\/wp-json\/wp\/v2\/types\/post"}],"author":[{"embeddable":true,"href":"https:\/\/sindromecharge.es\/index.php\/wp-json\/wp\/v2\/users\/1"}],"replies":[{"embeddable":true,"href":"https:\/\/sindromecharge.es\/index.php\/wp-json\/wp\/v2\/comments?post=10728"}],"version-history":[{"count":0,"href":"https:\/\/sindromecharge.es\/index.php\/wp-json\/wp\/v2\/posts\/10728\/revisions"}],"wp:attachment":[{"href":"https:\/\/sindromecharge.es\/index.php\/wp-json\/wp\/v2\/media?parent=10728"}],"wp:term":[{"taxonomy":"category","embeddable":true,"href":"https:\/\/sindromecharge.es\/index.php\/wp-json\/wp\/v2\/categories?post=10728"},{"taxonomy":"post_tag","embeddable":true,"href":"https:\/\/sindromecharge.es\/index.php\/wp-json\/wp\/v2\/tags?post=10728"}],"curies":[{"name":"wp","href":"https:\/\/api.w.org\/{rel}","templated":true}]}}