{"id":10727,"date":"2025-01-14T06:29:43","date_gmt":"2025-01-14T06:29:43","guid":{"rendered":"https:\/\/sindromecharge.es\/index.php\/2025\/01\/14\/razon-camana-me-haces-bien-inclusion-es-imparable-no-vamos-dar-un-paso-atras\/"},"modified":"2025-01-14T06:29:43","modified_gmt":"2025-01-14T06:29:43","slug":"razon-camana-me-haces-bien-inclusion-es-imparable-no-vamos-dar-un-paso-atras","status":"publish","type":"post","link":"https:\/\/sindromecharge.es\/index.php\/2025\/01\/14\/razon-camana-me-haces-bien-inclusion-es-imparable-no-vamos-dar-un-paso-atras\/","title":{"rendered":"La raz\u00f3n tras la campa\u00f1a &#8216;Me haces bien&#8217;: \u00abLa inclusi\u00f3n es imparable, no vamos a dar un paso atr\u00e1s\u00bb"},"content":{"rendered":"<p>Leemos en Discapacidad la siguiente noticia que os reproducimos de forma \u00edntegra: <\/p>\n<div>\n<p><a href=\"https:\/\/www.20minutos.es\/minuteca\/once\/\" title=\"ONCE\" target=\"_blank\">ONCE<\/a>, con la ayuda de otras entidades del tercer sector relacionadas con la discapacidad, laz\u00f3 hace unas semanas la campa\u00f1a &#8216;<b>Me haces bien&#8217;<\/b>, con la que, junto a  Initiative y Atrevia, responsables de la campa\u00f1a, quisieron poner de manifiesto la importancia de la inclusi\u00f3n de las personas con discapacidad, tanto por una cuesti\u00f3n de igualdad de derechos como de enriquecimiento de la sociedad.<\/p>\n<p>\u00abQueremos transmitir que <b>vivimos entre iguales<\/b>. Da igual que una persona <b>tenga o no discapacidad<\/b>, eso no es lo que nos define. Queremos visibilizar que da igual qui\u00e9nes seamos, d\u00f3nde estemos y lo que hagamos. Lo importante es tener la oportunidad de ofrecer nuestro talento, nuestra manera de ver la vida, pensar en el otro y prestar nuestra ayuda a quien lo necesite\u00bb, asegura <b>Antonio Mayor, director de Comunicaci\u00f3n, Imagen y Marca de Grupo Social ONCE.<\/b><\/p>\n<p>Bajo el lema &#8216;<b>La inclusi\u00f3n es imparable<\/b>&#8216;, esta campa\u00f1a, que combina un mensaje emocional con un compromiso firme hacia la inclusi\u00f3n social, busca visibilizar c\u00f3mo las<b> peque\u00f1as acciones tienen un impacto significativo <\/b>en la construcci\u00f3n de una sociedad m\u00e1s equitativa, como explica  <b>Vicente Ros, Managing Director Initiative Espa\u00f1a<\/b>, \u00abbuscamos tangibilizar el propio concepto de &#8216;Me haces bien&#8217;, a trav\u00e9s de <b>interacciones entre personas con y sin <a href=\"https:\/\/www.20minutos.es\/minuteca\/discapacidad\/\" title=\"Discapacidad\" target=\"_blank\">discapacidad<\/a><\/b>, en las que unos se ayudan a otros, se ense\u00f1an, se dan cari\u00f1o, sin importar su condici\u00f3n. Y, precisamente, esa es la misi\u00f3n de Grupo Social ONCE\u00bb.<\/p>\n<p>Porque la inclusi\u00f3n, como quieren dejar claro con \u2018Me haces bien\u2019, no solo beneficia a las personas con discapacidad, sino que <b>beneficia a todos<\/b>, \u00abporque todos crecemos como personas y crecemos como sociedad. Y por eso es imparable\u00bb, insiste Juan S\u00e1nchez, director general creativo de La Luna de ATREVIA, \u00abqueremos demostrar que las personas con <a href=\"https:\/\/www.20minutos.es\/minuteca\/discapacidad\/\" title=\"Discapacidad\" target=\"_blank\">discapacidad<\/a><b> pueden convivir en nuestra sociedad en t\u00e9rminos de igualdad<\/b> y que esa diversidad es constructiva y positiva para todos. De igual modo, la discapacidad tambi\u00e9n es diversa y esa diversidad tambi\u00e9n es necesario mostrarla, porque cada colectivo tiene sus propias necesidades y peculiaridades\u00bb. <\/p>\n<h2>Personas reales para demostrar que la inclusi\u00f3n es imparable<\/h2>\n<p>Como en todas las campa\u00f1as que organiza la ONCE, los protagonistas de &#8216;Me haces bien&#8217;, <b>no son actores, sino personas reales con vidas cotidianas<\/b>, \u00abque est\u00e1n protagonizando su propia vida en un spot de televisi\u00f3n\u00bb.  Esto hace que, como explican, \u00ablas personas se muestren como son\u00bb, quede m\u00e1s natural y el mensaje llegue mejor, aunque el proceso sea m\u00e1s complejo, \u00abel casting suele alargarse bastante, el proceso total ha durado m\u00e1s de seis meses. En cualquier caso, trabajar en este tipo de campa\u00f1as con personas reales es muy especial, a nivel personal, muy enriquecedor\u00bb, explican desde Atrevia.<\/p>\n<p>Todo recurso es poco para hacer ver y reivindicar que la inclusi\u00f3n de las personas con discapacidad <b>es algo imparable, \u00abno vamos a dar ni un paso atr\u00e1s<\/b>. Lo alcanzado con la modificaci\u00f3n del art\u00edculo 49 de la Constituci\u00f3n nos avala tras las largas d\u00e9cadas de lucha constante para hacer valer el peso de la condici\u00f3n de persona por encima de aquello que presuntamente nos limita. Son muchos a\u00f1os intentando cambiar la mirada de una mayor\u00eda que conforma la sociedad. El camino por recorrer sigue siendo largo, pero lo alcanzado nos permite afirmar con rotundidad que la ciudadan\u00eda nos apoya de modo decidido y que esto no para aqu\u00ed\u00bb.<\/p>\n<p>Desde Atrevia, tambi\u00e9n est\u00e1n convencidos de ello, \u00ab<b>la inclusi\u00f3n nos hace bien a todos <\/b>y por eso es imparable, no tiene marcha atr\u00e1s. Es lo que ha pasado a lo largo de la historia con todos los avances sociales y todos los derechos adquiridos por determinados colectivos. Una vez que los avances sociales se consolidan, no hay retroceso posible. Nunca ha pasado y con la inclusi\u00f3n tampoco va a pasar\u00bb, asegura Juan S\u00e1nchez.<\/p>\n<h1>Es nuestra responsabilidad eliminar las barreras y generar una mayor igualdad de oportunidades que hagan nuestra sociedad m\u00e1s justa y mejor<\/h1>\n<p>Sin embargo, y a pesar de los avances, son conscientes de que queda mucho por hacer, y es responsabilidad de todos que la inclusi\u00f3n sea realmente imparable, \u00ab<b>es nuestra responsabilidad eliminar las barreras<\/b> para generar mayor igualdad de oportunidades, que mejorar\u00e1n la calidad de vida de las personas y har\u00e1n nuestra sociedad m\u00e1s justa y mejor\u00bb, a\u00f1ade Vicente Ros.<\/p>\n<p>Nos queda, como tienen claro desde ONCE, \u00abque quienes tienen la facultad de legislar entiendan, comprendan y asuman nuestra condici\u00f3n de iguales; que<b> quienes interpretan las normas sean sensibles a la realidad <\/b>que d\u00eda a d\u00eda debemos afrontar y que quienes adoptan como modo de pensar la intolerancia, el rechazo a la diferencia y el &#8216;yo&#8217; por encima del &#8216;nosotros&#8217;, apuesten por el respeto, la convivencia, el di\u00e1logo y la escucha de los que lo tienen m\u00e1s dif\u00edcil. Se trata de no dejar a nadie atr\u00e1s. Todos debemos correr la misma suerte y la discapacidad es un aspecto circunstancial de nuestras vidas, que <b>extrae de nosotros lo mejor de cada uno<\/b>, bien sea por vivirla en primera persona, bien por compartirla con otros\u00bb.<\/p>\n<p>Campa\u00f1as como esta, si duda, ponen un gran granito de arena para que as\u00ed sea, \u00abhay que convencer a los que, en su d\u00eda a d\u00eda, siguen discriminando a las personas con discapacidad de que <b>todos hacemos bien a esta sociedad<\/b> y de que los que se sit\u00faen en el lado de la intolerancia y la incomprensi\u00f3n ser\u00e1n los que se queden fuera\u00bb. <\/p>\n<\/div>\n<p>Fuente: Discapacidad https:\/\/www.20minutos.es\/noticia\/5671884\/0\/razon-camana-me-haces-bien-inclusion-es-imparable-no-vamos-dar-un-paso-atras\/<\/p>\n","protected":false},"excerpt":{"rendered":"<p>El grupo Social ONCE, junto con Initiative y Atrevia presentaron la campa\u00f1a &#8216;Me haces bien&#8217;, que visibiliza la importancia de las inclusi\u00f3n de las personas con discapacidad.<\/p>\n","protected":false},"author":1,"featured_media":0,"comment_status":"closed","ping_status":"closed","sticky":false,"template":"","format":"standard","meta":{"footnotes":""},"categories":[8],"tags":[],"class_list":["post-10727","post","type-post","status-publish","format-standard","hentry","category-noticias"],"yoast_head":"<!-- This site is optimized with the Yoast SEO plugin v27.5 - https:\/\/yoast.com\/product\/yoast-seo-wordpress\/ -->\n<title>La raz\u00f3n tras la campa\u00f1a &#039;Me haces bien&#039;: &quot;La inclusi\u00f3n es imparable, no vamos a dar un paso atr\u00e1s&quot; - Asociaci\u00f3n Espa\u00f1ola S\u00edndrome de Charge<\/title>\n<meta name=\"robots\" content=\"index, follow, max-snippet:-1, max-image-preview:large, max-video-preview:-1\" \/>\n<link rel=\"canonical\" href=\"https:\/\/sindromecharge.es\/index.php\/2025\/01\/14\/razon-camana-me-haces-bien-inclusion-es-imparable-no-vamos-dar-un-paso-atras\/\" \/>\n<meta property=\"og:locale\" content=\"es_ES\" \/>\n<meta property=\"og:type\" content=\"article\" \/>\n<meta property=\"og:title\" content=\"La raz\u00f3n tras la campa\u00f1a &#039;Me haces bien&#039;: &quot;La inclusi\u00f3n es imparable, no vamos a dar un paso atr\u00e1s&quot; - Asociaci\u00f3n Espa\u00f1ola S\u00edndrome de Charge\" \/>\n<meta property=\"og:description\" content=\"El grupo Social ONCE, junto con Initiative y Atrevia presentaron la campa\u00f1a &#8216;Me haces bien&#8217;, que visibiliza la importancia de las inclusi\u00f3n de las personas con discapacidad.\" \/>\n<meta property=\"og:url\" content=\"https:\/\/sindromecharge.es\/index.php\/2025\/01\/14\/razon-camana-me-haces-bien-inclusion-es-imparable-no-vamos-dar-un-paso-atras\/\" \/>\n<meta property=\"og:site_name\" content=\"Asociaci\u00f3n Espa\u00f1ola S\u00edndrome de Charge\" \/>\n<meta property=\"article:publisher\" content=\"https:\/\/www.facebook.com\/asociacionsindromecharge\" \/>\n<meta property=\"article:published_time\" content=\"2025-01-14T06:29:43+00:00\" \/>\n<meta property=\"og:image\" content=\"https:\/\/sindromecharge.es\/wp-content\/uploads\/2013\/09\/logodecharge300x98.png\" \/>\n\t<meta property=\"og:image:width\" content=\"300\" \/>\n\t<meta property=\"og:image:height\" content=\"98\" \/>\n\t<meta property=\"og:image:type\" content=\"image\/png\" \/>\n<meta name=\"author\" content=\"Charge\" \/>\n<meta name=\"twitter:card\" content=\"summary_large_image\" \/>\n<meta name=\"twitter:creator\" content=\"@sindromecharge\" \/>\n<meta name=\"twitter:site\" content=\"@sindromecharge\" \/>\n<meta name=\"twitter:label1\" content=\"Escrito por\" \/>\n\t<meta name=\"twitter:data1\" content=\"Charge\" \/>\n\t<meta name=\"twitter:label2\" content=\"Tiempo de lectura\" \/>\n\t<meta name=\"twitter:data2\" content=\"5 minutos\" \/>\n<script type=\"application\/ld+json\" class=\"yoast-schema-graph\">{\"@context\":\"https:\\\/\\\/schema.org\",\"@graph\":[{\"@type\":\"Article\",\"@id\":\"https:\\\/\\\/sindromecharge.es\\\/index.php\\\/2025\\\/01\\\/14\\\/razon-camana-me-haces-bien-inclusion-es-imparable-no-vamos-dar-un-paso-atras\\\/#article\",\"isPartOf\":{\"@id\":\"https:\\\/\\\/sindromecharge.es\\\/index.php\\\/2025\\\/01\\\/14\\\/razon-camana-me-haces-bien-inclusion-es-imparable-no-vamos-dar-un-paso-atras\\\/\"},\"author\":{\"name\":\"Charge\",\"@id\":\"https:\\\/\\\/sindromecharge.es\\\/#\\\/schema\\\/person\\\/39a60ebe0a2b4d5a11179701e336b039\"},\"headline\":\"La raz\u00f3n tras la campa\u00f1a &#8216;Me haces bien&#8217;: \u00abLa inclusi\u00f3n es imparable, no vamos a dar un paso atr\u00e1s\u00bb\",\"datePublished\":\"2025-01-14T06:29:43+00:00\",\"mainEntityOfPage\":{\"@id\":\"https:\\\/\\\/sindromecharge.es\\\/index.php\\\/2025\\\/01\\\/14\\\/razon-camana-me-haces-bien-inclusion-es-imparable-no-vamos-dar-un-paso-atras\\\/\"},\"wordCount\":996,\"articleSection\":[\"noticias\"],\"inLanguage\":\"es\"},{\"@type\":\"WebPage\",\"@id\":\"https:\\\/\\\/sindromecharge.es\\\/index.php\\\/2025\\\/01\\\/14\\\/razon-camana-me-haces-bien-inclusion-es-imparable-no-vamos-dar-un-paso-atras\\\/\",\"url\":\"https:\\\/\\\/sindromecharge.es\\\/index.php\\\/2025\\\/01\\\/14\\\/razon-camana-me-haces-bien-inclusion-es-imparable-no-vamos-dar-un-paso-atras\\\/\",\"name\":\"La raz\u00f3n tras la campa\u00f1a 'Me haces bien': \\\"La inclusi\u00f3n es imparable, no vamos a dar un paso atr\u00e1s\\\" - Asociaci\u00f3n Espa\u00f1ola S\u00edndrome de Charge\",\"isPartOf\":{\"@id\":\"https:\\\/\\\/sindromecharge.es\\\/#website\"},\"datePublished\":\"2025-01-14T06:29:43+00:00\",\"author\":{\"@id\":\"https:\\\/\\\/sindromecharge.es\\\/#\\\/schema\\\/person\\\/39a60ebe0a2b4d5a11179701e336b039\"},\"breadcrumb\":{\"@id\":\"https:\\\/\\\/sindromecharge.es\\\/index.php\\\/2025\\\/01\\\/14\\\/razon-camana-me-haces-bien-inclusion-es-imparable-no-vamos-dar-un-paso-atras\\\/#breadcrumb\"},\"inLanguage\":\"es\",\"potentialAction\":[{\"@type\":\"ReadAction\",\"target\":[\"https:\\\/\\\/sindromecharge.es\\\/index.php\\\/2025\\\/01\\\/14\\\/razon-camana-me-haces-bien-inclusion-es-imparable-no-vamos-dar-un-paso-atras\\\/\"]}]},{\"@type\":\"BreadcrumbList\",\"@id\":\"https:\\\/\\\/sindromecharge.es\\\/index.php\\\/2025\\\/01\\\/14\\\/razon-camana-me-haces-bien-inclusion-es-imparable-no-vamos-dar-un-paso-atras\\\/#breadcrumb\",\"itemListElement\":[{\"@type\":\"ListItem\",\"position\":1,\"name\":\"Portada\",\"item\":\"https:\\\/\\\/sindromecharge.es\\\/\"},{\"@type\":\"ListItem\",\"position\":2,\"name\":\"La raz\u00f3n tras la campa\u00f1a &#8216;Me haces bien&#8217;: &#8220;La inclusi\u00f3n es imparable, no vamos a dar un paso atr\u00e1s&#8221;\"}]},{\"@type\":\"WebSite\",\"@id\":\"https:\\\/\\\/sindromecharge.es\\\/#website\",\"url\":\"https:\\\/\\\/sindromecharge.es\\\/\",\"name\":\"Asociaci\u00f3n Espa\u00f1ola S\u00edndrome de Charge\",\"description\":\"\",\"potentialAction\":[{\"@type\":\"SearchAction\",\"target\":{\"@type\":\"EntryPoint\",\"urlTemplate\":\"https:\\\/\\\/sindromecharge.es\\\/?s={search_term_string}\"},\"query-input\":{\"@type\":\"PropertyValueSpecification\",\"valueRequired\":true,\"valueName\":\"search_term_string\"}}],\"inLanguage\":\"es\"},{\"@type\":\"Person\",\"@id\":\"https:\\\/\\\/sindromecharge.es\\\/#\\\/schema\\\/person\\\/39a60ebe0a2b4d5a11179701e336b039\",\"name\":\"Charge\",\"image\":{\"@type\":\"ImageObject\",\"inLanguage\":\"es\",\"@id\":\"https:\\\/\\\/secure.gravatar.com\\\/avatar\\\/c3b46e32a0fc3b093a0873fb767bf3293de856293065e84ef06b7ec7a8acfb98?s=96&d=identicon&r=x\",\"url\":\"https:\\\/\\\/secure.gravatar.com\\\/avatar\\\/c3b46e32a0fc3b093a0873fb767bf3293de856293065e84ef06b7ec7a8acfb98?s=96&d=identicon&r=x\",\"contentUrl\":\"https:\\\/\\\/secure.gravatar.com\\\/avatar\\\/c3b46e32a0fc3b093a0873fb767bf3293de856293065e84ef06b7ec7a8acfb98?s=96&d=identicon&r=x\",\"caption\":\"Charge\"},\"url\":\"https:\\\/\\\/sindromecharge.es\\\/index.php\\\/author\\\/admin\\\/\"}]}<\/script>\n<!-- \/ Yoast SEO plugin. -->","yoast_head_json":{"title":"La raz\u00f3n tras la campa\u00f1a 'Me haces bien': \"La inclusi\u00f3n es imparable, no vamos a dar un paso atr\u00e1s\" - Asociaci\u00f3n Espa\u00f1ola S\u00edndrome de Charge","robots":{"index":"index","follow":"follow","max-snippet":"max-snippet:-1","max-image-preview":"max-image-preview:large","max-video-preview":"max-video-preview:-1"},"canonical":"https:\/\/sindromecharge.es\/index.php\/2025\/01\/14\/razon-camana-me-haces-bien-inclusion-es-imparable-no-vamos-dar-un-paso-atras\/","og_locale":"es_ES","og_type":"article","og_title":"La raz\u00f3n tras la campa\u00f1a 'Me haces bien': \"La inclusi\u00f3n es imparable, no vamos a dar un paso atr\u00e1s\" - Asociaci\u00f3n Espa\u00f1ola S\u00edndrome de Charge","og_description":"El grupo Social ONCE, junto con Initiative y Atrevia presentaron la campa\u00f1a &#8216;Me haces bien&#8217;, que visibiliza la importancia de las inclusi\u00f3n de las personas con discapacidad.","og_url":"https:\/\/sindromecharge.es\/index.php\/2025\/01\/14\/razon-camana-me-haces-bien-inclusion-es-imparable-no-vamos-dar-un-paso-atras\/","og_site_name":"Asociaci\u00f3n Espa\u00f1ola S\u00edndrome de Charge","article_publisher":"https:\/\/www.facebook.com\/asociacionsindromecharge","article_published_time":"2025-01-14T06:29:43+00:00","og_image":[{"width":300,"height":98,"url":"https:\/\/sindromecharge.es\/wp-content\/uploads\/2013\/09\/logodecharge300x98.png","type":"image\/png"}],"author":"Charge","twitter_card":"summary_large_image","twitter_creator":"@sindromecharge","twitter_site":"@sindromecharge","twitter_misc":{"Escrito por":"Charge","Tiempo de lectura":"5 minutos"},"schema":{"@context":"https:\/\/schema.org","@graph":[{"@type":"Article","@id":"https:\/\/sindromecharge.es\/index.php\/2025\/01\/14\/razon-camana-me-haces-bien-inclusion-es-imparable-no-vamos-dar-un-paso-atras\/#article","isPartOf":{"@id":"https:\/\/sindromecharge.es\/index.php\/2025\/01\/14\/razon-camana-me-haces-bien-inclusion-es-imparable-no-vamos-dar-un-paso-atras\/"},"author":{"name":"Charge","@id":"https:\/\/sindromecharge.es\/#\/schema\/person\/39a60ebe0a2b4d5a11179701e336b039"},"headline":"La raz\u00f3n tras la campa\u00f1a &#8216;Me haces bien&#8217;: \u00abLa inclusi\u00f3n es imparable, no vamos a dar un paso atr\u00e1s\u00bb","datePublished":"2025-01-14T06:29:43+00:00","mainEntityOfPage":{"@id":"https:\/\/sindromecharge.es\/index.php\/2025\/01\/14\/razon-camana-me-haces-bien-inclusion-es-imparable-no-vamos-dar-un-paso-atras\/"},"wordCount":996,"articleSection":["noticias"],"inLanguage":"es"},{"@type":"WebPage","@id":"https:\/\/sindromecharge.es\/index.php\/2025\/01\/14\/razon-camana-me-haces-bien-inclusion-es-imparable-no-vamos-dar-un-paso-atras\/","url":"https:\/\/sindromecharge.es\/index.php\/2025\/01\/14\/razon-camana-me-haces-bien-inclusion-es-imparable-no-vamos-dar-un-paso-atras\/","name":"La raz\u00f3n tras la campa\u00f1a 'Me haces bien': \"La inclusi\u00f3n es imparable, no vamos a dar un paso atr\u00e1s\" - Asociaci\u00f3n Espa\u00f1ola S\u00edndrome de Charge","isPartOf":{"@id":"https:\/\/sindromecharge.es\/#website"},"datePublished":"2025-01-14T06:29:43+00:00","author":{"@id":"https:\/\/sindromecharge.es\/#\/schema\/person\/39a60ebe0a2b4d5a11179701e336b039"},"breadcrumb":{"@id":"https:\/\/sindromecharge.es\/index.php\/2025\/01\/14\/razon-camana-me-haces-bien-inclusion-es-imparable-no-vamos-dar-un-paso-atras\/#breadcrumb"},"inLanguage":"es","potentialAction":[{"@type":"ReadAction","target":["https:\/\/sindromecharge.es\/index.php\/2025\/01\/14\/razon-camana-me-haces-bien-inclusion-es-imparable-no-vamos-dar-un-paso-atras\/"]}]},{"@type":"BreadcrumbList","@id":"https:\/\/sindromecharge.es\/index.php\/2025\/01\/14\/razon-camana-me-haces-bien-inclusion-es-imparable-no-vamos-dar-un-paso-atras\/#breadcrumb","itemListElement":[{"@type":"ListItem","position":1,"name":"Portada","item":"https:\/\/sindromecharge.es\/"},{"@type":"ListItem","position":2,"name":"La raz\u00f3n tras la campa\u00f1a &#8216;Me haces bien&#8217;: &#8220;La inclusi\u00f3n es imparable, no vamos a dar un paso atr\u00e1s&#8221;"}]},{"@type":"WebSite","@id":"https:\/\/sindromecharge.es\/#website","url":"https:\/\/sindromecharge.es\/","name":"Asociaci\u00f3n Espa\u00f1ola S\u00edndrome de Charge","description":"","potentialAction":[{"@type":"SearchAction","target":{"@type":"EntryPoint","urlTemplate":"https:\/\/sindromecharge.es\/?s={search_term_string}"},"query-input":{"@type":"PropertyValueSpecification","valueRequired":true,"valueName":"search_term_string"}}],"inLanguage":"es"},{"@type":"Person","@id":"https:\/\/sindromecharge.es\/#\/schema\/person\/39a60ebe0a2b4d5a11179701e336b039","name":"Charge","image":{"@type":"ImageObject","inLanguage":"es","@id":"https:\/\/secure.gravatar.com\/avatar\/c3b46e32a0fc3b093a0873fb767bf3293de856293065e84ef06b7ec7a8acfb98?s=96&d=identicon&r=x","url":"https:\/\/secure.gravatar.com\/avatar\/c3b46e32a0fc3b093a0873fb767bf3293de856293065e84ef06b7ec7a8acfb98?s=96&d=identicon&r=x","contentUrl":"https:\/\/secure.gravatar.com\/avatar\/c3b46e32a0fc3b093a0873fb767bf3293de856293065e84ef06b7ec7a8acfb98?s=96&d=identicon&r=x","caption":"Charge"},"url":"https:\/\/sindromecharge.es\/index.php\/author\/admin\/"}]}},"_links":{"self":[{"href":"https:\/\/sindromecharge.es\/index.php\/wp-json\/wp\/v2\/posts\/10727","targetHints":{"allow":["GET"]}}],"collection":[{"href":"https:\/\/sindromecharge.es\/index.php\/wp-json\/wp\/v2\/posts"}],"about":[{"href":"https:\/\/sindromecharge.es\/index.php\/wp-json\/wp\/v2\/types\/post"}],"author":[{"embeddable":true,"href":"https:\/\/sindromecharge.es\/index.php\/wp-json\/wp\/v2\/users\/1"}],"replies":[{"embeddable":true,"href":"https:\/\/sindromecharge.es\/index.php\/wp-json\/wp\/v2\/comments?post=10727"}],"version-history":[{"count":0,"href":"https:\/\/sindromecharge.es\/index.php\/wp-json\/wp\/v2\/posts\/10727\/revisions"}],"wp:attachment":[{"href":"https:\/\/sindromecharge.es\/index.php\/wp-json\/wp\/v2\/media?parent=10727"}],"wp:term":[{"taxonomy":"category","embeddable":true,"href":"https:\/\/sindromecharge.es\/index.php\/wp-json\/wp\/v2\/categories?post=10727"},{"taxonomy":"post_tag","embeddable":true,"href":"https:\/\/sindromecharge.es\/index.php\/wp-json\/wp\/v2\/tags?post=10727"}],"curies":[{"name":"wp","href":"https:\/\/api.w.org\/{rel}","templated":true}]}}