{"id":10725,"date":"2025-01-14T10:59:07","date_gmt":"2025-01-14T10:59:07","guid":{"rendered":"https:\/\/sindromecharge.es\/index.php\/2025\/01\/14\/nuestra-directora-amaya-saez-nombrada-presidenta-de-global-arch\/"},"modified":"2025-01-14T10:59:07","modified_gmt":"2025-01-14T10:59:07","slug":"nuestra-directora-amaya-saez-nombrada-presidenta-de-global-arch","status":"publish","type":"post","link":"https:\/\/sindromecharge.es\/index.php\/2025\/01\/14\/nuestra-directora-amaya-saez-nombrada-presidenta-de-global-arch\/","title":{"rendered":"Nuestra directora, Amaya S\u00e1ez, nombrada presidenta de Global ARCH\u00a0"},"content":{"rendered":"<p>Leemos en Menudos Corazones la siguiente noticia que os reproducimos de forma \u00edntegra: <\/p>\n<div>\n<p><span data-contrast=\"auto\">La<\/span> <a href=\"https:\/\/global-arch.org\/es\/\"><span data-contrast=\"none\">Global Alliance for Rheumatic and Congenital Heart<\/span><\/a><span data-contrast=\"none\"> (Global ARCH), <strong>entidad internacional<\/strong>\u00a0de organizaciones dedicadas a <strong>mejorar las vidas de las personas afectadas por enfermedades card\u00edacas<\/strong> de inicio en la infancia, incluidas las enfermedades card\u00edacas cong\u00e9nitas y reum\u00e1ticas, ha renovado los cargos de su Junta Directiva, <a href=\"https:\/\/global-arch.org\/es\/news\/new-executive-board\/\">eligiendo a Amaya S\u00e1ez, nuestra directora, como su nueva presidenta.<\/a><\/span><\/p>\n<p><span data-contrast=\"none\"><strong>Menudos Corazones pertenece desde 2021 a esta alianza,<\/strong> trabajando activamente para impulsar sus objetivos. A primeros de 2024, dimos un paso m\u00e1s en este compromiso cuando Amaya S\u00e1ez <\/span><a href=\"https:\/\/www.menudoscorazones.org\/2024\/menudos-corazones-se-incorpora-a-la-junta-directiva-de-global-arch\/\"><span data-contrast=\"none\">fue incorporada de manera un\u00e1nime como miembro de la Junta Directiva<\/span><\/a><span data-contrast=\"auto\"> de Global ARCH.<\/span><span data-ccp-props='{\"134233117\":false,\"134233118\":false,\"201341983\":0,\"335551550\":1,\"335551620\":1,\"335559685\":0,\"335559737\":0,\"335559738\":0,\"335559739\":160,\"335559740\":279}'>\u00a0<\/span><\/p>\n<figure id=\"attachment_41016\" aria-describedby=\"caption-attachment-41016\" style=\"width: 702px\" class=\"wp-caption alignnone\"><img fetchpriority=\"high\" decoding=\"async\" class=\"wp-image-41016 size-large\" src=\"https:\/\/www.menudoscorazones.org\/wp-content\/uploads\/2025\/01\/MENUDOS-CORAZONES-048-1-1024x682.jpg\" alt=\"\" width=\"702\" height=\"468\" srcset=\"https:\/\/www.menudoscorazones.org\/wp-content\/uploads\/2025\/01\/MENUDOS-CORAZONES-048-1-1024x682.jpg 1024w, https:\/\/www.menudoscorazones.org\/wp-content\/uploads\/2025\/01\/MENUDOS-CORAZONES-048-1-300x200.jpg 300w, https:\/\/www.menudoscorazones.org\/wp-content\/uploads\/2025\/01\/MENUDOS-CORAZONES-048-1-768x512.jpg 768w, https:\/\/www.menudoscorazones.org\/wp-content\/uploads\/2025\/01\/MENUDOS-CORAZONES-048-1-655x437.jpg 655w, https:\/\/www.menudoscorazones.org\/wp-content\/uploads\/2025\/01\/MENUDOS-CORAZONES-048-1.jpg 1400w\" sizes=\"(max-width: 702px) 100vw, 702px\"><figcaption id=\"caption-attachment-41016\" class=\"wp-caption-text\">Amaya S\u00e1ez, directora de la Fundaci\u00f3n Menudos Corazones<\/figcaption><\/figure>\n<p><span data-contrast=\"auto\">Un a\u00f1o despu\u00e9s, <strong>nuestro orgullo es enorme<\/strong> por la elecci\u00f3n de nuestra directora para presidir esta organizaci\u00f3n internacional, junto a un inspirador equipo de mujeres l\u00edderes <\/span><span data-contrast=\"auto\">preparadas para afrontar los retos de la Alianza Global para Corazones Reum\u00e1ticos y Cong\u00e9nitos, entre los que se incluyen la <strong>defensa<\/strong> de las cardiopat\u00edas cong\u00e9nitas,<strong> la participaci\u00f3n significativa <\/strong>de los grupos de pacientes y familiares y el<strong> fortalecimiento de la comunidad<\/strong> mundial de personas afectadas.<\/span><\/p>\n<p><b><span data-contrast=\"auto\">Un viaje inspirador<\/span><\/b><span data-ccp-props='{\"134233117\":false,\"134233118\":false,\"201341983\":0,\"335551550\":1,\"335551620\":1,\"335559685\":0,\"335559737\":0,\"335559738\":0,\"335559739\":160,\"335559740\":279}'>\u00a0<\/span><\/p>\n<p><span data-contrast=\"auto\">Amaya S\u00e1ez dirige la Fundaci\u00f3n Menudos Corazones, desde su origen, hace m\u00e1s de 21 a\u00f1os. Adem\u00e1s, ha sido cofundadora de Cardioalianza, la primera <\/span><span data-contrast=\"auto\">entidad espa\u00f1ola para personas con enfermedades cardiovasculares. Inspirada por el desafiante viaje de su sobrino, nacido con una cardiopat\u00eda cong\u00e9nita compleja, <strong>Amaya es una dedicada defensora de los pacientes y sus familias<\/strong> tanto en Espa\u00f1a como en el resto del mundo.<\/span><span data-ccp-props='{\"134233117\":false,\"134233118\":false,\"201341983\":0,\"335551550\":1,\"335551620\":1,\"335559685\":0,\"335559737\":0,\"335559738\":0,\"335559739\":160,\"335559740\":279}'>\u00a0<\/span><\/p>\n<p><span data-contrast=\"auto\">\u00abEs un privilegio ser presidenta de Global ARCH y tener la oportunidad tanto de aportar mi larga experiencia al frente de Menudos Corazones, como de <strong>aprender de tantas organizaciones internacionales de pacientes y familiares<\/strong> que est\u00e1n trabajando de manera incansable por hacer de las cardiopat\u00edas infantiles una prioridad mundial. Estoy convencida de que juntos, gracias a esta alianza, conseguiremos <strong>cambios significativos<\/strong> en el bienestar de los pacientes con cardiopat\u00edas cong\u00e9nitas y cardiopat\u00edas de origen reum\u00e1tico, independientemente del lugar donde hayan nacido\u00bb, explica Amaya S\u00e1ez.<\/span><span data-ccp-props='{\"134233117\":false,\"134233118\":false,\"201341983\":0,\"335551550\":1,\"335551620\":1,\"335559685\":0,\"335559737\":0,\"335559738\":0,\"335559739\":160,\"335559740\":279}'>\u00a0<\/span><\/p>\n<p><span data-contrast=\"auto\">Junto a Amaya, <\/span><a href=\"https:\/\/global-arch.org\/about-us\/leadership\/\"><span data-contrast=\"none\">completan la nueva Junta Directiva<\/span><\/a> <a href=\"https:\/\/global-arch.org\/es\/finding-my-purpose-in-health-advocacy-anu-gomanjus-rheumatic-heart-disease-story\/\"><span data-contrast=\"none\">Anu Gomanju<\/span><\/a><span data-contrast=\"auto\"> (vicepresidenta), defensora de los pacientes de Nepal con enfermedades graves no transmisibles; <strong>Blanca del Valle<\/strong> (tesorera), vicepresidenta ejecutiva de la <\/span><a href=\"https:\/\/kardias.org\/\"><span data-contrast=\"none\">fundaci\u00f3n mexicana Kardias<\/span><\/a><span data-contrast=\"auto\">; y <strong>Bistra Zheleva<\/strong> (secretaria), vicepresidenta de Estrategia Global y Promoci\u00f3n de <\/span><a href=\"https:\/\/childrensheartlink.org\/\"><span data-contrast=\"none\">Children\u2019s HeartLink,<\/span><\/a><span data-contrast=\"auto\"> con sede en Estados Unidos.<\/span><span data-ccp-props='{\"134233117\":false,\"134233118\":false,\"201341983\":0,\"335551550\":1,\"335551620\":1,\"335559685\":0,\"335559737\":0,\"335559738\":0,\"335559739\":160,\"335559740\":279}'>\u00a0<\/span><\/p>\n<p><b><span data-contrast=\"auto\">Fortalecimiento mutuo<\/span><\/b><span data-ccp-props='{\"134233117\":false,\"134233118\":false,\"201341983\":0,\"335551550\":1,\"335551620\":1,\"335559685\":0,\"335559737\":0,\"335559738\":0,\"335559739\":160,\"335559740\":279}'>\u00a0<\/span><\/p>\n<p><span data-contrast=\"auto\">El nombramiento de Amaya S\u00e1ez supone un voto de confianza a la trayectoria de Menudos Corazones, a la vez que permite a nuestra Fundaci\u00f3n <strong>crecer y fortalecerse<\/strong> gracias a la experiencia y conocimientos de las dem\u00e1s organizaciones que integran Global ARCH.<\/span><span data-ccp-props='{\"134233117\":false,\"134233118\":false,\"201341983\":0,\"335551550\":1,\"335551620\":1,\"335559685\":0,\"335559737\":0,\"335559738\":0,\"335559739\":160,\"335559740\":279}'>\u00a0<\/span><\/p>\n<figure id=\"attachment_41019\" aria-describedby=\"caption-attachment-41019\" style=\"width: 702px\" class=\"wp-caption aligncenter\"><img loading=\"lazy\" decoding=\"async\" class=\"wp-image-41019 size-large\" src=\"https:\/\/www.menudoscorazones.org\/wp-content\/uploads\/2025\/01\/Congreso1_1-1-1024x1024.jpeg\" alt=\"\" width=\"702\" height=\"702\" srcset=\"https:\/\/www.menudoscorazones.org\/wp-content\/uploads\/2025\/01\/Congreso1_1-1-1024x1024.jpeg 1024w, https:\/\/www.menudoscorazones.org\/wp-content\/uploads\/2025\/01\/Congreso1_1-1-300x300.jpeg 300w, https:\/\/www.menudoscorazones.org\/wp-content\/uploads\/2025\/01\/Congreso1_1-1-150x150.jpeg 150w, https:\/\/www.menudoscorazones.org\/wp-content\/uploads\/2025\/01\/Congreso1_1-1-768x768.jpeg 768w, https:\/\/www.menudoscorazones.org\/wp-content\/uploads\/2025\/01\/Congreso1_1-1-500x500.jpeg 500w, https:\/\/www.menudoscorazones.org\/wp-content\/uploads\/2025\/01\/Congreso1_1-1-655x655.jpeg 655w, https:\/\/www.menudoscorazones.org\/wp-content\/uploads\/2025\/01\/Congreso1_1-1-180x180.jpeg 180w, https:\/\/www.menudoscorazones.org\/wp-content\/uploads\/2025\/01\/Congreso1_1-1-50x50.jpeg 50w, https:\/\/www.menudoscorazones.org\/wp-content\/uploads\/2025\/01\/Congreso1_1-1-100x100.jpeg 100w, https:\/\/www.menudoscorazones.org\/wp-content\/uploads\/2025\/01\/Congreso1_1-1.jpeg 1182w\" sizes=\"auto, (max-width: 702px) 100vw, 702px\"><figcaption id=\"caption-attachment-41019\" class=\"wp-caption-text\">Amaya S\u00e1ez en el 8\u00ba Congreso Mundial de Cardiolog\u00eda y Cirug\u00eda Cardiaca Pedi\u00e1trica, coorganizado por Global ARCH<\/figcaption><\/figure>\n<p><span data-contrast=\"auto\">Asimismo, significa seguir avanzando en una l\u00ednea estrat\u00e9gica clave para nuestra entidad, como es la <strong>incidencia pol\u00edtica y la visibilidad social<\/strong> de las cardiopat\u00edas cong\u00e9nitas. <\/span><span data-ccp-props='{\"134233117\":false,\"134233118\":false,\"201341983\":0,\"335551550\":1,\"335551620\":1,\"335559685\":0,\"335559737\":0,\"335559738\":0,\"335559739\":160,\"335559740\":279}'>\u00a0<\/span><\/p>\n<p><span data-contrast=\"auto\">\u00abEl 90% de las ni\u00f1as y los ni\u00f1os con cardiopat\u00edas cong\u00e9nitas que nacen en el mundo carecen de acceso a los cuidados adecuados que garanticen su futuro. Aunque en Espa\u00f1a tengamos un sistema sanitario universal que garantiza estos cuidados, es nuestra responsabilidad, como organizaci\u00f3n estatal de referencia en el apoyo a las personas con cardiopat\u00edas cong\u00e9nitas y sus familias, <strong>colaborar para generar conciencia sobre esta realidad y mejorar los sistemas de atenci\u00f3n m\u00e9dica<\/strong> a la infancia con enfermedades cardiacas\u00bb, puntualiza Amaya, ilusionada con el nuevo desaf\u00edo que suma a su experimentada trayectoria.<\/span><span data-ccp-props='{\"134233117\":false,\"134233118\":false,\"201341983\":0,\"335551550\":1,\"335551620\":1,\"335559685\":0,\"335559737\":0,\"335559738\":0,\"335559739\":160,\"335559740\":279}'>\u00a0<\/span><\/p>\n<p><span data-contrast=\"auto\">\u00a1Gracias de coraz\u00f3n, Global ARCH!<\/span><span data-ccp-props='{\"134233117\":false,\"134233118\":false,\"201341983\":0,\"335551550\":1,\"335551620\":1,\"335559685\":0,\"335559737\":0,\"335559738\":0,\"335559739\":160,\"335559740\":279}'>\u00a0<\/span><\/p>\n<p>La entrada <a href=\"https:\/\/www.menudoscorazones.org\/2025\/nuestra-directora-amaya-saez-nombrada-presidenta-de-global-arch\/\">Nuestra directora, Amaya S\u00e1ez, nombrada presidenta de Global ARCH\u00a0<\/a> aparece primero en <a href=\"https:\/\/www.menudoscorazones.org\/\">Menudos Corazones<\/a>.<\/p>\n<\/div>\n<p>Fuente: Menudos Corazones https:\/\/www.menudoscorazones.org\/2025\/nuestra-directora-amaya-saez-nombrada-presidenta-de-global-arch\/<\/p>\n","protected":false},"excerpt":{"rendered":"<p>La Alianza Global para Corazones Reum\u00e1ticos y Cong\u00e9nitos ha elegido a Amaya S\u00e1ez como presidenta de su Junta Directiva La entrada Nuestra directora, Amaya S\u00e1ez, nombrada presidenta de Global ARCH\u00a0 aparece primero en Menudos Corazones.<\/p>\n","protected":false},"author":1,"featured_media":0,"comment_status":"closed","ping_status":"closed","sticky":false,"template":"","format":"standard","meta":{"footnotes":""},"categories":[8],"tags":[],"class_list":["post-10725","post","type-post","status-publish","format-standard","hentry","category-noticias"],"yoast_head":"<!-- This site is optimized with the Yoast SEO plugin v27.4 - https:\/\/yoast.com\/product\/yoast-seo-wordpress\/ -->\n<title>Nuestra directora, Amaya S\u00e1ez, nombrada presidenta de Global ARCH\u00a0 - Asociaci\u00f3n Espa\u00f1ola S\u00edndrome de Charge<\/title>\n<meta name=\"robots\" content=\"index, follow, max-snippet:-1, max-image-preview:large, max-video-preview:-1\" \/>\n<link rel=\"canonical\" href=\"https:\/\/sindromecharge.es\/index.php\/2025\/01\/14\/nuestra-directora-amaya-saez-nombrada-presidenta-de-global-arch\/\" \/>\n<meta property=\"og:locale\" content=\"es_ES\" \/>\n<meta property=\"og:type\" content=\"article\" \/>\n<meta property=\"og:title\" content=\"Nuestra directora, Amaya S\u00e1ez, nombrada presidenta de Global ARCH\u00a0 - Asociaci\u00f3n Espa\u00f1ola S\u00edndrome de Charge\" \/>\n<meta property=\"og:description\" content=\"La Alianza Global para Corazones Reum\u00e1ticos y Cong\u00e9nitos ha elegido a Amaya S\u00e1ez como presidenta de su Junta Directiva La entrada Nuestra directora, Amaya S\u00e1ez, nombrada presidenta de Global ARCH\u00a0 aparece primero en Menudos Corazones.\" \/>\n<meta property=\"og:url\" content=\"https:\/\/sindromecharge.es\/index.php\/2025\/01\/14\/nuestra-directora-amaya-saez-nombrada-presidenta-de-global-arch\/\" \/>\n<meta property=\"og:site_name\" content=\"Asociaci\u00f3n Espa\u00f1ola S\u00edndrome de Charge\" \/>\n<meta property=\"article:publisher\" content=\"https:\/\/www.facebook.com\/asociacionsindromecharge\" \/>\n<meta property=\"article:published_time\" content=\"2025-01-14T10:59:07+00:00\" \/>\n<meta property=\"og:image\" content=\"https:\/\/sindromecharge.es\/wp-content\/uploads\/2013\/09\/logodecharge300x98.png\" \/>\n\t<meta property=\"og:image:width\" content=\"300\" \/>\n\t<meta property=\"og:image:height\" content=\"98\" \/>\n\t<meta property=\"og:image:type\" content=\"image\/png\" \/>\n<meta name=\"author\" content=\"Charge\" \/>\n<meta name=\"twitter:card\" content=\"summary_large_image\" \/>\n<meta name=\"twitter:creator\" content=\"@sindromecharge\" \/>\n<meta name=\"twitter:site\" content=\"@sindromecharge\" \/>\n<meta name=\"twitter:label1\" content=\"Escrito por\" \/>\n\t<meta name=\"twitter:data1\" content=\"Charge\" \/>\n\t<meta name=\"twitter:label2\" content=\"Tiempo de lectura\" \/>\n\t<meta name=\"twitter:data2\" content=\"3 minutos\" \/>\n<script type=\"application\/ld+json\" class=\"yoast-schema-graph\">{\"@context\":\"https:\\\/\\\/schema.org\",\"@graph\":[{\"@type\":\"Article\",\"@id\":\"https:\\\/\\\/sindromecharge.es\\\/index.php\\\/2025\\\/01\\\/14\\\/nuestra-directora-amaya-saez-nombrada-presidenta-de-global-arch\\\/#article\",\"isPartOf\":{\"@id\":\"https:\\\/\\\/sindromecharge.es\\\/index.php\\\/2025\\\/01\\\/14\\\/nuestra-directora-amaya-saez-nombrada-presidenta-de-global-arch\\\/\"},\"author\":{\"name\":\"Charge\",\"@id\":\"https:\\\/\\\/sindromecharge.es\\\/#\\\/schema\\\/person\\\/39a60ebe0a2b4d5a11179701e336b039\"},\"headline\":\"Nuestra directora, Amaya S\u00e1ez, nombrada presidenta de Global ARCH\u00a0\",\"datePublished\":\"2025-01-14T10:59:07+00:00\",\"mainEntityOfPage\":{\"@id\":\"https:\\\/\\\/sindromecharge.es\\\/index.php\\\/2025\\\/01\\\/14\\\/nuestra-directora-amaya-saez-nombrada-presidenta-de-global-arch\\\/\"},\"wordCount\":667,\"image\":{\"@id\":\"https:\\\/\\\/sindromecharge.es\\\/index.php\\\/2025\\\/01\\\/14\\\/nuestra-directora-amaya-saez-nombrada-presidenta-de-global-arch\\\/#primaryimage\"},\"thumbnailUrl\":\"https:\\\/\\\/www.menudoscorazones.org\\\/wp-content\\\/uploads\\\/2025\\\/01\\\/MENUDOS-CORAZONES-048-1-1024x682.jpg\",\"articleSection\":[\"noticias\"],\"inLanguage\":\"es\"},{\"@type\":\"WebPage\",\"@id\":\"https:\\\/\\\/sindromecharge.es\\\/index.php\\\/2025\\\/01\\\/14\\\/nuestra-directora-amaya-saez-nombrada-presidenta-de-global-arch\\\/\",\"url\":\"https:\\\/\\\/sindromecharge.es\\\/index.php\\\/2025\\\/01\\\/14\\\/nuestra-directora-amaya-saez-nombrada-presidenta-de-global-arch\\\/\",\"name\":\"Nuestra directora, Amaya S\u00e1ez, nombrada presidenta de Global ARCH\u00a0 - Asociaci\u00f3n Espa\u00f1ola S\u00edndrome de Charge\",\"isPartOf\":{\"@id\":\"https:\\\/\\\/sindromecharge.es\\\/#website\"},\"primaryImageOfPage\":{\"@id\":\"https:\\\/\\\/sindromecharge.es\\\/index.php\\\/2025\\\/01\\\/14\\\/nuestra-directora-amaya-saez-nombrada-presidenta-de-global-arch\\\/#primaryimage\"},\"image\":{\"@id\":\"https:\\\/\\\/sindromecharge.es\\\/index.php\\\/2025\\\/01\\\/14\\\/nuestra-directora-amaya-saez-nombrada-presidenta-de-global-arch\\\/#primaryimage\"},\"thumbnailUrl\":\"https:\\\/\\\/www.menudoscorazones.org\\\/wp-content\\\/uploads\\\/2025\\\/01\\\/MENUDOS-CORAZONES-048-1-1024x682.jpg\",\"datePublished\":\"2025-01-14T10:59:07+00:00\",\"author\":{\"@id\":\"https:\\\/\\\/sindromecharge.es\\\/#\\\/schema\\\/person\\\/39a60ebe0a2b4d5a11179701e336b039\"},\"breadcrumb\":{\"@id\":\"https:\\\/\\\/sindromecharge.es\\\/index.php\\\/2025\\\/01\\\/14\\\/nuestra-directora-amaya-saez-nombrada-presidenta-de-global-arch\\\/#breadcrumb\"},\"inLanguage\":\"es\",\"potentialAction\":[{\"@type\":\"ReadAction\",\"target\":[\"https:\\\/\\\/sindromecharge.es\\\/index.php\\\/2025\\\/01\\\/14\\\/nuestra-directora-amaya-saez-nombrada-presidenta-de-global-arch\\\/\"]}]},{\"@type\":\"ImageObject\",\"inLanguage\":\"es\",\"@id\":\"https:\\\/\\\/sindromecharge.es\\\/index.php\\\/2025\\\/01\\\/14\\\/nuestra-directora-amaya-saez-nombrada-presidenta-de-global-arch\\\/#primaryimage\",\"url\":\"https:\\\/\\\/www.menudoscorazones.org\\\/wp-content\\\/uploads\\\/2025\\\/01\\\/MENUDOS-CORAZONES-048-1-1024x682.jpg\",\"contentUrl\":\"https:\\\/\\\/www.menudoscorazones.org\\\/wp-content\\\/uploads\\\/2025\\\/01\\\/MENUDOS-CORAZONES-048-1-1024x682.jpg\"},{\"@type\":\"BreadcrumbList\",\"@id\":\"https:\\\/\\\/sindromecharge.es\\\/index.php\\\/2025\\\/01\\\/14\\\/nuestra-directora-amaya-saez-nombrada-presidenta-de-global-arch\\\/#breadcrumb\",\"itemListElement\":[{\"@type\":\"ListItem\",\"position\":1,\"name\":\"Portada\",\"item\":\"https:\\\/\\\/sindromecharge.es\\\/\"},{\"@type\":\"ListItem\",\"position\":2,\"name\":\"Nuestra directora, Amaya S\u00e1ez, nombrada presidenta de Global ARCH\u00a0\"}]},{\"@type\":\"WebSite\",\"@id\":\"https:\\\/\\\/sindromecharge.es\\\/#website\",\"url\":\"https:\\\/\\\/sindromecharge.es\\\/\",\"name\":\"Asociaci\u00f3n Espa\u00f1ola S\u00edndrome de Charge\",\"description\":\"\",\"potentialAction\":[{\"@type\":\"SearchAction\",\"target\":{\"@type\":\"EntryPoint\",\"urlTemplate\":\"https:\\\/\\\/sindromecharge.es\\\/?s={search_term_string}\"},\"query-input\":{\"@type\":\"PropertyValueSpecification\",\"valueRequired\":true,\"valueName\":\"search_term_string\"}}],\"inLanguage\":\"es\"},{\"@type\":\"Person\",\"@id\":\"https:\\\/\\\/sindromecharge.es\\\/#\\\/schema\\\/person\\\/39a60ebe0a2b4d5a11179701e336b039\",\"name\":\"Charge\",\"image\":{\"@type\":\"ImageObject\",\"inLanguage\":\"es\",\"@id\":\"https:\\\/\\\/secure.gravatar.com\\\/avatar\\\/c3b46e32a0fc3b093a0873fb767bf3293de856293065e84ef06b7ec7a8acfb98?s=96&d=identicon&r=x\",\"url\":\"https:\\\/\\\/secure.gravatar.com\\\/avatar\\\/c3b46e32a0fc3b093a0873fb767bf3293de856293065e84ef06b7ec7a8acfb98?s=96&d=identicon&r=x\",\"contentUrl\":\"https:\\\/\\\/secure.gravatar.com\\\/avatar\\\/c3b46e32a0fc3b093a0873fb767bf3293de856293065e84ef06b7ec7a8acfb98?s=96&d=identicon&r=x\",\"caption\":\"Charge\"},\"url\":\"https:\\\/\\\/sindromecharge.es\\\/index.php\\\/author\\\/admin\\\/\"}]}<\/script>\n<!-- \/ Yoast SEO plugin. -->","yoast_head_json":{"title":"Nuestra directora, Amaya S\u00e1ez, nombrada presidenta de Global ARCH\u00a0 - Asociaci\u00f3n Espa\u00f1ola S\u00edndrome de Charge","robots":{"index":"index","follow":"follow","max-snippet":"max-snippet:-1","max-image-preview":"max-image-preview:large","max-video-preview":"max-video-preview:-1"},"canonical":"https:\/\/sindromecharge.es\/index.php\/2025\/01\/14\/nuestra-directora-amaya-saez-nombrada-presidenta-de-global-arch\/","og_locale":"es_ES","og_type":"article","og_title":"Nuestra directora, Amaya S\u00e1ez, nombrada presidenta de Global ARCH\u00a0 - Asociaci\u00f3n Espa\u00f1ola S\u00edndrome de Charge","og_description":"La Alianza Global para Corazones Reum\u00e1ticos y Cong\u00e9nitos ha elegido a Amaya S\u00e1ez como presidenta de su Junta Directiva La entrada Nuestra directora, Amaya S\u00e1ez, nombrada presidenta de Global ARCH\u00a0 aparece primero en Menudos Corazones.","og_url":"https:\/\/sindromecharge.es\/index.php\/2025\/01\/14\/nuestra-directora-amaya-saez-nombrada-presidenta-de-global-arch\/","og_site_name":"Asociaci\u00f3n Espa\u00f1ola S\u00edndrome de Charge","article_publisher":"https:\/\/www.facebook.com\/asociacionsindromecharge","article_published_time":"2025-01-14T10:59:07+00:00","og_image":[{"width":300,"height":98,"url":"https:\/\/sindromecharge.es\/wp-content\/uploads\/2013\/09\/logodecharge300x98.png","type":"image\/png"}],"author":"Charge","twitter_card":"summary_large_image","twitter_creator":"@sindromecharge","twitter_site":"@sindromecharge","twitter_misc":{"Escrito por":"Charge","Tiempo de lectura":"3 minutos"},"schema":{"@context":"https:\/\/schema.org","@graph":[{"@type":"Article","@id":"https:\/\/sindromecharge.es\/index.php\/2025\/01\/14\/nuestra-directora-amaya-saez-nombrada-presidenta-de-global-arch\/#article","isPartOf":{"@id":"https:\/\/sindromecharge.es\/index.php\/2025\/01\/14\/nuestra-directora-amaya-saez-nombrada-presidenta-de-global-arch\/"},"author":{"name":"Charge","@id":"https:\/\/sindromecharge.es\/#\/schema\/person\/39a60ebe0a2b4d5a11179701e336b039"},"headline":"Nuestra directora, Amaya S\u00e1ez, nombrada presidenta de Global ARCH\u00a0","datePublished":"2025-01-14T10:59:07+00:00","mainEntityOfPage":{"@id":"https:\/\/sindromecharge.es\/index.php\/2025\/01\/14\/nuestra-directora-amaya-saez-nombrada-presidenta-de-global-arch\/"},"wordCount":667,"image":{"@id":"https:\/\/sindromecharge.es\/index.php\/2025\/01\/14\/nuestra-directora-amaya-saez-nombrada-presidenta-de-global-arch\/#primaryimage"},"thumbnailUrl":"https:\/\/www.menudoscorazones.org\/wp-content\/uploads\/2025\/01\/MENUDOS-CORAZONES-048-1-1024x682.jpg","articleSection":["noticias"],"inLanguage":"es"},{"@type":"WebPage","@id":"https:\/\/sindromecharge.es\/index.php\/2025\/01\/14\/nuestra-directora-amaya-saez-nombrada-presidenta-de-global-arch\/","url":"https:\/\/sindromecharge.es\/index.php\/2025\/01\/14\/nuestra-directora-amaya-saez-nombrada-presidenta-de-global-arch\/","name":"Nuestra directora, Amaya S\u00e1ez, nombrada presidenta de Global ARCH\u00a0 - Asociaci\u00f3n Espa\u00f1ola S\u00edndrome de Charge","isPartOf":{"@id":"https:\/\/sindromecharge.es\/#website"},"primaryImageOfPage":{"@id":"https:\/\/sindromecharge.es\/index.php\/2025\/01\/14\/nuestra-directora-amaya-saez-nombrada-presidenta-de-global-arch\/#primaryimage"},"image":{"@id":"https:\/\/sindromecharge.es\/index.php\/2025\/01\/14\/nuestra-directora-amaya-saez-nombrada-presidenta-de-global-arch\/#primaryimage"},"thumbnailUrl":"https:\/\/www.menudoscorazones.org\/wp-content\/uploads\/2025\/01\/MENUDOS-CORAZONES-048-1-1024x682.jpg","datePublished":"2025-01-14T10:59:07+00:00","author":{"@id":"https:\/\/sindromecharge.es\/#\/schema\/person\/39a60ebe0a2b4d5a11179701e336b039"},"breadcrumb":{"@id":"https:\/\/sindromecharge.es\/index.php\/2025\/01\/14\/nuestra-directora-amaya-saez-nombrada-presidenta-de-global-arch\/#breadcrumb"},"inLanguage":"es","potentialAction":[{"@type":"ReadAction","target":["https:\/\/sindromecharge.es\/index.php\/2025\/01\/14\/nuestra-directora-amaya-saez-nombrada-presidenta-de-global-arch\/"]}]},{"@type":"ImageObject","inLanguage":"es","@id":"https:\/\/sindromecharge.es\/index.php\/2025\/01\/14\/nuestra-directora-amaya-saez-nombrada-presidenta-de-global-arch\/#primaryimage","url":"https:\/\/www.menudoscorazones.org\/wp-content\/uploads\/2025\/01\/MENUDOS-CORAZONES-048-1-1024x682.jpg","contentUrl":"https:\/\/www.menudoscorazones.org\/wp-content\/uploads\/2025\/01\/MENUDOS-CORAZONES-048-1-1024x682.jpg"},{"@type":"BreadcrumbList","@id":"https:\/\/sindromecharge.es\/index.php\/2025\/01\/14\/nuestra-directora-amaya-saez-nombrada-presidenta-de-global-arch\/#breadcrumb","itemListElement":[{"@type":"ListItem","position":1,"name":"Portada","item":"https:\/\/sindromecharge.es\/"},{"@type":"ListItem","position":2,"name":"Nuestra directora, Amaya S\u00e1ez, nombrada presidenta de Global ARCH\u00a0"}]},{"@type":"WebSite","@id":"https:\/\/sindromecharge.es\/#website","url":"https:\/\/sindromecharge.es\/","name":"Asociaci\u00f3n Espa\u00f1ola S\u00edndrome de Charge","description":"","potentialAction":[{"@type":"SearchAction","target":{"@type":"EntryPoint","urlTemplate":"https:\/\/sindromecharge.es\/?s={search_term_string}"},"query-input":{"@type":"PropertyValueSpecification","valueRequired":true,"valueName":"search_term_string"}}],"inLanguage":"es"},{"@type":"Person","@id":"https:\/\/sindromecharge.es\/#\/schema\/person\/39a60ebe0a2b4d5a11179701e336b039","name":"Charge","image":{"@type":"ImageObject","inLanguage":"es","@id":"https:\/\/secure.gravatar.com\/avatar\/c3b46e32a0fc3b093a0873fb767bf3293de856293065e84ef06b7ec7a8acfb98?s=96&d=identicon&r=x","url":"https:\/\/secure.gravatar.com\/avatar\/c3b46e32a0fc3b093a0873fb767bf3293de856293065e84ef06b7ec7a8acfb98?s=96&d=identicon&r=x","contentUrl":"https:\/\/secure.gravatar.com\/avatar\/c3b46e32a0fc3b093a0873fb767bf3293de856293065e84ef06b7ec7a8acfb98?s=96&d=identicon&r=x","caption":"Charge"},"url":"https:\/\/sindromecharge.es\/index.php\/author\/admin\/"}]}},"_links":{"self":[{"href":"https:\/\/sindromecharge.es\/index.php\/wp-json\/wp\/v2\/posts\/10725","targetHints":{"allow":["GET"]}}],"collection":[{"href":"https:\/\/sindromecharge.es\/index.php\/wp-json\/wp\/v2\/posts"}],"about":[{"href":"https:\/\/sindromecharge.es\/index.php\/wp-json\/wp\/v2\/types\/post"}],"author":[{"embeddable":true,"href":"https:\/\/sindromecharge.es\/index.php\/wp-json\/wp\/v2\/users\/1"}],"replies":[{"embeddable":true,"href":"https:\/\/sindromecharge.es\/index.php\/wp-json\/wp\/v2\/comments?post=10725"}],"version-history":[{"count":0,"href":"https:\/\/sindromecharge.es\/index.php\/wp-json\/wp\/v2\/posts\/10725\/revisions"}],"wp:attachment":[{"href":"https:\/\/sindromecharge.es\/index.php\/wp-json\/wp\/v2\/media?parent=10725"}],"wp:term":[{"taxonomy":"category","embeddable":true,"href":"https:\/\/sindromecharge.es\/index.php\/wp-json\/wp\/v2\/categories?post=10725"},{"taxonomy":"post_tag","embeddable":true,"href":"https:\/\/sindromecharge.es\/index.php\/wp-json\/wp\/v2\/tags?post=10725"}],"curies":[{"name":"wp","href":"https:\/\/api.w.org\/{rel}","templated":true}]}}