{"id":10724,"date":"2025-01-13T12:34:29","date_gmt":"2025-01-13T12:34:29","guid":{"rendered":"https:\/\/sindromecharge.es\/index.php\/2025\/01\/13\/index-php-118\/"},"modified":"2025-01-13T12:34:29","modified_gmt":"2025-01-13T12:34:29","slug":"index-php-118","status":"publish","type":"post","link":"https:\/\/sindromecharge.es\/index.php\/2025\/01\/13\/index-php-118\/","title":{"rendered":"III Concierto Solidario en beneficio de Federaci\u00f3n AICE"},"content":{"rendered":"<p>Leemos en Federaci\u00f3n de Asociaciones de Implantados Cocleares de Espa\u00f1a. Federaci\u00f3n AICE la siguiente noticia que os reproducimos de forma \u00edntegra: <\/p>\n<div>\n<p><a href=\"http:\/\/www.implantecoclear.org\/images\/Concierto\/2025\/Folleto%20Concierto%202025.jpg\" title=\"Concierto Ben\u00e9fico Federaci\u00f3n AICE. Palau de la M\u00fasica de Valencia. 15 de febrero de 2025, 19h\"><img loading=\"lazy\" decoding=\"async\" height=\"421\" width=\"300\" longdesc=\"http:\/\/implantecoclear.org\/index.php?option=com_content&amp;amp;view=article&amp;amp;id=738:2025-01-13-12-35-03&amp;amp;catid=1:latest-news\" alt=\"Concierto solidario a beneficio de la Federaci\u00f3n AICE\" src=\"http:\/\/www.implantecoclear.org\/images\/Concierto\/2025\/Folleto%20Concierto%202025.jpg\" style=\"margin: 10px; float: left;\"><\/a>La Novena de Beethoven sonar\u00e1 en Valencia en el III Concierto Solidario en beneficio de Federaci\u00f3n AICE, homenajeando a quienes han recuperado la audici\u00f3n gracias al implante coclear.<\/p>\n<p>En esta ocasi\u00f3n nos trasladaremos hasta el magn\u00edfico Palau de la M\u00fasica de Valencia. Tanto el Cuarteto de Cuerda Valencia como Federaci\u00f3n AICE nos hemos propuesto llenar el Palau y para ello os animamos a asistir.<\/p>\n<p>El programa de este a\u00f1o va a contar con la participaci\u00f3n de la Orquesta Filharm\u00f3nica de la Universidad de Valencia, el coro Amici Musicae de Zaragoza, el Cuarteto de Cuerda Valencia y sus Friends. Adem\u00e1s actuar\u00e1n como solistas la soprano Tanya Dur\u00e1n-Gil, la mezzosoprano Myriam Arnouk Cerd\u00e1, el tenor Jes\u00fas \u00c1lvarez Carri\u00f3n y el bajo Llu\u00eds Mart\u00ednez-Agudo.<\/p>\n<p>El objetivo de este concierto es demostrar al mundo entero que las personas con implante coclear pueden disfrutar de la m\u00fasica plenamente.<\/p>\n<p>Reservaos la fecha, <strong>15 de febrero a las 19:00 horas<\/strong>, os avisamos con tiempo, y venid a Valencia, podr\u00e9is conocer la ciudad, disfrutar de su gastronom\u00eda y de sus paisajes y como colof\u00f3n asistir a un incre\u00edble concierto. \u00a1Animaos, estamos seguros de que os va a encantar!<\/p>\n<p>Y si no puedes venir pero quieres colaborar puedes hacerlo en nuestro <strong><span style=\"font-size: 12pt;\">Bizum Solidario 08765<\/span><\/strong><\/p>\n<p><strong><span style=\"font-size: 12pt;\">Entradas: <a target=\"_blank\" href=\"https:\/\/palauvalencia.com\/entradas_esp\/concierto-benefico-federacion-aice\/\" title=\"Entradas concierto solidario. Abre nueva ventana\">https:\/\/palauvalencia.com\/entradas_esp\/concierto-benefico-federacion-aice\/<\/a><\/span><\/strong><\/p>\n<\/div>\n<p>Fuente: Federaci\u00f3n de Asociaciones de Implantados Cocleares de Espa\u00f1a. Federaci\u00f3n AICE http:\/\/implantecoclear.org\/index.php?option=com_content&#038;view=article&#038;id=738:2025-01-13-12-35-03&#038;catid=1:latest-news<\/p>\n","protected":false},"excerpt":{"rendered":"<p>La Novena de Beethoven sonar\u00e1 en Valencia en el III Concierto Solidario en beneficio de Federaci\u00f3n AICE, homenajeando a quienes han recuperado la audici\u00f3n gracias al implante coclear. En esta ocasi\u00f3n nos trasladaremos hasta el magn\u00edfico Palau de la M\u00fasica de Valencia. Tanto el Cuarteto de Cuerda Valencia como Federaci\u00f3n AICE nos hemos propuesto llenar [&hellip;]<\/p>\n","protected":false},"author":1,"featured_media":0,"comment_status":"closed","ping_status":"closed","sticky":false,"template":"","format":"standard","meta":{"footnotes":""},"categories":[8],"tags":[],"class_list":["post-10724","post","type-post","status-publish","format-standard","hentry","category-noticias"],"yoast_head":"<!-- This site is optimized with the Yoast SEO plugin v27.5 - https:\/\/yoast.com\/product\/yoast-seo-wordpress\/ -->\n<title>III Concierto Solidario en beneficio de Federaci\u00f3n AICE - Asociaci\u00f3n Espa\u00f1ola S\u00edndrome de Charge<\/title>\n<meta name=\"robots\" content=\"index, follow, max-snippet:-1, max-image-preview:large, max-video-preview:-1\" \/>\n<link rel=\"canonical\" href=\"https:\/\/sindromecharge.es\/index.php\/2025\/01\/13\/index-php-118\/\" \/>\n<meta property=\"og:locale\" content=\"es_ES\" \/>\n<meta property=\"og:type\" content=\"article\" \/>\n<meta property=\"og:title\" content=\"III Concierto Solidario en beneficio de Federaci\u00f3n AICE - Asociaci\u00f3n Espa\u00f1ola S\u00edndrome de Charge\" \/>\n<meta property=\"og:description\" content=\"La Novena de Beethoven sonar\u00e1 en Valencia en el III Concierto Solidario en beneficio de Federaci\u00f3n AICE, homenajeando a quienes han recuperado la audici\u00f3n gracias al implante coclear. En esta ocasi\u00f3n nos trasladaremos hasta el magn\u00edfico Palau de la M\u00fasica de Valencia. Tanto el Cuarteto de Cuerda Valencia como Federaci\u00f3n AICE nos hemos propuesto llenar [&hellip;]\" \/>\n<meta property=\"og:url\" content=\"https:\/\/sindromecharge.es\/index.php\/2025\/01\/13\/index-php-118\/\" \/>\n<meta property=\"og:site_name\" content=\"Asociaci\u00f3n Espa\u00f1ola S\u00edndrome de Charge\" \/>\n<meta property=\"article:publisher\" content=\"https:\/\/www.facebook.com\/asociacionsindromecharge\" \/>\n<meta property=\"article:published_time\" content=\"2025-01-13T12:34:29+00:00\" \/>\n<meta property=\"og:image\" content=\"http:\/\/www.implantecoclear.org\/images\/Concierto\/2025\/Folleto%20Concierto%202025.jpg\" \/>\n<meta name=\"author\" content=\"Charge\" \/>\n<meta name=\"twitter:card\" content=\"summary_large_image\" \/>\n<meta name=\"twitter:creator\" content=\"@sindromecharge\" \/>\n<meta name=\"twitter:site\" content=\"@sindromecharge\" \/>\n<meta name=\"twitter:label1\" content=\"Escrito por\" \/>\n\t<meta name=\"twitter:data1\" content=\"Charge\" \/>\n\t<meta name=\"twitter:label2\" content=\"Tiempo de lectura\" \/>\n\t<meta name=\"twitter:data2\" content=\"1 minuto\" \/>\n<script type=\"application\/ld+json\" class=\"yoast-schema-graph\">{\"@context\":\"https:\\\/\\\/schema.org\",\"@graph\":[{\"@type\":\"Article\",\"@id\":\"https:\\\/\\\/sindromecharge.es\\\/index.php\\\/2025\\\/01\\\/13\\\/index-php-118\\\/#article\",\"isPartOf\":{\"@id\":\"https:\\\/\\\/sindromecharge.es\\\/index.php\\\/2025\\\/01\\\/13\\\/index-php-118\\\/\"},\"author\":{\"name\":\"Charge\",\"@id\":\"https:\\\/\\\/sindromecharge.es\\\/#\\\/schema\\\/person\\\/39a60ebe0a2b4d5a11179701e336b039\"},\"headline\":\"III Concierto Solidario en beneficio de Federaci\u00f3n AICE\",\"datePublished\":\"2025-01-13T12:34:29+00:00\",\"mainEntityOfPage\":{\"@id\":\"https:\\\/\\\/sindromecharge.es\\\/index.php\\\/2025\\\/01\\\/13\\\/index-php-118\\\/\"},\"wordCount\":295,\"image\":{\"@id\":\"https:\\\/\\\/sindromecharge.es\\\/index.php\\\/2025\\\/01\\\/13\\\/index-php-118\\\/#primaryimage\"},\"thumbnailUrl\":\"http:\\\/\\\/www.implantecoclear.org\\\/images\\\/Concierto\\\/2025\\\/Folleto%20Concierto%202025.jpg\",\"articleSection\":[\"noticias\"],\"inLanguage\":\"es\"},{\"@type\":\"WebPage\",\"@id\":\"https:\\\/\\\/sindromecharge.es\\\/index.php\\\/2025\\\/01\\\/13\\\/index-php-118\\\/\",\"url\":\"https:\\\/\\\/sindromecharge.es\\\/index.php\\\/2025\\\/01\\\/13\\\/index-php-118\\\/\",\"name\":\"III Concierto Solidario en beneficio de Federaci\u00f3n AICE - Asociaci\u00f3n Espa\u00f1ola S\u00edndrome de Charge\",\"isPartOf\":{\"@id\":\"https:\\\/\\\/sindromecharge.es\\\/#website\"},\"primaryImageOfPage\":{\"@id\":\"https:\\\/\\\/sindromecharge.es\\\/index.php\\\/2025\\\/01\\\/13\\\/index-php-118\\\/#primaryimage\"},\"image\":{\"@id\":\"https:\\\/\\\/sindromecharge.es\\\/index.php\\\/2025\\\/01\\\/13\\\/index-php-118\\\/#primaryimage\"},\"thumbnailUrl\":\"http:\\\/\\\/www.implantecoclear.org\\\/images\\\/Concierto\\\/2025\\\/Folleto%20Concierto%202025.jpg\",\"datePublished\":\"2025-01-13T12:34:29+00:00\",\"author\":{\"@id\":\"https:\\\/\\\/sindromecharge.es\\\/#\\\/schema\\\/person\\\/39a60ebe0a2b4d5a11179701e336b039\"},\"breadcrumb\":{\"@id\":\"https:\\\/\\\/sindromecharge.es\\\/index.php\\\/2025\\\/01\\\/13\\\/index-php-118\\\/#breadcrumb\"},\"inLanguage\":\"es\",\"potentialAction\":[{\"@type\":\"ReadAction\",\"target\":[\"https:\\\/\\\/sindromecharge.es\\\/index.php\\\/2025\\\/01\\\/13\\\/index-php-118\\\/\"]}]},{\"@type\":\"ImageObject\",\"inLanguage\":\"es\",\"@id\":\"https:\\\/\\\/sindromecharge.es\\\/index.php\\\/2025\\\/01\\\/13\\\/index-php-118\\\/#primaryimage\",\"url\":\"http:\\\/\\\/www.implantecoclear.org\\\/images\\\/Concierto\\\/2025\\\/Folleto%20Concierto%202025.jpg\",\"contentUrl\":\"http:\\\/\\\/www.implantecoclear.org\\\/images\\\/Concierto\\\/2025\\\/Folleto%20Concierto%202025.jpg\"},{\"@type\":\"BreadcrumbList\",\"@id\":\"https:\\\/\\\/sindromecharge.es\\\/index.php\\\/2025\\\/01\\\/13\\\/index-php-118\\\/#breadcrumb\",\"itemListElement\":[{\"@type\":\"ListItem\",\"position\":1,\"name\":\"Portada\",\"item\":\"https:\\\/\\\/sindromecharge.es\\\/\"},{\"@type\":\"ListItem\",\"position\":2,\"name\":\"III Concierto Solidario en beneficio de Federaci\u00f3n AICE\"}]},{\"@type\":\"WebSite\",\"@id\":\"https:\\\/\\\/sindromecharge.es\\\/#website\",\"url\":\"https:\\\/\\\/sindromecharge.es\\\/\",\"name\":\"Asociaci\u00f3n Espa\u00f1ola S\u00edndrome de Charge\",\"description\":\"\",\"potentialAction\":[{\"@type\":\"SearchAction\",\"target\":{\"@type\":\"EntryPoint\",\"urlTemplate\":\"https:\\\/\\\/sindromecharge.es\\\/?s={search_term_string}\"},\"query-input\":{\"@type\":\"PropertyValueSpecification\",\"valueRequired\":true,\"valueName\":\"search_term_string\"}}],\"inLanguage\":\"es\"},{\"@type\":\"Person\",\"@id\":\"https:\\\/\\\/sindromecharge.es\\\/#\\\/schema\\\/person\\\/39a60ebe0a2b4d5a11179701e336b039\",\"name\":\"Charge\",\"image\":{\"@type\":\"ImageObject\",\"inLanguage\":\"es\",\"@id\":\"https:\\\/\\\/secure.gravatar.com\\\/avatar\\\/c3b46e32a0fc3b093a0873fb767bf3293de856293065e84ef06b7ec7a8acfb98?s=96&d=identicon&r=x\",\"url\":\"https:\\\/\\\/secure.gravatar.com\\\/avatar\\\/c3b46e32a0fc3b093a0873fb767bf3293de856293065e84ef06b7ec7a8acfb98?s=96&d=identicon&r=x\",\"contentUrl\":\"https:\\\/\\\/secure.gravatar.com\\\/avatar\\\/c3b46e32a0fc3b093a0873fb767bf3293de856293065e84ef06b7ec7a8acfb98?s=96&d=identicon&r=x\",\"caption\":\"Charge\"},\"url\":\"https:\\\/\\\/sindromecharge.es\\\/index.php\\\/author\\\/admin\\\/\"}]}<\/script>\n<!-- \/ Yoast SEO plugin. -->","yoast_head_json":{"title":"III Concierto Solidario en beneficio de Federaci\u00f3n AICE - Asociaci\u00f3n Espa\u00f1ola S\u00edndrome de Charge","robots":{"index":"index","follow":"follow","max-snippet":"max-snippet:-1","max-image-preview":"max-image-preview:large","max-video-preview":"max-video-preview:-1"},"canonical":"https:\/\/sindromecharge.es\/index.php\/2025\/01\/13\/index-php-118\/","og_locale":"es_ES","og_type":"article","og_title":"III Concierto Solidario en beneficio de Federaci\u00f3n AICE - Asociaci\u00f3n Espa\u00f1ola S\u00edndrome de Charge","og_description":"La Novena de Beethoven sonar\u00e1 en Valencia en el III Concierto Solidario en beneficio de Federaci\u00f3n AICE, homenajeando a quienes han recuperado la audici\u00f3n gracias al implante coclear. En esta ocasi\u00f3n nos trasladaremos hasta el magn\u00edfico Palau de la M\u00fasica de Valencia. Tanto el Cuarteto de Cuerda Valencia como Federaci\u00f3n AICE nos hemos propuesto llenar [&hellip;]","og_url":"https:\/\/sindromecharge.es\/index.php\/2025\/01\/13\/index-php-118\/","og_site_name":"Asociaci\u00f3n Espa\u00f1ola S\u00edndrome de Charge","article_publisher":"https:\/\/www.facebook.com\/asociacionsindromecharge","article_published_time":"2025-01-13T12:34:29+00:00","og_image":[{"url":"http:\/\/www.implantecoclear.org\/images\/Concierto\/2025\/Folleto%20Concierto%202025.jpg","type":"","width":"","height":""}],"author":"Charge","twitter_card":"summary_large_image","twitter_creator":"@sindromecharge","twitter_site":"@sindromecharge","twitter_misc":{"Escrito por":"Charge","Tiempo de lectura":"1 minuto"},"schema":{"@context":"https:\/\/schema.org","@graph":[{"@type":"Article","@id":"https:\/\/sindromecharge.es\/index.php\/2025\/01\/13\/index-php-118\/#article","isPartOf":{"@id":"https:\/\/sindromecharge.es\/index.php\/2025\/01\/13\/index-php-118\/"},"author":{"name":"Charge","@id":"https:\/\/sindromecharge.es\/#\/schema\/person\/39a60ebe0a2b4d5a11179701e336b039"},"headline":"III Concierto Solidario en beneficio de Federaci\u00f3n AICE","datePublished":"2025-01-13T12:34:29+00:00","mainEntityOfPage":{"@id":"https:\/\/sindromecharge.es\/index.php\/2025\/01\/13\/index-php-118\/"},"wordCount":295,"image":{"@id":"https:\/\/sindromecharge.es\/index.php\/2025\/01\/13\/index-php-118\/#primaryimage"},"thumbnailUrl":"http:\/\/www.implantecoclear.org\/images\/Concierto\/2025\/Folleto%20Concierto%202025.jpg","articleSection":["noticias"],"inLanguage":"es"},{"@type":"WebPage","@id":"https:\/\/sindromecharge.es\/index.php\/2025\/01\/13\/index-php-118\/","url":"https:\/\/sindromecharge.es\/index.php\/2025\/01\/13\/index-php-118\/","name":"III Concierto Solidario en beneficio de Federaci\u00f3n AICE - Asociaci\u00f3n Espa\u00f1ola S\u00edndrome de Charge","isPartOf":{"@id":"https:\/\/sindromecharge.es\/#website"},"primaryImageOfPage":{"@id":"https:\/\/sindromecharge.es\/index.php\/2025\/01\/13\/index-php-118\/#primaryimage"},"image":{"@id":"https:\/\/sindromecharge.es\/index.php\/2025\/01\/13\/index-php-118\/#primaryimage"},"thumbnailUrl":"http:\/\/www.implantecoclear.org\/images\/Concierto\/2025\/Folleto%20Concierto%202025.jpg","datePublished":"2025-01-13T12:34:29+00:00","author":{"@id":"https:\/\/sindromecharge.es\/#\/schema\/person\/39a60ebe0a2b4d5a11179701e336b039"},"breadcrumb":{"@id":"https:\/\/sindromecharge.es\/index.php\/2025\/01\/13\/index-php-118\/#breadcrumb"},"inLanguage":"es","potentialAction":[{"@type":"ReadAction","target":["https:\/\/sindromecharge.es\/index.php\/2025\/01\/13\/index-php-118\/"]}]},{"@type":"ImageObject","inLanguage":"es","@id":"https:\/\/sindromecharge.es\/index.php\/2025\/01\/13\/index-php-118\/#primaryimage","url":"http:\/\/www.implantecoclear.org\/images\/Concierto\/2025\/Folleto%20Concierto%202025.jpg","contentUrl":"http:\/\/www.implantecoclear.org\/images\/Concierto\/2025\/Folleto%20Concierto%202025.jpg"},{"@type":"BreadcrumbList","@id":"https:\/\/sindromecharge.es\/index.php\/2025\/01\/13\/index-php-118\/#breadcrumb","itemListElement":[{"@type":"ListItem","position":1,"name":"Portada","item":"https:\/\/sindromecharge.es\/"},{"@type":"ListItem","position":2,"name":"III Concierto Solidario en beneficio de Federaci\u00f3n AICE"}]},{"@type":"WebSite","@id":"https:\/\/sindromecharge.es\/#website","url":"https:\/\/sindromecharge.es\/","name":"Asociaci\u00f3n Espa\u00f1ola S\u00edndrome de Charge","description":"","potentialAction":[{"@type":"SearchAction","target":{"@type":"EntryPoint","urlTemplate":"https:\/\/sindromecharge.es\/?s={search_term_string}"},"query-input":{"@type":"PropertyValueSpecification","valueRequired":true,"valueName":"search_term_string"}}],"inLanguage":"es"},{"@type":"Person","@id":"https:\/\/sindromecharge.es\/#\/schema\/person\/39a60ebe0a2b4d5a11179701e336b039","name":"Charge","image":{"@type":"ImageObject","inLanguage":"es","@id":"https:\/\/secure.gravatar.com\/avatar\/c3b46e32a0fc3b093a0873fb767bf3293de856293065e84ef06b7ec7a8acfb98?s=96&d=identicon&r=x","url":"https:\/\/secure.gravatar.com\/avatar\/c3b46e32a0fc3b093a0873fb767bf3293de856293065e84ef06b7ec7a8acfb98?s=96&d=identicon&r=x","contentUrl":"https:\/\/secure.gravatar.com\/avatar\/c3b46e32a0fc3b093a0873fb767bf3293de856293065e84ef06b7ec7a8acfb98?s=96&d=identicon&r=x","caption":"Charge"},"url":"https:\/\/sindromecharge.es\/index.php\/author\/admin\/"}]}},"_links":{"self":[{"href":"https:\/\/sindromecharge.es\/index.php\/wp-json\/wp\/v2\/posts\/10724","targetHints":{"allow":["GET"]}}],"collection":[{"href":"https:\/\/sindromecharge.es\/index.php\/wp-json\/wp\/v2\/posts"}],"about":[{"href":"https:\/\/sindromecharge.es\/index.php\/wp-json\/wp\/v2\/types\/post"}],"author":[{"embeddable":true,"href":"https:\/\/sindromecharge.es\/index.php\/wp-json\/wp\/v2\/users\/1"}],"replies":[{"embeddable":true,"href":"https:\/\/sindromecharge.es\/index.php\/wp-json\/wp\/v2\/comments?post=10724"}],"version-history":[{"count":0,"href":"https:\/\/sindromecharge.es\/index.php\/wp-json\/wp\/v2\/posts\/10724\/revisions"}],"wp:attachment":[{"href":"https:\/\/sindromecharge.es\/index.php\/wp-json\/wp\/v2\/media?parent=10724"}],"wp:term":[{"taxonomy":"category","embeddable":true,"href":"https:\/\/sindromecharge.es\/index.php\/wp-json\/wp\/v2\/categories?post=10724"},{"taxonomy":"post_tag","embeddable":true,"href":"https:\/\/sindromecharge.es\/index.php\/wp-json\/wp\/v2\/tags?post=10724"}],"curies":[{"name":"wp","href":"https:\/\/api.w.org\/{rel}","templated":true}]}}