{"id":10723,"date":"2025-01-04T20:00:00","date_gmt":"2025-01-04T20:00:00","guid":{"rendered":"https:\/\/sindromecharge.es\/index.php\/2025\/01\/04\/index-php-117\/"},"modified":"2025-01-04T20:00:00","modified_gmt":"2025-01-04T20:00:00","slug":"index-php-117","status":"publish","type":"post","link":"https:\/\/sindromecharge.es\/index.php\/2025\/01\/04\/index-php-117\/","title":{"rendered":"Participaci\u00f3n de AICE En \u201cPau sense treva\u201d"},"content":{"rendered":"<p>Leemos en Federaci\u00f3n de Asociaciones de Implantados Cocleares de Espa\u00f1a. Federaci\u00f3n AICE la siguiente noticia que os reproducimos de forma \u00edntegra: <\/p>\n<div>\n<p>Un a\u00f1o m\u00e1s la Federaci\u00f3n AICE participa en el \u00abPau sense treva\u00bb, un festival infantil que organiza el Centro C\u00edvico Cotxeres de Sants (Barcelona), en el que los ni\u00f1os y ni\u00f1as pueden disfrutar de un espacio que combina el esp\u00edritu l\u00fadico con actividades did\u00e1cticas variadas ofertadas por las asociaciones del barrio.<br \/>\u00abPau sense treva\u00bb naci\u00f3 hace veintinueve a\u00f1os para crear un nuevo espacio de ocio para los ni\u00f1os y al mismo tiempo difundir una serie de valores sociales como la tolerancia, diversidad, integraci\u00f3n i la solidaridad.<br \/>En nuestra mesa este a\u00f1o los ni\u00f1os pudieron conocer de una manera divertida lo que es un implante coclear. A trav\u00e9s de la pintura de nuestra mascota Cocli, los m\u00e1s peque\u00f1os conocieron la importancia del cuidado de la salud auditiva.<\/p>\n<p>Tambi\u00e9n realizamos pruebas de audici\u00f3n (no oficiales) con la aplicaci\u00f3n HearWho, cedida por la OMS. Gracias a esta herramienta de informaci\u00f3n y formaci\u00f3n, concienciamos a las familias sobre la importancia de las revisiones peri\u00f3dicas de la audici\u00f3n como medida de detecci\u00f3n y prevenci\u00f3n.<br \/>Mientras los ni\u00f1os y ni\u00f1as disfrutaban de las actividades, sus familias recibieron informaci\u00f3n sobre nuestra entidad y todas las acciones que desarrollamos en beneficio de las personas usuarias de implante coclear.<\/p>\n<p>Fue un d\u00eda lleno de magia e ilusi\u00f3n que cont\u00f3 con la visita de sus majestades los reyes que tomaron buena nota de las peticiones de regalos de los peque\u00f1os y no tan peque\u00f1os.<\/p>\n<p>\u00a0<\/p>\n<p style=\"text-align: center;\"><img decoding=\"async\" src=\"http:\/\/implantecoclear.org\/images\/stories\/fotos_noticias\/pausensetreva25%20-2.jpg\"><\/p>\n<p style=\"text-align: center;\"><img decoding=\"async\" src=\"http:\/\/implantecoclear.org\/images\/stories\/fotos_noticias\/pausensetreva25%20-3.jpg\"><\/p>\n<p style=\"text-align: center;\"><img decoding=\"async\" src=\"http:\/\/implantecoclear.org\/images\/stories\/fotos_noticias\/pausensetreva25-1.jpg\"><\/p>\n<p>\u00a0<\/p>\n<p>\u00a0<\/p>\n<p>\u00a0<\/p>\n<p>\u00a0<\/p>\n<p>\u00a0<\/p>\n<\/div>\n<p>Fuente: Federaci\u00f3n de Asociaciones de Implantados Cocleares de Espa\u00f1a. Federaci\u00f3n AICE http:\/\/implantecoclear.org\/index.php?option=com_content&#038;view=article&#038;id=737:2025-01-13-12-01-19&#038;catid=1:latest-news<\/p>\n","protected":false},"excerpt":{"rendered":"<p>Un a\u00f1o m\u00e1s la Federaci\u00f3n AICE participa en el \u00abPau sense treva\u00bb, un festival infantil que organiza el Centro C\u00edvico Cotxeres de Sants (Barcelona), en el que los ni\u00f1os y ni\u00f1as pueden disfrutar de un espacio que combina el esp\u00edritu l\u00fadico con actividades did\u00e1cticas variadas ofertadas por las asociaciones del barrio.\u00abPau sense treva\u00bb naci\u00f3 hace [&hellip;]<\/p>\n","protected":false},"author":1,"featured_media":0,"comment_status":"closed","ping_status":"closed","sticky":false,"template":"","format":"standard","meta":{"footnotes":""},"categories":[8],"tags":[],"class_list":["post-10723","post","type-post","status-publish","format-standard","hentry","category-noticias"],"yoast_head":"<!-- This site is optimized with the Yoast SEO plugin v27.5 - https:\/\/yoast.com\/product\/yoast-seo-wordpress\/ -->\n<title>Participaci\u00f3n de AICE En \u201cPau sense treva\u201d - Asociaci\u00f3n Espa\u00f1ola S\u00edndrome de Charge<\/title>\n<meta name=\"robots\" content=\"index, follow, max-snippet:-1, max-image-preview:large, max-video-preview:-1\" \/>\n<link rel=\"canonical\" href=\"https:\/\/sindromecharge.es\/index.php\/2025\/01\/04\/index-php-117\/\" \/>\n<meta property=\"og:locale\" content=\"es_ES\" \/>\n<meta property=\"og:type\" content=\"article\" \/>\n<meta property=\"og:title\" content=\"Participaci\u00f3n de AICE En \u201cPau sense treva\u201d - Asociaci\u00f3n Espa\u00f1ola S\u00edndrome de Charge\" \/>\n<meta property=\"og:description\" content=\"Un a\u00f1o m\u00e1s la Federaci\u00f3n AICE participa en el \u00abPau sense treva\u00bb, un festival infantil que organiza el Centro C\u00edvico Cotxeres de Sants (Barcelona), en el que los ni\u00f1os y ni\u00f1as pueden disfrutar de un espacio que combina el esp\u00edritu l\u00fadico con actividades did\u00e1cticas variadas ofertadas por las asociaciones del barrio.\u00abPau sense treva\u00bb naci\u00f3 hace [&hellip;]\" \/>\n<meta property=\"og:url\" content=\"https:\/\/sindromecharge.es\/index.php\/2025\/01\/04\/index-php-117\/\" \/>\n<meta property=\"og:site_name\" content=\"Asociaci\u00f3n Espa\u00f1ola S\u00edndrome de Charge\" \/>\n<meta property=\"article:publisher\" content=\"https:\/\/www.facebook.com\/asociacionsindromecharge\" \/>\n<meta property=\"article:published_time\" content=\"2025-01-04T20:00:00+00:00\" \/>\n<meta property=\"og:image\" content=\"http:\/\/implantecoclear.org\/images\/stories\/fotos_noticias\/pausensetreva25%20-2.jpg\" \/>\n<meta name=\"author\" content=\"Charge\" \/>\n<meta name=\"twitter:card\" content=\"summary_large_image\" \/>\n<meta name=\"twitter:creator\" content=\"@sindromecharge\" \/>\n<meta name=\"twitter:site\" content=\"@sindromecharge\" \/>\n<meta name=\"twitter:label1\" content=\"Escrito por\" \/>\n\t<meta name=\"twitter:data1\" content=\"Charge\" \/>\n\t<meta name=\"twitter:label2\" content=\"Tiempo de lectura\" \/>\n\t<meta name=\"twitter:data2\" content=\"2 minutos\" \/>\n<script type=\"application\/ld+json\" class=\"yoast-schema-graph\">{\"@context\":\"https:\\\/\\\/schema.org\",\"@graph\":[{\"@type\":\"Article\",\"@id\":\"https:\\\/\\\/sindromecharge.es\\\/index.php\\\/2025\\\/01\\\/04\\\/index-php-117\\\/#article\",\"isPartOf\":{\"@id\":\"https:\\\/\\\/sindromecharge.es\\\/index.php\\\/2025\\\/01\\\/04\\\/index-php-117\\\/\"},\"author\":{\"name\":\"Charge\",\"@id\":\"https:\\\/\\\/sindromecharge.es\\\/#\\\/schema\\\/person\\\/39a60ebe0a2b4d5a11179701e336b039\"},\"headline\":\"Participaci\u00f3n de AICE En \u201cPau sense treva\u201d\",\"datePublished\":\"2025-01-04T20:00:00+00:00\",\"mainEntityOfPage\":{\"@id\":\"https:\\\/\\\/sindromecharge.es\\\/index.php\\\/2025\\\/01\\\/04\\\/index-php-117\\\/\"},\"wordCount\":331,\"image\":{\"@id\":\"https:\\\/\\\/sindromecharge.es\\\/index.php\\\/2025\\\/01\\\/04\\\/index-php-117\\\/#primaryimage\"},\"thumbnailUrl\":\"http:\\\/\\\/implantecoclear.org\\\/images\\\/stories\\\/fotos_noticias\\\/pausensetreva25%20-2.jpg\",\"articleSection\":[\"noticias\"],\"inLanguage\":\"es\"},{\"@type\":\"WebPage\",\"@id\":\"https:\\\/\\\/sindromecharge.es\\\/index.php\\\/2025\\\/01\\\/04\\\/index-php-117\\\/\",\"url\":\"https:\\\/\\\/sindromecharge.es\\\/index.php\\\/2025\\\/01\\\/04\\\/index-php-117\\\/\",\"name\":\"Participaci\u00f3n de AICE En \u201cPau sense treva\u201d - Asociaci\u00f3n Espa\u00f1ola S\u00edndrome de Charge\",\"isPartOf\":{\"@id\":\"https:\\\/\\\/sindromecharge.es\\\/#website\"},\"primaryImageOfPage\":{\"@id\":\"https:\\\/\\\/sindromecharge.es\\\/index.php\\\/2025\\\/01\\\/04\\\/index-php-117\\\/#primaryimage\"},\"image\":{\"@id\":\"https:\\\/\\\/sindromecharge.es\\\/index.php\\\/2025\\\/01\\\/04\\\/index-php-117\\\/#primaryimage\"},\"thumbnailUrl\":\"http:\\\/\\\/implantecoclear.org\\\/images\\\/stories\\\/fotos_noticias\\\/pausensetreva25%20-2.jpg\",\"datePublished\":\"2025-01-04T20:00:00+00:00\",\"author\":{\"@id\":\"https:\\\/\\\/sindromecharge.es\\\/#\\\/schema\\\/person\\\/39a60ebe0a2b4d5a11179701e336b039\"},\"breadcrumb\":{\"@id\":\"https:\\\/\\\/sindromecharge.es\\\/index.php\\\/2025\\\/01\\\/04\\\/index-php-117\\\/#breadcrumb\"},\"inLanguage\":\"es\",\"potentialAction\":[{\"@type\":\"ReadAction\",\"target\":[\"https:\\\/\\\/sindromecharge.es\\\/index.php\\\/2025\\\/01\\\/04\\\/index-php-117\\\/\"]}]},{\"@type\":\"ImageObject\",\"inLanguage\":\"es\",\"@id\":\"https:\\\/\\\/sindromecharge.es\\\/index.php\\\/2025\\\/01\\\/04\\\/index-php-117\\\/#primaryimage\",\"url\":\"http:\\\/\\\/implantecoclear.org\\\/images\\\/stories\\\/fotos_noticias\\\/pausensetreva25%20-2.jpg\",\"contentUrl\":\"http:\\\/\\\/implantecoclear.org\\\/images\\\/stories\\\/fotos_noticias\\\/pausensetreva25%20-2.jpg\"},{\"@type\":\"BreadcrumbList\",\"@id\":\"https:\\\/\\\/sindromecharge.es\\\/index.php\\\/2025\\\/01\\\/04\\\/index-php-117\\\/#breadcrumb\",\"itemListElement\":[{\"@type\":\"ListItem\",\"position\":1,\"name\":\"Portada\",\"item\":\"https:\\\/\\\/sindromecharge.es\\\/\"},{\"@type\":\"ListItem\",\"position\":2,\"name\":\"Participaci\u00f3n de AICE En \u201cPau sense treva\u201d\"}]},{\"@type\":\"WebSite\",\"@id\":\"https:\\\/\\\/sindromecharge.es\\\/#website\",\"url\":\"https:\\\/\\\/sindromecharge.es\\\/\",\"name\":\"Asociaci\u00f3n Espa\u00f1ola S\u00edndrome de Charge\",\"description\":\"\",\"potentialAction\":[{\"@type\":\"SearchAction\",\"target\":{\"@type\":\"EntryPoint\",\"urlTemplate\":\"https:\\\/\\\/sindromecharge.es\\\/?s={search_term_string}\"},\"query-input\":{\"@type\":\"PropertyValueSpecification\",\"valueRequired\":true,\"valueName\":\"search_term_string\"}}],\"inLanguage\":\"es\"},{\"@type\":\"Person\",\"@id\":\"https:\\\/\\\/sindromecharge.es\\\/#\\\/schema\\\/person\\\/39a60ebe0a2b4d5a11179701e336b039\",\"name\":\"Charge\",\"image\":{\"@type\":\"ImageObject\",\"inLanguage\":\"es\",\"@id\":\"https:\\\/\\\/secure.gravatar.com\\\/avatar\\\/c3b46e32a0fc3b093a0873fb767bf3293de856293065e84ef06b7ec7a8acfb98?s=96&d=identicon&r=x\",\"url\":\"https:\\\/\\\/secure.gravatar.com\\\/avatar\\\/c3b46e32a0fc3b093a0873fb767bf3293de856293065e84ef06b7ec7a8acfb98?s=96&d=identicon&r=x\",\"contentUrl\":\"https:\\\/\\\/secure.gravatar.com\\\/avatar\\\/c3b46e32a0fc3b093a0873fb767bf3293de856293065e84ef06b7ec7a8acfb98?s=96&d=identicon&r=x\",\"caption\":\"Charge\"},\"url\":\"https:\\\/\\\/sindromecharge.es\\\/index.php\\\/author\\\/admin\\\/\"}]}<\/script>\n<!-- \/ Yoast SEO plugin. -->","yoast_head_json":{"title":"Participaci\u00f3n de AICE En \u201cPau sense treva\u201d - Asociaci\u00f3n Espa\u00f1ola S\u00edndrome de Charge","robots":{"index":"index","follow":"follow","max-snippet":"max-snippet:-1","max-image-preview":"max-image-preview:large","max-video-preview":"max-video-preview:-1"},"canonical":"https:\/\/sindromecharge.es\/index.php\/2025\/01\/04\/index-php-117\/","og_locale":"es_ES","og_type":"article","og_title":"Participaci\u00f3n de AICE En \u201cPau sense treva\u201d - Asociaci\u00f3n Espa\u00f1ola S\u00edndrome de Charge","og_description":"Un a\u00f1o m\u00e1s la Federaci\u00f3n AICE participa en el \u00abPau sense treva\u00bb, un festival infantil que organiza el Centro C\u00edvico Cotxeres de Sants (Barcelona), en el que los ni\u00f1os y ni\u00f1as pueden disfrutar de un espacio que combina el esp\u00edritu l\u00fadico con actividades did\u00e1cticas variadas ofertadas por las asociaciones del barrio.\u00abPau sense treva\u00bb naci\u00f3 hace [&hellip;]","og_url":"https:\/\/sindromecharge.es\/index.php\/2025\/01\/04\/index-php-117\/","og_site_name":"Asociaci\u00f3n Espa\u00f1ola S\u00edndrome de Charge","article_publisher":"https:\/\/www.facebook.com\/asociacionsindromecharge","article_published_time":"2025-01-04T20:00:00+00:00","og_image":[{"url":"http:\/\/implantecoclear.org\/images\/stories\/fotos_noticias\/pausensetreva25%20-2.jpg","type":"","width":"","height":""}],"author":"Charge","twitter_card":"summary_large_image","twitter_creator":"@sindromecharge","twitter_site":"@sindromecharge","twitter_misc":{"Escrito por":"Charge","Tiempo de lectura":"2 minutos"},"schema":{"@context":"https:\/\/schema.org","@graph":[{"@type":"Article","@id":"https:\/\/sindromecharge.es\/index.php\/2025\/01\/04\/index-php-117\/#article","isPartOf":{"@id":"https:\/\/sindromecharge.es\/index.php\/2025\/01\/04\/index-php-117\/"},"author":{"name":"Charge","@id":"https:\/\/sindromecharge.es\/#\/schema\/person\/39a60ebe0a2b4d5a11179701e336b039"},"headline":"Participaci\u00f3n de AICE En \u201cPau sense treva\u201d","datePublished":"2025-01-04T20:00:00+00:00","mainEntityOfPage":{"@id":"https:\/\/sindromecharge.es\/index.php\/2025\/01\/04\/index-php-117\/"},"wordCount":331,"image":{"@id":"https:\/\/sindromecharge.es\/index.php\/2025\/01\/04\/index-php-117\/#primaryimage"},"thumbnailUrl":"http:\/\/implantecoclear.org\/images\/stories\/fotos_noticias\/pausensetreva25%20-2.jpg","articleSection":["noticias"],"inLanguage":"es"},{"@type":"WebPage","@id":"https:\/\/sindromecharge.es\/index.php\/2025\/01\/04\/index-php-117\/","url":"https:\/\/sindromecharge.es\/index.php\/2025\/01\/04\/index-php-117\/","name":"Participaci\u00f3n de AICE En \u201cPau sense treva\u201d - Asociaci\u00f3n Espa\u00f1ola S\u00edndrome de Charge","isPartOf":{"@id":"https:\/\/sindromecharge.es\/#website"},"primaryImageOfPage":{"@id":"https:\/\/sindromecharge.es\/index.php\/2025\/01\/04\/index-php-117\/#primaryimage"},"image":{"@id":"https:\/\/sindromecharge.es\/index.php\/2025\/01\/04\/index-php-117\/#primaryimage"},"thumbnailUrl":"http:\/\/implantecoclear.org\/images\/stories\/fotos_noticias\/pausensetreva25%20-2.jpg","datePublished":"2025-01-04T20:00:00+00:00","author":{"@id":"https:\/\/sindromecharge.es\/#\/schema\/person\/39a60ebe0a2b4d5a11179701e336b039"},"breadcrumb":{"@id":"https:\/\/sindromecharge.es\/index.php\/2025\/01\/04\/index-php-117\/#breadcrumb"},"inLanguage":"es","potentialAction":[{"@type":"ReadAction","target":["https:\/\/sindromecharge.es\/index.php\/2025\/01\/04\/index-php-117\/"]}]},{"@type":"ImageObject","inLanguage":"es","@id":"https:\/\/sindromecharge.es\/index.php\/2025\/01\/04\/index-php-117\/#primaryimage","url":"http:\/\/implantecoclear.org\/images\/stories\/fotos_noticias\/pausensetreva25%20-2.jpg","contentUrl":"http:\/\/implantecoclear.org\/images\/stories\/fotos_noticias\/pausensetreva25%20-2.jpg"},{"@type":"BreadcrumbList","@id":"https:\/\/sindromecharge.es\/index.php\/2025\/01\/04\/index-php-117\/#breadcrumb","itemListElement":[{"@type":"ListItem","position":1,"name":"Portada","item":"https:\/\/sindromecharge.es\/"},{"@type":"ListItem","position":2,"name":"Participaci\u00f3n de AICE En \u201cPau sense treva\u201d"}]},{"@type":"WebSite","@id":"https:\/\/sindromecharge.es\/#website","url":"https:\/\/sindromecharge.es\/","name":"Asociaci\u00f3n Espa\u00f1ola S\u00edndrome de Charge","description":"","potentialAction":[{"@type":"SearchAction","target":{"@type":"EntryPoint","urlTemplate":"https:\/\/sindromecharge.es\/?s={search_term_string}"},"query-input":{"@type":"PropertyValueSpecification","valueRequired":true,"valueName":"search_term_string"}}],"inLanguage":"es"},{"@type":"Person","@id":"https:\/\/sindromecharge.es\/#\/schema\/person\/39a60ebe0a2b4d5a11179701e336b039","name":"Charge","image":{"@type":"ImageObject","inLanguage":"es","@id":"https:\/\/secure.gravatar.com\/avatar\/c3b46e32a0fc3b093a0873fb767bf3293de856293065e84ef06b7ec7a8acfb98?s=96&d=identicon&r=x","url":"https:\/\/secure.gravatar.com\/avatar\/c3b46e32a0fc3b093a0873fb767bf3293de856293065e84ef06b7ec7a8acfb98?s=96&d=identicon&r=x","contentUrl":"https:\/\/secure.gravatar.com\/avatar\/c3b46e32a0fc3b093a0873fb767bf3293de856293065e84ef06b7ec7a8acfb98?s=96&d=identicon&r=x","caption":"Charge"},"url":"https:\/\/sindromecharge.es\/index.php\/author\/admin\/"}]}},"_links":{"self":[{"href":"https:\/\/sindromecharge.es\/index.php\/wp-json\/wp\/v2\/posts\/10723","targetHints":{"allow":["GET"]}}],"collection":[{"href":"https:\/\/sindromecharge.es\/index.php\/wp-json\/wp\/v2\/posts"}],"about":[{"href":"https:\/\/sindromecharge.es\/index.php\/wp-json\/wp\/v2\/types\/post"}],"author":[{"embeddable":true,"href":"https:\/\/sindromecharge.es\/index.php\/wp-json\/wp\/v2\/users\/1"}],"replies":[{"embeddable":true,"href":"https:\/\/sindromecharge.es\/index.php\/wp-json\/wp\/v2\/comments?post=10723"}],"version-history":[{"count":0,"href":"https:\/\/sindromecharge.es\/index.php\/wp-json\/wp\/v2\/posts\/10723\/revisions"}],"wp:attachment":[{"href":"https:\/\/sindromecharge.es\/index.php\/wp-json\/wp\/v2\/media?parent=10723"}],"wp:term":[{"taxonomy":"category","embeddable":true,"href":"https:\/\/sindromecharge.es\/index.php\/wp-json\/wp\/v2\/categories?post=10723"},{"taxonomy":"post_tag","embeddable":true,"href":"https:\/\/sindromecharge.es\/index.php\/wp-json\/wp\/v2\/tags?post=10723"}],"curies":[{"name":"wp","href":"https:\/\/api.w.org\/{rel}","templated":true}]}}